{"id":25660,"date":"2019-11-28T15:06:04","date_gmt":"2019-11-28T13:06:04","guid":{"rendered":"http:\/\/balcilar-blog.com\/?p=25660"},"modified":"2019-11-28T15:11:17","modified_gmt":"2019-11-28T13:11:17","slug":"mucize-doktor-12-bolumde-neler-olacak","status":"publish","type":"post","link":"https:\/\/balcilar-blog.com\/?p=25660","title":{"rendered":"Mucize Doktor 12.B\u00f6l\u00fcmde Neler Olacak?"},"content":{"rendered":"<p><img loading=\"lazy\" decoding=\"async\" class=\"alignnone size-full wp-image-25663\" src=\"http:\/\/balcilar-blog.com\/wp-content\/uploads\/2019\/11\/Mucize-Doktor-5090-galeri-resim-3dc28ed5-6681-474c-9ef1-76e22e1f4fd4-mpositioned-640x360.jpg\" alt=\"\" width=\"640\" height=\"360\" srcset=\"https:\/\/balcilar-blog.com\/wp-content\/uploads\/2019\/11\/Mucize-Doktor-5090-galeri-resim-3dc28ed5-6681-474c-9ef1-76e22e1f4fd4-mpositioned-640x360.jpg 640w, https:\/\/balcilar-blog.com\/wp-content\/uploads\/2019\/11\/Mucize-Doktor-5090-galeri-resim-3dc28ed5-6681-474c-9ef1-76e22e1f4fd4-mpositioned-640x360-300x169.jpg 300w\" sizes=\"auto, (max-width: 640px) 100vw, 640px\" \/><\/p>\n<p>&#8220;Mucize Doktor&#8221; reytinglerin tepesinde yoluna devam ediyor. Ge\u00e7en hafta ekranlara ilk b\u00f6l\u00fcm\u00fc ile gelen Atv&#8217;nin yeni dizisi Kurulu\u015f Osman, haftan\u0131n dizilerinde \u00f6ne ge\u00e7ece\u011fini beklemi\u015ftim ama olmad\u0131, Mucize Doktor&#8217;u taht\u0131ndan indiremedi. D\u00fcn ak\u015fam ekranlara gelen Kurulu\u015f Osman dizisi 2.b\u00f6l\u00fcm reytingleri ilk b\u00f6l\u00fcme yak\u0131n geldi. Ge\u00e7n hafta Mucize Doktor reytingleri 2 &#8211; 3 puan \u00f6ndeydi. Bu duruma g\u00f6re bu ak\u015fam Mucize Doktor Puanlar\u0131 Kurulu\u015f Osman&#8217;n\u0131n \u00fcst\u00fcnde gelecek gibi duruyor. Bu hafta da Fox Tv&#8217;nin Mucize Doktor reytingleri y\u00fcksek \u00e7\u0131kaca\u011f\u0131n\u0131 umuyorum. Bu nedenle Haftan\u0131n ilk s\u0131ras\u0131nda yine Mucize Doktor olabilir!<\/p>\n<p><strong>Gelelim bu ak\u015famki Mucize Doktor&#8217;da k\u0131saca neler olaca\u011f\u0131na. Fox Tv&#8217;den verilen \u00f6zet \u015f\u00f6yle;<\/strong><\/p>\n<p><img loading=\"lazy\" decoding=\"async\" class=\"alignnone size-full wp-image-25664\" src=\"http:\/\/balcilar-blog.com\/wp-content\/uploads\/2019\/11\/Mucize-Doktor89545ae6908a-mpositioned-640x360.jpg\" alt=\"\" width=\"640\" height=\"360\" srcset=\"https:\/\/balcilar-blog.com\/wp-content\/uploads\/2019\/11\/Mucize-Doktor89545ae6908a-mpositioned-640x360.jpg 640w, https:\/\/balcilar-blog.com\/wp-content\/uploads\/2019\/11\/Mucize-Doktor89545ae6908a-mpositioned-640x360-300x169.jpg 300w\" sizes=\"auto, (max-width: 640px) 100vw, 640px\" \/><\/p>\n<p>Nazl\u0131 i\u00e7in karar an\u0131 gelip \u00e7atm\u0131\u015ft\u0131r. Acil gecesi yanl\u0131\u015f ent\u00fcbe ederek \u00f6l\u00fcm\u00fcne sebebiyet verdi\u011fi hastay\u0131 ara\u015ft\u0131rmak i\u00e7in bakanl\u0131k taraf\u0131ndan g\u00f6revlendirilmi\u015f bir heyet hastaneye gelir. Adil\u2019in Nazl\u0131\u2019y\u0131 koruma \u00e7abalar\u0131 \u00e7abucak bo\u015fa \u00e7\u0131kar. Ambulans \u015fof\u00f6r\u00fcnden ba\u015fhekimine hastanedeki herkes topun a\u011fz\u0131ndad\u0131r. Nazl\u0131\u2019y\u0131 kurtarabilecek tek savunmaysa Dr.Ferman\u2019dad\u0131r. Ama bu da Beliz\u2019i ve ekonomik durumu yeni yeni d\u00fczelen hastaneyi ate\u015fe atmak anlam\u0131na gelir.<\/p>\n<p><img loading=\"lazy\" decoding=\"async\" class=\"alignnone size-full wp-image-25661\" src=\"http:\/\/balcilar-blog.com\/wp-content\/uploads\/2019\/11\/Mucize-Doktor-5090-galeri-mpositioned-640x360.jpg\" alt=\"\" width=\"640\" height=\"360\" srcset=\"https:\/\/balcilar-blog.com\/wp-content\/uploads\/2019\/11\/Mucize-Doktor-5090-galeri-mpositioned-640x360.jpg 640w, https:\/\/balcilar-blog.com\/wp-content\/uploads\/2019\/11\/Mucize-Doktor-5090-galeri-mpositioned-640x360-300x169.jpg 300w\" sizes=\"auto, (max-width: 640px) 100vw, 640px\" \/><\/p>\n<p>Ferman bir se\u00e7im yapmakta bocalar. Nazl\u0131 korka korka kurula \u00e7\u0131kar. Ama sonunda ona umut veren beklenmedik biri olacakt\u0131r.<\/p>\n<p><img loading=\"lazy\" decoding=\"async\" class=\"alignnone size-full wp-image-25662\" src=\"http:\/\/balcilar-blog.com\/wp-content\/uploads\/2019\/11\/Mucize-Doktor-5090-galeri-resi-m.jpg\" alt=\"\" width=\"640\" height=\"360\" srcset=\"https:\/\/balcilar-blog.com\/wp-content\/uploads\/2019\/11\/Mucize-Doktor-5090-galeri-resi-m.jpg 640w, https:\/\/balcilar-blog.com\/wp-content\/uploads\/2019\/11\/Mucize-Doktor-5090-galeri-resi-m-300x169.jpg 300w\" sizes=\"auto, (max-width: 640px) 100vw, 640px\" \/><\/p>\n<p>Mucize Doktor&#8217;un\u00a0 bu ak\u015fam 12.b\u00f6l\u00fcm Saat:20.00&#8217;de Fox Tv ekranlar\u0131nda&#8230; Bakal\u0131m Nazl\u0131 bu su\u00e7lamadan ceza almadan kurtulabilecek mi?<\/p>\n<p>Keyifli Seyirler.<\/p>\n<p>Sayg\u0131lar ve sevgiler.<\/p>\n<p>Abdurrahman Balc\u0131lar<\/p>\n<p>Twitter : <a href=\"https:\/\/twitter.com\/abbalcilar\">abdurrahman balc\u0131lar<\/a><a href=\"https:\/\/twitter.com\/abbalcilar\"><strong>@abbalcilar<\/strong><\/a><\/p>\n<p>Mail :\u00a0<a href=\"mailto:ab.balcilar@hotmail.com\">ab.balcilar@hotmail.com<\/a><\/p>\n<p>Blog:\u00a0<a href=\"http:\/\/t.co\/znqmIZgIqn\">blog.milliyet.com.tr\/cansever<\/a><\/p>\n<p>\u015eahsi Blog:\u00a0<a href=\"http:\/\/balcilar-blog.com\/\">Abdurrahman Balc\u0131lar Blog Sayfas<\/a>\u0131<\/p>\n<p>&nbsp;<\/p>\n<p>&nbsp;<\/p>\n","protected":false},"excerpt":{"rendered":"<p>&#8220;Mucize Doktor&#8221; reytinglerin tepesinde yoluna devam ediyor. Ge\u00e7en hafta ekranlara ilk b\u00f6l\u00fcm\u00fc ile gelen Atv&#8217;nin yeni dizisi Kurulu\u015f Osman, haftan\u0131n dizilerinde \u00f6ne ge\u00e7ece\u011fini beklemi\u015ftim ama olmad\u0131, Mucize Doktor&#8217;u taht\u0131ndan indiremedi. D\u00fcn ak\u015fam ekranlara gelen Kurulu\u015f Osman dizisi 2.b\u00f6l\u00fcm reytingleri ilk b\u00f6l\u00fcme yak\u0131n geldi. Ge\u00e7n hafta Mucize Doktor reytingleri 2 &#8211; 3 puan \u00f6ndeydi. Bu duruma [&hellip;]<\/p>\n","protected":false},"author":3,"featured_media":25663,"comment_status":"open","ping_status":"open","sticky":false,"template":"","format":"standard","meta":{"footnotes":""},"categories":[2],"tags":[2064,2066,129,2019,2065,2063],"class_list":["post-25660","post","type-post","status-publish","format-standard","has-post-thumbnail","hentry","category-tv-programlari","tag-12-bolum","tag-dr-ferman","tag-fox-tv","tag-kurulus-osman","tag-nazli","tag-ucize-doktor"],"views":2622,"blog_post_layout_featured_media_urls":{"thumbnail":["https:\/\/balcilar-blog.com\/wp-content\/uploads\/2019\/11\/Mucize-Doktor-5090-galeri-resim-3dc28ed5-6681-474c-9ef1-76e22e1f4fd4-mpositioned-640x360-150x150.jpg",150,150,true],"full":["https:\/\/balcilar-blog.com\/wp-content\/uploads\/2019\/11\/Mucize-Doktor-5090-galeri-resim-3dc28ed5-6681-474c-9ef1-76e22e1f4fd4-mpositioned-640x360.jpg",640,360,false]},"categories_names":{"2":{"name":"TV Programlar\u0131","link":"https:\/\/balcilar-blog.com\/?cat=2"}},"tags_names":{"2064":{"name":"12.b\u00f6l\u00fcm","link":"https:\/\/balcilar-blog.com\/?tag=12-bolum"},"2066":{"name":"Dr.Ferman","link":"https:\/\/balcilar-blog.com\/?tag=dr-ferman"},"129":{"name":"Fox Tv","link":"https:\/\/balcilar-blog.com\/?tag=fox-tv"},"2019":{"name":"Kurulu\u015f Osman","link":"https:\/\/balcilar-blog.com\/?tag=kurulus-osman"},"2065":{"name":"Nazl\u0131","link":"https:\/\/balcilar-blog.com\/?tag=nazli"},"2063":{"name":"ucize Doktor","link":"https:\/\/balcilar-blog.com\/?tag=ucize-doktor"}},"comments_number":"0","wpmagazine_modules_lite_featured_media_urls":{"thumbnail":["https:\/\/balcilar-blog.com\/wp-content\/uploads\/2019\/11\/Mucize-Doktor-5090-galeri-resim-3dc28ed5-6681-474c-9ef1-76e22e1f4fd4-mpositioned-640x360-150x150.jpg",150,150,true],"cvmm-medium":["https:\/\/balcilar-blog.com\/wp-content\/uploads\/2019\/11\/Mucize-Doktor-5090-galeri-resim-3dc28ed5-6681-474c-9ef1-76e22e1f4fd4-mpositioned-640x360.jpg",300,169,false],"cvmm-medium-plus":["https:\/\/balcilar-blog.com\/wp-content\/uploads\/2019\/11\/Mucize-Doktor-5090-galeri-resim-3dc28ed5-6681-474c-9ef1-76e22e1f4fd4-mpositioned-640x360.jpg",305,172,false],"cvmm-portrait":["https:\/\/balcilar-blog.com\/wp-content\/uploads\/2019\/11\/Mucize-Doktor-5090-galeri-resim-3dc28ed5-6681-474c-9ef1-76e22e1f4fd4-mpositioned-640x360.jpg",400,225,false],"cvmm-medium-square":["https:\/\/balcilar-blog.com\/wp-content\/uploads\/2019\/11\/Mucize-Doktor-5090-galeri-resim-3dc28ed5-6681-474c-9ef1-76e22e1f4fd4-mpositioned-640x360.jpg",600,338,false],"cvmm-large":["https:\/\/balcilar-blog.com\/wp-content\/uploads\/2019\/11\/Mucize-Doktor-5090-galeri-resim-3dc28ed5-6681-474c-9ef1-76e22e1f4fd4-mpositioned-640x360.jpg",640,360,false],"cvmm-small":["https:\/\/balcilar-blog.com\/wp-content\/uploads\/2019\/11\/Mucize-Doktor-5090-galeri-resim-3dc28ed5-6681-474c-9ef1-76e22e1f4fd4-mpositioned-640x360.jpg",130,73,false],"full":["https:\/\/balcilar-blog.com\/wp-content\/uploads\/2019\/11\/Mucize-Doktor-5090-galeri-resim-3dc28ed5-6681-474c-9ef1-76e22e1f4fd4-mpositioned-640x360.jpg",640,360,false]},"_links":{"self":[{"href":"https:\/\/balcilar-blog.com\/index.php?rest_route=\/wp\/v2\/posts\/25660","targetHints":{"allow":["GET"]}}],"collection":[{"href":"https:\/\/balcilar-blog.com\/index.php?rest_route=\/wp\/v2\/posts"}],"about":[{"href":"https:\/\/balcilar-blog.com\/index.php?rest_route=\/wp\/v2\/types\/post"}],"author":[{"embeddable":true,"href":"https:\/\/balcilar-blog.com\/index.php?rest_route=\/wp\/v2\/users\/3"}],"replies":[{"embeddable":true,"href":"https:\/\/balcilar-blog.com\/index.php?rest_route=%2Fwp%2Fv2%2Fcomments&post=25660"}],"version-history":[{"count":4,"href":"https:\/\/balcilar-blog.com\/index.php?rest_route=\/wp\/v2\/posts\/25660\/revisions"}],"predecessor-version":[{"id":25668,"href":"https:\/\/balcilar-blog.com\/index.php?rest_route=\/wp\/v2\/posts\/25660\/revisions\/25668"}],"wp:featuredmedia":[{"embeddable":true,"href":"https:\/\/balcilar-blog.com\/index.php?rest_route=\/wp\/v2\/media\/25663"}],"wp:attachment":[{"href":"https:\/\/balcilar-blog.com\/index.php?rest_route=%2Fwp%2Fv2%2Fmedia&parent=25660"}],"wp:term":[{"taxonomy":"category","embeddable":true,"href":"https:\/\/balcilar-blog.com\/index.php?rest_route=%2Fwp%2Fv2%2Fcategories&post=25660"},{"taxonomy":"post_tag","embeddable":true,"href":"https:\/\/balcilar-blog.com\/index.php?rest_route=%2Fwp%2Fv2%2Ftags&post=25660"}],"curies":[{"name":"wp","href":"https:\/\/api.w.org\/{rel}","templated":true}]}}