{"id":25636,"date":"2019-11-26T14:42:01","date_gmt":"2019-11-26T12:42:01","guid":{"rendered":"http:\/\/balcilar-blog.com\/?p=25636"},"modified":"2019-11-26T15:05:14","modified_gmt":"2019-11-26T13:05:14","slug":"47-uluslararasi-emmy-odulu-haluk-bilginerin","status":"publish","type":"post","link":"https:\/\/balcilar-blog.com\/?p=25636","title":{"rendered":"47.Uluslararas\u0131 Emmy \u00d6d\u00fcl\u00fc Haluk Bilginer&#8217;in."},"content":{"rendered":"<p><a href=\"http:\/\/balcilar-blog.com\/wp-content\/uploads\/2019\/11\/EKRgkwhXkAEBD5H.jpg\"><img loading=\"lazy\" decoding=\"async\" class=\"alignnone size-full wp-image-25637\" src=\"http:\/\/balcilar-blog.com\/wp-content\/uploads\/2019\/11\/EKRgkwhXkAEBD5H.jpg\" alt=\"\" width=\"640\" height=\"480\" srcset=\"https:\/\/balcilar-blog.com\/wp-content\/uploads\/2019\/11\/EKRgkwhXkAEBD5H.jpg 640w, https:\/\/balcilar-blog.com\/wp-content\/uploads\/2019\/11\/EKRgkwhXkAEBD5H-300x225.jpg 300w\" sizes=\"auto, (max-width: 640px) 100vw, 640px\" \/><\/a><\/p>\n<p>Ay Yap\u0131m\u2019\u0131n puhutv\u2019de yay\u0131nlanan 12 b\u00f6l\u00fcml\u00fck dizisi \u015eahsiyet&#8217;in ba\u015frol oyuncusu Haluk Bilginer, 25 Kas\u0131m ak\u015fam\u0131 ger\u00e7ekle\u015fen 47.Uluslararas\u0131 Emmy \u00d6d\u00fc\u015f\u015feri\u2019nde En \u0130yi Erkek Oyuncu \u00f6d\u00fcl\u00fcne lay\u0131k g\u00f6r\u00fcld\u00fc. Haluk Bilginer, T\u00fcrkiye\u2019nin Uluslararas\u0131 Emmy \u00f6d\u00fcll\u00fc ilk oyuncusu oldu.<\/p>\n<p>B\u00fcy\u00fck ustam\u0131z Haluk Bilginer&#8217;i tebrik eder, bu ilk olmas\u0131n, sonras\u0131 di\u011fer oyuncular\u0131m\u0131z da arkas\u0131ndan gelir, \u00f6d\u00fcle hak edip al\u0131rlar in\u015fallah.<\/p>\n<p>New York\u2019ta ger\u00e7ekle\u015ftirilen t\u00f6rene \u015eahsiyet\u2019in y\u00f6netmeni Onur Saylak, senaryo yazar\u0131 Hakan G\u00fcnday ve Ay Yap\u0131m Ceo\u2019su Kerem \u00c7atay ile birlikte kat\u0131lan Haluk Bilginer, \u00f6d\u00fcl konu\u015fmas\u0131na T\u00fcrk\u00e7e \u2018Merhaba\u2019 diyerek ba\u015flad\u0131. Uluslararas\u0131 Emmy Akademisi ve dizinin yarat\u0131c\u0131 ekibine te\u015fekk\u00fcr eden Bilginer \u00f6d\u00fcl\u00fcn\u00fc k\u0131z\u0131na \u2018Bu \u00f6d\u00fcl\u00fc k\u0131z\u0131m Nazl\u0131 Bilginer ad\u0131na, bir g\u00fcn onun da oyunculu\u011fu se\u00e7ece\u011fi umuduyla almak istiyorum\u2019 c\u00fcmleleriyle ithaf etti.<\/p>\n<p>Bilginer, En \u0130yi Erkek Oyuncu kategorisinde \u0130ngiltere\u2019den Christopher Eccleston (BBC- Come Home); Brezilya\u2019dan Raphael Logam (Barry Company \u2013 Impuros) ve Almanya\u2019dan Jannis Niew\u00f6hner (Amazon- Beat) ile birlikte finale kalm\u0131\u015f ve juri taraf\u0131ndan \u00f6d\u00fcllendirilmi\u015ftir. Bu y\u0131lki \u00f6d\u00fcllerde, 21 \u00fclkeden 11 kategoride 44 aday yar\u0131\u015fm\u0131\u015ft\u0131r.<\/p>\n<p>Ay Yap\u0131m\u2019\u0131n yap\u0131mc\u0131l\u0131\u011f\u0131nda ger\u00e7ekle\u015fen, senaryosunu Hakan G\u00fcnday\u2019\u0131n yazd\u0131\u011f\u0131, y\u00f6netmenli\u011fini Onur Saylak\u2019\u0131n yapt\u0131\u011f\u0131 \u015eahsiyet 2018 y\u0131l\u0131nda puhutv\u2019de yay\u0131nlanm\u0131\u015ft\u0131.<\/p>\n<p><iframe loading=\"lazy\" title=\"Haluk Bilginer 47  Uluslararas\u0131 Emmy \u00d6d\u00fclleri&#039;nde &#039;en iyi erkek oyuncu&#039; se\u00e7ildi\" width=\"640\" height=\"360\" src=\"https:\/\/www.youtube.com\/embed\/vhaiBAFn8LQ?feature=oembed\" frameborder=\"0\" allow=\"accelerometer; autoplay; clipboard-write; encrypted-media; gyroscope; picture-in-picture; web-share\" referrerpolicy=\"strict-origin-when-cross-origin\" allowfullscreen><\/iframe><\/p>\n<p><iframe loading=\"lazy\" title=\"2019 International Emmy\u00ae Best Performance by an Actor Winner Haluk Bilginer\" width=\"640\" height=\"360\" src=\"https:\/\/www.youtube.com\/embed\/PgNN3p6wIO8?feature=oembed\" frameborder=\"0\" allow=\"accelerometer; autoplay; clipboard-write; encrypted-media; gyroscope; picture-in-picture; web-share\" referrerpolicy=\"strict-origin-when-cross-origin\" allowfullscreen><\/iframe><\/p>\n<p><span id=\"u_ps_fetchstream_3_5_2\" class=\"_ezo\">Tebrikler<\/span>\u00a0b\u00fcy\u00fck usta Haluk Bilginer.. \u0130n\u015fallah arkandan ba\u015fka oyuncular\u0131m\u0131z da bu \u00f6d\u00fcl\u00fc hak kazan\u0131p alacaklard\u0131r. Tekrar can\u0131 g\u00f6n\u00fclden tebrik ediyorum.<\/p>\n<p>Sayg\u0131lar ve sevgiler.<\/p>\n<p>Abdurrahman Balc\u0131lar<\/p>\n<p>Twitter : <a href=\"https:\/\/twitter.com\/abbalcilar\">abdurrahman balc\u0131lar<\/a><a href=\"https:\/\/twitter.com\/abbalcilar\"><strong>@abbalcilar<\/strong><\/a><\/p>\n<p>Mail :\u00a0<a href=\"mailto:ab.balcilar@hotmail.com\">ab.balcilar@hotmail.com<\/a><\/p>\n<p>Blog:\u00a0<a href=\"http:\/\/t.co\/znqmIZgIqn\">blog.milliyet.com.tr\/cansever<\/a><\/p>\n<p>\u015eahsi Blog:\u00a0<a href=\"http:\/\/balcilar-blog.com\/\">Abdurrahman Balc\u0131lar Blog Sayfas<\/a>\u0131<\/p>\n<p>&nbsp;<\/p>\n<p>Not: Hurriyet.com.tr&#8217;nin haberi.<\/p>\n","protected":false},"excerpt":{"rendered":"<p>Ay Yap\u0131m\u2019\u0131n puhutv\u2019de yay\u0131nlanan 12 b\u00f6l\u00fcml\u00fck dizisi \u015eahsiyet&#8217;in ba\u015frol oyuncusu Haluk Bilginer, 25 Kas\u0131m ak\u015fam\u0131 ger\u00e7ekle\u015fen 47.Uluslararas\u0131 Emmy \u00d6d\u00fc\u015f\u015feri\u2019nde En \u0130yi Erkek Oyuncu \u00f6d\u00fcl\u00fcne lay\u0131k g\u00f6r\u00fcld\u00fc. Haluk Bilginer, T\u00fcrkiye\u2019nin Uluslararas\u0131 Emmy \u00f6d\u00fcll\u00fc ilk oyuncusu oldu. B\u00fcy\u00fck ustam\u0131z Haluk Bilginer&#8217;i tebrik eder, bu ilk olmas\u0131n, sonras\u0131 di\u011fer oyuncular\u0131m\u0131z da arkas\u0131ndan gelir, \u00f6d\u00fcle hak edip al\u0131rlar in\u015fallah. [&hellip;]<\/p>\n","protected":false},"author":3,"featured_media":25637,"comment_status":"open","ping_status":"open","sticky":false,"template":"","format":"standard","meta":{"footnotes":""},"categories":[918],"tags":[26,789,1694,2054,1560],"class_list":["post-25636","post","type-post","status-publish","format-standard","has-post-thumbnail","hentry","category-kultur-sanat","tag-ay-yapim","tag-haluk-bilginer","tag-puhu-tv","tag-sahsiyet","tag-uluslararasi-emmy-odulleri"],"views":2723,"blog_post_layout_featured_media_urls":{"thumbnail":["https:\/\/balcilar-blog.com\/wp-content\/uploads\/2019\/11\/EKRgkwhXkAEBD5H-150x150.jpg",150,150,true],"full":["https:\/\/balcilar-blog.com\/wp-content\/uploads\/2019\/11\/EKRgkwhXkAEBD5H.jpg",640,480,false]},"categories_names":{"918":{"name":"K\u00fclt\u00fcr - Sanat","link":"https:\/\/balcilar-blog.com\/?cat=918"}},"tags_names":{"26":{"name":"Ay Yap\u0131m","link":"https:\/\/balcilar-blog.com\/?tag=ay-yapim"},"789":{"name":"Haluk Bilginer","link":"https:\/\/balcilar-blog.com\/?tag=haluk-bilginer"},"1694":{"name":"Puhu Tv","link":"https:\/\/balcilar-blog.com\/?tag=puhu-tv"},"2054":{"name":"\u015eahsiyet","link":"https:\/\/balcilar-blog.com\/?tag=sahsiyet"},"1560":{"name":"Uluslararas\u0131 Emmy \u00d6d\u00fclleri","link":"https:\/\/balcilar-blog.com\/?tag=uluslararasi-emmy-odulleri"}},"comments_number":"0","wpmagazine_modules_lite_featured_media_urls":{"thumbnail":["https:\/\/balcilar-blog.com\/wp-content\/uploads\/2019\/11\/EKRgkwhXkAEBD5H-150x150.jpg",150,150,true],"cvmm-medium":["https:\/\/balcilar-blog.com\/wp-content\/uploads\/2019\/11\/EKRgkwhXkAEBD5H.jpg",300,225,false],"cvmm-medium-plus":["https:\/\/balcilar-blog.com\/wp-content\/uploads\/2019\/11\/EKRgkwhXkAEBD5H.jpg",276,207,false],"cvmm-portrait":["https:\/\/balcilar-blog.com\/wp-content\/uploads\/2019\/11\/EKRgkwhXkAEBD5H.jpg",400,300,false],"cvmm-medium-square":["https:\/\/balcilar-blog.com\/wp-content\/uploads\/2019\/11\/EKRgkwhXkAEBD5H.jpg",600,450,false],"cvmm-large":["https:\/\/balcilar-blog.com\/wp-content\/uploads\/2019\/11\/EKRgkwhXkAEBD5H.jpg",640,480,false],"cvmm-small":["https:\/\/balcilar-blog.com\/wp-content\/uploads\/2019\/11\/EKRgkwhXkAEBD5H.jpg",127,95,false],"full":["https:\/\/balcilar-blog.com\/wp-content\/uploads\/2019\/11\/EKRgkwhXkAEBD5H.jpg",640,480,false]},"_links":{"self":[{"href":"https:\/\/balcilar-blog.com\/index.php?rest_route=\/wp\/v2\/posts\/25636","targetHints":{"allow":["GET"]}}],"collection":[{"href":"https:\/\/balcilar-blog.com\/index.php?rest_route=\/wp\/v2\/posts"}],"about":[{"href":"https:\/\/balcilar-blog.com\/index.php?rest_route=\/wp\/v2\/types\/post"}],"author":[{"embeddable":true,"href":"https:\/\/balcilar-blog.com\/index.php?rest_route=\/wp\/v2\/users\/3"}],"replies":[{"embeddable":true,"href":"https:\/\/balcilar-blog.com\/index.php?rest_route=%2Fwp%2Fv2%2Fcomments&post=25636"}],"version-history":[{"count":4,"href":"https:\/\/balcilar-blog.com\/index.php?rest_route=\/wp\/v2\/posts\/25636\/revisions"}],"predecessor-version":[{"id":25641,"href":"https:\/\/balcilar-blog.com\/index.php?rest_route=\/wp\/v2\/posts\/25636\/revisions\/25641"}],"wp:featuredmedia":[{"embeddable":true,"href":"https:\/\/balcilar-blog.com\/index.php?rest_route=\/wp\/v2\/media\/25637"}],"wp:attachment":[{"href":"https:\/\/balcilar-blog.com\/index.php?rest_route=%2Fwp%2Fv2%2Fmedia&parent=25636"}],"wp:term":[{"taxonomy":"category","embeddable":true,"href":"https:\/\/balcilar-blog.com\/index.php?rest_route=%2Fwp%2Fv2%2Fcategories&post=25636"},{"taxonomy":"post_tag","embeddable":true,"href":"https:\/\/balcilar-blog.com\/index.php?rest_route=%2Fwp%2Fv2%2Ftags&post=25636"}],"curies":[{"name":"wp","href":"https:\/\/api.w.org\/{rel}","templated":true}]}}