{"id":25607,"date":"2019-11-20T20:08:42","date_gmt":"2019-11-20T18:08:42","guid":{"rendered":"http:\/\/balcilar-blog.com\/?p=25607"},"modified":"2019-11-25T13:49:52","modified_gmt":"2019-11-25T11:49:52","slug":"cagatay-ulusoy-nereye-kosuyor-5","status":"publish","type":"post","link":"https:\/\/balcilar-blog.com\/?p=25607","title":{"rendered":"\u00c7a\u011fatay Ulusoy Nereye Ko\u015fuyor? &#8211; 5"},"content":{"rendered":"<p>&nbsp;<\/p>\n<p><img loading=\"lazy\" decoding=\"async\" class=\"alignnone size-full wp-image-25611\" src=\"http:\/\/balcilar-blog.com\/wp-content\/uploads\/2019\/11\/091037da-88d5-4871-beba-2ffe94068364.jpg\" alt=\"\" width=\"280\" height=\"640\" srcset=\"https:\/\/balcilar-blog.com\/wp-content\/uploads\/2019\/11\/091037da-88d5-4871-beba-2ffe94068364.jpg 280w, https:\/\/balcilar-blog.com\/wp-content\/uploads\/2019\/11\/091037da-88d5-4871-beba-2ffe94068364-131x300.jpg 131w\" sizes=\"auto, (max-width: 280px) 100vw, 280px\" \/><\/p>\n<p>Bug\u00fcne kadar, &#8220;<span style=\"color: #ff0000;\"><strong>\u00c7a\u011fatay Ulusoy Nereye Ko\u015fuyor<\/strong>?<\/span>&#8221; ba\u015fl\u0131\u011f\u0131 alt\u0131nda d\u00f6rt yaz\u0131 yazd\u0131m. \u015eimdi de, be\u015fincisini yaz\u0131yorum.<\/p>\n<p>Evet;<strong> \u00c7A\u011eATAY ULUSOY NEREYE KO\u015eUYOR?<\/strong><\/p>\n<p>H\u00fcrriyet K\u00f6\u015fe yazar\u0131 Cengiz Semercio\u011flu&#8217;nun \u00c7a\u011fatay Ulusoy hakk\u0131nda d\u00fcnk\u00fc k\u00f6\u015fesinde &#8220;<strong>Sa\u011fl\u0131\u011f\u0131n m\u0131 \u00f6nemli Oscar kazanmak m\u0131?<\/strong>&#8221; ba\u015fl\u0131kl\u0131 yaz\u0131s\u0131n\u0131 biraz \u00fcz\u00fcnt\u00fc, biraz da hayretle okudum. Geni\u015f \u00f6rneklerle anlatm\u0131\u015f.<\/p>\n<p>Say\u0131n Semercio\u011flu, birtak\u0131m a\u00e7\u0131klamalardan sonra yaz\u0131s\u0131n\u0131 \u015f\u00f6yle devam ediyor.<\/p>\n<p>Aynen \u015f\u00f6yle diyor;<\/p>\n<p>&#8220;Neyse gelelim \u015fu\u00a0<strong>oyuncular\u0131n rol i\u00e7in kilo alma sevdas\u0131na&#8230;\u00a0<\/strong><\/p>\n<p>Ne yaz\u0131k ki bizim oyuncular bunu h\u00e2l\u00e2 b\u00fcy\u00fck bir oyunculuk s\u0131nav\u0131 ve ba\u015far\u0131s\u0131 olarak g\u00f6r\u00fcyorlar.<\/p>\n<p>T\u0131pk\u0131 g\u00f6steri devam eder sa\u00e7mal\u0131\u011f\u0131ndaki gibi bu kilo alma i\u015fini de mesleklerini kutsamak i\u00e7in fazlas\u0131yla kullan\u0131yorlar.<\/p>\n<p>Malum\u00a0<strong>\u00c7a\u011fatay Ulusoy, T\u00fcrk g\u00fcre\u015f tarihinin efsane ismi Koca Yusuf\u2019u canland\u0131raca\u011f\u0131 film i\u00e7in kilo almaya ba\u015flad\u0131.<\/strong><\/p>\n<p>T\u0131\u011f gibi \u00c7a\u011fatay gitti, yanaklar\u0131n doldu\u011fu, g\u00f6be\u011finin \u015fi\u015fti\u011fi, v\u00fccudun hantalla\u015ft\u0131\u011f\u0131 \u015fi\u015fko bir \u00c7a\u011fatay geldi.<\/p>\n<p><a href=\"http:\/\/balcilar-blog.com\/wp-content\/uploads\/2019\/11\/5dd3715dd3806c0f9c7de64c.jpg\"><img loading=\"lazy\" decoding=\"async\" class=\"alignnone size-full wp-image-25609\" src=\"http:\/\/balcilar-blog.com\/wp-content\/uploads\/2019\/11\/5dd3715dd3806c0f9c7de64c.jpg\" alt=\"\" width=\"331\" height=\"640\" srcset=\"https:\/\/balcilar-blog.com\/wp-content\/uploads\/2019\/11\/5dd3715dd3806c0f9c7de64c.jpg 331w, https:\/\/balcilar-blog.com\/wp-content\/uploads\/2019\/11\/5dd3715dd3806c0f9c7de64c-155x300.jpg 155w\" sizes=\"auto, (max-width: 331px) 100vw, 331px\" \/><\/a><\/p>\n<p>Bunu neden yap\u0131yor?<\/p>\n<p>Koca Yusuf\u2019u hakk\u0131yla canland\u0131rabilmek i\u00e7in.\u00a0<strong>\u201cRol\u00fc i\u00e7in 30 kilo ald\u0131\u201d alk\u0131\u015flar\u0131n\u0131 alabilmek i\u00e7in.<\/strong><\/p>\n<p>\u015eaka m\u0131s\u0131n\u0131z arkada\u015flar siz?<\/p>\n<p>Hangi rol bir oyuncunun sa\u011fl\u0131\u011f\u0131ndan daha \u00f6nemli olabilir ki?<\/p>\n<p>30 kilo alacak, sonra o 30 kiloyu verecek ve sa\u011fl\u0131\u011f\u0131 bundan etkilenmeyecek ha?<\/p>\n<p>\u015eimdi diyecekler ki diyetisyenler var, doktor kontrol\u00fcnde kilo al\u0131yor filan&#8230;<\/p>\n<p>Ge\u00e7iniz efendim&#8230;<\/p>\n<p><strong>B\u00fct\u00fcn uzmanlar h\u0131zla al\u0131nan ve daha sonra verilen kilonun metabolizma \u00fczerinde telafisi m\u00fcmk\u00fcn olmayacak bozukluklara yol a\u00e7abilece\u011fini s\u00f6yl\u00fcyor.<\/strong><\/p>\n<p>B\u0131rak\u0131n uzmanlar\u0131, elimizde canl\u0131 \u00f6rnek var.<\/p>\n<p>\u201cDeliha\u201d i\u00e7in 22 kilo ald\u0131, \u201cG\u00f6r\u00fcmce\u201d i\u00e7in zay\u0131flad\u0131, \u201cDeliha 2\u201d i\u00e7in yeniden ald\u0131, Gupse\u2019nin sa\u011fl\u0131\u011f\u0131 gitti.<\/p>\n<p>Sonra da, \u201cBunu yapmam cahilce bir hareketti\u201d diye itirafta da bulundu.<\/p>\n<p>\u015eimdi \u00c7a\u011fatay 30 kilo alacak, ard\u0131ndan yine bu kilolar\u0131 verecek?<\/p>\n<p>Bir kere daha soruyorum; hangi rol insan\u0131n sa\u011fl\u0131\u011f\u0131ndan k\u0131ymetlidir?<\/p>\n<p>Koca Yusuf\u2019la Oscar alsa ne olur \u00c7a\u011fatay?<\/p>\n<p>Bundan sonraki hayat\u0131n\u0131 \u015feker ya da kalp hastas\u0131 olarak s\u00fcrd\u00fcrme ihtimali ortada dururken&#8230;<\/p>\n<p>Ayr\u0131ca g\u00fcn\u00fcm\u00fcz teknolojisinde bu t\u00fcr oyunculuk g\u00f6steri\u015flerine hi\u00e7 gerek yok arkada\u015flar&#8230;<\/p>\n<p>New York\u2019a ad\u0131m atmadan st\u00fcdyo ve bilgisayar teknikleriyle bir New York filmini \u00e7ok rahat \u00e7ekebilece\u011finiz&#8230;<\/p>\n<p>Binlerce makyaj tekni\u011fiyle k\u0131l\u0131ktan k\u0131l\u0131\u011fa girebilece\u011finiz bir \u00e7a\u011fda ya\u015f\u0131yoruz.<\/p>\n<p>Ne tesad\u00fcft\u00fcr ki bu rol\u00fc oynamak i\u00e7in 20 kilo almak, hamburgerler patatesler yiyip kalp sa\u011fl\u0131\u011f\u0131n\u0131 tehlikeye atmak usta oyuncunun akl\u0131na bile gelmedi!<\/p>\n<p><strong>200 saat s\u00fcren, (yanl\u0131\u015f okumad\u0131n\u0131z iki y\u00fcz saat) makyaj yap\u0131ld\u0131 Gary Oldman\u2019a ve Churcill\u2019in kopyas\u0131 oldu.<\/strong><\/p>\n<p>Gitti bir de o rol\u00fcyle 2018\u2019de \u201cEn \u0130yi Erkek Oyuncu\u201d Oscar\u2019\u0131n\u0131 kazand\u0131.<\/p>\n<p>Kimse de \u201cYahu sen nas\u0131l oyuncusun, kilo bile almad\u0131n\u201d demedi.<\/p>\n<p>Bu \u00e7a\u011fda h\u00e2l\u00e2 80\u2019lerin 90\u2019lar\u0131n oyunculuk refleksleriyle hareket etmek, bundan alk\u0131\u015f beklemek do\u011fru de\u011fil&#8230;<\/p>\n<p>Koca Yusuf\u2019la Oscar alarak de\u011fil ama belki de tarihe \u201crol\u00fc i\u00e7in son kilo alan oyuncu olarak\u201d ge\u00e7ebilir \u00c7a\u011fatay&#8230;&#8221;<\/p>\n<p>Say\u0131n Semercio\u011flu&#8217;nun yaz\u0131s\u0131n\u0131n tamam\u0131n\u0131 okumak isteyenler (<a title=\"Cengiz Semercio\u011flu ile ileti\u015fime ge\u00e7\" href=\"mailto:csemercioglu@hurriyet.com.tr\">csemercioglu@hurriyet.com.tr<\/a>) sitesinden okuyabilirler.<\/p>\n<p><span style=\"color: #0000ff;\"><strong>Bu noktada ben de bir \u015feyler s\u00f6ylemek istiyorum.<\/strong><\/span><\/p>\n<p>Cengiz Semercio\u011flu&#8217;nun s\u00f6ylemlerine aynen kat\u0131l\u0131yor, a\u015f\u0131r\u0131 kilo al\u0131p-vererek sa\u011fl\u0131\u011f\u0131na zarar gelmesini asla istemem. Ben <strong><span style=\"color: #ff0000;\">\u00c7a\u011fatay Ulusoy<\/span><\/strong>&#8216;u ilk dizisinden bu yana 8 senedir takip ediyorum. Kendisini \u00e7ok iyi tan\u0131r, oyunculu\u011funu bilirim. 8 y\u0131ld\u0131r dizleri, sinema filmleri hakk\u0131nda Milliyet Blog&#8217;da 665 yaz\u0131 yazd\u0131m. Yerine g\u00f6re destek oldum, yerine g\u00f6re tenkit ettim, be\u011fendi\u011fim rol ve oyunculu\u011funu da hep \u00f6vd\u00fcm, te\u015fvik ettim.<\/p>\n<p><img loading=\"lazy\" decoding=\"async\" class=\"alignnone size-full wp-image-25612\" src=\"http:\/\/balcilar-blog.com\/wp-content\/uploads\/2019\/11\/277026.jpg\" alt=\"\" width=\"640\" height=\"383\" srcset=\"https:\/\/balcilar-blog.com\/wp-content\/uploads\/2019\/11\/277026.jpg 640w, https:\/\/balcilar-blog.com\/wp-content\/uploads\/2019\/11\/277026-300x180.jpg 300w\" sizes=\"auto, (max-width: 640px) 100vw, 640px\" \/><\/p>\n<p>Ulusoy, bundan \u00f6nceki dizilerinde &#8220;<span style=\"color: #0000ff;\"><strong>\u0130\u00e7erde<\/strong><\/span>&#8221; dizisinde rol\u00fc gere\u011fi sa\u00e7\u0131n\u0131 \u00fc\u00e7 numaraya vurdurdu. <span style=\"color: #0000ff;\"><strong>Hakan: Muhaf\u0131z<\/strong><\/span> dizisi i\u00e7in s\u0131f\u0131r numara kaz\u0131tt\u0131.<\/p>\n<p>&nbsp;<\/p>\n<p><img loading=\"lazy\" decoding=\"async\" class=\"alignnone size-full wp-image-25064\" src=\"http:\/\/balcilar-blog.com\/wp-content\/uploads\/2019\/08\/150820191627245274057.jpg\" alt=\"\" width=\"533\" height=\"480\" srcset=\"https:\/\/balcilar-blog.com\/wp-content\/uploads\/2019\/08\/150820191627245274057.jpg 533w, https:\/\/balcilar-blog.com\/wp-content\/uploads\/2019\/08\/150820191627245274057-300x270.jpg 300w\" sizes=\"auto, (max-width: 533px) 100vw, 533px\" \/><\/p>\n<p>Bunlar gayet normal sa\u00e7 k\u00f6k\u00fc onda 2 ayda uzar. Ama sa\u011fl\u0131k \u00f6yle de\u011fil, almak da zor, vermek de&#8230; Pehlivan olarak &#8216;<span style=\"color: #ff0000;\"><strong>Koca Yusuf<\/strong><\/span>&#8216;un kilosunda aynen olamas\u0131na gerek yok. G\u00fcre\u015f \u00f6ncesi kantara m\u0131 \u00e7\u0131kacak! Ha 10 kilo fazla, ha 5 kilo eksik hi\u00e7 fark etmez. 30 kilo almas\u0131na gerek yok. Film ya da bilgisayar hileleri ile bu sorun giderilebilir. Tip ve kilo olarak birebir olmana gerek yok.. Sen rol\u00fcn hakk\u0131n\u0131 veren bir oyuncusun, \u00f6d\u00fcl mutlaka gelecektir.<\/p>\n<p><img loading=\"lazy\" decoding=\"async\" class=\"alignnone size-full wp-image-25613\" src=\"http:\/\/balcilar-blog.com\/wp-content\/uploads\/2019\/11\/catskoca-yusuf-\u00e7a\u011fatay.jpg\" alt=\"\" width=\"480\" height=\"492\" srcset=\"https:\/\/balcilar-blog.com\/wp-content\/uploads\/2019\/11\/catskoca-yusuf-\u00e7a\u011fatay.jpg 480w, https:\/\/balcilar-blog.com\/wp-content\/uploads\/2019\/11\/catskoca-yusuf-\u00e7a\u011fatay-293x300.jpg 293w\" sizes=\"auto, (max-width: 480px) 100vw, 480px\" \/><\/p>\n<p><strong>Sevgili o\u011flum \u00c7a\u011fatay, oyunculu\u011fun tamam, senaristli\u011fine de eyvallah, y\u00f6netmenli\u011fine de \u00f6yle&#8230; L\u00fctfen kendi sa\u011fl\u0131\u011f\u0131n ile oynama&#8230; Ben senin ba\u015far\u0131l\u0131 olaca\u011f\u0131n\u0131 ve azmini biliyor, y\u00fcrekten inan\u0131yorum. Her g\u00fcn sevenlerinden onlarca Tweet al\u0131yorum, seni seviyorlar, ba\u015far\u0131l\u0131 olaca\u011f\u0131n\u0131 kalben inan\u0131yor ve destekliyorlar.<\/strong><\/p>\n<p><strong><span style=\"color: #0000ff;\">Daha \u00f6nce sordu\u011fum soruyu yine soruyorum.<\/span><\/strong> &#8220;<span style=\"color: #ff0000;\"><strong>\u00c7a\u011fatay Ulusoy Nereye Ko\u015fuyor?<\/strong><\/span>&#8221; <span style=\"color: #0000ff;\"><strong>Cevap<\/strong><\/span>; <span style=\"color: #ff0000;\"><strong>Ba\u015far\u0131ya,<\/strong><\/span><\/p>\n<p><strong style=\"color: #0000ff;\">sa\u011fl\u0131\u011f\u0131n\u0131 bozmaya de\u011fil&#8230;<\/strong><\/p>\n<p>Sayg\u0131lar ve sevgiler.<\/p>\n<p>Abdurrahman Balc\u0131lar<\/p>\n<p>Twitter : <a href=\"https:\/\/twitter.com\/abbalcilar\">abdurrahman balc\u0131lar<\/a><a href=\"https:\/\/twitter.com\/abbalcilar\"><strong>@abbalcilar<\/strong><\/a><\/p>\n<p>Mail :\u00a0<a href=\"mailto:ab.balcilar@hotmail.com\">ab.balcilar@hotmail.com<\/a><\/p>\n<p>Blog:\u00a0<a href=\"http:\/\/t.co\/znqmIZgIqn\">blog.milliyet.com.tr\/cansever<\/a><\/p>\n<p>\u015eahsi Blog:\u00a0<a href=\"http:\/\/balcilar-blog.com\/\">Abdurrahman Balc\u0131lar Blog Sayfas<\/a>\u0131<\/p>\n<p>&nbsp;<\/p>\n","protected":false},"excerpt":{"rendered":"<p>&nbsp; Bug\u00fcne kadar, &#8220;\u00c7a\u011fatay Ulusoy Nereye Ko\u015fuyor?&#8221; ba\u015fl\u0131\u011f\u0131 alt\u0131nda d\u00f6rt yaz\u0131 yazd\u0131m. \u015eimdi de, be\u015fincisini yaz\u0131yorum. Evet; \u00c7A\u011eATAY ULUSOY NEREYE KO\u015eUYOR? H\u00fcrriyet K\u00f6\u015fe yazar\u0131 Cengiz Semercio\u011flu&#8217;nun \u00c7a\u011fatay Ulusoy hakk\u0131nda d\u00fcnk\u00fc k\u00f6\u015fesinde &#8220;Sa\u011fl\u0131\u011f\u0131n m\u0131 \u00f6nemli Oscar kazanmak m\u0131?&#8221; ba\u015fl\u0131kl\u0131 yaz\u0131s\u0131n\u0131 biraz \u00fcz\u00fcnt\u00fc, biraz da hayretle okudum. Geni\u015f \u00f6rneklerle anlatm\u0131\u015f. Say\u0131n Semercio\u011flu, birtak\u0131m a\u00e7\u0131klamalardan sonra yaz\u0131s\u0131n\u0131 \u015f\u00f6yle [&hellip;]<\/p>\n","protected":false},"author":3,"featured_media":25611,"comment_status":"open","ping_status":"open","sticky":false,"template":"","format":"standard","meta":{"footnotes":""},"categories":[10],"tags":[15,2053,1485,894,2052,2022,2023],"class_list":["post-25607","post","type-post","status-publish","format-standard","has-post-thumbnail","hentry","category-sinema","tag-cagatay-ulusoy","tag-cengiz-semercioglu","tag-koca-yusuf","tag-oscar","tag-oyuncu","tag-senarist","tag-yonetmen"],"views":3260,"blog_post_layout_featured_media_urls":{"thumbnail":["https:\/\/balcilar-blog.com\/wp-content\/uploads\/2019\/11\/091037da-88d5-4871-beba-2ffe94068364-150x150.jpg",150,150,true],"full":["https:\/\/balcilar-blog.com\/wp-content\/uploads\/2019\/11\/091037da-88d5-4871-beba-2ffe94068364.jpg",280,640,false]},"categories_names":{"10":{"name":"Sinema","link":"https:\/\/balcilar-blog.com\/?cat=10"}},"tags_names":{"15":{"name":"\u00e7a\u011fatay ulusoy","link":"https:\/\/balcilar-blog.com\/?tag=cagatay-ulusoy"},"2053":{"name":"Cengiz Semercio\u011flu","link":"https:\/\/balcilar-blog.com\/?tag=cengiz-semercioglu"},"1485":{"name":"Koca Yusuf","link":"https:\/\/balcilar-blog.com\/?tag=koca-yusuf"},"894":{"name":"Oscar","link":"https:\/\/balcilar-blog.com\/?tag=oscar"},"2052":{"name":"Oyuncu","link":"https:\/\/balcilar-blog.com\/?tag=oyuncu"},"2022":{"name":"Senarist","link":"https:\/\/balcilar-blog.com\/?tag=senarist"},"2023":{"name":"y\u00f6netmen","link":"https:\/\/balcilar-blog.com\/?tag=yonetmen"}},"comments_number":"0","wpmagazine_modules_lite_featured_media_urls":{"thumbnail":["https:\/\/balcilar-blog.com\/wp-content\/uploads\/2019\/11\/091037da-88d5-4871-beba-2ffe94068364-150x150.jpg",150,150,true],"cvmm-medium":["https:\/\/balcilar-blog.com\/wp-content\/uploads\/2019\/11\/091037da-88d5-4871-beba-2ffe94068364.jpg",131,300,false],"cvmm-medium-plus":["https:\/\/balcilar-blog.com\/wp-content\/uploads\/2019\/11\/091037da-88d5-4871-beba-2ffe94068364.jpg",91,207,false],"cvmm-portrait":["https:\/\/balcilar-blog.com\/wp-content\/uploads\/2019\/11\/091037da-88d5-4871-beba-2ffe94068364.jpg",263,600,false],"cvmm-medium-square":["https:\/\/balcilar-blog.com\/wp-content\/uploads\/2019\/11\/091037da-88d5-4871-beba-2ffe94068364.jpg",263,600,false],"cvmm-large":["https:\/\/balcilar-blog.com\/wp-content\/uploads\/2019\/11\/091037da-88d5-4871-beba-2ffe94068364.jpg",280,640,false],"cvmm-small":["https:\/\/balcilar-blog.com\/wp-content\/uploads\/2019\/11\/091037da-88d5-4871-beba-2ffe94068364.jpg",42,95,false],"full":["https:\/\/balcilar-blog.com\/wp-content\/uploads\/2019\/11\/091037da-88d5-4871-beba-2ffe94068364.jpg",280,640,false]},"_links":{"self":[{"href":"https:\/\/balcilar-blog.com\/index.php?rest_route=\/wp\/v2\/posts\/25607","targetHints":{"allow":["GET"]}}],"collection":[{"href":"https:\/\/balcilar-blog.com\/index.php?rest_route=\/wp\/v2\/posts"}],"about":[{"href":"https:\/\/balcilar-blog.com\/index.php?rest_route=\/wp\/v2\/types\/post"}],"author":[{"embeddable":true,"href":"https:\/\/balcilar-blog.com\/index.php?rest_route=\/wp\/v2\/users\/3"}],"replies":[{"embeddable":true,"href":"https:\/\/balcilar-blog.com\/index.php?rest_route=%2Fwp%2Fv2%2Fcomments&post=25607"}],"version-history":[{"count":9,"href":"https:\/\/balcilar-blog.com\/index.php?rest_route=\/wp\/v2\/posts\/25607\/revisions"}],"predecessor-version":[{"id":25620,"href":"https:\/\/balcilar-blog.com\/index.php?rest_route=\/wp\/v2\/posts\/25607\/revisions\/25620"}],"wp:featuredmedia":[{"embeddable":true,"href":"https:\/\/balcilar-blog.com\/index.php?rest_route=\/wp\/v2\/media\/25611"}],"wp:attachment":[{"href":"https:\/\/balcilar-blog.com\/index.php?rest_route=%2Fwp%2Fv2%2Fmedia&parent=25607"}],"wp:term":[{"taxonomy":"category","embeddable":true,"href":"https:\/\/balcilar-blog.com\/index.php?rest_route=%2Fwp%2Fv2%2Fcategories&post=25607"},{"taxonomy":"post_tag","embeddable":true,"href":"https:\/\/balcilar-blog.com\/index.php?rest_route=%2Fwp%2Fv2%2Ftags&post=25607"}],"curies":[{"name":"wp","href":"https:\/\/api.w.org\/{rel}","templated":true}]}}