{"id":25598,"date":"2019-11-19T14:04:57","date_gmt":"2019-11-19T12:04:57","guid":{"rendered":"http:\/\/balcilar-blog.com\/?p=25598"},"modified":"2019-11-19T14:10:19","modified_gmt":"2019-11-19T12:10:19","slug":"dagyenide-celal-bayar-izleri","status":"publish","type":"post","link":"https:\/\/balcilar-blog.com\/?p=25598","title":{"rendered":"Da\u011fyeni&#8217;de Celal Bayar \u0130zleri"},"content":{"rendered":"<p><img loading=\"lazy\" decoding=\"async\" class=\"alignnone size-full wp-image-25603\" src=\"http:\/\/balcilar-blog.com\/wp-content\/uploads\/2019\/11\/412262-3-4-173a3.jpg\" alt=\"\" width=\"480\" height=\"600\" srcset=\"https:\/\/balcilar-blog.com\/wp-content\/uploads\/2019\/11\/412262-3-4-173a3.jpg 480w, https:\/\/balcilar-blog.com\/wp-content\/uploads\/2019\/11\/412262-3-4-173a3-240x300.jpg 240w\" sizes=\"auto, (max-width: 480px) 100vw, 480px\" \/><\/p>\n<p>Bu haftaki k\u00f6\u015fe yaz\u0131mda, 3.Cumhurba\u015fkan\u0131m\u0131z Celal Bayar&#8217;dan bahsetmek istiyorum. 1919 Milli M\u00fccadele y\u0131llar\u0131nda rahmetli Bayar k\u00f6y\u00fcm\u00fczde tahmini olarak 15 g\u00fcn kalm\u0131\u015ft\u0131r.<\/p>\n<p><strong><span style=\"color: #000000;\">Ayd\u0131n-Germencik-Da\u011fyeni K\u00f6y\u00fc<\/span><\/strong>nde\u00a0<span style=\"color: #000000;\"><strong>Celal Bayar<\/strong><\/span>&#8216;\u0131n bundan 100 y\u0131l \u00f6nce, Haziran 1919\u00a0<span style=\"color: #000000;\"><strong>Milli M\u00fccadele Y\u0131llar\u0131<\/strong><\/span>nda kald\u0131\u011f\u0131 ev mevcuttur. K\u0131ymet bilir bina sahibi k\u00f6yl\u00fc bu evi y\u0131kmam\u0131\u015f, avlusunda kendine yeni bir ev yapm\u0131\u015ft\u0131r. \u015eu an ev virane durumda. Ta\u015f duvar yap\u0131 olmas\u0131 nedeniyle ev sapasa\u011flam ayakta. Ev 2 katl\u0131. Alt ana giri\u015ften sonra tahta merdiven \u00fcst kat sofaya \u00e7\u0131k\u0131l\u0131yor. Sa\u011fda ve solda iki oda, Rahmetli Celal Bayar, o zamanki takma ad\u0131 ile &#8220;<span style=\"color: #000000;\"><strong>Galip Hoca<\/strong><\/span>&#8221; bu odalar\u0131n bat\u0131 taraftaki odada 15 g\u00fcne yak\u0131n kalm\u0131\u015ft\u0131r. O zaman d\u00fc\u015fman i\u015fgali nedeniyle burada, Yunan askerinden saklanm\u0131\u015f. Bu nedenle k\u00f6ye namaz hocas\u0131 olarak geldi demi\u015flerdir.<\/p>\n<p>Bu ev hala sapa sa\u011flam ayakta. Ge\u00e7en y\u0131llar onu eskitmemi\u015f. O g\u00fcnden bu g\u00fcne tam 100 y\u0131l ge\u00e7mi\u015f. Bina yap\u0131l\u0131\u015f olarak belki de 120 y\u0131ll\u0131k oldu\u011fun tahmin ediliyor. (Bu bina \u015fu anda K\u00fclt\u00fcr ve Turizm Bakanl\u0131\u011f\u0131 Ayd\u0131n K\u00fclt\u00fcr Varl\u0131klar\u0131 B\u00f6lge taraf\u0131ndan koruma alt\u0131ndad\u0131r.)<\/p>\n<p>Bu\u00a0<strong><a href=\"http:\/\/blog.milliyet.com.tr\/AramaBlog\/?search=k%C3%BClt%C3%BCr%20miras%C4%B1m%C4%B1z\" rel=\"external nofollow\">k\u00fclt\u00fcr miras\u0131m\u0131z<\/a>\u0131<\/strong> kurumak ad\u0131na, K\u00fclt\u00fcr Bakanl\u0131\u011f\u0131 yetkililerinden &#8211; Ayd\u0131n B\u00fcy\u00fck\u015fehir Belediye Ba\u015fkanl\u0131\u011f\u0131 (<strong>\u00d6zlem \u00c7er\u00e7io\u011flu<\/strong>) &#8211; Germencik \u0130l\u00e7e Belediye ba\u015fkan\u0131\u00a0 (<strong>Fuat \u00d6nde\u015f<\/strong>) ilgi bekliyorum. Bu bina birazc\u0131k tadilatla, o g\u00fcnk\u00fc gibi asl\u0131na uygun bir restorasyon ile K\u00fclt\u00fcr Miras\u0131m\u0131z olarak y\u0131llarca saklanabilir ve Turizme kazand\u0131r\u0131labilir.<\/p>\n<p><img loading=\"lazy\" decoding=\"async\" class=\"alignnone size-full wp-image-25599\" src=\"http:\/\/balcilar-blog.com\/wp-content\/uploads\/2019\/11\/433107-3-4-09f74.jpg\" alt=\"\" width=\"640\" height=\"471\" srcset=\"https:\/\/balcilar-blog.com\/wp-content\/uploads\/2019\/11\/433107-3-4-09f74.jpg 640w, https:\/\/balcilar-blog.com\/wp-content\/uploads\/2019\/11\/433107-3-4-09f74-300x221.jpg 300w, https:\/\/balcilar-blog.com\/wp-content\/uploads\/2019\/11\/433107-3-4-09f74-210x155.jpg 210w\" sizes=\"auto, (max-width: 640px) 100vw, 640px\" \/><\/p>\n<p>Ben buradan ilgili yetkililere sesleniyorum. Biraz ilgi ve alaka l\u00fctfen. Rahmetli Celal Bayar\u2019\u0131 geri getiremeyiz ama, onun an\u0131lar\u0131yla dolu olan bu evi T\u00fcrk Turizmine kazand\u0131rabiliriz. Kendi an\u0131lar\u0131nda anlatt\u0131\u011f\u0131na g\u00f6re, o zaman bu Vatan nas\u0131l kurtulur, ben Ankara\u2019ya nas\u0131l giderim hesaplar\u0131n\u0131 bu binada yapm\u0131\u015ft\u0131r. (Sonraki yaz\u0131lar\u0131mda k\u00f6y\u00fcm\u00fczdeki kal\u0131\u015f \u00f6yk\u00fcs\u00fcn\u00fc ve Bayar&#8217;\u0131n K\u00f6ye olan minnet borcunu \u00f6demek i\u00e7in 1957 y\u0131l\u0131nda K\u00f6y Meydan\u0131na mermer An\u0131t \u00e7e\u015fme yapt\u0131rmas\u0131n\u0131 sonraki yaz\u0131mda anlataca\u011f\u0131m.)<\/p>\n<p><strong>K\u0131saca Celal Bayar&#8217;\u0131n Hayat\u0131 :<\/strong><\/p>\n<p>1883 y\u0131l\u0131nda Bursa\u2019n\u0131n Gemlik il\u00e7esinin Umurbey k\u00f6y\u00fcnde do\u011fdu. \u0130lk ve orta \u00f6\u011fretiminden sonra memuriyet ya\u015fam\u0131na at\u0131ld\u0131. Adalet, reji ve bankac\u0131l\u0131k alanlar\u0131nda memuriyet g\u00f6revlerinde bulundu. 1908 y\u0131l\u0131nda \u0130kinci Me\u015frutiyet\u2019in ilan\u0131ndan sonra ittihat ve Terakki \u00e7al\u0131\u015fmalar\u0131na kat\u0131ld\u0131. Bu cemiyetin \u0130zmir \u015eubesi Genel Sekreterli\u011fini yapt\u0131.<\/p>\n<p>12 Ocak 1920\u2019de toplanan son Osmanl\u0131 Mebusan Meclisi\u2019ne Saruhan Sanca\u011f\u0131 Milletvekili olarak kat\u0131ld\u0131. Milli M\u00fccadele s\u0131ras\u0131nda Bat\u0131 Anadolu\u2019da etkinlik g\u00f6sterdi. 15 May\u0131s 1919&#8217;da \u0130zmir&#8217;in i\u015fgalinden sonra Tire \u00fczerinden Ayd\u0131n, Germencik&#8217;e ge\u00e7ti. Bu s\u0131rada Da\u011fyeni k\u00f6y\u00fcnde 15 g\u00fcn sakland\u0131. Sonra Ayd\u0131n \u00fczerinden Denizli ve Ankara&#8217;ya ula\u015ft\u0131.\u00a0 Daha sonra Birinci B\u00fcy\u00fck Millet Meclisi\u2019nde Bursa Milletvekili olarak g\u00f6rev ald\u0131. 1921\u2019de \u0130ktisat Bakan\u0131 oldu. Lozan Bar\u0131\u015f Konferas\u0131\u2019na dan\u0131\u015fman g\u00f6reviyle kat\u0131ld\u0131. 1923 se\u00e7imlerinden sonra \u0130kinci B\u00fcy\u00fck Millet Meclisi\u2019ne \u0130zmir Milletvekili olarak girdi.<\/p>\n<p>1924 y\u0131l\u0131nda i\u015f Bankas\u0131\u2019n\u0131n kurulmas\u0131nda \u00f6nemli rol oynad\u0131. T\u00fcrkiye Cumhuriyeti\u2019nin kurulu\u015fundaki sava\u015f\u0131m \u00e7abalar\u0131nda politikac\u0131 ve iktisat\u00e7\u0131 kimli\u011fi ile parlad\u0131. 1937-1939 y\u0131llar\u0131 aras\u0131nda Ba\u015fbakanl\u0131k yapt\u0131. Daha sonra siyasi ya\u015fam\u0131n\u0131 \u0130zmir Milletvekili olarak s\u00fcrd\u00fcrd\u00fc.<\/p>\n<p>\u00c7ok Partili siyasi ya\u015fama ge\u00e7ilmesi \u00fczerine 1946 y\u0131l\u0131nda arkada\u015flar\u0131 ile birlikte Demokrat Partiyi kurdu ve ba\u015fbakanl\u0131\u011fa getirildi. Partisinin 1950 se\u00e7imlerini kazanmas\u0131ndan sonra ayn\u0131 y\u0131l T\u00fcrkiye B\u00fcy\u00fck Millet Meclisi\u2019nce T\u00fcrkiye\u2019nin \u00fc\u00e7\u00fcnc\u00fc Cumhurba\u015fkan\u0131 se\u00e7ildi. (22 May\u0131s 1950) 10 y\u0131l boyunca s\u00fcrd\u00fcrd\u00fc\u011f\u00fc bu g\u00f6revinden 27 May\u0131s ihtilali ile 1960 y\u0131l\u0131nda uzakla\u015ft\u0131r\u0131ld\u0131. Yass\u0131ada Mahkemesi taraf\u0131ndan idama mahkum edildi. (15 Eyl\u00fcl 1961) Cezas\u0131 daha sonra m\u00fcebbet hapse \u00e7evrildi. Yass\u0131ada\u2019dan Kayseri B\u00f6lge Cezaevi\u2019ne nakledilen Bayar, 7 Kas\u0131m 1964\u2019de rahats\u0131zl\u0131\u011f\u0131 nedeniyle serbest b\u0131rak\u0131ld\u0131.<\/p>\n<p>1903 y\u0131l\u0131nda Re\u015fide Han\u0131mla evlenen ve \u00fc\u00e7 \u00e7ocu\u011fu olmu\u015f, (98 ya\u015f\u0131ndaki k\u0131z\u0131 Nil\u00fcfer G\u00fcrsoy hala hayattad\u0131r.) Celal Bayar, 22 A\u011fustos 1986&#8217;da 103 ya\u015f\u0131nda \u0130stanbul\u2019da vefat etmi\u015ftir.<\/p>\n<p>Bu b\u00fcy\u00fck Devlet adam\u0131na sayg\u0131yla anarken, K\u00fclt\u00fcr Miraslar\u0131m\u0131z\u0131 sahip \u00e7\u0131kmak ad\u0131na, ilgililerden ilgi ve alaka bekliyoruz.<\/p>\n<p>Sayg\u0131lar, Sevgiler.<\/p>\n<p>Abdurrahman Balc\u0131lar<\/p>\n","protected":false},"excerpt":{"rendered":"<p>Bu haftaki k\u00f6\u015fe yaz\u0131mda, 3.Cumhurba\u015fkan\u0131m\u0131z Celal Bayar&#8217;dan bahsetmek istiyorum. 1919 Milli M\u00fccadele y\u0131llar\u0131nda rahmetli Bayar k\u00f6y\u00fcm\u00fczde tahmini olarak 15 g\u00fcn kalm\u0131\u015ft\u0131r. Ayd\u0131n-Germencik-Da\u011fyeni K\u00f6y\u00fcnde\u00a0Celal Bayar&#8216;\u0131n bundan 100 y\u0131l \u00f6nce, Haziran 1919\u00a0Milli M\u00fccadele Y\u0131llar\u0131nda kald\u0131\u011f\u0131 ev mevcuttur. K\u0131ymet bilir bina sahibi k\u00f6yl\u00fc bu evi y\u0131kmam\u0131\u015f, avlusunda kendine yeni bir ev yapm\u0131\u015ft\u0131r. \u015eu an ev virane durumda. Ta\u015f [&hellip;]<\/p>\n","protected":false},"author":3,"featured_media":25603,"comment_status":"open","ping_status":"open","sticky":false,"template":"","format":"standard","meta":{"footnotes":""},"categories":[9],"tags":[134,2050,2051],"class_list":["post-25598","post","type-post","status-publish","format-standard","has-post-thumbnail","hentry","category-kulturler","tag-celal-bayar","tag-dagyenide-kaldigi-ev","tag-nilufer-gursoy"],"views":2148,"blog_post_layout_featured_media_urls":{"thumbnail":["https:\/\/balcilar-blog.com\/wp-content\/uploads\/2019\/11\/412262-3-4-173a3-150x150.jpg",150,150,true],"full":["https:\/\/balcilar-blog.com\/wp-content\/uploads\/2019\/11\/412262-3-4-173a3.jpg",480,600,false]},"categories_names":{"9":{"name":"K\u00fclt\u00fcrler","link":"https:\/\/balcilar-blog.com\/?cat=9"}},"tags_names":{"134":{"name":"Celal Bayar","link":"https:\/\/balcilar-blog.com\/?tag=celal-bayar"},"2050":{"name":"Da\u011fyeni'de kald\u0131\u011f\u0131 ev","link":"https:\/\/balcilar-blog.com\/?tag=dagyenide-kaldigi-ev"},"2051":{"name":"Nil\u00fcfer G\u00fcrsoy","link":"https:\/\/balcilar-blog.com\/?tag=nilufer-gursoy"}},"comments_number":"0","wpmagazine_modules_lite_featured_media_urls":{"thumbnail":["https:\/\/balcilar-blog.com\/wp-content\/uploads\/2019\/11\/412262-3-4-173a3-150x150.jpg",150,150,true],"cvmm-medium":["https:\/\/balcilar-blog.com\/wp-content\/uploads\/2019\/11\/412262-3-4-173a3.jpg",240,300,false],"cvmm-medium-plus":["https:\/\/balcilar-blog.com\/wp-content\/uploads\/2019\/11\/412262-3-4-173a3.jpg",166,207,false],"cvmm-portrait":["https:\/\/balcilar-blog.com\/wp-content\/uploads\/2019\/11\/412262-3-4-173a3.jpg",400,500,false],"cvmm-medium-square":["https:\/\/balcilar-blog.com\/wp-content\/uploads\/2019\/11\/412262-3-4-173a3.jpg",480,600,false],"cvmm-large":["https:\/\/balcilar-blog.com\/wp-content\/uploads\/2019\/11\/412262-3-4-173a3.jpg",480,600,false],"cvmm-small":["https:\/\/balcilar-blog.com\/wp-content\/uploads\/2019\/11\/412262-3-4-173a3.jpg",76,95,false],"full":["https:\/\/balcilar-blog.com\/wp-content\/uploads\/2019\/11\/412262-3-4-173a3.jpg",480,600,false]},"_links":{"self":[{"href":"https:\/\/balcilar-blog.com\/index.php?rest_route=\/wp\/v2\/posts\/25598","targetHints":{"allow":["GET"]}}],"collection":[{"href":"https:\/\/balcilar-blog.com\/index.php?rest_route=\/wp\/v2\/posts"}],"about":[{"href":"https:\/\/balcilar-blog.com\/index.php?rest_route=\/wp\/v2\/types\/post"}],"author":[{"embeddable":true,"href":"https:\/\/balcilar-blog.com\/index.php?rest_route=\/wp\/v2\/users\/3"}],"replies":[{"embeddable":true,"href":"https:\/\/balcilar-blog.com\/index.php?rest_route=%2Fwp%2Fv2%2Fcomments&post=25598"}],"version-history":[{"count":5,"href":"https:\/\/balcilar-blog.com\/index.php?rest_route=\/wp\/v2\/posts\/25598\/revisions"}],"predecessor-version":[{"id":25605,"href":"https:\/\/balcilar-blog.com\/index.php?rest_route=\/wp\/v2\/posts\/25598\/revisions\/25605"}],"wp:featuredmedia":[{"embeddable":true,"href":"https:\/\/balcilar-blog.com\/index.php?rest_route=\/wp\/v2\/media\/25603"}],"wp:attachment":[{"href":"https:\/\/balcilar-blog.com\/index.php?rest_route=%2Fwp%2Fv2%2Fmedia&parent=25598"}],"wp:term":[{"taxonomy":"category","embeddable":true,"href":"https:\/\/balcilar-blog.com\/index.php?rest_route=%2Fwp%2Fv2%2Fcategories&post=25598"},{"taxonomy":"post_tag","embeddable":true,"href":"https:\/\/balcilar-blog.com\/index.php?rest_route=%2Fwp%2Fv2%2Ftags&post=25598"}],"curies":[{"name":"wp","href":"https:\/\/api.w.org\/{rel}","templated":true}]}}