{"id":25467,"date":"2019-11-04T19:41:07","date_gmt":"2019-11-04T17:41:07","guid":{"rendered":"http:\/\/balcilar-blog.com\/?p=25467"},"modified":"2019-11-04T20:52:39","modified_gmt":"2019-11-04T18:52:39","slug":"gecen-haftanin-28-ekim-3-kasim-2019-en-cok-izlenen-dizileri","status":"publish","type":"post","link":"https:\/\/balcilar-blog.com\/?p=25467","title":{"rendered":"Ge\u00e7en Haftan\u0131n (28 Ekim &#8211; 3 Kas\u0131m 2019) En \u00c7ok \u0130zlenen Dizileri!"},"content":{"rendered":"<p><img loading=\"lazy\" decoding=\"async\" class=\"alignnone size-full wp-image-25485\" src=\"http:\/\/balcilar-blog.com\/wp-content\/uploads\/2019\/11\/cats.jpg\" alt=\"\" width=\"640\" height=\"362\" srcset=\"https:\/\/balcilar-blog.com\/wp-content\/uploads\/2019\/11\/cats.jpg 640w, https:\/\/balcilar-blog.com\/wp-content\/uploads\/2019\/11\/cats-300x170.jpg 300w\" sizes=\"auto, (max-width: 640px) 100vw, 640px\" \/><\/p>\r\n<p>TNS \u00f6l\u00e7\u00fcmlerine g\u00f6re haz\u0131rlad\u0131\u011f\u0131m <strong>27 Ekim &#8211; 3 Kas\u0131m 2019<\/strong>\u00a0Tarihleri\u00a0aras\u0131nda en \u00e7ok seyredilen alt\u0131 Ulusal kanallar\u0131m\u0131zda ekranlar\u0131m\u0131za gelen 25 dizi aras\u0131nda, Total\u2019de ve AB\u2019de ilk ona giren, \u00d6ne \u00e7\u0131kan dizilerin, haftan\u0131n dizi karnesini a\u015fa\u011f\u0131da bilgilerinize sunuyorum.<\/p>\r\n<p><strong>GE\u00c7EN HAFTA G\u00d6STER\u0130MDEK\u0130 D\u0130Z\u0130LER :\u00a0<\/strong> \u00a0<\/p>\r\n<p><strong>PAZARTES\u0130 (4 Dizi):<\/strong>\u00a0\u00c7ukur (Show Tv), Vuslat (TRT1),\u00a0 Yasak Elma (Fox Tv), Zalim \u0130stanbul (Kanal D)<\/p>\r\n<p><strong>SALI (3 Dizi)\u00a0:<\/strong>\u00a0E\u015fk\u0131ya D\u00fcnyaya H\u00fck\u00fcmdar Olmaz (Atv), Kad\u0131n (Fox), \u00c7ocuk (Star Tv)<\/p>\r\n<p><strong>\u00c7AR\u015eAMBA (4 Dizi):<\/strong>\u00a0Afili A\u015fk (Kanal D), Kur\u015fun (Star Tv), Sen Anlat Karadeniz (Atv), Benim Ad\u0131m Melek (TRT1)<\/p>\r\n<p><strong>PER\u015eEMBE (2 Dizi)<\/strong>: Mucize Doktor (Fox), Bir Zamanlar \u00c7ukurova (Atv),<\/p>\r\n<p><strong>CUMA (4 Dizi) :<\/strong> Hercai (Atv), Arka Sokaklar (Kanal D), Payitaht Abd\u00fclhamid (TRT 1), Sevgili Ge\u00e7mi\u015f (Star)<\/p>\r\n<p><strong>CUMARTES\u0130 (4 Dizi):<\/strong> Kuzey Y\u0131ld\u0131z\u0131 (Show Tv), Kalk Gidelim (TRT1),\u00a0 Her Yerde Sen (Fox),\u00a0Benim Tatl\u0131 Yalan\u0131m (Star Tv)<\/p>\r\n<p><strong>PAZAR\u00a0(4 Dizi)<\/strong>: Sava\u015f\u00e7\u0131 (Fox), Elimi B\u0131rakma (TRT1), A\u015fk A\u011flat\u0131r (Show Tv), Kimse Bilmez (Atv).\u00a0<\/p>\r\n<p>&nbsp;<\/p>\r\n<p><strong>TOTAL&#8217;\u0130N \u0130LK SIRASINDA BU HAFTA;<\/strong><\/p>\r\n<p>Total&#8217;in ilk s\u0131ras\u0131nda Taner \u00d6lmez&#8217;in rakipsiz dizisi Mucize Doktor 8.b\u00f6l\u00fcm\u00fcnde Total grubunda 16,53 puan ile ilk s\u0131rada yer al\u0131yor. Total&#8217;in 10.s\u0131ras\u0131nda Fox Tv&#8217;nin &#8220;Yasak Elma&#8221; dizisi 6,53 puanla yer al\u0131yor.<\/p>\r\n<p><strong>AB\u2019N\u0130N \u0130LK SIRASINDA; Total&#8217;de oldu\u011fu gibi\u00a0<\/strong>AB&#8217;nin ilk s\u0131ras\u0131nda da 18,82 puanla &#8220;Mucize Doktor&#8221; yer al\u0131yor.\u00a0 10.s\u0131rada ise bu hafta Fox Tv&#8217;in &#8220;Yasak Elma&#8221; 5,33 puanla yer al\u0131yor.<\/p>\r\n<p>&nbsp;<\/p>\r\n<p><strong>BU HAFTA EN \u00c7OK \u0130ZLENEN \u0130LK ONA G\u0130REN D\u0130Z\u0130LERE G\u00d6Z ATALIM!<\/strong><\/p>\r\n<p>Bu s\u0131ralama sadece dizilerin reytingler y\u00fczdesine g\u00f6re en \u00e7ok izlenen dizilerin ilk 10\u2019da yer alanlar\u0131n\u0131 s\u0131ralamaya koyuyorum. Yar\u0131\u015fma, e\u011flence ve haber programlar\u0131 y\u00fczdeleri y\u00fcksek olsa da bu s\u0131ralamaya koymuyorum. Bu sadece dizilerin yar\u0131\u015f\u0131d\u0131r, en \u00e7ok izlenen dizilerin s\u0131ralamas\u0131d\u0131r. Bir nevi dizilerin karnesidir. Ge\u00e7en hafta yeni sezon dizileri ekranlarda birer birer yer almaya ba\u015flad\u0131lar. Eski dizlerin seyredilen dizilerin yan\u0131na yeni diziler de girdiler.\u00a0 Bu yeni 2019 &#8211; 2020 sezonunda da k\u0131yas\u0131ya bir rekabet olacak gibi duruyor.<\/p>\r\n<p>&nbsp;<\/p>\r\n<p><strong>GE\u00c7EN HAFTA EN \u00c7OK \u0130ZLENEN D\u0130Z\u0130LER\u0130NDE<\/strong> <strong>Total ilk 10 Girenler :<\/strong><\/p>\r\n<p>1.Mucize Doktor 8.B\u00f6l\u00fcm (Fox)&#8230;&#8230;&#8230;&#8230;&#8230;&#8230;&#8230;&#8230;&#8230;&#8230;&#8230;&#8230;..16,82<\/p>\r\n<p>2.Bir Zamanlar \u00c7ukurova 42.B\u00f6l\u00fcm (Atv)\u2026\u2026\u2026\u2026\u2026&#8230;&#8230;10,70<\/p>\r\n<p>3.\u00c7ukur 3.Sezon 6.B\u00f6l\u00fcm (Show)&#8230;&#8230;&#8230;&#8230;&#8230;&#8230;&#8230;&#8230;&#8230;&#8230;&#8230;..9,97<\/p>\r\n<p>4.Hercai 19.B\u00f6l\u00fcm (Atv)&#8230;&#8230;&#8230;&#8230;&#8230;&#8230;&#8230;&#8230;&#8230;&#8230;&#8230;&#8230;&#8230;&#8230;&#8230;&#8230;..8,81<\/p>\r\n<p>5.Kuzey Y\u0131ld\u0131z\u0131 8.B\u00f6l\u00fcm (Show Tv)&#8230;&#8230;&#8230;&#8230;&#8230;&#8230;&#8230;&#8230;&#8230;&#8230;&#8230;8,53<\/p>\r\n<p>6.E\u015fk\u0131ya D\u00fcnyaya H\u00fck\u00fcmdar Olmaz 145.B\u00f6l\u00fcm (Atv)..8,46<\/p>\r\n<p>7.Kad\u0131n 69.B\u00f6l\u00fcm (Fox)&#8230;&#8230;&#8230;&#8230;&#8230;&#8230;&#8230;&#8230;&#8230;&#8230;&#8230;&#8230;&#8230;&#8230;&#8230;&#8230;..8,27<\/p>\r\n<p>8.Sava\u015f\u00e7\u0131 80.B\u00f6l\u00fcm (Fox Tv)&#8230;&#8230;&#8230;&#8230;&#8230;&#8230;&#8230;&#8230;&#8230;&#8230;&#8230;&#8230;&#8230;&#8230;.7,24<\/p>\r\n<p>9.Arka Sokaklar 529.B\u00f6l\u00fcm (Kanal D)&#8230;&#8230;&#8230;&#8230;&#8230;&#8230;&#8230;&#8230;&#8230;.7,10<\/p>\r\n<p>10.Yasak Elma 54.B\u00f6l\u00fcm (Fox Tv)&#8230;&#8230;&#8230;&#8230;&#8230;&#8230;&#8230;&#8230;&#8230;&#8230;&#8230;.6,53<\/p>\r\n<p>&nbsp;<\/p>\r\n<p><strong>AB\u2019de ilk 10 Girenler :<\/strong><\/p>\r\n<p>1.Mucize Doktor 8.B\u00f6l\u00fcm (Fox)&#8230;&#8230;&#8230;&#8230;&#8230;&#8230;&#8230;&#8230;&#8230;&#8230;&#8230;&#8230;&#8230;18,82<\/p>\r\n<p>2.E\u015fk\u0131ya D\u00fcnyaya H\u00fck\u00fcmdar Olmaz 145.B\u00f6l\u00fcm (Atv)&#8230;.7,47<\/p>\r\n<p>3.Bir Zamanlar \u00c7ukurova 42.B\u00f6l\u00fcm (Atv)\u2026\u2026\u2026\u2026\u2026&#8230;&#8230;..7,41<\/p>\r\n<p>4.\u00c7ukur 3.Sezon 6.B\u00f6l\u00fcm (Show)&#8230;&#8230;&#8230;&#8230;&#8230;&#8230;&#8230;&#8230;&#8230;&#8230;&#8230;&#8230;.7,21<\/p>\r\n<p>5.Kad\u0131n 69.B\u00f6l\u00fcm (Fox)&#8230;&#8230;&#8230;&#8230;&#8230;&#8230;&#8230;&#8230;&#8230;&#8230;&#8230;&#8230;&#8230;&#8230;&#8230;&#8230;&#8230;.6,93<\/p>\r\n<p>6.Benim Ad\u0131m Melek 6.B\u00f6l\u00fcm (TRT1)&#8230;&#8230;&#8230;&#8230;&#8230;&#8230;&#8230;&#8230;&#8230;..6,24<\/p>\r\n<p>7.Hercai 19.B\u00f6l\u00fcm (Atv)&#8230;&#8230;&#8230;&#8230;&#8230;&#8230;&#8230;&#8230;&#8230;&#8230;&#8230;&#8230;&#8230;&#8230;&#8230;&#8230;&#8230;5,61<\/p>\r\n<p>8.Kur\u015fun 2.B\u00f6l\u00fcm (Fox Tv)&#8230;&#8230;&#8230;&#8230;&#8230;&#8230;&#8230;&#8230;&#8230;&#8230;&#8230;&#8230;&#8230;&#8230;&#8230;6,15<\/p>\r\n<p>9.Payitaht Abd\u00fclhamit 94.B\u00f6l\u00fcm (TRT1)&#8230;&#8230;&#8230;&#8230;&#8230;&#8230;&#8230;..5,51<\/p>\r\n<p>10.Yasak Elma 54.B\u00f6l\u00fcm (Fox Tv)&#8230;&#8230;&#8230;&#8230;&#8230;&#8230;&#8230;&#8230;&#8230;&#8230;&#8230;.5,33<\/p>\r\n<p>&nbsp;<\/p>\r\n<p>&nbsp;<\/p>\r\n<p><strong>TOTAL ve AB Grubunda reytingleri en y\u00fcksek olan Haftan\u0131n ilk 5 s\u0131ralamas\u0131 :<\/strong><\/p>\r\n<p><strong>1.MUC\u0130ZE DOKTOR (FOX Tv) :<\/strong>\u00a0Dizinin 8.b\u00f6l\u00fcm\u00fcnde AB&#8217;de ald\u0131\u011f\u0131 18,82 reyting puan\u0131 ile haftan\u0131n dizileri aras\u0131nda ilk s\u0131rada yer almaya devam ediyor. Bu b\u00f6l\u00fcmde ABC1 grubunda 20,54 reyting puan\u0131 alm\u0131\u015ft\u0131. Bu da bir rekor oldu.<\/p>\r\n<p><img loading=\"lazy\" decoding=\"async\" class=\"alignnone size-full wp-image-25470\" src=\"http:\/\/balcilar-blog.com\/wp-content\/uploads\/2019\/11\/Mucize-Doktor-5035-galer.jpg\" alt=\"\" width=\"640\" height=\"360\" srcset=\"https:\/\/balcilar-blog.com\/wp-content\/uploads\/2019\/11\/Mucize-Doktor-5035-galer.jpg 640w, https:\/\/balcilar-blog.com\/wp-content\/uploads\/2019\/11\/Mucize-Doktor-5035-galer-300x169.jpg 300w\" sizes=\"auto, (max-width: 640px) 100vw, 640px\" \/><\/p>\r\n<div>Ali, markette ya\u015fad\u0131\u011f\u0131 olay kar\u015f\u0131s\u0131nda hissizdir. Oysa tecr\u00fcbe etmesi gereken yeni duygular vard\u0131r. Nazl\u0131 ona fark\u0131nda olmadan yard\u0131m eder ama onun da ba\u015f\u0131nda b\u00fcy\u00fck bir dert vard\u0131r; Tanju&#8217;nun g\u00f6zetiminde, bir sald\u0131rgan\u0131 tedavi etmek zorundad\u0131r.<\/div>\r\n<div>\u00a0<\/div>\r\n<div><img loading=\"lazy\" decoding=\"async\" class=\"alignnone size-full wp-image-25471\" src=\"http:\/\/balcilar-blog.com\/wp-content\/uploads\/2019\/11\/Mucize-Doktor-5035-galeri-resim-6ec53695-a9a9-4d.jpg\" alt=\"\" width=\"640\" height=\"360\" srcset=\"https:\/\/balcilar-blog.com\/wp-content\/uploads\/2019\/11\/Mucize-Doktor-5035-galeri-resim-6ec53695-a9a9-4d.jpg 640w, https:\/\/balcilar-blog.com\/wp-content\/uploads\/2019\/11\/Mucize-Doktor-5035-galeri-resim-6ec53695-a9a9-4d-300x169.jpg 300w\" sizes=\"auto, (max-width: 640px) 100vw, 640px\" \/><\/div>\r\n<div>Bunu yaparken ge\u00e7mi\u015fiyle y\u00fczle\u015fir. G\u00fcn\u00fcn sonunda, hastanede bir kez daha kozlar payla\u015f\u0131lacakt\u0131r.<\/div>\r\n<div>\u00a0<\/div>\r\n<p><strong>2.B\u0130R ZAMANLAR \u00c7UKUROVA (ATV) :<\/strong> Haftan\u0131n dizileri aras\u0131nda yer alan Bir Zamanlar \u00c7ukurova bu hafta da 2.s\u0131radaki yerini koruyor. Total grubunda 10,70 puan ald\u0131\u011f\u0131n\u0131 g\u00f6r\u00fcyoruz.\u00a0 \u00a0<\/p>\r\n<p><img loading=\"lazy\" decoding=\"async\" class=\"alignnone size-full wp-image-25472\" src=\"http:\/\/balcilar-blog.com\/wp-content\/uploads\/2019\/11\/bzc42-1.jpg\" alt=\"\" width=\"640\" height=\"427\" srcset=\"https:\/\/balcilar-blog.com\/wp-content\/uploads\/2019\/11\/bzc42-1.jpg 640w, https:\/\/balcilar-blog.com\/wp-content\/uploads\/2019\/11\/bzc42-1-300x200.jpg 300w\" sizes=\"auto, (max-width: 640px) 100vw, 640px\" \/><\/p>\r\n<p>Z\u00fcleyha, Saniye ve Gaffur\u2019u \u00e7iftlikten kovduruyor. Kar\u0131s\u0131n\u0131n bir dedi\u011fini ikiletmeyen Demir, her ikisini de annesi H\u00fcnkar Han\u0131m ile kap\u0131n\u0131n \u00f6n\u00fcne koyar.\u00a0 G\u00fclten\u2019in a\u011fabeyi ve yengesinin kovulmas\u0131na \u00e7ok \u00fcz\u00fcl\u00fcr. Z\u00fcleyha\u2019n\u0131n kalbini yuma\u015f\u0131r ve tekrar geri \u00e7a\u011fr\u0131l\u0131rlar. G\u00fclten ile \u00c7etin aras\u0131nda yeni a\u015fk filizleniyor.<\/p>\r\n<p><img loading=\"lazy\" decoding=\"async\" class=\"alignnone size-full wp-image-25474\" src=\"http:\/\/balcilar-blog.com\/wp-content\/uploads\/2019\/11\/bzc42-9.jpg\" alt=\"\" width=\"640\" height=\"374\" srcset=\"https:\/\/balcilar-blog.com\/wp-content\/uploads\/2019\/11\/bzc42-9.jpg 640w, https:\/\/balcilar-blog.com\/wp-content\/uploads\/2019\/11\/bzc42-9-300x175.jpg 300w\" sizes=\"auto, (max-width: 640px) 100vw, 640px\" \/>\u00a0<\/p>\r\n<p>\u0130ki gencin bak\u0131\u015flar\u0131 bu a\u015fk\u0131 s\u00f6yl\u00fcyor. Y\u0131lmaz ve Z\u00fcleyha ile ka\u00e7\u0131\u015f plan\u0131 yapar. Babas\u0131 Fekeli\u2019ye \u2018M\u00fcjgan\u2019\u0131n vicdan azab\u0131na raz\u0131y\u0131m\u2019 diyerek hellalle\u015fen Y\u0131lmaz, M\u00fcjgan\u2019a durumu a\u00e7\u0131klamaya gitti\u011finde beklemedi\u011fi bir haber al\u0131r.<\/p>\r\n<p><img loading=\"lazy\" decoding=\"async\" class=\"alignnone size-full wp-image-25475\" src=\"http:\/\/balcilar-blog.com\/wp-content\/uploads\/2019\/11\/bzc42-13.jpg\" alt=\"\" width=\"640\" height=\"343\" srcset=\"https:\/\/balcilar-blog.com\/wp-content\/uploads\/2019\/11\/bzc42-13.jpg 640w, https:\/\/balcilar-blog.com\/wp-content\/uploads\/2019\/11\/bzc42-13-300x161.jpg 300w\" sizes=\"auto, (max-width: 640px) 100vw, 640px\" \/><\/p>\r\n<p>M\u00fcjgan hamiledir, bebek bekledi\u011fini s\u00f6yler. \u015eimdi Y\u0131lmaz, kendi \u00e7ocu\u011funu babas\u0131z b\u0131rak\u0131p, Demir\u2019in \u00e7ocuklar\u0131 ile birlikte Almanya&#8217;ya m\u0131 ka\u00e7acak. \u00d6n\u00fcm\u00fczdeki hafta hep birlikte g\u00f6rece\u011fiz.<\/p>\r\n<p>&nbsp;<\/p>\r\n<p><strong>3.\u00c7UKUR (SHOW TV) : <\/strong>Bu hafta \u00c7ukur bir hafta aradan sonra 3.sezon 6.b\u00f6l\u00fcm\u00fc ile haftan\u0131n dizileri aras\u0131nda yerini ald\u0131. Total grubunda 9,97 puan ald\u0131\u011f\u0131n\u0131 g\u00f6r\u00fcyoruz. \u00a0 \u00a0<\/p>\r\n<p><img loading=\"lazy\" decoding=\"async\" class=\"alignnone size-full wp-image-25478\" src=\"http:\/\/balcilar-blog.com\/wp-content\/uploads\/2019\/11\/dedcf25513abe5fcc462037fc4244c30_840.jpg\" alt=\"\" width=\"640\" height=\"427\" srcset=\"https:\/\/balcilar-blog.com\/wp-content\/uploads\/2019\/11\/dedcf25513abe5fcc462037fc4244c30_840.jpg 640w, https:\/\/balcilar-blog.com\/wp-content\/uploads\/2019\/11\/dedcf25513abe5fcc462037fc4244c30_840-300x200.jpg 300w\" sizes=\"auto, (max-width: 640px) 100vw, 640px\" \/><\/p>\r\n<p>\u00c7ukur 3. sezonun 6. b\u00f6l\u00fcm\u00fcnde (73. B\u00f6l\u00fcm);\u00a0Yama\u00e7\u2019\u0131n herkesten g\u00fc\u00e7l\u00fc olma plan\u0131n\u0131 devreye sokmas\u0131yla gerilim t\u0131rmanacak. \u00c7izgili Kenan\u2019\u0131n o\u011flu Da\u011fhan, Murtaza\u2019dan yard\u0131m isteyecek ve Ko\u00e7oval\u0131lar\u0131 en zay\u0131f anlar\u0131nda vurmay\u0131 planlayacak. Aileyi korumak i\u00e7in haz\u0131r olan Yama\u00e7 ve Cumali bir anl\u0131\u011f\u0131na \u00e7aresiz kal\u0131nca yard\u0131mlar\u0131na beklenmedik biri ko\u015facak. Ko\u00e7oval\u0131lar\u0131n cezaevinden \u00e7\u0131kmak i\u00e7in oynad\u0131klar\u0131 oyun nefesleri kesiyor. Ko\u00e7oval\u0131 kad\u0131nlar, hapishanedekilerin geri d\u00f6nmesini heyecanla beklerken Vartolu\u2019nun yapaca\u011f\u0131 hamle ev halk\u0131 aras\u0131nda tansiyonu y\u00fckseltecek. Cumali ka\u00e7ak oldu\u011fu i\u00e7in tahliye edilemedi, cezas\u0131 \u00f6m\u00fcr boyu m\u00fcebbet hapse \u00e7evrildi.<\/p>\r\n<p><img loading=\"lazy\" decoding=\"async\" class=\"alignnone size-full wp-image-25477\" src=\"http:\/\/balcilar-blog.com\/wp-content\/uploads\/2019\/11\/4c2d33d7639c2e8644412940a04d9a51_840.jpg\" alt=\"\" width=\"640\" height=\"374\" srcset=\"https:\/\/balcilar-blog.com\/wp-content\/uploads\/2019\/11\/4c2d33d7639c2e8644412940a04d9a51_840.jpg 640w, https:\/\/balcilar-blog.com\/wp-content\/uploads\/2019\/11\/4c2d33d7639c2e8644412940a04d9a51_840-300x175.jpg 300w\" sizes=\"auto, (max-width: 640px) 100vw, 640px\" \/><\/p>\r\n<p>Art arda yanl\u0131\u015f yanl\u0131\u015f ad\u0131mlar atan Ak\u0131n, Yama\u00e7 taraf\u0131ndan kovulunca \u00c7ukur\u2019da b\u00fct\u00fcn dengeler de\u011fi\u015fecek. Yama\u00e7\u2019\u0131n Vartolu\u2019yla yapaca\u011f\u0131 konu\u015fma ikisini de baz\u0131 ger\u00e7eklerle y\u00fczle\u015ftirecek.<\/p>\r\n<p>&nbsp;<\/p>\r\n<p><strong>4.HERCA\u0130 (ATV) :<\/strong>\u00a0Hercai dizisi bu sezonda haftan\u0131n dizileri aras\u0131nda yer almaya devam ediyor. Total&#8217;de 8,81 puanla bir basamak y\u00fckselerek 4.s\u0131rada yer ald\u0131.<\/p>\r\n<p><img loading=\"lazy\" decoding=\"async\" class=\"alignnone size-full wp-image-25480\" src=\"http:\/\/balcilar-blog.com\/wp-content\/uploads\/2019\/11\/hercai19-2.jpg\" alt=\"\" width=\"640\" height=\"392\" srcset=\"https:\/\/balcilar-blog.com\/wp-content\/uploads\/2019\/11\/hercai19-2.jpg 640w, https:\/\/balcilar-blog.com\/wp-content\/uploads\/2019\/11\/hercai19-2-300x184.jpg 300w\" sizes=\"auto, (max-width: 640px) 100vw, 640px\" \/><\/p>\r\n<p>Azize Aslanbey oynad\u0131\u011f\u0131 oyunlarla her istedi\u011fine sahip olur,\u00a0 Miran ve Reyyan\u2019\u0131n a\u015fk\u0131 kar\u015f\u0131s\u0131nda daha fazla direnemez ve y\u0131llard\u0131r Miran\u2019\u0131n \u00fczerinde kurmu\u015f oldu\u011fu hakimiyet par\u00e7alanmaya ba\u015flar. Babaannesinin oynad\u0131\u011f\u0131 oyunu ortaya \u00e7\u0131karan Miran ilk defa y\u00fczle\u015fti\u011fi bu ger\u00e7ekle sars\u0131l\u0131rken, g\u00f6zleri \u00f6n\u00fcnde sevdi\u011fi adam\u0131n ac\u0131 \u00e7ekmesine dayanamayan Reyyan sevgisiyle Miran\u2019\u0131n yaralar\u0131n\u0131 sarmaya \u00e7al\u0131\u015f\u0131r.<\/p>\r\n<p><img loading=\"lazy\" decoding=\"async\" class=\"alignnone size-full wp-image-25479\" src=\"http:\/\/balcilar-blog.com\/wp-content\/uploads\/2019\/11\/hercai19-1.jpg\" alt=\"\" width=\"618\" height=\"480\" srcset=\"https:\/\/balcilar-blog.com\/wp-content\/uploads\/2019\/11\/hercai19-1.jpg 618w, https:\/\/balcilar-blog.com\/wp-content\/uploads\/2019\/11\/hercai19-1-300x233.jpg 300w\" sizes=\"auto, (max-width: 618px) 100vw, 618px\" \/><\/p>\r\n<p>Azize\u2019nin intikam sevdas\u0131 u\u011fruna masum insanlar\u0131n hayatlar\u0131n\u0131 cehenneme \u00e7evirmesine art\u0131k seyirci kalamayan Esma,\u00a0 Azize\u2019yi durdurmak i\u00e7in Dil\u015fah\u2019\u0131n kendisine emanet etti\u011fi mektubu Hazar\u2019a teslim eder. Y\u0131llar \u00f6nce b\u00fcy\u00fck bir sevdayla ba\u011fland\u0131\u011f\u0131 Dil\u015fah\u2019\u0131n ge\u00e7mi\u015ften uzatt\u0131\u011f\u0131 yard\u0131m eli sayesinde Miran\u2019a do\u011frular\u0131 ispatlayaca\u011f\u0131na inanan Hazar, Aslanbey kona\u011f\u0131na gider.\u00a0<\/p>\r\n<p><img loading=\"lazy\" decoding=\"async\" class=\"alignnone size-full wp-image-25481\" src=\"http:\/\/balcilar-blog.com\/wp-content\/uploads\/2019\/11\/hercai19-6.jpg\" alt=\"\" width=\"640\" height=\"426\" srcset=\"https:\/\/balcilar-blog.com\/wp-content\/uploads\/2019\/11\/hercai19-6.jpg 640w, https:\/\/balcilar-blog.com\/wp-content\/uploads\/2019\/11\/hercai19-6-300x200.jpg 300w\" sizes=\"auto, (max-width: 640px) 100vw, 640px\" \/><\/p>\r\n<p>Miran\u2019\u0131 su\u00e7suz oldu\u011funa inand\u0131rmaya \u00e7al\u0131\u015f\u0131rken, merdivenden a\u015fa\u011f\u0131 d\u00fc\u015fer ve kanlar i\u00e7inde kal\u0131r. Acaba Hazar \u00f6ld\u00fc m\u00fc? Merakla \u00f6n\u00fcm\u00fczdeki haftaya bekleyip g\u00f6rece\u011fiz.<\/p>\r\n<p>&nbsp;<\/p>\r\n<p><strong>5.KUZEY YILDIZI (SHOW TV):<\/strong>\u00a0Ge\u00e7en hafta ilk 5&#8217;de girmemi\u015fti. \u00d6nceki hafta yine ilk 5&#8217;de yer alm\u0131\u015ft\u0131. Bu hafta Total grubunda 8,53 puan alarak, be\u015finci s\u0131rada yerini ald\u0131.<\/p>\r\n<p><img loading=\"lazy\" decoding=\"async\" class=\"alignnone size-full wp-image-25482\" src=\"http:\/\/balcilar-blog.com\/wp-content\/uploads\/2019\/11\/ky8-6.jpg\" alt=\"\" width=\"640\" height=\"427\" srcset=\"https:\/\/balcilar-blog.com\/wp-content\/uploads\/2019\/11\/ky8-6.jpg 640w, https:\/\/balcilar-blog.com\/wp-content\/uploads\/2019\/11\/ky8-6-300x200.jpg 300w\" sizes=\"auto, (max-width: 640px) 100vw, 640px\" \/> \u00a0 \u00a0<\/p>\r\n<p>Kuzey, Y\u0131ld\u0131z\u2019a \u00e2\u015f\u0131k olmad\u0131\u011f\u0131n\u0131 bir kez daha dile getirmi\u015f, bu sefer i\u015fi b\u00fcy\u00fctm\u00fc\u015f bunu resmen da\u011fa ta\u015fa hayk\u0131rm\u0131\u015ft\u0131r. Ama tahmin etmedi\u011fi bir \u015fey vard\u0131r. Y\u0131ld\u0131z, \u00f6yle bir \u015fey yapar ki, hayat\u0131nda belki de ilk defa Kuzey\u2019i bu kadar \u015fa\u015f\u0131rtmay\u0131 ba\u015far\u0131r. Kuzey\u2019in hamlesi, tam anlam\u0131yla ters tepmi\u015ftir. Birden kendini hedef tahtas\u0131nda bulur. Y\u0131ld\u0131z\u2019\u0131n akl\u0131, art\u0131k ba\u015f\u0131na gelmi\u015f, art\u0131k Kuzey\u2019le olan ili\u015fkisindeki dengeleri de\u011fi\u015ftirmi\u015ftir. Bunda tabi ki en yak\u0131nlar\u0131n\u0131n pay\u0131 b\u00fcy\u00fckt\u00fcr.\u00a0<\/p>\r\n<p><strong>KANALLARA G\u00d6RE SIRALAMA:<\/strong><\/p>\r\n<p><strong>Total Grubunda<\/strong> ; Fox Tv 4 dizi, Show 3 dizi. Atv 2 dizi ve Kanal D bir\u00a0 dizi ile s\u0131ralan\u0131yor.<\/p>\r\n<p><strong>AB&#8217;de<\/strong> ; Fox Tv 4 dizi. Atv 3 dizi. TRT1 2 dizi. Show Tv bir\u00a0 dizi ile yer al\u0131yor.<\/p>\r\n<p><strong>Fox Tv :<\/strong>\u00a0<strong>Total ve AB&#8217;de 4&#8217;er dizi ile bu hafta da haftan\u0131n kanal\u0131\u00a0 olmu\u015ftur.<\/strong><\/p>\r\n<p>&nbsp;<\/p>\r\n<p><strong>D\u0130R\u0130L\u0130\u015e OSMAN KASIM AYININ 3.HAFTASINDA<\/strong>\u00a0<strong>\u00a0<\/strong><\/p>\r\n<p><img loading=\"lazy\" decoding=\"async\" class=\"alignnone size-full wp-image-25483\" src=\"http:\/\/balcilar-blog.com\/wp-content\/uploads\/2019\/11\/kurulus_osmanin_ilk_bolum_fra.jpg\" alt=\"\" width=\"640\" height=\"371\" srcset=\"https:\/\/balcilar-blog.com\/wp-content\/uploads\/2019\/11\/kurulus_osmanin_ilk_bolum_fra.jpg 640w, https:\/\/balcilar-blog.com\/wp-content\/uploads\/2019\/11\/kurulus_osmanin_ilk_bolum_fra-300x174.jpg 300w\" sizes=\"auto, (max-width: 640px) 100vw, 640px\" \/><\/p>\r\n<p>Burak \u00d6z\u00e7ivit&#8217;in ba\u015frol\u00fc oynayaca\u011f\u0131 kurulu\u015f Osman&#8217;\u0131n ne zaman yay\u0131nlanaca\u011f\u0131na dair kanal bir bilgi vermiyor. Yay\u0131nlanan fragmanda ise &#8220;yak\u0131nda&#8221; ibaresi ge\u00e7iyor.. Dizinin kas\u0131m ay\u0131n\u0131n \u00fc\u00e7\u00fcnc\u00fc haftas\u0131 yay\u0131nlanmas\u0131 bekleniyor. Atv&#8217;de yer alan &#8216;Sen Anlat Karadeniz&#8217;in Kas\u0131m&#8217;\u0131n 2.haftas\u0131 final yapmas\u0131 ile bo\u015falacak \u00e7ar\u015famba g\u00fcn\u00fcne Kurulu\u015f Osman gelecek. Avrupada da tan\u0131t\u0131mlar\u0131na \u00f6nem verilen Kurulu\u015f Osman, hem \u00fclkemizde hem de Avrupa \u00fclkelerinde merakla bekleniyor.\u00a0<\/p>\r\n<p>Sayg\u0131lar ve sevgiler.<\/p>\r\n<!-- \/wp:post-content -->\r\n\r\n<!-- wp:paragraph -->\r\n<p>Abdurrahman Balc\u0131lar<\/p>\r\n<!-- \/wp:paragraph -->\r\n\r\n<!-- wp:paragraph -->\r\n<p>Twitter : <a href=\"https:\/\/twitter.com\/abbalcilar\">abdurrahman balc\u0131lar<\/a><a href=\"https:\/\/twitter.com\/abbalcilar\"><strong>@abbalcilar<\/strong><\/a><\/p>\r\n<!-- \/wp:paragraph -->\r\n\r\n<!-- wp:paragraph -->\r\n<p>Mail :\u00a0<a href=\"mailto:ab.balcilar@hotmail.com\">ab.balcilar@hotmail.com<\/a><\/p>\r\n<!-- \/wp:paragraph -->\r\n\r\n<!-- wp:paragraph -->\r\n<p>Blog:\u00a0<a href=\"http:\/\/t.co\/znqmIZgIqn\">blog.milliyet.com.tr\/cansever<\/a><\/p>","protected":false},"excerpt":{"rendered":"<p>TNS \u00f6l\u00e7\u00fcmlerine g\u00f6re haz\u0131rlad\u0131\u011f\u0131m 27 Ekim &#8211; 3 Kas\u0131m 2019\u00a0Tarihleri\u00a0aras\u0131nda en \u00e7ok seyredilen alt\u0131 Ulusal kanallar\u0131m\u0131zda ekranlar\u0131m\u0131za gelen 25 dizi aras\u0131nda, Total\u2019de ve AB\u2019de ilk ona giren, \u00d6ne \u00e7\u0131kan dizilerin, haftan\u0131n dizi karnesini a\u015fa\u011f\u0131da bilgilerinize sunuyorum. GE\u00c7EN HAFTA G\u00d6STER\u0130MDEK\u0130 D\u0130Z\u0130LER :\u00a0 \u00a0 PAZARTES\u0130 (4 Dizi):\u00a0\u00c7ukur (Show Tv), Vuslat (TRT1),\u00a0 Yasak Elma (Fox Tv), Zalim \u0130stanbul [&hellip;]<\/p>\n","protected":false},"author":3,"featured_media":25485,"comment_status":"open","ping_status":"open","sticky":false,"template":"","format":"standard","meta":{"footnotes":""},"categories":[2],"tags":[1770,409,1555,712,1899,2019,2007,1996,530],"class_list":["post-25467","post","type-post","status-publish","format-standard","has-post-thumbnail","hentry","category-tv-programlari","tag-bir-zamanlar-cukurova","tag-burak-ozcivit","tag-cukur","tag-dizi-reytingleri","tag-hercai","tag-kurulus-osman","tag-kuzey-yildizi","tag-mucize-doktor","tag-tns-olcumleri"],"views":3853,"blog_post_layout_featured_media_urls":{"thumbnail":["https:\/\/balcilar-blog.com\/wp-content\/uploads\/2019\/11\/cats-150x150.jpg",150,150,true],"full":["https:\/\/balcilar-blog.com\/wp-content\/uploads\/2019\/11\/cats.jpg",640,362,false]},"categories_names":{"2":{"name":"TV Programlar\u0131","link":"https:\/\/balcilar-blog.com\/?cat=2"}},"tags_names":{"1770":{"name":"Bir Zamanlar \u00c7ukurova","link":"https:\/\/balcilar-blog.com\/?tag=bir-zamanlar-cukurova"},"409":{"name":"Burak \u00d6z\u00e7ivit","link":"https:\/\/balcilar-blog.com\/?tag=burak-ozcivit"},"1555":{"name":"\u00c7ukur","link":"https:\/\/balcilar-blog.com\/?tag=cukur"},"712":{"name":"Dizi reytingleri","link":"https:\/\/balcilar-blog.com\/?tag=dizi-reytingleri"},"1899":{"name":"Hercai","link":"https:\/\/balcilar-blog.com\/?tag=hercai"},"2019":{"name":"Kurulu\u015f Osman","link":"https:\/\/balcilar-blog.com\/?tag=kurulus-osman"},"2007":{"name":"Kuzey Y\u0131ld\u0131z\u0131","link":"https:\/\/balcilar-blog.com\/?tag=kuzey-yildizi"},"1996":{"name":"Mucize Doktor","link":"https:\/\/balcilar-blog.com\/?tag=mucize-doktor"},"530":{"name":"TNS \u00f6l\u00e7\u00fcmleri","link":"https:\/\/balcilar-blog.com\/?tag=tns-olcumleri"}},"comments_number":"2","wpmagazine_modules_lite_featured_media_urls":{"thumbnail":["https:\/\/balcilar-blog.com\/wp-content\/uploads\/2019\/11\/cats-150x150.jpg",150,150,true],"cvmm-medium":["https:\/\/balcilar-blog.com\/wp-content\/uploads\/2019\/11\/cats.jpg",300,170,false],"cvmm-medium-plus":["https:\/\/balcilar-blog.com\/wp-content\/uploads\/2019\/11\/cats.jpg",305,173,false],"cvmm-portrait":["https:\/\/balcilar-blog.com\/wp-content\/uploads\/2019\/11\/cats.jpg",400,226,false],"cvmm-medium-square":["https:\/\/balcilar-blog.com\/wp-content\/uploads\/2019\/11\/cats.jpg",600,339,false],"cvmm-large":["https:\/\/balcilar-blog.com\/wp-content\/uploads\/2019\/11\/cats.jpg",640,362,false],"cvmm-small":["https:\/\/balcilar-blog.com\/wp-content\/uploads\/2019\/11\/cats.jpg",130,74,false],"full":["https:\/\/balcilar-blog.com\/wp-content\/uploads\/2019\/11\/cats.jpg",640,362,false]},"_links":{"self":[{"href":"https:\/\/balcilar-blog.com\/index.php?rest_route=\/wp\/v2\/posts\/25467","targetHints":{"allow":["GET"]}}],"collection":[{"href":"https:\/\/balcilar-blog.com\/index.php?rest_route=\/wp\/v2\/posts"}],"about":[{"href":"https:\/\/balcilar-blog.com\/index.php?rest_route=\/wp\/v2\/types\/post"}],"author":[{"embeddable":true,"href":"https:\/\/balcilar-blog.com\/index.php?rest_route=\/wp\/v2\/users\/3"}],"replies":[{"embeddable":true,"href":"https:\/\/balcilar-blog.com\/index.php?rest_route=%2Fwp%2Fv2%2Fcomments&post=25467"}],"version-history":[{"count":5,"href":"https:\/\/balcilar-blog.com\/index.php?rest_route=\/wp\/v2\/posts\/25467\/revisions"}],"predecessor-version":[{"id":25488,"href":"https:\/\/balcilar-blog.com\/index.php?rest_route=\/wp\/v2\/posts\/25467\/revisions\/25488"}],"wp:featuredmedia":[{"embeddable":true,"href":"https:\/\/balcilar-blog.com\/index.php?rest_route=\/wp\/v2\/media\/25485"}],"wp:attachment":[{"href":"https:\/\/balcilar-blog.com\/index.php?rest_route=%2Fwp%2Fv2%2Fmedia&parent=25467"}],"wp:term":[{"taxonomy":"category","embeddable":true,"href":"https:\/\/balcilar-blog.com\/index.php?rest_route=%2Fwp%2Fv2%2Fcategories&post=25467"},{"taxonomy":"post_tag","embeddable":true,"href":"https:\/\/balcilar-blog.com\/index.php?rest_route=%2Fwp%2Fv2%2Ftags&post=25467"}],"curies":[{"name":"wp","href":"https:\/\/api.w.org\/{rel}","templated":true}]}}