{"id":25452,"date":"2019-10-31T15:48:36","date_gmt":"2019-10-31T13:48:36","guid":{"rendered":"http:\/\/balcilar-blog.com\/?p=25452"},"modified":"2019-10-31T16:12:44","modified_gmt":"2019-10-31T14:12:44","slug":"avlu-dizisi-netflixde-mi-devam-edecek","status":"publish","type":"post","link":"https:\/\/balcilar-blog.com\/?p=25452","title":{"rendered":"&#8220;Avlu&#8221; Dizisi Netflix&#8217;de mi Devam Edecek?"},"content":{"rendered":"<p><img loading=\"lazy\" decoding=\"async\" class=\"alignnone size-full wp-image-25455\" src=\"http:\/\/balcilar-blog.com\/wp-content\/uploads\/2019\/10\/EHKRBzmWkAAUhXk.jpg\" alt=\"\" width=\"640\" height=\"360\" srcset=\"https:\/\/balcilar-blog.com\/wp-content\/uploads\/2019\/10\/EHKRBzmWkAAUhXk.jpg 640w, https:\/\/balcilar-blog.com\/wp-content\/uploads\/2019\/10\/EHKRBzmWkAAUhXk-300x169.jpg 300w\" sizes=\"auto, (max-width: 640px) 100vw, 640px\" \/><\/p>\n<p>\u0130ki Sezondur Star Tv. ekranlar\u0131nda ekranlara gelen &#8220;Avlu&#8221; ge\u00e7en 30 May\u0131s 2019 tarihinde 44.b\u00f6l\u00fcm\u00fcnde sezon finali yapm\u0131\u015ft\u0131. \u0130zleyicileri iki ayd\u0131r yeni sezonun ba\u015flamas\u0131n\u0131 bekleyedursun Avlu&#8217;dan \u015fa\u015f\u0131rt\u0131c\u0131 bir haber geldi.<\/p>\n<p>Avlu dizisi ilk sezon b\u00f6l\u00fcmlerinde y\u00fcksek reytingler alsa da, 2.sezonunda reytingleri d\u00fc\u015ft\u00fc. Yay\u0131nc\u0131 kurulu\u015flar reytingi d\u00fczen dizileri pek b\u00fcnyesinde bar\u0131nd\u0131rmazlar. Bilmem bu sebepten mi olacak Avlu 2 ayd\u0131r 3.sezon ba\u015flamas\u0131 ayak s\u00fcr\u00fcyordu. \u0130zleyici de meraktan olacak dizinin ak\u0131betini soruyordu. Bu \u015fa\u015f\u0131rt\u0131c\u0131 haber dizinin 3.sezonun Netflix \u0130nternet sitesinde yay\u0131nlanaca\u011f\u0131 haberi geldi. Ba\u015frollerinde Demet Evgar, Ceren Moray ve Nursel K\u00f6se gibi \u00fcnl\u00fc oyuncular vard\u0131r.<\/p>\n<p>Ekim ay\u0131 ortas\u0131nda &#8220;Avlu&#8221; Dizisinin ba\u015far\u0131s\u0131 D\u00fcnya bas\u0131n\u0131nda yer ald\u0131.\u00a0<span class=\"css-901oao css-16my406 r-1qd0xha r-ad9z0x r-bcqeeo r-qvutc0\">\u00dcnl\u00fc Amerikan Variety dergisine haber oldu.<\/span><\/p>\n<p><img loading=\"lazy\" decoding=\"async\" class=\"alignnone size-full wp-image-25457\" src=\"http:\/\/balcilar-blog.com\/wp-content\/uploads\/2019\/10\/EHKYja2WkAAFMgr.jpg\" alt=\"\" width=\"443\" height=\"589\" srcset=\"https:\/\/balcilar-blog.com\/wp-content\/uploads\/2019\/10\/EHKYja2WkAAFMgr.jpg 443w, https:\/\/balcilar-blog.com\/wp-content\/uploads\/2019\/10\/EHKYja2WkAAFMgr-226x300.jpg 226w\" sizes=\"auto, (max-width: 443px) 100vw, 443px\" \/><\/p>\n<p>Limon Film&#8217;in Netflix ile nas\u0131l bir anla\u015fma yapt\u0131 bilemiyoruz. Bu haber, \u015f\u00fcphesiz seyircisini mutlu etmi\u015ftir. Ben bu diziyi hi\u00e7 seyretmedim, takip de etmedim. Ama oyuncular\u0131ndan Nursel K\u00f6se&#8217;yi iyi tan\u0131r\u0131m ve oyunculu\u011funa hayran\u0131m. Parampar\u00e7a dizisinde Keriman karakteri olarak izlemi\u015ftim. \u00d6d\u00fcll\u00fc bir sanat\u00e7\u0131m\u0131zd\u0131r.<\/p>\n<p><img loading=\"lazy\" decoding=\"async\" class=\"alignnone size-full wp-image-25458\" src=\"http:\/\/balcilar-blog.com\/wp-content\/uploads\/2019\/10\/keriman.jpg\" alt=\"\" width=\"640\" height=\"362\" srcset=\"https:\/\/balcilar-blog.com\/wp-content\/uploads\/2019\/10\/keriman.jpg 640w, https:\/\/balcilar-blog.com\/wp-content\/uploads\/2019\/10\/keriman-300x170.jpg 300w\" sizes=\"auto, (max-width: 640px) 100vw, 640px\" \/><\/p>\n<p>Bundan b\u00f6yle; Netflix platformunda izleyici kar\u015f\u0131s\u0131na \u00e7\u0131kacak olan dizinin yay\u0131n tarihi hen\u00fcz belli de\u011fil.<\/p>\n<p>Netflix&#8217;te Avlu &#8220;The Yard&#8221; \u0130ngilizce ad\u0131 ile D\u00fcnya seyircisi kar\u015f\u0131s\u0131na \u00e7\u0131k\u0131yor. Netflix&#8217;in internet sayfas\u0131nda T\u00fcrk\u00e7e, \u0130ngilizce, \u0130spanyolca, Arap\u00e7a ve Portekizce olarak yay\u0131nlanacak.<\/p>\n<p>Hay\u0131rl\u0131 ve ba\u015far\u0131l\u0131 olmas\u0131n\u0131 diliyorum.<\/p>\n<p>Sayg\u0131lar ve sevgiler.<\/p>\n<p>Abdurrahman Balc\u0131lar<\/p>\n<p>Twitter : <a href=\"https:\/\/twitter.com\/abbalcilar\">abdurrahman balc\u0131lar<\/a><a href=\"https:\/\/twitter.com\/abbalcilar\"><strong>@abbalcilar<\/strong><\/a><\/p>\n<p>Mail :\u00a0<a href=\"mailto:ab.balcilar@hotmail.com\">ab.balcilar@hotmail.com<\/a><\/p>\n<p>Blog:\u00a0<a href=\"http:\/\/t.co\/znqmIZgIqn\">blog.milliyet.com.tr\/cansever<\/a><\/p>\n<p>\u015eahsi Blog:\u00a0<a href=\"http:\/\/balcilar-blog.com\/\">Abdurrahman Balc\u0131lar Blog Sayfas<\/a>\u0131<\/p>\n","protected":false},"excerpt":{"rendered":"<p>\u0130ki Sezondur Star Tv. ekranlar\u0131nda ekranlara gelen &#8220;Avlu&#8221; ge\u00e7en 30 May\u0131s 2019 tarihinde 44.b\u00f6l\u00fcm\u00fcnde sezon finali yapm\u0131\u015ft\u0131. \u0130zleyicileri iki ayd\u0131r yeni sezonun ba\u015flamas\u0131n\u0131 bekleyedursun Avlu&#8217;dan \u015fa\u015f\u0131rt\u0131c\u0131 bir haber geldi. Avlu dizisi ilk sezon b\u00f6l\u00fcmlerinde y\u00fcksek reytingler alsa da, 2.sezonunda reytingleri d\u00fc\u015ft\u00fc. Yay\u0131nc\u0131 kurulu\u015flar reytingi d\u00fczen dizileri pek b\u00fcnyesinde bar\u0131nd\u0131rmazlar. Bilmem bu sebepten mi olacak Avlu [&hellip;]<\/p>\n","protected":false},"author":3,"featured_media":25455,"comment_status":"open","ping_status":"open","sticky":false,"template":"","format":"standard","meta":{"footnotes":""},"categories":[2],"tags":[2026,2029,2028,1165,1478,890,25,2027],"class_list":["post-25452","post","type-post","status-publish","format-standard","has-post-thumbnail","hentry","category-tv-programlari","tag-avlu","tag-ceren-moray","tag-demet-evgar","tag-limon-film","tag-netflix","tag-nursel-kose","tag-star-tv","tag-the-yard"],"views":2601,"blog_post_layout_featured_media_urls":{"thumbnail":["https:\/\/balcilar-blog.com\/wp-content\/uploads\/2019\/10\/EHKRBzmWkAAUhXk-150x150.jpg",150,150,true],"full":["https:\/\/balcilar-blog.com\/wp-content\/uploads\/2019\/10\/EHKRBzmWkAAUhXk.jpg",640,360,false]},"categories_names":{"2":{"name":"TV Programlar\u0131","link":"https:\/\/balcilar-blog.com\/?cat=2"}},"tags_names":{"2026":{"name":"Avlu","link":"https:\/\/balcilar-blog.com\/?tag=avlu"},"2029":{"name":"Ceren Moray","link":"https:\/\/balcilar-blog.com\/?tag=ceren-moray"},"2028":{"name":"Demet Evgar","link":"https:\/\/balcilar-blog.com\/?tag=demet-evgar"},"1165":{"name":"Limon Film","link":"https:\/\/balcilar-blog.com\/?tag=limon-film"},"1478":{"name":"Netflix","link":"https:\/\/balcilar-blog.com\/?tag=netflix"},"890":{"name":"Nursel K\u00f6se","link":"https:\/\/balcilar-blog.com\/?tag=nursel-kose"},"25":{"name":"Star Tv","link":"https:\/\/balcilar-blog.com\/?tag=star-tv"},"2027":{"name":"The Yard","link":"https:\/\/balcilar-blog.com\/?tag=the-yard"}},"comments_number":"0","wpmagazine_modules_lite_featured_media_urls":{"thumbnail":["https:\/\/balcilar-blog.com\/wp-content\/uploads\/2019\/10\/EHKRBzmWkAAUhXk-150x150.jpg",150,150,true],"cvmm-medium":["https:\/\/balcilar-blog.com\/wp-content\/uploads\/2019\/10\/EHKRBzmWkAAUhXk.jpg",300,169,false],"cvmm-medium-plus":["https:\/\/balcilar-blog.com\/wp-content\/uploads\/2019\/10\/EHKRBzmWkAAUhXk.jpg",305,172,false],"cvmm-portrait":["https:\/\/balcilar-blog.com\/wp-content\/uploads\/2019\/10\/EHKRBzmWkAAUhXk.jpg",400,225,false],"cvmm-medium-square":["https:\/\/balcilar-blog.com\/wp-content\/uploads\/2019\/10\/EHKRBzmWkAAUhXk.jpg",600,338,false],"cvmm-large":["https:\/\/balcilar-blog.com\/wp-content\/uploads\/2019\/10\/EHKRBzmWkAAUhXk.jpg",640,360,false],"cvmm-small":["https:\/\/balcilar-blog.com\/wp-content\/uploads\/2019\/10\/EHKRBzmWkAAUhXk.jpg",130,73,false],"full":["https:\/\/balcilar-blog.com\/wp-content\/uploads\/2019\/10\/EHKRBzmWkAAUhXk.jpg",640,360,false]},"_links":{"self":[{"href":"https:\/\/balcilar-blog.com\/index.php?rest_route=\/wp\/v2\/posts\/25452","targetHints":{"allow":["GET"]}}],"collection":[{"href":"https:\/\/balcilar-blog.com\/index.php?rest_route=\/wp\/v2\/posts"}],"about":[{"href":"https:\/\/balcilar-blog.com\/index.php?rest_route=\/wp\/v2\/types\/post"}],"author":[{"embeddable":true,"href":"https:\/\/balcilar-blog.com\/index.php?rest_route=\/wp\/v2\/users\/3"}],"replies":[{"embeddable":true,"href":"https:\/\/balcilar-blog.com\/index.php?rest_route=%2Fwp%2Fv2%2Fcomments&post=25452"}],"version-history":[{"count":4,"href":"https:\/\/balcilar-blog.com\/index.php?rest_route=\/wp\/v2\/posts\/25452\/revisions"}],"predecessor-version":[{"id":25462,"href":"https:\/\/balcilar-blog.com\/index.php?rest_route=\/wp\/v2\/posts\/25452\/revisions\/25462"}],"wp:featuredmedia":[{"embeddable":true,"href":"https:\/\/balcilar-blog.com\/index.php?rest_route=\/wp\/v2\/media\/25455"}],"wp:attachment":[{"href":"https:\/\/balcilar-blog.com\/index.php?rest_route=%2Fwp%2Fv2%2Fmedia&parent=25452"}],"wp:term":[{"taxonomy":"category","embeddable":true,"href":"https:\/\/balcilar-blog.com\/index.php?rest_route=%2Fwp%2Fv2%2Fcategories&post=25452"},{"taxonomy":"post_tag","embeddable":true,"href":"https:\/\/balcilar-blog.com\/index.php?rest_route=%2Fwp%2Fv2%2Ftags&post=25452"}],"curies":[{"name":"wp","href":"https:\/\/api.w.org\/{rel}","templated":true}]}}