{"id":25394,"date":"2019-10-22T19:16:15","date_gmt":"2019-10-22T16:16:15","guid":{"rendered":"http:\/\/balcilar-blog.com\/?p=25394"},"modified":"2019-10-22T19:52:00","modified_gmt":"2019-10-22T16:52:00","slug":"cagatay-ulusoydan-bir-koltukta-3-karpuz-yeni-sinema-filmi-geliyor","status":"publish","type":"post","link":"https:\/\/balcilar-blog.com\/?p=25394","title":{"rendered":"\u00c7a\u011fatay Ulusoy&#8217;dan Bir Koltukta 3 Karpuz Yeni Sinema Filmi Geliyor!"},"content":{"rendered":"<p><img loading=\"lazy\" decoding=\"async\" class=\"alignnone size-full wp-image-25396\" src=\"http:\/\/balcilar-blog.com\/wp-content\/uploads\/2019\/10\/EHWccgNXYAc3a9G.jpg\" alt=\"\" width=\"480\" height=\"480\" srcset=\"https:\/\/balcilar-blog.com\/wp-content\/uploads\/2019\/10\/EHWccgNXYAc3a9G.jpg 480w, https:\/\/balcilar-blog.com\/wp-content\/uploads\/2019\/10\/EHWccgNXYAc3a9G-150x150.jpg 150w, https:\/\/balcilar-blog.com\/wp-content\/uploads\/2019\/10\/EHWccgNXYAc3a9G-300x300.jpg 300w\" sizes=\"auto, (max-width: 480px) 100vw, 480px\" \/><\/p>\n<p>\u00c7a\u011fatay Ulusoy&#8217;un yeni sinema filmi netle\u015fiyor. Gelen bilgilere g\u00f6re Ulusoy, filmin hem senaristi, hem y\u00f6netmeni, hem de ba\u015f rol oyuncusu olacak. Bu demek ki, \u00c7a\u011fatay Ulusoy 9 y\u0131ll\u0131k birikimini bu filminde g\u00f6stermek istiyor. Tan\u0131d\u0131\u011f\u0131m \u00c7a\u011fatay b\u00fct\u00fcn bunlar\u0131 yapacak beceride bir insan.<\/p>\n<p>Bundan 10 g\u00fcn \u00f6nce K\u0131r\u0131kkale valisi Osman Bilgini ziyaret etmi\u015f, \u00e7ekmek istedi\u011fi film hakk\u0131nda bilgi vermi\u015f ve destek istemi\u015fti. Ben de bu haberi sayfamda, &#8220;<strong>\u00c7a\u011fatay Ulusoy Yeni Sinema filmi i\u00e7in kollar\u0131 S\u0131vad\u0131&#8221;<\/strong> ba\u015fl\u0131\u011f\u0131 alt\u0131nda yay\u0131nlam\u0131\u015ft\u0131m.<\/p>\n<p>Ulusoy kendi s\u00f6yledi\u011fi gibi s\u0131r k\u00fcp\u00fc.. Ser veriyor, s\u0131r vermiyor. Menajeri Engin Aykanat da \u00f6yle. \u00c7a\u011fatay ile yapt\u0131\u011f\u0131m\u0131z telefon g\u00f6r\u00fc\u015fmesinde sinema filmini sormu\u015ftum. Yak\u0131nda duyars\u0131n\u0131z demi\u015fti. Ve o haber yay\u0131ld\u0131. \u00c7a\u011fatay Ulusoy, \u00c7anakkale Gelibolu&#8217;da tarihi bir film haz\u0131rl\u0131klar\u0131 yap\u0131yormu\u015f. Bu g\u00fcn a\u015fa\u011f\u0131daki foto\u011fraf\u00a0 Twiterde\u00a0 g\u00f6rd\u00fcm. Film \u00e7al\u0131\u015fma ekibini oldu\u011fu belirtilmi\u015fti.<\/p>\n<p><img loading=\"lazy\" decoding=\"async\" class=\"alignnone size-full wp-image-25395\" src=\"http:\/\/balcilar-blog.com\/wp-content\/uploads\/2019\/10\/EHWTBeWWsAEegUY.jpg\" alt=\"\" width=\"640\" height=\"362\" srcset=\"https:\/\/balcilar-blog.com\/wp-content\/uploads\/2019\/10\/EHWTBeWWsAEegUY.jpg 640w, https:\/\/balcilar-blog.com\/wp-content\/uploads\/2019\/10\/EHWTBeWWsAEegUY-300x170.jpg 300w\" sizes=\"auto, (max-width: 640px) 100vw, 640px\" \/><\/p>\n<p>Bir ajans ile anla\u015fma imzaland\u0131\u011f\u0131 ve ajans yetkileri ile bir araya gelinmi\u015f, filmin ad\u0131 ve konusu hakk\u0131nda herhangi bir a\u00e7\u0131klama yap\u0131lmam\u0131\u015ft\u0131r. Filmin bayan ba\u015frol oyuncusu ve di\u011fer oyuncular hakk\u0131nda bilgi yok. \u00d6n\u00fcm\u00fczdeki Kas\u0131m ay\u0131 i\u00e7inde \u00e7ekimlerin ba\u015flayaca\u011f\u0131 \u00f6\u011frenildi.<\/p>\n<p><strong>\u0130nternete d\u00fc\u015fen\u00a0 &#8220;GEL\u0130BOLU \u00c7\u0131karmas\u0131&#8221; ba\u015fl\u0131kl\u0131 haber\u00a0<\/strong><\/p>\n<p><img loading=\"lazy\" decoding=\"async\" class=\"alignnone size-full wp-image-25397\" src=\"http:\/\/balcilar-blog.com\/wp-content\/uploads\/2019\/10\/EHfZk5qWkAAEK08.jpg\" alt=\"\" width=\"480\" height=\"480\" srcset=\"https:\/\/balcilar-blog.com\/wp-content\/uploads\/2019\/10\/EHfZk5qWkAAEK08.jpg 480w, https:\/\/balcilar-blog.com\/wp-content\/uploads\/2019\/10\/EHfZk5qWkAAEK08-150x150.jpg 150w, https:\/\/balcilar-blog.com\/wp-content\/uploads\/2019\/10\/EHfZk5qWkAAEK08-300x300.jpg 300w\" sizes=\"auto, (max-width: 480px) 100vw, 480px\" \/><\/p>\n<p>\u00c7a\u011fatay Ulusoy sevenlerini son derece mutlu eden bir haberdi bu. Ben son bir y\u0131ld\u0131r hep yazd\u0131m, g\u00f6r\u00fc\u015fmelerimizde hat\u0131rlatt\u0131m, sevenleri ondan bir sinema filmi bekliyordu. Sel\u00e7uklu Sultan\u0131 Alpaslan hayat\u0131 denildi, \u00fcnl\u00fc pehlivanlar\u0131m\u0131zdan Koca Yusuf&#8217;un hayat\u0131 dendi, olmad\u0131. Bu defa oldu galiba&#8230;<\/p>\n<p><img loading=\"lazy\" decoding=\"async\" class=\"alignnone size-full wp-image-25398\" src=\"http:\/\/balcilar-blog.com\/wp-content\/uploads\/2019\/10\/gelibolu-cikarmasi_2011.jpg\" alt=\"\" width=\"637\" height=\"480\" srcset=\"https:\/\/balcilar-blog.com\/wp-content\/uploads\/2019\/10\/gelibolu-cikarmasi_2011.jpg 637w, https:\/\/balcilar-blog.com\/wp-content\/uploads\/2019\/10\/gelibolu-cikarmasi_2011-300x226.jpg 300w\" sizes=\"auto, (max-width: 637px) 100vw, 637px\" \/><\/p>\n<p>Tarihi bir film&#8230; 1915 &#8211; 1916 Gelibolu \u00e7\u0131kartmas\u0131 tarihi bir film. Bu tarihi filmde Ulusoy, nas\u0131l bir karakteri canland\u0131raca\u011f\u0131n\u0131 hep birlikte g\u00f6rece\u011fiz.<\/p>\n<p><img loading=\"lazy\" decoding=\"async\" class=\"alignnone size-full wp-image-25399\" src=\"http:\/\/balcilar-blog.com\/wp-content\/uploads\/2019\/10\/tarihi_olaylar_canakkale-jpg_80255701_1436000976.jpg\" alt=\"\" width=\"640\" height=\"480\" srcset=\"https:\/\/balcilar-blog.com\/wp-content\/uploads\/2019\/10\/tarihi_olaylar_canakkale-jpg_80255701_1436000976.jpg 640w, https:\/\/balcilar-blog.com\/wp-content\/uploads\/2019\/10\/tarihi_olaylar_canakkale-jpg_80255701_1436000976-300x225.jpg 300w\" sizes=\"auto, (max-width: 640px) 100vw, 640px\" \/><\/p>\n<p>Bravvo \u00c7a\u011fatay hem \u00fclkemizde hem de d\u00fcnya \u00fclkelerinde ses getirecek filmle vars\u0131n. Oyunculukta kendini g\u00f6sterdin&#8230; \u0130yi bir Senarist ve y\u00f6netmen olaca\u011f\u0131n\u0131 biliyor, ba\u015far\u0131lar diliyorum. Her \u015fey g\u00f6nl\u00fcnce olsun! Dilerim bu filmle Hollywood kap\u0131lar\u0131n\u0131 a\u00e7ar, en az\u0131ndan zorlars\u0131n.<\/p>\n<p>Sayg\u0131lar ve sevgiler.<\/p>\n<p>Abdurrahman Balc\u0131lar<\/p>\n<p>Twitter : <a href=\"https:\/\/twitter.com\/abbalcilar\">abdurrahman balc\u0131lar<\/a><a href=\"https:\/\/twitter.com\/abbalcilar\"><strong>@abbalcilar<\/strong><\/a><\/p>\n<p>Mail :\u00a0<a href=\"mailto:ab.balcilar@hotmail.com\">ab.balcilar@hotmail.com<\/a><\/p>\n<p>Blog:\u00a0<a href=\"http:\/\/t.co\/znqmIZgIqn\">blog.milliyet.com.tr\/cansever<\/a><\/p>\n<p>\u015eahsi Blog:\u00a0<a href=\"http:\/\/balcilar-blog.com\/\">Abdurrahman Balc\u0131lar Blog Sayfas<\/a>\u0131<\/p>\n<p>&nbsp;<\/p>\n","protected":false},"excerpt":{"rendered":"<p>\u00c7a\u011fatay Ulusoy&#8217;un yeni sinema filmi netle\u015fiyor. Gelen bilgilere g\u00f6re Ulusoy, filmin hem senaristi, hem y\u00f6netmeni, hem de ba\u015f rol oyuncusu olacak. Bu demek ki, \u00c7a\u011fatay Ulusoy 9 y\u0131ll\u0131k birikimini bu filminde g\u00f6stermek istiyor. Tan\u0131d\u0131\u011f\u0131m \u00c7a\u011fatay b\u00fct\u00fcn bunlar\u0131 yapacak beceride bir insan. Bundan 10 g\u00fcn \u00f6nce K\u0131r\u0131kkale valisi Osman Bilgini ziyaret etmi\u015f, \u00e7ekmek istedi\u011fi film hakk\u0131nda [&hellip;]<\/p>\n","protected":false},"author":3,"featured_media":25396,"comment_status":"open","ping_status":"open","sticky":false,"template":"","format":"standard","meta":{"footnotes":""},"categories":[10],"tags":[2024,15,2020,2021,809,2022,2023],"class_list":["post-25394","post","type-post","status-publish","format-standard","has-post-thumbnail","hentry","category-sinema","tag-basrol-oyuncusu","tag-cagatay-ulusoy","tag-canakkale-savaslari","tag-gelibolu-cikarmasi","tag-hollywood","tag-senarist","tag-yonetmen"],"views":6010,"blog_post_layout_featured_media_urls":{"thumbnail":["https:\/\/balcilar-blog.com\/wp-content\/uploads\/2019\/10\/EHWccgNXYAc3a9G-150x150.jpg",150,150,true],"full":["https:\/\/balcilar-blog.com\/wp-content\/uploads\/2019\/10\/EHWccgNXYAc3a9G.jpg",480,480,false]},"categories_names":{"10":{"name":"Sinema","link":"https:\/\/balcilar-blog.com\/?cat=10"}},"tags_names":{"2024":{"name":"ba\u015frol oyuncusu","link":"https:\/\/balcilar-blog.com\/?tag=basrol-oyuncusu"},"15":{"name":"\u00e7a\u011fatay ulusoy","link":"https:\/\/balcilar-blog.com\/?tag=cagatay-ulusoy"},"2020":{"name":"\u00c7anakkale Sava\u015flar\u0131","link":"https:\/\/balcilar-blog.com\/?tag=canakkale-savaslari"},"2021":{"name":"Gelibolu \u00c7\u0131karmas\u0131","link":"https:\/\/balcilar-blog.com\/?tag=gelibolu-cikarmasi"},"809":{"name":"Hollywood","link":"https:\/\/balcilar-blog.com\/?tag=hollywood"},"2022":{"name":"Senarist","link":"https:\/\/balcilar-blog.com\/?tag=senarist"},"2023":{"name":"y\u00f6netmen","link":"https:\/\/balcilar-blog.com\/?tag=yonetmen"}},"comments_number":"1","wpmagazine_modules_lite_featured_media_urls":{"thumbnail":["https:\/\/balcilar-blog.com\/wp-content\/uploads\/2019\/10\/EHWccgNXYAc3a9G-150x150.jpg",150,150,true],"cvmm-medium":["https:\/\/balcilar-blog.com\/wp-content\/uploads\/2019\/10\/EHWccgNXYAc3a9G.jpg",300,300,false],"cvmm-medium-plus":["https:\/\/balcilar-blog.com\/wp-content\/uploads\/2019\/10\/EHWccgNXYAc3a9G.jpg",207,207,false],"cvmm-portrait":["https:\/\/balcilar-blog.com\/wp-content\/uploads\/2019\/10\/EHWccgNXYAc3a9G.jpg",400,400,false],"cvmm-medium-square":["https:\/\/balcilar-blog.com\/wp-content\/uploads\/2019\/10\/EHWccgNXYAc3a9G.jpg",480,480,false],"cvmm-large":["https:\/\/balcilar-blog.com\/wp-content\/uploads\/2019\/10\/EHWccgNXYAc3a9G.jpg",480,480,false],"cvmm-small":["https:\/\/balcilar-blog.com\/wp-content\/uploads\/2019\/10\/EHWccgNXYAc3a9G.jpg",95,95,false],"full":["https:\/\/balcilar-blog.com\/wp-content\/uploads\/2019\/10\/EHWccgNXYAc3a9G.jpg",480,480,false]},"_links":{"self":[{"href":"https:\/\/balcilar-blog.com\/index.php?rest_route=\/wp\/v2\/posts\/25394","targetHints":{"allow":["GET"]}}],"collection":[{"href":"https:\/\/balcilar-blog.com\/index.php?rest_route=\/wp\/v2\/posts"}],"about":[{"href":"https:\/\/balcilar-blog.com\/index.php?rest_route=\/wp\/v2\/types\/post"}],"author":[{"embeddable":true,"href":"https:\/\/balcilar-blog.com\/index.php?rest_route=\/wp\/v2\/users\/3"}],"replies":[{"embeddable":true,"href":"https:\/\/balcilar-blog.com\/index.php?rest_route=%2Fwp%2Fv2%2Fcomments&post=25394"}],"version-history":[{"count":1,"href":"https:\/\/balcilar-blog.com\/index.php?rest_route=\/wp\/v2\/posts\/25394\/revisions"}],"predecessor-version":[{"id":25400,"href":"https:\/\/balcilar-blog.com\/index.php?rest_route=\/wp\/v2\/posts\/25394\/revisions\/25400"}],"wp:featuredmedia":[{"embeddable":true,"href":"https:\/\/balcilar-blog.com\/index.php?rest_route=\/wp\/v2\/media\/25396"}],"wp:attachment":[{"href":"https:\/\/balcilar-blog.com\/index.php?rest_route=%2Fwp%2Fv2%2Fmedia&parent=25394"}],"wp:term":[{"taxonomy":"category","embeddable":true,"href":"https:\/\/balcilar-blog.com\/index.php?rest_route=%2Fwp%2Fv2%2Fcategories&post=25394"},{"taxonomy":"post_tag","embeddable":true,"href":"https:\/\/balcilar-blog.com\/index.php?rest_route=%2Fwp%2Fv2%2Ftags&post=25394"}],"curies":[{"name":"wp","href":"https:\/\/api.w.org\/{rel}","templated":true}]}}