{"id":25380,"date":"2019-10-21T18:01:51","date_gmt":"2019-10-21T15:01:51","guid":{"rendered":"http:\/\/balcilar-blog.com\/?p=25380"},"modified":"2019-10-21T18:28:14","modified_gmt":"2019-10-21T15:28:14","slug":"gecen-haftanin-14-20-ekim-2019-en-cok-izlenen-dizileri","status":"publish","type":"post","link":"https:\/\/balcilar-blog.com\/?p=25380","title":{"rendered":"Ge\u00e7en Haftan\u0131n (14 &#8211; 20 Ekim 2019) En \u00c7ok \u0130zlenen Dizileri!"},"content":{"rendered":"<p><img loading=\"lazy\" decoding=\"async\" class=\"alignnone size-full wp-image-25384\" src=\"http:\/\/balcilar-blog.com\/wp-content\/uploads\/2019\/10\/cats-3.jpg\" alt=\"\" width=\"640\" height=\"339\" srcset=\"https:\/\/balcilar-blog.com\/wp-content\/uploads\/2019\/10\/cats-3.jpg 640w, https:\/\/balcilar-blog.com\/wp-content\/uploads\/2019\/10\/cats-3-300x159.jpg 300w\" sizes=\"auto, (max-width: 640px) 100vw, 640px\" \/><\/p>\r\n<p>TNS \u00f6l\u00e7\u00fcmlerine g\u00f6re haz\u0131rlad\u0131\u011f\u0131m <strong>14\u00a0&#8211; 20 Ekim 2019<\/strong>\u00a0Tarihleri\u00a0aras\u0131nda en \u00e7ok seyredilen alt\u0131 Ulusal kanallar\u0131m\u0131zda ekranlar\u0131m\u0131za gelen 22 dizi aras\u0131nda, Total\u2019de ve AB\u2019de ilk ona giren, \u00d6ne \u00e7\u0131kan dizilerin, haftan\u0131n dizi karnesini a\u015fa\u011f\u0131da bilgilerinize sunuyorum. \u00a0<\/p>\r\n<p><strong>GE\u00c7EN HAFTA G\u00d6STER\u0130MDEK\u0130 D\u0130Z\u0130LER :\u00a0<\/strong><\/p>\r\n<p><strong>PAZARTES\u0130 (1 Dizi):<\/strong>\u00a0Seksenler (TRT1)<\/p>\r\n<p>Ge\u00e7en hafta Pazartesi ak\u015fam\u0131 \u00c7ukur ve Pazartesi dizileri, Milli ma\u00e7 nedeniyle yay\u0131nlanmad\u0131.<\/p>\r\n<p><strong>SALI (2 Dizi)\u00a0:<\/strong>\u00a0E\u015fk\u0131ya D\u00fcnyaya H\u00fck\u00fcmdar Olmaz (Atv), Kad\u0131n (Fox)<\/p>\r\n<p><strong>\u00c7AR\u015eAMBA (4 Dizi):<\/strong>\u00a0Afili A\u015fk (Kanal D), Kuzgun (Star Tv), Sen Anlat Karadeniz (Atv), Benim Ad\u0131m Melek (TRT1)<\/p>\r\n<p><strong>PER\u015eEMBE (3 Dizi)<\/strong>:\u00a0Bir Zamanlar \u00c7ukurova (Atv), Mucize Doktor (Fox), \u015eampiyon (TRT1),<\/p>\r\n<p><strong>CUMA (4 Dizi) :<\/strong> Arka Sokaklar (Kanal D), Hercai (Atv), Her Yerde Sen (Fox), Payitaht Abd\u00fclhamid (TRT 1)<\/p>\r\n<p><strong>CUMARTES\u0130 (4 Dizi):<\/strong> Kalk Gidelim (TRT1), Kuzey Y\u0131ld\u0131z\u0131 (Show Tv), Bir Aile Hikayesi (Fox),\u00a0Benim Tatl\u0131 Yalan\u0131m (Star Tv)<\/p>\r\n<p><strong>PAZAR\u00a0(4 Dizi)<\/strong>:\u00a0Elimi B\u0131rakma (TRT1), A\u015fk A\u011flat\u0131r (Show Tv), Kimse Bilmez (Atv). Sava\u015f\u00e7\u0131 (Fox) \u00a0<\/p>\r\n<p>&nbsp;<\/p>\r\n<p><strong>TOTAL&#8217;\u0130N \u0130LK SIRASINDA BU HAFTA;<\/strong> Total&#8217;in ilk s\u0131ras\u0131nda Taner \u00d6lmez&#8217;in rakipsiz dizisi Mucize Doktor 6 haftas\u0131nda Total grubunda 15,30 puan ile ilk s\u0131rada yer al\u0131yor. Total&#8217;in 10.s\u0131ras\u0131nda TRT1&#8217;nin &#8220;Benim Ad\u0131m Melek&#8221; dizisi 5,61 puanla yer al\u0131yor.<\/p>\r\n<p><strong>AB\u2019N\u0130N \u0130LK SIRASINDA; Total&#8217;de oldu\u011fu gibi\u00a0<\/strong>AB&#8217;nin ilk s\u0131ras\u0131nda da 17,22 puanla &#8220;Mucize Doktor&#8221; yer al\u0131yor.\u00a0 10.s\u0131rada ise Fox&#8217;nin &#8220;Sava\u015f\u00e7\u0131&#8221; 4,40 puanla yer alm\u0131\u015ft\u0131r. \u00a0<\/p>\r\n<p>&nbsp;<\/p>\r\n<p><strong>BU HAFTA EN \u00c7OK \u0130ZLENEN \u0130LK ONA G\u0130REN D\u0130Z\u0130LERE G\u00d6Z ATALIM!<\/strong> Bu s\u0131ralama sadece dizilerin reytingler y\u00fczdesine g\u00f6re en \u00e7ok izlenen dizilerin ilk 10\u2019da yer alanlar\u0131n\u0131 s\u0131ralamaya koyuyorum. Yar\u0131\u015fma, e\u011flence ve haber programlar\u0131 y\u00fczdeleri y\u00fcksek olsa da bu s\u0131ralamaya koymuyorum. Bu sadece dizilerin yar\u0131\u015f\u0131d\u0131r, en \u00e7ok izlenen dizilerin s\u0131ralamas\u0131d\u0131r. Bir nevi dizilerin karnesidir. Ge\u00e7en hafta yeni sezon dizileri ekranlarda birer birer yer almaya ba\u015flad\u0131lar. Eski dizlerin seyredilen dizilerin yan\u0131na yeni diziler de girdiler.\u00a0 Bu yeni 2019 &#8211; 2020 sezonunda da k\u0131yas\u0131ya bir rekabet olacak gibi duruyor.<\/p>\r\n<p>&nbsp;<\/p>\r\n<p><strong>GE\u00c7EN HAFTA EN \u00c7OK \u0130ZLENEN D\u0130Z\u0130LER\u0130NDE:<\/strong> <strong>Total ilk 10 Girenler :<\/strong><\/p>\r\n<p>1.Mucize Doktor 6.B\u00f6l\u00fcm (Fox)&#8230;&#8230;&#8230;&#8230;&#8230;&#8230;&#8230;&#8230;&#8230;&#8230;&#8230;&#8230;.15,30<\/p>\r\n<p>2.Bir Zamanlar \u00c7ukurova 40.B\u00f6l\u00fcm (Atv)\u2026\u2026\u2026\u2026\u2026&#8230;&#8230;10,24<\/p>\r\n<p>3.E\u015fk\u0131ya D\u00fcnyaya H\u00fck\u00fcmdar Olmaz 143.B\u00f6l\u00fcm (Atv)&#8230;8,57<\/p>\r\n<p>4.Kad\u0131n 67.B\u00f6l\u00fcm (Fox)&#8230;&#8230;&#8230;&#8230;&#8230;&#8230;&#8230;&#8230;&#8230;&#8230;&#8230;&#8230;&#8230;&#8230;&#8230;&#8230;..8,26<\/p>\r\n<p>5.Hercai 17.B\u00f6l\u00fcm (Atv)&#8230;&#8230;&#8230;&#8230;&#8230;&#8230;&#8230;&#8230;&#8230;&#8230;&#8230;&#8230;&#8230;&#8230;&#8230;&#8230;..8,19<\/p>\r\n<p>6.Kuzey Y\u0131ld\u0131z\u0131 6.B\u00f6l\u00fcm (Show Tv)&#8230;&#8230;&#8230;&#8230;&#8230;&#8230;&#8230;&#8230;&#8230;&#8230;&#8230;7,87<\/p>\r\n<p>7.Sava\u015f\u00e7\u0131 78.B\u00f6l\u00fcm (Fox Tv)&#8230;&#8230;&#8230;&#8230;&#8230;&#8230;&#8230;&#8230;&#8230;&#8230;&#8230;&#8230;&#8230;&#8230;.6,31<\/p>\r\n<p>8.Benim Ad\u0131m Melek 4.B\u00f6l\u00fcm (TRT 1)&#8230;&#8230;&#8230;&#8230;&#8230;&#8230;&#8230;&#8230;.5,61<\/p>\r\n<p>9.Arka Sokaklar 527.B\u00f6l\u00fcm (Kanal D)&#8230;&#8230;&#8230;&#8230;&#8230;&#8230;&#8230;&#8230;..6,15<\/p>\r\n<p>10.Benim Ad\u0131m Melek 4.B\u00f6l\u00fcm (TRT 1)&#8230;&#8230;&#8230;&#8230;&#8230;&#8230;&#8230;..5,61 \u00a0 \u00a0<\/p>\r\n<p>&nbsp;<\/p>\r\n<p><strong>AB\u2019de ilk 10 Girenler :<\/strong><\/p>\r\n<p>1.Mucize Doktor 6.B\u00f6l\u00fcm (Fox)&#8230;&#8230;&#8230;&#8230;&#8230;&#8230;&#8230;&#8230;&#8230;&#8230;&#8230;&#8230;.17,22<\/p>\r\n<p>2.E\u015fk\u0131ya D\u00fcnyaya H\u00fck\u00fcmdar Olmaz 143.B\u00f6l\u00fcm (Atv)&#8230;7,32<\/p>\r\n<p>3.Afili A\u015fk 18.B\u00f6l\u00fcm (Kanal D)&#8230;&#8230;&#8230;&#8230;&#8230;&#8230;&#8230;&#8230;&#8230;&#8230;&#8230;&#8230;&#8230;6,52<\/p>\r\n<p>4.Kad\u0131n 67.B\u00f6l\u00fcm (Fox)&#8230;&#8230;&#8230;&#8230;&#8230;&#8230;&#8230;&#8230;&#8230;&#8230;&#8230;&#8230;&#8230;&#8230;&#8230;&#8230;..6,42<\/p>\r\n<p>5.Bir Zamanlar \u00c7ukurova 40.B\u00f6l\u00fcm (Atv)\u2026\u2026\u2026\u2026\u2026&#8230;&#8230;6,17<\/p>\r\n<p>6.Benim Ad\u0131m Melek 4.B\u00f6l\u00fcm (TRT 1)&#8230;&#8230;&#8230;&#8230;&#8230;&#8230;&#8230;&#8230;..5,74<\/p>\r\n<p>7.Hercai 17.B\u00f6l\u00fcm (Atv)&#8230;&#8230;&#8230;&#8230;&#8230;&#8230;&#8230;&#8230;&#8230;&#8230;&#8230;&#8230;&#8230;&#8230;&#8230;&#8230;.5,51<\/p>\r\n<p>8.Kuzey Y\u0131ld\u0131z\u0131 6.B\u00f6l\u00fcm (Show Tv)&#8230;&#8230;&#8230;&#8230;&#8230;&#8230;&#8230;&#8230;&#8230;&#8230;..5,17<\/p>\r\n<p>9.Payitaht Abd\u00fclhamid 92.B\u00f6l\u00fcm (TRT1)&#8230;&#8230;&#8230;&#8230;&#8230;&#8230;&#8230;4,67<\/p>\r\n<p>10.Sava\u015f\u00e7\u0131 78.B\u00f6l\u00fcm (Fox Tv)&#8230;&#8230;&#8230;&#8230;&#8230;&#8230;&#8230;&#8230;&#8230;&#8230;&#8230;&#8230;&#8230;.4,40 \u00a0<\/p>\r\n<p>&nbsp;<\/p>\r\n<p><strong>TOTAL ve AB Grubunda reytingleri en y\u00fcksek olan Haftan\u0131n ilk 5 s\u0131ralamas\u0131 :<\/strong><\/p>\r\n<p><strong>1.MUC\u0130ZE DOKTOR (FOX Tv) :<\/strong>\u00a0Dizinin 6.b\u00f6l\u00fcm\u00fcnde AB&#8217;de ald\u0131\u011f\u0131 17,22 reyting puan\u0131 ile haftan\u0131n dizileri aras\u0131nda ilk s\u0131rada yer al\u0131yor. <img loading=\"lazy\" decoding=\"async\" class=\"alignnone size-full wp-image-25386\" src=\"http:\/\/balcilar-blog.com\/wp-content\/uploads\/2019\/10\/mucize-doktor-7-bolum-fragmani-yayimlandi-12540547_454_m.jpg\" alt=\"\" width=\"640\" height=\"360\" srcset=\"https:\/\/balcilar-blog.com\/wp-content\/uploads\/2019\/10\/mucize-doktor-7-bolum-fragmani-yayimlandi-12540547_454_m.jpg 640w, https:\/\/balcilar-blog.com\/wp-content\/uploads\/2019\/10\/mucize-doktor-7-bolum-fragmani-yayimlandi-12540547_454_m-300x169.jpg 300w\" sizes=\"auto, (max-width: 640px) 100vw, 640px\" \/> \u00a0<\/p>\r\n<div class=\"col span_12_of_12\">Koltu\u011funun salland\u0131\u011f\u0131n\u0131 hisseden Tanju b\u00fct\u00fcn ekibe ceza verir ve herkes acil n\u00f6betine kal\u0131r. Bir zincirleme trafik kazas\u0131, acili kaosa bo\u011funca her asistan kendi vakas\u0131n\u0131 \u00fcstlenmek zorunda kal\u0131r. Demir k\u00f6\u015feye s\u0131k\u0131\u015ft\u0131k\u00e7a s\u0131k\u0131\u015f\u0131r. Ferman ise hastanede \u00e7\u0131kan dedikodular\u0131n \u00f6n\u00fcn\u00fc almaya \u00e7al\u0131\u015f\u0131r. Ali, b\u00fct\u00fcn bu ko\u015fturmacan\u0131n sonunda, kendisiyle ilgili yeni bir \u015fey \u00f6\u011frenir.<\/div>\r\n<div>\u00a0<\/div>\r\n<p><strong>2.B\u0130R ZAMANLAR \u00c7UKUROVA (ATV) :<\/strong> Haftan\u0131n dizileri aras\u0131nda yer alan Bir Zamanlar \u00c7ukurova bu hafta bir basamak y\u00fckselerek 2.s\u0131rada yer ald\u0131. AB grubunda 10,24 puan ald\u0131\u011f\u0131n\u0131 g\u00f6r\u00fcyoruz. <img loading=\"lazy\" decoding=\"async\" class=\"alignnone size-full wp-image-25383\" src=\"http:\/\/balcilar-blog.com\/wp-content\/uploads\/2019\/10\/780x411-bir-zamanlar-cukurovada-demir-1571383190983.jpg\" alt=\"\" width=\"640\" height=\"337\" srcset=\"https:\/\/balcilar-blog.com\/wp-content\/uploads\/2019\/10\/780x411-bir-zamanlar-cukurovada-demir-1571383190983.jpg 640w, https:\/\/balcilar-blog.com\/wp-content\/uploads\/2019\/10\/780x411-bir-zamanlar-cukurovada-demir-1571383190983-300x158.jpg 300w\" sizes=\"auto, (max-width: 640px) 100vw, 640px\" \/><\/p>\r\n<p>H\u00fcnkar Han\u0131m o\u011flu Demir&#8217;i hapishaneden kurtarmak i\u00e7in g\u00f6rg\u00fc tan\u0131\u011f\u0131 \u015eermin&#8217;i sat\u0131n almak ister. Satmak istedi\u011fi araziyi kimse istedi\u011fi fiyat\u0131 vermez. Yak\u0131n dostu Fekeli sat\u0131n al\u0131r ve paray\u0131 verir. \u015eermin mahkeme salonuna gelmez, dava ertelenir. Bu hem H\u00fcnkar&#8217;\u0131, hem de o\u011flu Demir&#8217;i y\u0131kar. \u00a0 \u00a0 \u00a0<\/p>\r\n<p>&nbsp;<\/p>\r\n<p><strong>3.E\u015eKIYA D\u00dcNYAYA H\u00dcK\u00dcMDAR OLMAZ (ATV) : <\/strong><\/p>\r\n<p>Oktay Kaynarca&#8217;n\u0131n sevilen dizisi &#8220;E\u015fk\u0131ya D\u00fcnyaya H\u00fck\u00fcmdar Olmaz&#8221; dizisi bu hafta haftan\u0131n dizileri aras\u0131nda Total&#8217;de ald\u0131\u011f\u0131 8,57 puanla 3.s\u0131rada yer al\u0131yor. <img loading=\"lazy\" decoding=\"async\" class=\"alignnone size-full wp-image-25381\" src=\"http:\/\/balcilar-blog.com\/wp-content\/uploads\/2019\/10\/0x0-eskiya-dunyaya-hukumdar-olmaz-143.bolum_.jpg\" alt=\"\" width=\"640\" height=\"367\" srcset=\"https:\/\/balcilar-blog.com\/wp-content\/uploads\/2019\/10\/0x0-eskiya-dunyaya-hukumdar-olmaz-143.bolum_.jpg 640w, https:\/\/balcilar-blog.com\/wp-content\/uploads\/2019\/10\/0x0-eskiya-dunyaya-hukumdar-olmaz-143.bolum_-300x172.jpg 300w\" sizes=\"auto, (max-width: 640px) 100vw, 640px\" \/><\/p>\r\n<p>Bu hafta H\u0131z\u0131r ve dostlar\u0131, d\u00fc\u015fman\u0131n ablukas\u0131 alt\u0131nda kal\u0131yor ve hain tuzak sebebi ile \u00e7at\u0131\u015fma ya\u015fan\u0131yor. Haberimizden, E\u015fk\u0131ya D\u00fcnyaya H\u00fck\u00fcmdar Olmaz 143. b\u00f6l\u00fcmde H\u0131z\u0131r ve dostlar\u0131, Altan&#8217;\u0131n i\u015fbirlik\u00e7ileriyle yapt\u0131\u011f\u0131 plan sonucunda, d\u00fc\u015fman\u0131n ablukas\u0131 alt\u0131nda kalm\u0131\u015flard\u0131r. Ha\u015fmet ve Rafet&#8217;in vurulaca\u011f\u0131 bu hain tuzak, ya\u015fanan \u00e7at\u0131\u015fmayla s\u0131n\u0131rl\u0131 kalmaz. H\u0131z\u0131r&#8217;dan ald\u0131\u011f\u0131 darbenin cevab\u0131n\u0131 derhal vermek isteyen Altan, \u00c7ak\u0131rbeylileri istihbarat sorgusuna alacakt\u0131r. Aliesi ve sevdiklerinin can\u0131yla tehdit edilen H\u0131z\u0131r ve \u0130lyas \u00e7ok ge\u00e7meden sal\u0131n\u0131rken Alparslan i\u00e7in kurtulu\u015f o kadar kolay olmayacakt\u0131r.<\/p>\r\n<p>&nbsp;<\/p>\r\n<p><strong>4.KADIN (FOX) :<\/strong> Kad\u0131n dizisi yeni sezonda haftan\u0131n dizileri aras\u0131nda Total&#8217;de 8,26 puanla 4.s\u0131rada yerini ald\u0131\u011f\u0131n\u0131\u00a0 g\u00f6r\u00fcyoruz. \u00a0<\/p>\r\n<p><img loading=\"lazy\" decoding=\"async\" class=\"alignnone size-full wp-image-25385\" src=\"http:\/\/balcilar-blog.com\/wp-content\/uploads\/2019\/10\/Kadin-5009-galeri-resim-e5867843.jpg\" alt=\"\" width=\"640\" height=\"360\" srcset=\"https:\/\/balcilar-blog.com\/wp-content\/uploads\/2019\/10\/Kadin-5009-galeri-resim-e5867843.jpg 640w, https:\/\/balcilar-blog.com\/wp-content\/uploads\/2019\/10\/Kadin-5009-galeri-resim-e5867843-300x169.jpg 300w\" sizes=\"auto, (max-width: 640px) 100vw, 640px\" \/><\/p>\r\n<p>Bahar\u2019\u0131n \u015eirin\u2019in itiraf\u0131ndan sonra Sarp\u2019\u0131 affetmesi \u00fczerine ise herkes b\u00fcy\u00fck bir \u015fa\u015fk\u0131nl\u0131k i\u00e7ine girmi\u015ftir. Beraber tekrar eski g\u00fcnlerdeki gibi hayaller kurmaya ba\u015flar ve a\u015fklar\u0131n\u0131 ya\u015famaya devam ederler. Sarp\u2019\u0131n birdenbire hastane odas\u0131nda uyanmamas\u0131 ise Bahar\u2019a korku dolu anlar ya\u015fat\u0131r. Eski kocas\u0131na yeni kavu\u015fmu\u015fken tekrar onu kaybetme d\u00fc\u015f\u00fcncesi bile onu deliye \u00e7evirmektedir. Her \u015fey daha yeni yoluna girmi\u015fken Bahar tekrar bir \u00f6l\u00fcm ac\u0131s\u0131 m\u0131 ya\u015fayacak yoksa her \u015feye kald\u0131\u011f\u0131 yerden devam m\u0131 edecektir? \u00a0<\/p>\r\n<p>&nbsp;<\/p>\r\n<p><strong>5.KUZEY YILDIZI (SHOW TV):<\/strong>\u00a0Kuzey Y\u0131ld\u0131z\u0131 6.b\u00f6l\u00fcmde Total&#8217;de ald\u0131\u011f\u0131 7,87 puanla Haftan\u0131n dizilerinde 5.s\u0131rada tekrar yer al\u0131yor. <img loading=\"lazy\" decoding=\"async\" class=\"alignnone size-full wp-image-25382\" src=\"http:\/\/balcilar-blog.com\/wp-content\/uploads\/2019\/10\/5a10710e8af96cbb92f066e7a3797941_840.jpg\" alt=\"\" width=\"640\" height=\"427\" srcset=\"https:\/\/balcilar-blog.com\/wp-content\/uploads\/2019\/10\/5a10710e8af96cbb92f066e7a3797941_840.jpg 640w, https:\/\/balcilar-blog.com\/wp-content\/uploads\/2019\/10\/5a10710e8af96cbb92f066e7a3797941_840-300x200.jpg 300w\" sizes=\"auto, (max-width: 640px) 100vw, 640px\" \/> \u00a0<\/p>\r\n<p>Kuzey Y\u0131ld\u0131z\u0131 \u0130lk A\u015fk 6. B\u00f6l\u00fcm\u00fcnde;\u00a0Y\u0131ld\u0131z, Kuzey\u2019e ne kadar a\u015f\u0131k oldu\u011funu bir kez daha ispatlam\u0131\u015ft\u0131r ama yine de kabul etmemektedir. Kuzey, belki de ilk defa Y\u0131ld\u0131z i\u00e7in ne ifade etti\u011fini bu kadar net bir \u015fekilde anlar. Ve korktu\u011fu \u015fey olur, kafas\u0131 kar\u0131\u015fmaya ba\u015flar. Fakat olaylar \u00f6yle h\u0131zl\u0131 geli\u015fir ki bunu d\u00fc\u015f\u00fcnecek bir an\u0131 bile yoktur. \u00c7\u00fcnk\u00fc ba\u015f\u0131, bir an olsun beladan kurtulmaz.\u00a0\u00a0\u00a0K\u0131zlar ve Y\u0131ld\u0131z, Kuzey\u2019i kurtarmak i\u00e7in elinden geleni yapar.<\/p>\r\n<p>Fakat, kimsenin tahmin edemeyece\u011fi bir geli\u015fmeyle Kuzey, bu sefer de kurtulmay\u0131 ba\u015farm\u0131\u015ft\u0131r. Art\u0131k Kuzey ve Y\u0131ld\u0131z\u2019\u0131n \u00f6n\u00fcnde hi\u00e7bir engel yoktur, kendileri d\u0131\u015f\u0131nda.\u00a0Kuzey, Y\u0131ld\u0131z\u2019\u0131n a\u015fk\u0131 kar\u015f\u0131s\u0131nda zaman zaman kay\u0131ts\u0131z kalamad\u0131\u011f\u0131n\u0131 fark etse de bunu ne kendine ne de ba\u015fkas\u0131na itiraf etmeye niyeti yoktur. Y\u0131ld\u0131z da Kuzey\u2019in kafas\u0131n\u0131n kar\u0131\u015ft\u0131\u011f\u0131n\u0131n fark\u0131ndad\u0131r. Y\u0131llard\u0131r bekledi\u011fi ilan-\u0131 a\u015fk\u0131n gelmek \u00fczere oldu\u011funu zannetti\u011fi anda Y\u0131ld\u0131z, sert bir \u015fekilde ac\u0131 ger\u00e7eklerle y\u00fczle\u015fir. Hi\u00e7bir hikayenin ikinci kad\u0131n\u0131 olmayacak, gerekeni yapacakt\u0131r. Kuzey\u2019in ne yapaca\u011f\u0131n\u0131 ise kimse bilmemektedir.<\/p>\r\n<p>&nbsp;<\/p>\r\n<p><strong>KANALLARA G\u00d6RE SIRALAMA:<\/strong><\/p>\r\n<p><strong>Total Grubunda<\/strong> ; Fox Tv 3 dizi, Atv 3 dizi, TRT1 2 dizi ve Kanal D ve Show\u00a0 birer dizi ile s\u0131ralan\u0131yor.<\/p>\r\n<p><strong>AB&#8217;de<\/strong> ; Fox Tv 3 dizi. Atv 3&#8217;er dizi. TRT1 2 dizi. Kanal D ve Show Tv birer dizi ile s\u0131ralan\u0131yor.<\/p>\r\n<p><strong>Fox Tv ve Atv :<\/strong>\u00a0<strong>Total&#8217;de 3 ve AB&#8217;de 3 dizi ile haftan\u0131n kanal\u0131\u00a0 olmu\u015flard\u0131r.<\/strong> \u00a0<\/p>\r\n<p>&nbsp;<\/p>\r\n<p><strong>D\u0130R\u0130L\u0130\u015e OSMAN ADI KURULU\u015e OSMAN OLARAK DE\u011e\u0130\u015eT\u0130<\/strong> <strong>\u00a0<img loading=\"lazy\" decoding=\"async\" class=\"alignnone size-full wp-image-25388\" src=\"http:\/\/balcilar-blog.com\/wp-content\/uploads\/2019\/10\/OSMAN.jpg\" alt=\"\" width=\"640\" height=\"369\" srcset=\"https:\/\/balcilar-blog.com\/wp-content\/uploads\/2019\/10\/OSMAN.jpg 640w, https:\/\/balcilar-blog.com\/wp-content\/uploads\/2019\/10\/OSMAN-300x173.jpg 300w\" sizes=\"auto, (max-width: 640px) 100vw, 640px\" \/><\/strong> \u00a0<\/p>\r\n<p>Burak \u00d6z\u00e7ivit&#8217;in yeni dizisi Kurulu\u015f Osman reklamlar\u0131 d\u00f6nmeye ba\u015flad\u0131. Merakla beklenen dizi Atv ekranlar\u0131nda \u00c7ar\u015famba ak\u015famlar\u0131 yay\u0131nlanmas\u0131 bekleniyor.<\/p>\r\n<p>Sayg\u0131lar ve sevgiler.<\/p>\r\n<!-- \/wp:post-content -->\r\n\r\n<!-- wp:paragraph -->\r\n<p>Abdurrahman Balc\u0131lar<\/p>\r\n<!-- \/wp:paragraph -->\r\n\r\n<!-- wp:paragraph -->\r\n<p>Twitter : <a href=\"https:\/\/twitter.com\/abbalcilar\">abdurrahman balc\u0131lar<\/a><a href=\"https:\/\/twitter.com\/abbalcilar\"><strong>@abbalcilar<\/strong><\/a><\/p>\r\n<!-- \/wp:paragraph -->\r\n\r\n<!-- wp:paragraph -->\r\n<p>Mail :\u00a0<a href=\"mailto:ab.balcilar@hotmail.com\">ab.balcilar@hotmail.com<\/a><\/p>\r\n<!-- \/wp:paragraph -->\r\n\r\n<!-- wp:paragraph -->\r\n<p>Blog:\u00a0<a href=\"http:\/\/t.co\/znqmIZgIqn\">blog.milliyet.com.tr\/cansever<\/a><\/p>","protected":false},"excerpt":{"rendered":"<p>TNS \u00f6l\u00e7\u00fcmlerine g\u00f6re haz\u0131rlad\u0131\u011f\u0131m 14\u00a0&#8211; 20 Ekim 2019\u00a0Tarihleri\u00a0aras\u0131nda en \u00e7ok seyredilen alt\u0131 Ulusal kanallar\u0131m\u0131zda ekranlar\u0131m\u0131za gelen 22 dizi aras\u0131nda, Total\u2019de ve AB\u2019de ilk ona giren, \u00d6ne \u00e7\u0131kan dizilerin, haftan\u0131n dizi karnesini a\u015fa\u011f\u0131da bilgilerinize sunuyorum. \u00a0 GE\u00c7EN HAFTA G\u00d6STER\u0130MDEK\u0130 D\u0130Z\u0130LER :\u00a0 PAZARTES\u0130 (1 Dizi):\u00a0Seksenler (TRT1) Ge\u00e7en hafta Pazartesi ak\u015fam\u0131 \u00c7ukur ve Pazartesi dizileri, Milli ma\u00e7 nedeniyle [&hellip;]<\/p>\n","protected":false},"author":3,"featured_media":25387,"comment_status":"open","ping_status":"open","sticky":false,"template":"","format":"standard","meta":{"footnotes":""},"categories":[2],"tags":[1770,409,801,1656,2019,2007,1996,375,530],"class_list":["post-25380","post","type-post","status-publish","format-standard","has-post-thumbnail","hentry","category-tv-programlari","tag-bir-zamanlar-cukurova","tag-burak-ozcivit","tag-eskiya-dunyaya-hukumdar-olmaz","tag-kadin","tag-kurulus-osman","tag-kuzey-yildizi","tag-mucize-doktor","tag-reytingler","tag-tns-olcumleri"],"views":2463,"blog_post_layout_featured_media_urls":{"thumbnail":["https:\/\/balcilar-blog.com\/wp-content\/uploads\/2019\/10\/cats-4-150x150.jpg",150,150,true],"full":["https:\/\/balcilar-blog.com\/wp-content\/uploads\/2019\/10\/cats-4.jpg",640,339,false]},"categories_names":{"2":{"name":"TV Programlar\u0131","link":"https:\/\/balcilar-blog.com\/?cat=2"}},"tags_names":{"1770":{"name":"Bir Zamanlar \u00c7ukurova","link":"https:\/\/balcilar-blog.com\/?tag=bir-zamanlar-cukurova"},"409":{"name":"Burak \u00d6z\u00e7ivit","link":"https:\/\/balcilar-blog.com\/?tag=burak-ozcivit"},"801":{"name":"E\u015fk\u0131ya D\u00fcnya'ya H\u00fck\u00fcmdar Olmaz","link":"https:\/\/balcilar-blog.com\/?tag=eskiya-dunyaya-hukumdar-olmaz"},"1656":{"name":"Kad\u0131n","link":"https:\/\/balcilar-blog.com\/?tag=kadin"},"2019":{"name":"Kurulu\u015f Osman","link":"https:\/\/balcilar-blog.com\/?tag=kurulus-osman"},"2007":{"name":"Kuzey Y\u0131ld\u0131z\u0131","link":"https:\/\/balcilar-blog.com\/?tag=kuzey-yildizi"},"1996":{"name":"Mucize Doktor","link":"https:\/\/balcilar-blog.com\/?tag=mucize-doktor"},"375":{"name":"Reytingler","link":"https:\/\/balcilar-blog.com\/?tag=reytingler"},"530":{"name":"TNS \u00f6l\u00e7\u00fcmleri","link":"https:\/\/balcilar-blog.com\/?tag=tns-olcumleri"}},"comments_number":"0","wpmagazine_modules_lite_featured_media_urls":{"thumbnail":["https:\/\/balcilar-blog.com\/wp-content\/uploads\/2019\/10\/cats-4-150x150.jpg",150,150,true],"cvmm-medium":["https:\/\/balcilar-blog.com\/wp-content\/uploads\/2019\/10\/cats-4.jpg",300,159,false],"cvmm-medium-plus":["https:\/\/balcilar-blog.com\/wp-content\/uploads\/2019\/10\/cats-4.jpg",305,162,false],"cvmm-portrait":["https:\/\/balcilar-blog.com\/wp-content\/uploads\/2019\/10\/cats-4.jpg",400,212,false],"cvmm-medium-square":["https:\/\/balcilar-blog.com\/wp-content\/uploads\/2019\/10\/cats-4.jpg",600,318,false],"cvmm-large":["https:\/\/balcilar-blog.com\/wp-content\/uploads\/2019\/10\/cats-4.jpg",640,339,false],"cvmm-small":["https:\/\/balcilar-blog.com\/wp-content\/uploads\/2019\/10\/cats-4.jpg",130,69,false],"full":["https:\/\/balcilar-blog.com\/wp-content\/uploads\/2019\/10\/cats-4.jpg",640,339,false]},"_links":{"self":[{"href":"https:\/\/balcilar-blog.com\/index.php?rest_route=\/wp\/v2\/posts\/25380","targetHints":{"allow":["GET"]}}],"collection":[{"href":"https:\/\/balcilar-blog.com\/index.php?rest_route=\/wp\/v2\/posts"}],"about":[{"href":"https:\/\/balcilar-blog.com\/index.php?rest_route=\/wp\/v2\/types\/post"}],"author":[{"embeddable":true,"href":"https:\/\/balcilar-blog.com\/index.php?rest_route=\/wp\/v2\/users\/3"}],"replies":[{"embeddable":true,"href":"https:\/\/balcilar-blog.com\/index.php?rest_route=%2Fwp%2Fv2%2Fcomments&post=25380"}],"version-history":[{"count":5,"href":"https:\/\/balcilar-blog.com\/index.php?rest_route=\/wp\/v2\/posts\/25380\/revisions"}],"predecessor-version":[{"id":25393,"href":"https:\/\/balcilar-blog.com\/index.php?rest_route=\/wp\/v2\/posts\/25380\/revisions\/25393"}],"wp:featuredmedia":[{"embeddable":true,"href":"https:\/\/balcilar-blog.com\/index.php?rest_route=\/wp\/v2\/media\/25387"}],"wp:attachment":[{"href":"https:\/\/balcilar-blog.com\/index.php?rest_route=%2Fwp%2Fv2%2Fmedia&parent=25380"}],"wp:term":[{"taxonomy":"category","embeddable":true,"href":"https:\/\/balcilar-blog.com\/index.php?rest_route=%2Fwp%2Fv2%2Fcategories&post=25380"},{"taxonomy":"post_tag","embeddable":true,"href":"https:\/\/balcilar-blog.com\/index.php?rest_route=%2Fwp%2Fv2%2Ftags&post=25380"}],"curies":[{"name":"wp","href":"https:\/\/api.w.org\/{rel}","templated":true}]}}