{"id":25317,"date":"2019-10-09T15:43:35","date_gmt":"2019-10-09T12:43:35","guid":{"rendered":"http:\/\/balcilar-blog.com\/?p=25317"},"modified":"2019-10-09T18:08:35","modified_gmt":"2019-10-09T15:08:35","slug":"aras-bulut-iynemlinin-cukur-dizisindeki-erikdali-valsi","status":"publish","type":"post","link":"https:\/\/balcilar-blog.com\/?p=25317","title":{"rendered":"Aras Bulut \u0130ynemli&#8217;nin \u00c7ukur Dizisindeki Erikdal\u0131 Valsi!"},"content":{"rendered":"<p><img loading=\"lazy\" decoding=\"async\" class=\"alignnone size-full wp-image-25288\" src=\"http:\/\/balcilar-blog.com\/wp-content\/uploads\/2019\/10\/cukur-3sezon-1bolum-750x375-c.jpg\" alt=\"\" width=\"640\" height=\"341\" srcset=\"https:\/\/balcilar-blog.com\/wp-content\/uploads\/2019\/10\/cukur-3sezon-1bolum-750x375-c.jpg 640w, https:\/\/balcilar-blog.com\/wp-content\/uploads\/2019\/10\/cukur-3sezon-1bolum-750x375-c-300x160.jpg 300w\" sizes=\"auto, (max-width: 640px) 100vw, 640px\" \/><\/p>\n<p>Aras Bulut \u0130ynemli&#8217;nin &#8220;\u00c7ukur&#8221; dizisi 3.sezonu oynuyor. Ge\u00e7ti\u011fimiz Pazartesi yeni sezonun 4.b\u00f6l\u00fcm\u00fc ekranlara geldi. Yine ge\u00e7en sezonlarda oldu\u011fu gibi Pazartesi gecelerinin vazge\u00e7ilmezi. Bu da onu reytinglerin tepesine yer almas\u0131na yetiyor. (A\u015fa\u011f\u0131daki tabloda g\u00f6r\u00fcyorsunuz.)<\/p>\n<p><img loading=\"lazy\" decoding=\"async\" class=\"alignnone size-full wp-image-25318\" src=\"http:\/\/balcilar-blog.com\/wp-content\/uploads\/2019\/10\/EGVrSgWWsAAAgWe.jpg\" alt=\"\" width=\"640\" height=\"359\" srcset=\"https:\/\/balcilar-blog.com\/wp-content\/uploads\/2019\/10\/EGVrSgWWsAAAgWe.jpg 640w, https:\/\/balcilar-blog.com\/wp-content\/uploads\/2019\/10\/EGVrSgWWsAAAgWe-300x168.jpg 300w\" sizes=\"auto, (max-width: 640px) 100vw, 640px\" \/><\/p>\n<p>Reytinglerde t\u00fcm oyuncular\u0131m\u0131z\u0131n pay\u0131 \u015f\u00fcphesiz \u00e7ok b\u00fcy\u00fck. Ama bana g\u00f6re Aras Bulut \u0130ynemli&#8217;nin ba\u015far\u0131s\u0131 (oyun g\u00fcc\u00fc) yads\u0131namaz. \u00d6yle ki, jest ve mimikleri, hareketleri ile kendini seyrettiriyor. 71.b\u00f6l\u00fcm\u00fc sevenleri mutlaka seyretmi\u015ftir. Yeni oyuncular\u0131ndan Hazal Suba\u015f\u0131 (Nehir) ile yapt\u0131klar\u0131 (Vals) dans g\u00f6sterisi ger\u00e7ekten \u015fapka \u00e7\u0131kart\u0131lacak cinstendi. Bay\u0131ld\u0131m diyebilirim. A\u015fa\u011f\u0131 yukar\u0131 9 dakika s\u00fcren bu g\u00f6steri etraflar\u0131na toplananlar i\u00e7in seyirlik bir g\u00f6steri olmu\u015ftur. profesyonel bale g\u00f6sterisi tad\u0131ndayd\u0131. Aras Bulut \u00e7alan m\u00fczik e\u015fli\u011finde adeta d\u00f6kt\u00fcrd\u00fc. Kutluyorum kendisini. Bravo Aras Bulut, sen sadece oyuncu de\u011fil bir erkek bale Sanat\u00e7\u0131s\u0131 ve showmen&#8217;sin.<\/p>\n<p><img loading=\"lazy\" decoding=\"async\" class=\"alignnone size-full wp-image-25320\" src=\"http:\/\/balcilar-blog.com\/wp-content\/uploads\/2019\/10\/\u00e7ukur-71-5.jpg\" alt=\"\" width=\"640\" height=\"361\" srcset=\"https:\/\/balcilar-blog.com\/wp-content\/uploads\/2019\/10\/\u00e7ukur-71-5.jpg 640w, https:\/\/balcilar-blog.com\/wp-content\/uploads\/2019\/10\/\u00e7ukur-71-5-300x169.jpg 300w\" sizes=\"auto, (max-width: 640px) 100vw, 640px\" \/><\/p>\n<p>A\u015fa\u011f\u0131da bu ikili bale g\u00f6sterisi b\u00f6l\u00fcm\u00fc seyretmenizi dilerim. (*) \u00c7ok be\u011feneceksiniz.<\/p>\n<p>&nbsp;<\/p>\n<p>https:\/\/www.youtube.com\/watch?v=7zrMLH0OLfY<\/p>\n<p>Burada s\u0131ras\u0131 gelmi\u015fken Ay Yap\u0131m&#8217;a ve senaristine ayr\u0131ca te\u015fekk\u00fcr etmek istiyorum. Sosyal medyada g\u00fcndeme gelen konular\u0131n bir daha alt\u0131n\u0131 \u00e7izmek anlam\u0131nda \u00c7ukur&#8217;a duvar yaz\u0131lar\u0131nda g\u00f6steriyor, mesaj veriyor.<\/p>\n<p>Yama\u00e7&#8217;\u0131n \u00f6nemli kararlar\u0131 vermeden \u00f6nce dans ederim demi\u015fti. Dans sahnesinden \u00f6nce duvar yaz\u0131s\u0131: &#8220;\u00d6NEML\u0130 KARARLAR ALMADAN \u00d6NCE\u00a0 DANS EDER\u0130M&#8221; &#8211; &#8220;M\u00dcZ\u0130\u011e\u0130 DUYMAYANLAR DANS EDENLER\u0130 DEL\u0130 SANIRLAR.&#8221;<\/p>\n<p><img loading=\"lazy\" decoding=\"async\" class=\"alignnone size-full wp-image-25322\" src=\"http:\/\/balcilar-blog.com\/wp-content\/uploads\/2019\/10\/\u00e7ukur-71-4.jpg\" alt=\"\" width=\"640\" height=\"363\" srcset=\"https:\/\/balcilar-blog.com\/wp-content\/uploads\/2019\/10\/\u00e7ukur-71-4.jpg 640w, https:\/\/balcilar-blog.com\/wp-content\/uploads\/2019\/10\/\u00e7ukur-71-4-300x170.jpg 300w\" sizes=\"auto, (max-width: 640px) 100vw, 640px\" \/><\/p>\n<p>Sonunda \u00e7alan, Yama\u00e7&#8217;\u0131n bu olmaz dedi\u011fi &#8220;Erik dal\u0131&#8221; par\u00e7as\u0131 ile danslar\u0131 ise fevkaladeydi.<\/p>\n<p>\u00c7ukur her Pazartesi Show Tv ekranlar\u0131nda&#8230; 3 sezon 5.b\u00f6l\u00fcm\u00fc 14 Ekim ak\u015fam\u0131 Show Tv. ekranlar\u0131nda&#8230;<\/p>\n<p>\u0130yi Seyirler<\/p>\n<p>Sayg\u0131lar ve sevgiler.<\/p>\n<p>Abdurrahman Balc\u0131lar<\/p>\n<p>Twitter : <a href=\"https:\/\/twitter.com\/abbalcilar\">abdurrahman balc\u0131lar<\/a><a href=\"https:\/\/twitter.com\/abbalcilar\"><strong>@abbalcilar<\/strong><\/a><\/p>\n<p>Mail :\u00a0<a href=\"mailto:ab.balcilar@hotmail.com\">ab.balcilar@hotmail.com<\/a><\/p>\n<p>Blog:\u00a0<a href=\"http:\/\/t.co\/znqmIZgIqn\">blog.milliyet.com.tr\/cansever<\/a><\/p>\n<p>\u015eahsi Blog:\u00a0<a href=\"http:\/\/balcilar-blog.com\/\">Abdurrahman Balc\u0131lar Blog Sayfas<\/a>\u0131<\/p>\n","protected":false},"excerpt":{"rendered":"<p>Aras Bulut \u0130ynemli&#8217;nin &#8220;\u00c7ukur&#8221; dizisi 3.sezonu oynuyor. Ge\u00e7ti\u011fimiz Pazartesi yeni sezonun 4.b\u00f6l\u00fcm\u00fc ekranlara geldi. Yine ge\u00e7en sezonlarda oldu\u011fu gibi Pazartesi gecelerinin vazge\u00e7ilmezi. Bu da onu reytinglerin tepesine yer almas\u0131na yetiyor. (A\u015fa\u011f\u0131daki tabloda g\u00f6r\u00fcyorsunuz.) Reytinglerde t\u00fcm oyuncular\u0131m\u0131z\u0131n pay\u0131 \u015f\u00fcphesiz \u00e7ok b\u00fcy\u00fck. Ama bana g\u00f6re Aras Bulut \u0130ynemli&#8217;nin ba\u015far\u0131s\u0131 (oyun g\u00fcc\u00fc) yads\u0131namaz. \u00d6yle ki, jest ve mimikleri, [&hellip;]<\/p>\n","protected":false},"author":3,"featured_media":25288,"comment_status":"open","ping_status":"open","sticky":false,"template":"","format":"standard","meta":{"footnotes":""},"categories":[2],"tags":[2016,26,1555,2006],"class_list":["post-25317","post","type-post","status-publish","format-standard","has-post-thumbnail","hentry","category-tv-programlari","tag-aras-bulut-iynbemli","tag-ay-yapim","tag-cukur","tag-hazal-subasi"],"views":3521,"blog_post_layout_featured_media_urls":{"thumbnail":["https:\/\/balcilar-blog.com\/wp-content\/uploads\/2019\/10\/cukur-3sezon-1bolum-750x375-c-150x150.jpg",150,150,true],"full":["https:\/\/balcilar-blog.com\/wp-content\/uploads\/2019\/10\/cukur-3sezon-1bolum-750x375-c.jpg",640,341,false]},"categories_names":{"2":{"name":"TV Programlar\u0131","link":"https:\/\/balcilar-blog.com\/?cat=2"}},"tags_names":{"2016":{"name":"Aras Bulut \u0130ynbemli","link":"https:\/\/balcilar-blog.com\/?tag=aras-bulut-iynbemli"},"26":{"name":"Ay Yap\u0131m","link":"https:\/\/balcilar-blog.com\/?tag=ay-yapim"},"1555":{"name":"\u00c7ukur","link":"https:\/\/balcilar-blog.com\/?tag=cukur"},"2006":{"name":"Hazal Suba\u015f\u0131","link":"https:\/\/balcilar-blog.com\/?tag=hazal-subasi"}},"comments_number":"0","wpmagazine_modules_lite_featured_media_urls":{"thumbnail":["https:\/\/balcilar-blog.com\/wp-content\/uploads\/2019\/10\/cukur-3sezon-1bolum-750x375-c-150x150.jpg",150,150,true],"cvmm-medium":["https:\/\/balcilar-blog.com\/wp-content\/uploads\/2019\/10\/cukur-3sezon-1bolum-750x375-c.jpg",300,160,false],"cvmm-medium-plus":["https:\/\/balcilar-blog.com\/wp-content\/uploads\/2019\/10\/cukur-3sezon-1bolum-750x375-c.jpg",305,163,false],"cvmm-portrait":["https:\/\/balcilar-blog.com\/wp-content\/uploads\/2019\/10\/cukur-3sezon-1bolum-750x375-c.jpg",400,213,false],"cvmm-medium-square":["https:\/\/balcilar-blog.com\/wp-content\/uploads\/2019\/10\/cukur-3sezon-1bolum-750x375-c.jpg",600,320,false],"cvmm-large":["https:\/\/balcilar-blog.com\/wp-content\/uploads\/2019\/10\/cukur-3sezon-1bolum-750x375-c.jpg",640,341,false],"cvmm-small":["https:\/\/balcilar-blog.com\/wp-content\/uploads\/2019\/10\/cukur-3sezon-1bolum-750x375-c.jpg",130,69,false],"full":["https:\/\/balcilar-blog.com\/wp-content\/uploads\/2019\/10\/cukur-3sezon-1bolum-750x375-c.jpg",640,341,false]},"_links":{"self":[{"href":"https:\/\/balcilar-blog.com\/index.php?rest_route=\/wp\/v2\/posts\/25317","targetHints":{"allow":["GET"]}}],"collection":[{"href":"https:\/\/balcilar-blog.com\/index.php?rest_route=\/wp\/v2\/posts"}],"about":[{"href":"https:\/\/balcilar-blog.com\/index.php?rest_route=\/wp\/v2\/types\/post"}],"author":[{"embeddable":true,"href":"https:\/\/balcilar-blog.com\/index.php?rest_route=\/wp\/v2\/users\/3"}],"replies":[{"embeddable":true,"href":"https:\/\/balcilar-blog.com\/index.php?rest_route=%2Fwp%2Fv2%2Fcomments&post=25317"}],"version-history":[{"count":3,"href":"https:\/\/balcilar-blog.com\/index.php?rest_route=\/wp\/v2\/posts\/25317\/revisions"}],"predecessor-version":[{"id":25325,"href":"https:\/\/balcilar-blog.com\/index.php?rest_route=\/wp\/v2\/posts\/25317\/revisions\/25325"}],"wp:featuredmedia":[{"embeddable":true,"href":"https:\/\/balcilar-blog.com\/index.php?rest_route=\/wp\/v2\/media\/25288"}],"wp:attachment":[{"href":"https:\/\/balcilar-blog.com\/index.php?rest_route=%2Fwp%2Fv2%2Fmedia&parent=25317"}],"wp:term":[{"taxonomy":"category","embeddable":true,"href":"https:\/\/balcilar-blog.com\/index.php?rest_route=%2Fwp%2Fv2%2Fcategories&post=25317"},{"taxonomy":"post_tag","embeddable":true,"href":"https:\/\/balcilar-blog.com\/index.php?rest_route=%2Fwp%2Fv2%2Ftags&post=25317"}],"curies":[{"name":"wp","href":"https:\/\/api.w.org\/{rel}","templated":true}]}}