{"id":25273,"date":"2019-10-03T17:24:06","date_gmt":"2019-10-03T14:24:06","guid":{"rendered":"http:\/\/balcilar-blog.com\/?p=25273"},"modified":"2019-10-03T17:35:24","modified_gmt":"2019-10-03T14:35:24","slug":"kuzguna-onur-saylak-iyi-gelmedi","status":"publish","type":"post","link":"https:\/\/balcilar-blog.com\/?p=25273","title":{"rendered":"Kuzgun&#8217;a Onur Saylak \u0130yi Gelmedi!"},"content":{"rendered":"<p><img loading=\"lazy\" decoding=\"async\" class=\"alignnone size-full wp-image-25277\" src=\"http:\/\/balcilar-blog.com\/wp-content\/uploads\/2019\/10\/kuzgun19-3.jpg\" alt=\"\" width=\"640\" height=\"427\" srcset=\"https:\/\/balcilar-blog.com\/wp-content\/uploads\/2019\/10\/kuzgun19-3.jpg 640w, https:\/\/balcilar-blog.com\/wp-content\/uploads\/2019\/10\/kuzgun19-3-300x200.jpg 300w\" sizes=\"auto, (max-width: 640px) 100vw, 640px\" \/><\/p>\n<p>D\u00fcn ak\u015fam Kuzgun dizisinin Yeni sezon 19.B\u00f6l\u00fcm\u00fc ekranlara geldi.<\/p>\n<p><strong>Kuzgun, annesinin saklad\u0131\u011f\u0131 b\u00fcy\u00fck s\u0131rr\u0131 \u00f6\u011frenecek mi?<\/strong><\/p>\n<p>Meryem, Ne\u015fe\u2019nin verdi\u011fi mektup kar\u015f\u0131s\u0131nda hayat\u0131n\u0131n en b\u00fcy\u00fck \u015fokunu ya\u015far. B\u00fcy\u00fck bir ac\u0131yla y\u00fczle\u015fen Meryem, \u00f6\u011frendikleri kar\u015f\u0131s\u0131nda ne yapaca\u011f\u0131n\u0131 bilemezken tam bu s\u0131rada Kuzgun\u2019un eve gelmesi gerginli\u011fi t\u0131rmand\u0131r\u0131r. Kumru da bu ana tan\u0131k olurken, annesinin herkesten b\u00fcy\u00fck bir s\u0131r saklad\u0131\u011f\u0131n\u0131 ke\u015ffedip pe\u015fine d\u00fc\u015fecek. Ferman\u2019la kentsel d\u00f6n\u00fc\u015f\u00fcm i\u015finde ortak olan Kuzgun, konutlardan baz\u0131lar\u0131n\u0131n a\u00e7\u0131k art\u0131rmaya \u00e7\u0131k\u0131laca\u011f\u0131n\u0131 \u00f6\u011frendi\u011finde deliye d\u00f6necek. Dila ve Ferman\u2019la yeniden kar\u015f\u0131 kar\u015f\u0131ya gelen Kuzgun\u2019un kahvesinin taranmas\u0131 tansiyonu y\u00fckseltecek. Kuzgun\u2019a gittik\u00e7e yakla\u015fan G\u00fcne\u015f\u2019in devaml\u0131 evden uzakta vakit ge\u00e7irmesi Ne\u015fe ve Ferman\u2019\u0131n dikkatini \u00e7ekecek. Kuzgun da asl\u0131nda G\u00fcne\u015f\u2019i tan\u0131mad\u0131\u011f\u0131n\u0131 fark ederken ya\u015fanacak b\u00fcy\u00fck y\u00fczle\u015fme gerilimi t\u0131rmand\u0131racak.<\/p>\n<p><img loading=\"lazy\" decoding=\"async\" class=\"alignnone size-full wp-image-25276\" src=\"http:\/\/balcilar-blog.com\/wp-content\/uploads\/2019\/10\/kuzgun19-2.jpg\" alt=\"\" width=\"640\" height=\"426\" srcset=\"https:\/\/balcilar-blog.com\/wp-content\/uploads\/2019\/10\/kuzgun19-2.jpg 640w, https:\/\/balcilar-blog.com\/wp-content\/uploads\/2019\/10\/kuzgun19-2-300x200.jpg 300w\" sizes=\"auto, (max-width: 640px) 100vw, 640px\" \/><\/p>\n<p>Bar\u0131\u015f Ardu\u00e7 ve Burcu Biricik&#8217;in ba\u015frol oynad\u0131\u011f\u0131 &#8220;Kuzgun&#8221; dizisi yeni sezona Onur Saylak gibi oyun g\u00fcc\u00fc y\u00fcksek bir oyuncu ile ba\u015flad\u0131. Ancak Saylak, Kuzgun dizisine \u015fans getirmedi, dizi bir ad\u0131m \u00f6ne ge\u00e7ece\u011fine her \u00fc\u00e7 kategoride d\u00fcn ak\u015fam ilk ona bile giremedi. Ne oldu\u011funu bilmemem ama, ben de pek bir \u015fey anlam\u0131\u015f de\u011filim.<\/p>\n<p>Ay Yap\u0131m&#8217;\u0131n Kuzgun dizisine Onur Saylak (Ferman) ile birlikte Nilperi \u015eahinkaya ve usta oyuncu T\u00fclay G\u00fcnal da kat\u0131lm\u0131\u015ft\u0131.<\/p>\n<p>Dila kocas\u0131 Kuzgun&#8217;dan ayr\u0131lm\u0131\u015f, Ferman ile yeni bir menfaat evlili\u011fine soyunmu\u015ftu.<\/p>\n<p><img loading=\"lazy\" decoding=\"async\" class=\"alignnone size-full wp-image-25275\" src=\"http:\/\/balcilar-blog.com\/wp-content\/uploads\/2019\/10\/82335.jpg\" alt=\"\" width=\"640\" height=\"426\" srcset=\"https:\/\/balcilar-blog.com\/wp-content\/uploads\/2019\/10\/82335.jpg 640w, https:\/\/balcilar-blog.com\/wp-content\/uploads\/2019\/10\/82335-300x200.jpg 300w\" sizes=\"auto, (max-width: 640px) 100vw, 640px\" \/><\/p>\n<p>Dila ile Kuzgun aras\u0131ndaki \u00e7ocukluk a\u015fk\u0131 daha ne kadar s\u00fcrecek bilinmez.<\/p>\n<p>Bu kadar reyting kayb\u0131, dizinin erken final sebebi olur mu? Bekleyip g\u00f6rece\u011fiz.<\/p>\n<p>&nbsp;<\/p>\n<p><strong>D\u00fcn ak\u015famki 19.B\u00f6l\u00fcm reytingleri<\/strong><\/p>\n<p>Total\u00a0 \u00a0 :\u00a0 2,05<\/p>\n<p>AB\u00a0 \u00a0 \u00a0 \u00a0 : 2,05<\/p>\n<p>ABC1\u00a0 \u00a0: 2,28<\/p>\n<p>Bu kadar d\u00fc\u015f\u00fck reytingli bir diziyi\u00a0 Star Tv. daha ne kadar ekranlar\u0131nda yer verir bilemem!<\/p>\n<p>Kuzgun reytinglerde \u00f6n\u00fcm\u00fczdeki b\u00f6l\u00fcmlerde toparlanma olmaz ise erken final bileti kesilir.<\/p>\n<p>&nbsp;<\/p>\n<p>Sayg\u0131lar ve sevgiler.<\/p>\n<p>Abdurrahman Balc\u0131lar<\/p>\n<p>Twitter : <a href=\"https:\/\/twitter.com\/abbalcilar\">abdurrahman balc\u0131lar<\/a><a href=\"https:\/\/twitter.com\/abbalcilar\"><strong>@abbalcilar<\/strong><\/a><\/p>\n<p>Mail :\u00a0<a href=\"mailto:ab.balcilar@hotmail.com\">ab.balcilar@hotmail.com<\/a><\/p>\n<p>Blog:\u00a0<a href=\"http:\/\/t.co\/znqmIZgIqn\">blog.milliyet.com.tr\/cansever<\/a><\/p>\n<p>\u015eahsi Blog:\u00a0<a href=\"http:\/\/balcilar-blog.com\/\">Abdurrahman Balc\u0131lar Blog Sayfas<\/a>\u0131<\/p>\n","protected":false},"excerpt":{"rendered":"<p>D\u00fcn ak\u015fam Kuzgun dizisinin Yeni sezon 19.B\u00f6l\u00fcm\u00fc ekranlara geldi. Kuzgun, annesinin saklad\u0131\u011f\u0131 b\u00fcy\u00fck s\u0131rr\u0131 \u00f6\u011frenecek mi? Meryem, Ne\u015fe\u2019nin verdi\u011fi mektup kar\u015f\u0131s\u0131nda hayat\u0131n\u0131n en b\u00fcy\u00fck \u015fokunu ya\u015far. B\u00fcy\u00fck bir ac\u0131yla y\u00fczle\u015fen Meryem, \u00f6\u011frendikleri kar\u015f\u0131s\u0131nda ne yapaca\u011f\u0131n\u0131 bilemezken tam bu s\u0131rada Kuzgun\u2019un eve gelmesi gerginli\u011fi t\u0131rmand\u0131r\u0131r. Kumru da bu ana tan\u0131k olurken, annesinin herkesten b\u00fcy\u00fck bir s\u0131r [&hellip;]<\/p>\n","protected":false},"author":3,"featured_media":25277,"comment_status":"open","ping_status":"open","sticky":false,"template":"","format":"standard","meta":{"footnotes":""},"categories":[2],"tags":[26,744,1608,1873,2010,537,2011],"class_list":["post-25273","post","type-post","status-publish","format-standard","has-post-thumbnail","hentry","category-tv-programlari","tag-ay-yapim","tag-baris-arduc","tag-burcu-biricik","tag-kuzgun","tag-niperi-sahinkaya","tag-onur-saylak","tag-tulay-gunal"],"views":2540,"blog_post_layout_featured_media_urls":{"thumbnail":["https:\/\/balcilar-blog.com\/wp-content\/uploads\/2019\/10\/kuzgun19-3-150x150.jpg",150,150,true],"full":["https:\/\/balcilar-blog.com\/wp-content\/uploads\/2019\/10\/kuzgun19-3.jpg",640,427,false]},"categories_names":{"2":{"name":"TV Programlar\u0131","link":"https:\/\/balcilar-blog.com\/?cat=2"}},"tags_names":{"26":{"name":"Ay Yap\u0131m","link":"https:\/\/balcilar-blog.com\/?tag=ay-yapim"},"744":{"name":"Bar\u0131\u015f Ardu\u00e7","link":"https:\/\/balcilar-blog.com\/?tag=baris-arduc"},"1608":{"name":"Burcu Biricik","link":"https:\/\/balcilar-blog.com\/?tag=burcu-biricik"},"1873":{"name":"Kuzgun","link":"https:\/\/balcilar-blog.com\/?tag=kuzgun"},"2010":{"name":"Niperi \u015eahinkaya","link":"https:\/\/balcilar-blog.com\/?tag=niperi-sahinkaya"},"537":{"name":"Onur Saylak","link":"https:\/\/balcilar-blog.com\/?tag=onur-saylak"},"2011":{"name":"T\u00fclay G\u00fcnal","link":"https:\/\/balcilar-blog.com\/?tag=tulay-gunal"}},"comments_number":"0","wpmagazine_modules_lite_featured_media_urls":{"thumbnail":["https:\/\/balcilar-blog.com\/wp-content\/uploads\/2019\/10\/kuzgun19-3-150x150.jpg",150,150,true],"cvmm-medium":["https:\/\/balcilar-blog.com\/wp-content\/uploads\/2019\/10\/kuzgun19-3.jpg",300,200,false],"cvmm-medium-plus":["https:\/\/balcilar-blog.com\/wp-content\/uploads\/2019\/10\/kuzgun19-3.jpg",305,203,false],"cvmm-portrait":["https:\/\/balcilar-blog.com\/wp-content\/uploads\/2019\/10\/kuzgun19-3.jpg",400,267,false],"cvmm-medium-square":["https:\/\/balcilar-blog.com\/wp-content\/uploads\/2019\/10\/kuzgun19-3.jpg",600,400,false],"cvmm-large":["https:\/\/balcilar-blog.com\/wp-content\/uploads\/2019\/10\/kuzgun19-3.jpg",640,427,false],"cvmm-small":["https:\/\/balcilar-blog.com\/wp-content\/uploads\/2019\/10\/kuzgun19-3.jpg",130,87,false],"full":["https:\/\/balcilar-blog.com\/wp-content\/uploads\/2019\/10\/kuzgun19-3.jpg",640,427,false]},"_links":{"self":[{"href":"https:\/\/balcilar-blog.com\/index.php?rest_route=\/wp\/v2\/posts\/25273","targetHints":{"allow":["GET"]}}],"collection":[{"href":"https:\/\/balcilar-blog.com\/index.php?rest_route=\/wp\/v2\/posts"}],"about":[{"href":"https:\/\/balcilar-blog.com\/index.php?rest_route=\/wp\/v2\/types\/post"}],"author":[{"embeddable":true,"href":"https:\/\/balcilar-blog.com\/index.php?rest_route=\/wp\/v2\/users\/3"}],"replies":[{"embeddable":true,"href":"https:\/\/balcilar-blog.com\/index.php?rest_route=%2Fwp%2Fv2%2Fcomments&post=25273"}],"version-history":[{"count":5,"href":"https:\/\/balcilar-blog.com\/index.php?rest_route=\/wp\/v2\/posts\/25273\/revisions"}],"predecessor-version":[{"id":25281,"href":"https:\/\/balcilar-blog.com\/index.php?rest_route=\/wp\/v2\/posts\/25273\/revisions\/25281"}],"wp:featuredmedia":[{"embeddable":true,"href":"https:\/\/balcilar-blog.com\/index.php?rest_route=\/wp\/v2\/media\/25277"}],"wp:attachment":[{"href":"https:\/\/balcilar-blog.com\/index.php?rest_route=%2Fwp%2Fv2%2Fmedia&parent=25273"}],"wp:term":[{"taxonomy":"category","embeddable":true,"href":"https:\/\/balcilar-blog.com\/index.php?rest_route=%2Fwp%2Fv2%2Fcategories&post=25273"},{"taxonomy":"post_tag","embeddable":true,"href":"https:\/\/balcilar-blog.com\/index.php?rest_route=%2Fwp%2Fv2%2Ftags&post=25273"}],"curies":[{"name":"wp","href":"https:\/\/api.w.org\/{rel}","templated":true}]}}