{"id":25233,"date":"2019-09-29T23:38:53","date_gmt":"2019-09-29T20:38:53","guid":{"rendered":"http:\/\/balcilar-blog.com\/?p=25233"},"modified":"2019-09-29T23:56:50","modified_gmt":"2019-09-29T20:56:50","slug":"mucize-doktor-neden-bu-kadar-sevildi","status":"publish","type":"post","link":"https:\/\/balcilar-blog.com\/?p=25233","title":{"rendered":"Mucize Doktor Neden Bu Kadar Sevildi!"},"content":{"rendered":"<p><img loading=\"lazy\" decoding=\"async\" class=\"alignnone size-full wp-image-25235\" src=\"http:\/\/balcilar-blog.com\/wp-content\/uploads\/2019\/09\/EFacYMBX4AAdsX9.jpg\" alt=\"\" width=\"640\" height=\"360\" srcset=\"https:\/\/balcilar-blog.com\/wp-content\/uploads\/2019\/09\/EFacYMBX4AAdsX9.jpg 640w, https:\/\/balcilar-blog.com\/wp-content\/uploads\/2019\/09\/EFacYMBX4AAdsX9-300x169.jpg 300w\" sizes=\"auto, (max-width: 640px) 100vw, 640px\" \/><\/p>\n<p>Bu hafta Taner \u00d6lmez&#8217;in &#8216;Mucize Doktor&#8217;un 3.b\u00f6l\u00fcm\u00fc ekranlara geldi. Ve yine Per\u015fembe gecesi 3 kategoride de zirvede yer ald\u0131. Bu reytingler Aaa. dedirtiyor. S\u00fcpersin Taner \u00d6lmez, bu ba\u015far\u0131 tamamen senin ba\u015far\u0131n&#8230; Sevimli \u00fcrkek \u00e7ocuksu bak\u0131\u015flar\u0131, k\u0131v\u0131r k\u0131v\u0131r sa\u00e7lar\u0131 ile izleyici kendisinini \u00e7ok sevdirdi. Konu t\u0131p, insan sa\u011fl\u0131\u011f\u0131 olunca bir ba\u015fka yakla\u015f\u0131m\u0131m\u0131z oluyor, duygusal y\u00f6n\u00fc a\u011f\u0131r bas\u0131yor. Bir de sevimli doktorumuzun kendisi Down Sendromlu bir hasta olmas\u0131 da i\u00e7imizi ac\u0131t\u0131yor. \u0130nsanlar\u0131n kendisini ac\u0131mas\u0131 da onda da kompleks yarat\u0131yor.<\/p>\n<p><img loading=\"lazy\" decoding=\"async\" class=\"alignnone size-full wp-image-25234\" src=\"http:\/\/balcilar-blog.com\/wp-content\/uploads\/2019\/09\/ali-dr..jpg\" alt=\"\" width=\"640\" height=\"360\" srcset=\"https:\/\/balcilar-blog.com\/wp-content\/uploads\/2019\/09\/ali-dr..jpg 640w, https:\/\/balcilar-blog.com\/wp-content\/uploads\/2019\/09\/ali-dr.-300x169.jpg 300w\" sizes=\"auto, (max-width: 640px) 100vw, 640px\" \/><\/p>\n<p>Ben diyorum ki, her \u015feye ra\u011fmen bu dizideki ba\u015far\u0131n\u0131n b\u00fcy\u00fck pay\u0131 Taner \u00d6lmez&#8217;e aittir. 4 y\u0131l \u00f6nce oynayan &#8220;Medcezir&#8221; dizisinde tan\u0131m\u0131\u015f, Mert karakteri olarak sevmi\u015ftik Taner \u00d6lmez&#8217;i. \u00c7a\u011fatay Ulusoy ile oynam\u0131\u015f, orada zengin ailenin i\u00e7ine kapan\u0131k o\u011flu &#8220;Mert&#8221; karakteri olarak tan\u0131m\u0131\u015ft\u0131k. Aileye gelen Yaman&#8217;a abi abi diye sar\u0131lmas\u0131 bamba\u015fkayd\u0131.<\/p>\n<p>7 Ekim 2013 tarihli blog yaz\u0131mda; &#8220;Medcezir, Mert karakteri ile yeni bir y\u0131ld\u0131z yaratt\u0131 \/ Taner \u00d6lmez.&#8221; ba\u015fl\u0131\u011f\u0131 alt\u0131nda onu anlatm\u0131\u015f, Ay Yap\u0131m&#8217;\u0131n de\u011ferli senaristi Ece Y\u00f6ren\u00e7&#8217;e b\u00f6yle bir y\u0131ld\u0131z yarat\u0131p, replikler yazd\u0131\u011f\u0131 i\u00e7in te\u015fekk\u00fcr etmi\u015ftim. (*)<\/p>\n<p>Laf\u0131 fazla uzatmak istemiyorum. Mucize Doktor asl\u0131nda piyangodan \u00e7\u0131kan bir dizi oldu ama, bu ba\u015far\u0131da eme\u011fi ge\u00e7en MF Yap\u0131m&#8217;a, yap\u0131mc\u0131s\u0131 Asena B\u00fclb\u00fclo\u011flu&#8217;na, y\u00f6netmeni Yusuf Pirhasan&#8217;a, senaristleri P\u0131nar Bulut ile Onur Koralp&#8217;e bu Kore dizisinden uyarlamalar\u0131 i\u00e7in Fox Tv&#8217;e te\u015fekk\u00fcr ederim.<\/p>\n<p>\u0130ZLEY\u0130C\u0130 NEDEN BU KADAR SEVD\u0130?<\/p>\n<p>Zengin o\u011flan, fakir k\u0131z yok. Polisiye de\u011fil, mafyavari konu yok, en \u00f6nemlisi silahlar patlam\u0131yor. Zengin kona\u011f\u0131n da konu ge\u00e7miyor. Kad\u0131na ve \u00e7ocu\u011fa \u015fiddet yok. Bu t\u00fcr konulardan s\u0131k\u0131lan izleyici i\u015fte benim dizim dedi ve oturdu ekran ba\u015f\u0131na&#8230;<\/p>\n<p><img loading=\"lazy\" decoding=\"async\" class=\"alignnone size-full wp-image-25172\" src=\"http:\/\/balcilar-blog.com\/wp-content\/uploads\/2019\/09\/Mucize-Doktor-4917-galeri.jpg\" alt=\"\" width=\"640\" height=\"360\" srcset=\"https:\/\/balcilar-blog.com\/wp-content\/uploads\/2019\/09\/Mucize-Doktor-4917-galeri.jpg 640w, https:\/\/balcilar-blog.com\/wp-content\/uploads\/2019\/09\/Mucize-Doktor-4917-galeri-300x169.jpg 300w\" sizes=\"auto, (max-width: 640px) 100vw, 640px\" \/><\/p>\n<p>Has\u0131l\u0131 ba\u015fta Taner \u00d6lmez ve t\u00fcm eme\u011fi ge\u00e7enlere ayr\u0131 ayr\u0131 kutluyorum. Ben de t\u00fcm izleyici gibi keyifle izliyorum, in\u015fallah hep b\u00f6yle gider.<\/p>\n<p>(*)\u00a0http:\/\/blog.milliyet.com.tr\/medcezir&#8211;mert-karekteri-ile-yeni-bir-yildiz-yaratti&#8212;taner-olmez\/Blog\/?BlogNo=431823<\/p>\n<p>Keyifli Seyirler.<\/p>\n<p>Sayg\u0131lar ve sevgiler.<\/p>\n<p>Abdurrahman Balc\u0131lar<\/p>\n<p>Twitter : <a href=\"https:\/\/twitter.com\/abbalcilar\">abdurrahman balc\u0131lar<\/a><a href=\"https:\/\/twitter.com\/abbalcilar\"><strong>@abbalcilar<\/strong><\/a><\/p>\n<p>Mail :\u00a0<a href=\"mailto:ab.balcilar@hotmail.com\">ab.balcilar@hotmail.com<\/a><\/p>\n<p>Blog:\u00a0<a href=\"http:\/\/t.co\/znqmIZgIqn\">blog.milliyet.com.tr\/cansever<\/a><\/p>\n<p>\u015eahsi Blog:\u00a0<a href=\"http:\/\/balcilar-blog.com\/\">Abdurrahman Balc\u0131lar Blog Sayfas<\/a>\u0131<\/p>\n<p>&nbsp;<\/p>\n","protected":false},"excerpt":{"rendered":"<p>Bu hafta Taner \u00d6lmez&#8217;in &#8216;Mucize Doktor&#8217;un 3.b\u00f6l\u00fcm\u00fc ekranlara geldi. Ve yine Per\u015fembe gecesi 3 kategoride de zirvede yer ald\u0131. Bu reytingler Aaa. dedirtiyor. S\u00fcpersin Taner \u00d6lmez, bu ba\u015far\u0131 tamamen senin ba\u015far\u0131n&#8230; Sevimli \u00fcrkek \u00e7ocuksu bak\u0131\u015flar\u0131, k\u0131v\u0131r k\u0131v\u0131r sa\u00e7lar\u0131 ile izleyici kendisinini \u00e7ok sevdirdi. Konu t\u0131p, insan sa\u011fl\u0131\u011f\u0131 olunca bir ba\u015fka yakla\u015f\u0131m\u0131m\u0131z oluyor, duygusal y\u00f6n\u00fc a\u011f\u0131r [&hellip;]<\/p>\n","protected":false},"author":3,"featured_media":25235,"comment_status":"open","ping_status":"open","sticky":false,"template":"","format":"standard","meta":{"footnotes":""},"categories":[2],"tags":[26,29,493,1996,28],"class_list":["post-25233","post","type-post","status-publish","format-standard","has-post-thumbnail","hentry","category-tv-programlari","tag-ay-yapim","tag-ece-yorenc","tag-mf-yapim","tag-mucize-doktor","tag-taner-olmez"],"views":2925,"blog_post_layout_featured_media_urls":{"thumbnail":["https:\/\/balcilar-blog.com\/wp-content\/uploads\/2019\/09\/EFacYMBX4AAdsX9-150x150.jpg",150,150,true],"full":["https:\/\/balcilar-blog.com\/wp-content\/uploads\/2019\/09\/EFacYMBX4AAdsX9.jpg",640,360,false]},"categories_names":{"2":{"name":"TV Programlar\u0131","link":"https:\/\/balcilar-blog.com\/?cat=2"}},"tags_names":{"26":{"name":"Ay Yap\u0131m","link":"https:\/\/balcilar-blog.com\/?tag=ay-yapim"},"29":{"name":"Ece Y\u00f6ren\u00e7","link":"https:\/\/balcilar-blog.com\/?tag=ece-yorenc"},"493":{"name":"MF Yap\u0131m","link":"https:\/\/balcilar-blog.com\/?tag=mf-yapim"},"1996":{"name":"Mucize Doktor","link":"https:\/\/balcilar-blog.com\/?tag=mucize-doktor"},"28":{"name":"Taner \u00d6lmez","link":"https:\/\/balcilar-blog.com\/?tag=taner-olmez"}},"comments_number":"0","wpmagazine_modules_lite_featured_media_urls":{"thumbnail":["https:\/\/balcilar-blog.com\/wp-content\/uploads\/2019\/09\/EFacYMBX4AAdsX9-150x150.jpg",150,150,true],"cvmm-medium":["https:\/\/balcilar-blog.com\/wp-content\/uploads\/2019\/09\/EFacYMBX4AAdsX9.jpg",300,169,false],"cvmm-medium-plus":["https:\/\/balcilar-blog.com\/wp-content\/uploads\/2019\/09\/EFacYMBX4AAdsX9.jpg",305,172,false],"cvmm-portrait":["https:\/\/balcilar-blog.com\/wp-content\/uploads\/2019\/09\/EFacYMBX4AAdsX9.jpg",400,225,false],"cvmm-medium-square":["https:\/\/balcilar-blog.com\/wp-content\/uploads\/2019\/09\/EFacYMBX4AAdsX9.jpg",600,338,false],"cvmm-large":["https:\/\/balcilar-blog.com\/wp-content\/uploads\/2019\/09\/EFacYMBX4AAdsX9.jpg",640,360,false],"cvmm-small":["https:\/\/balcilar-blog.com\/wp-content\/uploads\/2019\/09\/EFacYMBX4AAdsX9.jpg",130,73,false],"full":["https:\/\/balcilar-blog.com\/wp-content\/uploads\/2019\/09\/EFacYMBX4AAdsX9.jpg",640,360,false]},"_links":{"self":[{"href":"https:\/\/balcilar-blog.com\/index.php?rest_route=\/wp\/v2\/posts\/25233","targetHints":{"allow":["GET"]}}],"collection":[{"href":"https:\/\/balcilar-blog.com\/index.php?rest_route=\/wp\/v2\/posts"}],"about":[{"href":"https:\/\/balcilar-blog.com\/index.php?rest_route=\/wp\/v2\/types\/post"}],"author":[{"embeddable":true,"href":"https:\/\/balcilar-blog.com\/index.php?rest_route=\/wp\/v2\/users\/3"}],"replies":[{"embeddable":true,"href":"https:\/\/balcilar-blog.com\/index.php?rest_route=%2Fwp%2Fv2%2Fcomments&post=25233"}],"version-history":[{"count":1,"href":"https:\/\/balcilar-blog.com\/index.php?rest_route=\/wp\/v2\/posts\/25233\/revisions"}],"predecessor-version":[{"id":25236,"href":"https:\/\/balcilar-blog.com\/index.php?rest_route=\/wp\/v2\/posts\/25233\/revisions\/25236"}],"wp:featuredmedia":[{"embeddable":true,"href":"https:\/\/balcilar-blog.com\/index.php?rest_route=\/wp\/v2\/media\/25235"}],"wp:attachment":[{"href":"https:\/\/balcilar-blog.com\/index.php?rest_route=%2Fwp%2Fv2%2Fmedia&parent=25233"}],"wp:term":[{"taxonomy":"category","embeddable":true,"href":"https:\/\/balcilar-blog.com\/index.php?rest_route=%2Fwp%2Fv2%2Fcategories&post=25233"},{"taxonomy":"post_tag","embeddable":true,"href":"https:\/\/balcilar-blog.com\/index.php?rest_route=%2Fwp%2Fv2%2Ftags&post=25233"}],"curies":[{"name":"wp","href":"https:\/\/api.w.org\/{rel}","templated":true}]}}