{"id":25197,"date":"2019-09-17T22:42:57","date_gmt":"2019-09-17T19:42:57","guid":{"rendered":"http:\/\/balcilar-blog.com\/?p=25197"},"modified":"2019-09-17T22:58:21","modified_gmt":"2019-09-17T19:58:21","slug":"cukur-3-sezona-yine-rekorlarla-dondu","status":"publish","type":"post","link":"https:\/\/balcilar-blog.com\/?p=25197","title":{"rendered":"\u00c7ukur, 3.Sezona Yine Rekorlarla D\u00f6nd\u00fc!"},"content":{"rendered":"<div>\n<div dir=\"ltr\">\n<div dir=\"ltr\">\n<p align=\"center\"><img loading=\"lazy\" decoding=\"async\" class=\"alignnone size-full wp-image-25200\" src=\"http:\/\/balcilar-blog.com\/wp-content\/uploads\/2019\/09\/\u00c7ukur-3.-Sezon-1.-B\u00f6l\u00fcm-2.jpg\" alt=\"\" width=\"640\" height=\"427\" srcset=\"https:\/\/balcilar-blog.com\/wp-content\/uploads\/2019\/09\/\u00c7ukur-3.-Sezon-1.-B\u00f6l\u00fcm-2.jpg 640w, https:\/\/balcilar-blog.com\/wp-content\/uploads\/2019\/09\/\u00c7ukur-3.-Sezon-1.-B\u00f6l\u00fcm-2-300x200.jpg 300w\" sizes=\"auto, (max-width: 640px) 100vw, 640px\" \/><\/p>\n<p class=\"x_MsoNormal\" align=\"center\"><b>\u00c7UKUR, 3.SEZONA Y\u0130NE REKORLARLA D\u00d6ND\u00dc<\/b><\/p>\n<p class=\"x_MsoNormal\">\u00c7ukur ge\u00e7en y\u0131lki reytinglerini kald\u0131\u011f\u0131 yerden ba\u015flayarak ekranlara geldi. Ger\u00e7ekten \u00c7ukur&#8217;u ve karakterlerini \u00f6zlemi\u015fiz. Yama\u00e7, Y\u00fccel&#8217;in oyununa geldi ve baba katili oldu. \u0130dris Babay\u0131 kaybettik, diziden ayr\u0131ld\u0131. B\u00fct\u00fcn \u00c7ukur halk\u0131 \u0130dris babas\u0131n\u0131n arkas\u0131ndan a\u011flad\u0131. Ellerindeki Tesbihleri Dostlar k\u0131raathanesine masas\u0131na b\u0131rakt\u0131lar. Yama\u00e7 a\u011flamakla kalmad\u0131, kafay\u0131 yedi ve ak\u0131l hastanesine d\u00fc\u015ft\u00fc. 3- 4 ay Ak\u0131l hastanesinde delilerle kald\u0131. Onu m\u00fczik tutkusu ve gitar\u0131 hastaneden \u00e7\u0131kartt\u0131. Hem kendini hem de baz\u0131 ak\u0131l hastalar\u0131n\u0131 m\u00fczikle tedavi etti. 3 ay sonra \u00e7\u0131kt\u0131 ve \u00c7ukur&#8217;a d\u00f6nd\u00fc. Ak\u0131n Ko\u00e7oval\u0131&#8217;y\u0131 ba\u015flang\u0131\u00e7ta sevmi\u015ftim ama, \u00c7ukurda esrar i\u015fine izin verdi\u011fi i\u00e7in sevmedim.<\/p>\n<p><img loading=\"lazy\" decoding=\"async\" class=\"alignnone size-full wp-image-25199\" src=\"http:\/\/balcilar-blog.com\/wp-content\/uploads\/2019\/09\/\u00c7ukur-3.-Sezon-1.-B\u00f6l\u00fcm-1.jpg\" alt=\"\" width=\"640\" height=\"427\" srcset=\"https:\/\/balcilar-blog.com\/wp-content\/uploads\/2019\/09\/\u00c7ukur-3.-Sezon-1.-B\u00f6l\u00fcm-1.jpg 640w, https:\/\/balcilar-blog.com\/wp-content\/uploads\/2019\/09\/\u00c7ukur-3.-Sezon-1.-B\u00f6l\u00fcm-1-300x200.jpg 300w\" sizes=\"auto, (max-width: 640px) 100vw, 640px\" \/><\/p>\n<p class=\"x_MsoNormal\">Yama\u00e7\u2019\u0131n babas\u0131na son g\u00f6revi yapt\u0131, ayakkab\u0131lar\u0131n\u0131, ceketini, \u00e7ak\u0131s\u0131 ve c\u00fczdan\u0131n\u0131 annesinin kap\u0131s\u0131na b\u0131rakt\u0131.<\/p>\n<p class=\"x_MsoNormal\"><img loading=\"lazy\" decoding=\"async\" class=\"alignnone size-full wp-image-25201\" src=\"http:\/\/balcilar-blog.com\/wp-content\/uploads\/2019\/09\/\u00c7ukur-3.-Sezon-1.-B\u00f6l\u00fcm-3.jpg\" alt=\"\" width=\"640\" height=\"455\" srcset=\"https:\/\/balcilar-blog.com\/wp-content\/uploads\/2019\/09\/\u00c7ukur-3.-Sezon-1.-B\u00f6l\u00fcm-3.jpg 640w, https:\/\/balcilar-blog.com\/wp-content\/uploads\/2019\/09\/\u00c7ukur-3.-Sezon-1.-B\u00f6l\u00fcm-3-300x213.jpg 300w\" sizes=\"auto, (max-width: 640px) 100vw, 640px\" \/><\/p>\n<p class=\"x_MsoNormal\">\u00c7ukur\u2019un d\u00fcn ak\u015fam ekrana gelen\u00a0<b>Efsun<\/b><span class=\"x_m_-7453114361125249861gmail-apple-converted-space\">\u00a0<\/span>karakterine hayat veren<span class=\"x_m_-7453114361125249861gmail-apple-converted-space\">\u00a0<\/span><b>Damla S\u00f6nmez<\/b><span class=\"x_m_-7453114361125249861gmail-apple-converted-space\">\u00a0<\/span>ile<span class=\"x_m_-7453114361125249861gmail-apple-converted-space\">\u00a0<\/span><b>Nehir<\/b><span class=\"x_m_-7453114361125249861gmail-apple-converted-space\">\u00a0<\/span>karakterini canland\u0131ran<span class=\"x_m_-7453114361125249861gmail-apple-converted-space\">\u00a0<\/span><b>Hazal Suba\u015f\u0131<\/b><span class=\"x_m_-7453114361125249861gmail-apple-converted-space\">\u00a0<\/span>da ilk defa izleyici ile tan\u0131\u015ft\u0131lar. 3.Bayan karakteri Ay\u00e7a Ay\u015fin Turan&#8217;\u0131 g\u00f6remedik. Bu b\u00f6l\u00fcmde kad\u0131nlar\u0131n g\u00fcc\u00fcn\u00fcn\u00fc g\u00f6rd\u00fck, \u00f6yleki \u00e7ukur d\u00f6vmesini yapt\u0131rd\u0131lar. \u00c7ukur\u2019da; Y\u00fccel, Azer ve Timsah\u2019a Baykal&#8217;\u0131n k\u0131z\u0131 Efsun da kat\u0131ld\u0131.<\/p>\n<p class=\"x_MsoNormal\"><b>Efsun, Y\u00fccel, Azer ve Timsah\u2019\u0131n ayn\u0131 masada bir araya geldi\u011fi an;\u00a0<\/b><\/p>\n<p class=\"x_MsoNormal\"><a href=\"https:\/\/www.youtube.com\/watch?v=W1H2SZwkCts\" target=\"_blank\" rel=\"noopener noreferrer\" data-auth=\"NotApplicable\">https:\/\/www.youtube.com\/watch?v=W1H2SZwkCts<\/a><\/p>\n<p class=\"x_MsoNormal\"><b>SOSYAL MEDYADA #\u00c7UKURS3 ET\u0130KET\u0130NE YORUM YA\u011eDI!<\/b><\/p>\n<p class=\"x_MsoNormal\">\u00c7ukur, d\u00fcn ak\u015fam ekrana gelen yeni sezonun ilk b\u00f6l\u00fcm\u00fcnde her \u00fc\u00e7 kategoride ilk s\u0131rada yer ald\u0131. AB\u2019de<span class=\"x_m_-7453114361125249861gmail-apple-converted-space\">\u00a0<\/span><b>6.83<span class=\"x_m_-7453114361125249861gmail-apple-converted-space\">\u00a0<\/span><\/b>izlenme oran\u0131, ABC1&#8217;de<span class=\"x_m_-7453114361125249861gmail-apple-converted-space\"><b>\u00a0<\/b><\/span><b>9.54<span class=\"x_m_-7453114361125249861gmail-apple-converted-space\">\u00a0<\/span><\/b>izlenme oran\u0131,\u00a0Total\u2019de ise<span class=\"x_m_-7453114361125249861gmail-apple-converted-space\"><b>\u00a0<\/b><\/span><b>8.71<span class=\"x_m_-7453114361125249861gmail-apple-converted-space\">\u00a0<\/span><\/b>izlenme oran\u0131 ile\u00a0birinci oldu.<span class=\"x_m_-7453114361125249861gmail-apple-converted-space\">\u00a0<\/span><b>#\u00c7ukurS3<span class=\"x_m_-7453114361125249861gmail-apple-converted-space\">\u00a0<\/span><\/b>etiketi Twitter T\u00fcrkiye&#8217;de<span class=\"x_m_-7453114361125249861gmail-apple-converted-space\">\u00a0<\/span><b>12 saat<span class=\"x_m_-7453114361125249861gmail-apple-converted-space\">\u00a0<\/span><\/b>d\u00fcnyada ise<span class=\"x_m_-7453114361125249861gmail-apple-converted-space\">\u00a0<\/span><b>6 saat 10 dakika<span class=\"x_m_-7453114361125249861gmail-apple-converted-space\">\u00a0<\/span><\/b>TT listesinde kald\u0131. Ayr\u0131ca<span class=\"x_m_-7453114361125249861gmail-apple-converted-space\">\u00a0<\/span><b>Aras Bulut \u0130ynemli<\/b><span class=\"x_m_-7453114361125249861gmail-apple-converted-space\">\u00a0<\/span>ve<span class=\"x_m_-7453114361125249861gmail-apple-converted-space\">\u00a0<\/span><b>\u0130dris Ko\u00e7oval\u0131<\/b><span class=\"x_m_-7453114361125249861gmail-apple-converted-space\">\u00a0<\/span>da uzun s\u00fcre TT listesinde yer ald\u0131lar.<\/p>\n<p class=\"x_MsoNormal\"><b>Yama\u00e7\u2019\u0131n babas\u0131n\u0131 vurmak zorunda kald\u0131\u011f\u0131 \u015foke edici dakikalar;\u00a0<\/b><\/p>\n<p class=\"x_MsoNormal\"><a href=\"https:\/\/www.youtube.com\/watch?v=VzcDY5ZXoPk\" target=\"_blank\" rel=\"noopener noreferrer\" data-auth=\"NotApplicable\">https:\/\/www.youtube.com\/watch?v=VzcDY5ZXoPk<\/a><\/p>\n<p class=\"x_MsoNormal\"><b>YAMA\u00c7\u2019TAN Y\u00dcCEL\u2019E B\u00dcY\u00dcK OYUN<\/b><\/p>\n<p><img loading=\"lazy\" decoding=\"async\" class=\"alignnone size-full wp-image-25198\" src=\"http:\/\/balcilar-blog.com\/wp-content\/uploads\/2019\/09\/\u00c7ukur-3.-Sezon-1.-B\u00f6l\u00fcm-5.jpg\" alt=\"\" width=\"640\" height=\"427\" srcset=\"https:\/\/balcilar-blog.com\/wp-content\/uploads\/2019\/09\/\u00c7ukur-3.-Sezon-1.-B\u00f6l\u00fcm-5.jpg 640w, https:\/\/balcilar-blog.com\/wp-content\/uploads\/2019\/09\/\u00c7ukur-3.-Sezon-1.-B\u00f6l\u00fcm-5-300x200.jpg 300w\" sizes=\"auto, (max-width: 640px) 100vw, 640px\" \/><\/p>\n<p class=\"x_MsoNormal\">Vartolu Sadettin\u2019den \u0130dris\u2019in katilini bulmas\u0131n\u0131 isteyen Sultan, herkesi \u015fa\u015f\u0131rtt\u0131. Y\u00fccel ise en beklemedi\u011fi anda Yama\u00e7\u2019\u0131n plan\u0131yla hayati bir tuzakla kar\u015f\u0131 kar\u015f\u0131ya kald\u0131.\u00a0 Y\u00fccel\u2019in ge\u00e7ti\u011fimiz sezon Ali\u00e7o ile Yama\u00e7\u2019a yapt\u0131\u011f\u0131 oyunun ayn\u0131s\u0131n\u0131 bu sefer Yama\u00e7, Y\u00fccel\u2019e oynad\u0131.<\/p>\n<p class=\"x_MsoNormal\"><b>\u0130\u015fte Yama\u00e7\u2019\u0131n Y\u00fccel\u2019e b\u00fcy\u00fck oyunu;\u00a0<\/b><\/p>\n<p class=\"x_MsoNormal\"><a href=\"https:\/\/www.youtube.com\/watch?v=Ox67LeguDKM\" target=\"_blank\" rel=\"noopener noreferrer\" data-auth=\"NotApplicable\">https:\/\/www.youtube.com\/watch?v=Ox67LeguDKM<\/a><\/p>\n<p class=\"x_MsoNormal\"><b>\u00c7UKUR\u2019UN YEN\u0130 B\u00d6L\u00dcM\u00dcNDE NELER OLACAK?<\/b><\/p>\n<p class=\"x_MsoNormal\"><b>Show TV<\/b>\u2019de ekrana gelen\u00a0<b>Ay Yap\u0131m<\/b>\u00a0imzal\u0131\u00a0<b>\u00c7ukur<\/b>\u2019un merakla beklenen yeni b\u00f6l\u00fcm\u00fcnden ilk sahne yay\u0131nland\u0131. Sezon finalinin ard\u0131ndan herkesin b\u00fcy\u00fck bir merakla bekledi\u011fi Ali\u00e7o\u2019nun ekrana geldi\u011fi sahnede, babas\u0131yla diyalogu dikkat \u00e7ekiyor. Babas\u0131, asker disiplininde ya\u015fad\u0131\u011f\u0131 g\u00f6r\u00fclen Ali\u00e7o\u2019nun \u00c7ukur\u2019a d\u00f6nme iste\u011fini reddediyor.<\/p>\n<p class=\"x_MsoNormal\"><b>Yeni b\u00f6l\u00fcmden ilk sahne;\u00a0<\/b><\/p>\n<p class=\"x_MsoNormal\"><a href=\"https:\/\/www.youtube.com\/watch?v=7fIc9TOcbFs\" target=\"_blank\" rel=\"noopener noreferrer\" data-auth=\"NotApplicable\">https:\/\/www.youtube.com\/watch?v=7fIc9TOcbFs<\/a><\/p>\n<p class=\"x_MsoNormal\"><b>\u2018\u00c7ukur\u2019, a\u011fz\u0131m\u0131z\u0131 bir damla bal s\u00fcrd\u00fc. \u015eimdi merakla 3.sezon 2. b\u00f6l\u00fcm\u00fc 23 Eyl\u00fcl Pazartesi ak\u015fam\u0131n\u0131 bekleyece\u011fiz.<\/b><\/p>\n<p>Sayg\u0131lar ve sevgiler.<\/p>\n<p>Abdurrahman Balc\u0131lar<\/p>\n<p>Twitter : <a href=\"https:\/\/twitter.com\/abbalcilar\">abdurrahman balc\u0131lar<\/a><a href=\"https:\/\/twitter.com\/abbalcilar\"><strong>@abbalcilar<\/strong><\/a><\/p>\n<p>Mail :\u00a0<a href=\"mailto:ab.balcilar@hotmail.com\">ab.balcilar@hotmail.com<\/a><\/p>\n<p>Blog:\u00a0<a href=\"http:\/\/t.co\/znqmIZgIqn\">blog.milliyet.com.tr\/cansever<\/a><\/p>\n<p>\u015eahsi Blog:\u00a0<a href=\"http:\/\/balcilar-blog.com\/\">Abdurrahman Balc\u0131lar Blog Sayfas<\/a>\u0131<\/p>\n<p class=\"x_MsoNormal\"><b>\u00a0<\/b><\/p>\n<p class=\"x_MsoNormal\">Kaynak Haber : Bas\u0131n \u0130leti\u015fim: \u0130leti\u015fim Deposu-\u00a0Z\u00fcmr\u00fct Burul\u00a0 &#8211; \u0130rem T\u00fcmer<\/p>\n<\/div>\n<\/div>\n<\/div>\n<div>\n<div dir=\"ltr\">\n<div dir=\"ltr\">\n<div><\/div>\n<\/div>\n<\/div>\n<\/div>\n","protected":false},"excerpt":{"rendered":"<p>\u00c7UKUR, 3.SEZONA Y\u0130NE REKORLARLA D\u00d6ND\u00dc \u00c7ukur ge\u00e7en y\u0131lki reytinglerini kald\u0131\u011f\u0131 yerden ba\u015flayarak ekranlara geldi. Ger\u00e7ekten \u00c7ukur&#8217;u ve karakterlerini \u00f6zlemi\u015fiz. Yama\u00e7, Y\u00fccel&#8217;in oyununa geldi ve baba katili oldu. \u0130dris Babay\u0131 kaybettik, diziden ayr\u0131ld\u0131. B\u00fct\u00fcn \u00c7ukur halk\u0131 \u0130dris babas\u0131n\u0131n arkas\u0131ndan a\u011flad\u0131. Ellerindeki Tesbihleri Dostlar k\u0131raathanesine masas\u0131na b\u0131rakt\u0131lar. Yama\u00e7 a\u011flamakla kalmad\u0131, kafay\u0131 yedi ve ak\u0131l hastanesine d\u00fc\u015ft\u00fc. 3- [&hellip;]<\/p>\n","protected":false},"author":3,"featured_media":25200,"comment_status":"open","ping_status":"open","sticky":false,"template":"","format":"standard","meta":{"footnotes":""},"categories":[2],"tags":[1933,533,607,1555,255,2006],"class_list":["post-25197","post","type-post","status-publish","format-standard","has-post-thumbnail","hentry","category-tv-programlari","tag-akin-kocovali","tag-aras-bulut-iynemli","tag-ayca-aysin-turan","tag-cukur","tag-damla-sonmez","tag-hazal-subasi"],"views":2536,"blog_post_layout_featured_media_urls":{"thumbnail":["https:\/\/balcilar-blog.com\/wp-content\/uploads\/2019\/09\/\u00c7ukur-3.-Sezon-1.-B\u00f6l\u00fcm-2-150x150.jpg",150,150,true],"full":["https:\/\/balcilar-blog.com\/wp-content\/uploads\/2019\/09\/\u00c7ukur-3.-Sezon-1.-B\u00f6l\u00fcm-2.jpg",640,427,false]},"categories_names":{"2":{"name":"TV Programlar\u0131","link":"https:\/\/balcilar-blog.com\/?cat=2"}},"tags_names":{"1933":{"name":"Ak\u0131n Ko\u00e7oval\u0131","link":"https:\/\/balcilar-blog.com\/?tag=akin-kocovali"},"533":{"name":"Aras Bulut \u0130ynemli","link":"https:\/\/balcilar-blog.com\/?tag=aras-bulut-iynemli"},"607":{"name":"Ay\u00e7a Ay\u015fin Turan","link":"https:\/\/balcilar-blog.com\/?tag=ayca-aysin-turan"},"1555":{"name":"\u00c7ukur","link":"https:\/\/balcilar-blog.com\/?tag=cukur"},"255":{"name":"Damla S\u00f6nmez","link":"https:\/\/balcilar-blog.com\/?tag=damla-sonmez"},"2006":{"name":"Hazal Suba\u015f\u0131","link":"https:\/\/balcilar-blog.com\/?tag=hazal-subasi"}},"comments_number":"0","wpmagazine_modules_lite_featured_media_urls":{"thumbnail":["https:\/\/balcilar-blog.com\/wp-content\/uploads\/2019\/09\/\u00c7ukur-3.-Sezon-1.-B\u00f6l\u00fcm-2-150x150.jpg",150,150,true],"cvmm-medium":["https:\/\/balcilar-blog.com\/wp-content\/uploads\/2019\/09\/\u00c7ukur-3.-Sezon-1.-B\u00f6l\u00fcm-2.jpg",300,200,false],"cvmm-medium-plus":["https:\/\/balcilar-blog.com\/wp-content\/uploads\/2019\/09\/\u00c7ukur-3.-Sezon-1.-B\u00f6l\u00fcm-2.jpg",305,203,false],"cvmm-portrait":["https:\/\/balcilar-blog.com\/wp-content\/uploads\/2019\/09\/\u00c7ukur-3.-Sezon-1.-B\u00f6l\u00fcm-2.jpg",400,267,false],"cvmm-medium-square":["https:\/\/balcilar-blog.com\/wp-content\/uploads\/2019\/09\/\u00c7ukur-3.-Sezon-1.-B\u00f6l\u00fcm-2.jpg",600,400,false],"cvmm-large":["https:\/\/balcilar-blog.com\/wp-content\/uploads\/2019\/09\/\u00c7ukur-3.-Sezon-1.-B\u00f6l\u00fcm-2.jpg",640,427,false],"cvmm-small":["https:\/\/balcilar-blog.com\/wp-content\/uploads\/2019\/09\/\u00c7ukur-3.-Sezon-1.-B\u00f6l\u00fcm-2.jpg",130,87,false],"full":["https:\/\/balcilar-blog.com\/wp-content\/uploads\/2019\/09\/\u00c7ukur-3.-Sezon-1.-B\u00f6l\u00fcm-2.jpg",640,427,false]},"_links":{"self":[{"href":"https:\/\/balcilar-blog.com\/index.php?rest_route=\/wp\/v2\/posts\/25197","targetHints":{"allow":["GET"]}}],"collection":[{"href":"https:\/\/balcilar-blog.com\/index.php?rest_route=\/wp\/v2\/posts"}],"about":[{"href":"https:\/\/balcilar-blog.com\/index.php?rest_route=\/wp\/v2\/types\/post"}],"author":[{"embeddable":true,"href":"https:\/\/balcilar-blog.com\/index.php?rest_route=\/wp\/v2\/users\/3"}],"replies":[{"embeddable":true,"href":"https:\/\/balcilar-blog.com\/index.php?rest_route=%2Fwp%2Fv2%2Fcomments&post=25197"}],"version-history":[{"count":2,"href":"https:\/\/balcilar-blog.com\/index.php?rest_route=\/wp\/v2\/posts\/25197\/revisions"}],"predecessor-version":[{"id":25203,"href":"https:\/\/balcilar-blog.com\/index.php?rest_route=\/wp\/v2\/posts\/25197\/revisions\/25203"}],"wp:featuredmedia":[{"embeddable":true,"href":"https:\/\/balcilar-blog.com\/index.php?rest_route=\/wp\/v2\/media\/25200"}],"wp:attachment":[{"href":"https:\/\/balcilar-blog.com\/index.php?rest_route=%2Fwp%2Fv2%2Fmedia&parent=25197"}],"wp:term":[{"taxonomy":"category","embeddable":true,"href":"https:\/\/balcilar-blog.com\/index.php?rest_route=%2Fwp%2Fv2%2Fcategories&post=25197"},{"taxonomy":"post_tag","embeddable":true,"href":"https:\/\/balcilar-blog.com\/index.php?rest_route=%2Fwp%2Fv2%2Ftags&post=25197"}],"curies":[{"name":"wp","href":"https:\/\/api.w.org\/{rel}","templated":true}]}}