{"id":25188,"date":"2019-09-16T14:38:26","date_gmt":"2019-09-16T11:38:26","guid":{"rendered":"http:\/\/balcilar-blog.com\/?p=25188"},"modified":"2019-09-16T14:57:34","modified_gmt":"2019-09-16T11:57:34","slug":"cukura-3-guzel-oyuncu","status":"publish","type":"post","link":"https:\/\/balcilar-blog.com\/?p=25188","title":{"rendered":"\u00c7ukur&#8217;a 3 G\u00fczel Oyuncu!"},"content":{"rendered":"<p><img loading=\"lazy\" decoding=\"async\" class=\"alignnone size-full wp-image-25193\" src=\"http:\/\/balcilar-blog.com\/wp-content\/uploads\/2019\/09\/cukur-3-sezon-fragmani-yayinlandi-yamac-idris-babayi-vuruyor.jpg\" alt=\"\" width=\"640\" height=\"452\" srcset=\"https:\/\/balcilar-blog.com\/wp-content\/uploads\/2019\/09\/cukur-3-sezon-fragmani-yayinlandi-yamac-idris-babayi-vuruyor.jpg 640w, https:\/\/balcilar-blog.com\/wp-content\/uploads\/2019\/09\/cukur-3-sezon-fragmani-yayinlandi-yamac-idris-babayi-vuruyor-300x212.jpg 300w\" sizes=\"auto, (max-width: 640px) 100vw, 640px\" \/><\/p>\n<p>\u00c7ukur dizisi bu ak\u015fam 3.sezonu ile ekranlara geliyor. Sevilen dizi sevenleri taraf\u0131ndan merakla bekleniyor. Ge\u00e7en sezonda dizinin g\u00fczel oyuncusu, Yama\u00e7&#8217;\u0131n kar\u0131s\u0131 Sena karakteri (Dilan \u00c7i\u00e7ek Deniz) hayat\u0131n\u0131 kaybetmi\u015f ve diziden ayr\u0131lm\u0131\u015ft\u0131.<\/p>\n<p>Bir dizide ba\u015frol bayan karakteri olmazsa olmaz\u0131d\u0131r. Yama\u00e7&#8217;a yeni bir sevgili bulunmas\u0131 gerekliydi. Ay Yap\u0131m Yama\u00e7 karakterine can veren Aras Bulut \u0130ynemli&#8217;ye yeni bir sevgili aray\u0131\u015f\u0131na ge\u00e7ti.<\/p>\n<p>\u00c7ukur&#8217;un 3.sezonunda 3 yeni g\u00fczel bayan karakteri kat\u0131ld\u0131. Bunlardan biri Yama\u00e7&#8217;\u0131n sevgilisi olacak!<\/p>\n<p><img loading=\"lazy\" decoding=\"async\" class=\"alignnone size-full wp-image-25189\" src=\"http:\/\/balcilar-blog.com\/wp-content\/uploads\/2019\/09\/2519014_1df3dca490fe3add87d295dde75655c5_640x640.jpg\" alt=\"\" width=\"640\" height=\"426\" srcset=\"https:\/\/balcilar-blog.com\/wp-content\/uploads\/2019\/09\/2519014_1df3dca490fe3add87d295dde75655c5_640x640.jpg 640w, https:\/\/balcilar-blog.com\/wp-content\/uploads\/2019\/09\/2519014_1df3dca490fe3add87d295dde75655c5_640x640-300x200.jpg 300w\" sizes=\"auto, (max-width: 640px) 100vw, 640px\" \/><\/p>\n<p>&#8220;Bir A\u015fk Hikayesi&#8221; dizisinde Bahar karakteri olarak tan\u0131d\u0131\u011f\u0131m\u0131z ve \u00e7ok sevdi\u011fimiz ve daha sonra &#8220;G\u00fcllerin Sava\u015f\u0131 dizisinde &#8216;G\u00fclru&#8217; karakteri olarak oynayan g\u00fczel oyuncu Damla S\u00f6nmez \u00c7ukur&#8217;a &#8216;Efsun&#8217; karakteri olarak kat\u0131laca\u011f\u0131n\u0131 duyduk.<\/p>\n<p><img loading=\"lazy\" decoding=\"async\" class=\"alignnone size-full wp-image-25191\" src=\"http:\/\/balcilar-blog.com\/wp-content\/uploads\/2019\/09\/hazal-subasi-cukura-mi.png\" alt=\"\" width=\"640\" height=\"400\" srcset=\"https:\/\/balcilar-blog.com\/wp-content\/uploads\/2019\/09\/hazal-subasi-cukura-mi.png 640w, https:\/\/balcilar-blog.com\/wp-content\/uploads\/2019\/09\/hazal-subasi-cukura-mi-300x188.png 300w\" sizes=\"auto, (max-width: 640px) 100vw, 640px\" \/><\/p>\n<p>&#8220;Halka&#8221; dizisinde &#8216;Bahar&#8217; karakteri olarak oynayan Hazal Suba\u015f\u0131&#8217;n\u0131n diziye &#8216;Nehir&#8217; karakteri olarak kat\u0131laca\u011f\u0131n\u0131 duyduk.<\/p>\n<p><img loading=\"lazy\" decoding=\"async\" class=\"alignnone size-full wp-image-25190\" src=\"http:\/\/balcilar-blog.com\/wp-content\/uploads\/2019\/09\/ayca-aysin-turan-385551.jpg\" alt=\"\" width=\"640\" height=\"360\" srcset=\"https:\/\/balcilar-blog.com\/wp-content\/uploads\/2019\/09\/ayca-aysin-turan-385551.jpg 640w, https:\/\/balcilar-blog.com\/wp-content\/uploads\/2019\/09\/ayca-aysin-turan-385551-300x169.jpg 300w\" sizes=\"auto, (max-width: 640px) 100vw, 640px\" \/><\/p>\n<p>Son olarak da, \u00c7a\u011fatay Ulusoy ile birlikte Netflix dizisinde &#8216;Leyla&#8217; karakteri olarak ba\u015frol oynayan Ay\u00e7a Ay\u015fin Turan&#8217;\u0131n diziye girdi\u011fini \u00f6\u011frendik. Ay\u00e7a Ay\u015fin Turan Hakan: Muhaf\u0131z dizisinde 2 sezon oynam\u0131\u015f ve 2.sezon sonunda \u00f6lm\u00fc\u015f diziden ayr\u0131lm\u0131\u015ft\u0131. G\u00fczel oyuncumuz dizide Hakan ile ate\u015fli sahneleri t\u00fcm d\u00fcnya \u00fclkelerinde \u00e7ok be\u011fenilmi\u015f ve ses getirmi\u015ftir.<\/p>\n<p>\u015eimdi bu\u00a0\u00fc\u00e7 g\u00fczel oyuncudan biri \u00c7ukur&#8217;da Yama\u00e7&#8217;\u0131n sevgilisi olacak, b\u00fct\u00fcn izleyenlerimiz merakla\u00a0 bu ak\u015fam ekran ba\u015f\u0131na oturacaklar. Bana g\u00f6re en kuvvetli aday Ay\u00e7a Ay\u015fin Turan, Yama\u00e7&#8217;in sevgilisi olacakt\u0131r. Bu ak\u015famki ekranlara gelecek 3.sezon 34.b\u00f6l\u00fcmde Turan&#8217;\u0131 hen\u00fcz g\u00f6rmeyebiliriz. \u0130lerleyen b\u00f6l\u00fcmlerde Yama\u00e7&#8217;\u0131n kar\u015f\u0131s\u0131na \u00e7\u0131kacak ve Sena&#8217;y\u0131 unutturacakt\u0131r.<\/p>\n<p><img loading=\"lazy\" decoding=\"async\" class=\"alignnone size-full wp-image-25192\" src=\"http:\/\/balcilar-blog.com\/wp-content\/uploads\/2019\/09\/cukur-3-sezon-1-bolum-fragman-12428294_o.jpg\" alt=\"\" width=\"640\" height=\"360\" srcset=\"https:\/\/balcilar-blog.com\/wp-content\/uploads\/2019\/09\/cukur-3-sezon-1-bolum-fragman-12428294_o.jpg 640w, https:\/\/balcilar-blog.com\/wp-content\/uploads\/2019\/09\/cukur-3-sezon-1-bolum-fragman-12428294_o-300x169.jpg 300w\" sizes=\"auto, (max-width: 640px) 100vw, 640px\" \/><\/p>\n<p>Ge\u00e7en sezon finali b\u00f6l\u00fcm\u00fcnde Yama\u00e7 ile \u0130dris baba birbirlerine silah \u00e7ekmi\u015fler, muhtemel \u0130dris Baba \u00f6lm\u00fc\u015f diziden ayr\u0131lm\u0131\u015ft\u0131. Yama\u00e7 kafay\u0131 yemi\u015f ak\u0131l hastanesine d\u00fc\u015fm\u00fc\u015ft\u00fcr.<\/p>\n<p>\u00c7ukur 3.Sezon 1.B\u00f6l\u00fcm Fragman\u0131:<\/p>\n<p><iframe loading=\"lazy\" title=\"\u00c7ukur 3. Sezon 1. B\u00f6l\u00fcm Fragman\u0131\" width=\"640\" height=\"360\" src=\"https:\/\/www.youtube.com\/embed\/WU595ea3xIQ?feature=oembed\" frameborder=\"0\" allow=\"accelerometer; autoplay; clipboard-write; encrypted-media; gyroscope; picture-in-picture; web-share\" referrerpolicy=\"strict-origin-when-cross-origin\" allowfullscreen><\/iframe><\/p>\n<p>Bu ak\u015fam 3.sezon geliyor, izleyicisini koltuklar\u0131na \u00e7ivileyecek.<\/p>\n<p>Sayg\u0131lar ve sevgiler.<\/p>\n<p>Abdurrahman Balc\u0131lar<\/p>\n<p>Twitter : <a href=\"https:\/\/twitter.com\/abbalcilar\">abdurrahman balc\u0131lar<\/a><a href=\"https:\/\/twitter.com\/abbalcilar\"><strong>@abbalcilar<\/strong><\/a><\/p>\n<p>Mail :\u00a0<a href=\"mailto:ab.balcilar@hotmail.com\">ab.balcilar@hotmail.com<\/a><\/p>\n<p>Blog:\u00a0<a href=\"http:\/\/t.co\/znqmIZgIqn\">blog.milliyet.com.tr\/cansever<\/a><\/p>\n<p>\u015eahsi Blog:\u00a0<a href=\"http:\/\/balcilar-blog.com\/\">Abdurrahman Balc\u0131lar Blog Sayfas<\/a>\u0131<\/p>\n","protected":false},"excerpt":{"rendered":"<p>\u00c7ukur dizisi bu ak\u015fam 3.sezonu ile ekranlara geliyor. Sevilen dizi sevenleri taraf\u0131ndan merakla bekleniyor. Ge\u00e7en sezonda dizinin g\u00fczel oyuncusu, Yama\u00e7&#8217;\u0131n kar\u0131s\u0131 Sena karakteri (Dilan \u00c7i\u00e7ek Deniz) hayat\u0131n\u0131 kaybetmi\u015f ve diziden ayr\u0131lm\u0131\u015ft\u0131. Bir dizide ba\u015frol bayan karakteri olmazsa olmaz\u0131d\u0131r. Yama\u00e7&#8217;a yeni bir sevgili bulunmas\u0131 gerekliydi. Ay Yap\u0131m Yama\u00e7 karakterine can veren Aras Bulut \u0130ynemli&#8217;ye yeni bir [&hellip;]<\/p>\n","protected":false},"author":3,"featured_media":25193,"comment_status":"open","ping_status":"open","sticky":false,"template":"","format":"standard","meta":{"footnotes":""},"categories":[2],"tags":[679,533,607,1555,255,2005],"class_list":["post-25188","post","type-post","status-publish","format-standard","has-post-thumbnail","hentry","category-tv-programlari","tag-3-sezon","tag-aras-bulut-iynemli","tag-ayca-aysin-turan","tag-cukur","tag-damla-sonmez","tag-hazal-subasai"],"views":9718,"blog_post_layout_featured_media_urls":{"thumbnail":["https:\/\/balcilar-blog.com\/wp-content\/uploads\/2019\/09\/cukur-3-sezon-fragmani-yayinlandi-yamac-idris-babayi-vuruyor-150x150.jpg",150,150,true],"full":["https:\/\/balcilar-blog.com\/wp-content\/uploads\/2019\/09\/cukur-3-sezon-fragmani-yayinlandi-yamac-idris-babayi-vuruyor.jpg",640,452,false]},"categories_names":{"2":{"name":"TV Programlar\u0131","link":"https:\/\/balcilar-blog.com\/?cat=2"}},"tags_names":{"679":{"name":"3.sezon","link":"https:\/\/balcilar-blog.com\/?tag=3-sezon"},"533":{"name":"Aras Bulut \u0130ynemli","link":"https:\/\/balcilar-blog.com\/?tag=aras-bulut-iynemli"},"607":{"name":"Ay\u00e7a Ay\u015fin Turan","link":"https:\/\/balcilar-blog.com\/?tag=ayca-aysin-turan"},"1555":{"name":"\u00c7ukur","link":"https:\/\/balcilar-blog.com\/?tag=cukur"},"255":{"name":"Damla S\u00f6nmez","link":"https:\/\/balcilar-blog.com\/?tag=damla-sonmez"},"2005":{"name":"Hazal Suba\u015fa\u0131","link":"https:\/\/balcilar-blog.com\/?tag=hazal-subasai"}},"comments_number":"0","wpmagazine_modules_lite_featured_media_urls":{"thumbnail":["https:\/\/balcilar-blog.com\/wp-content\/uploads\/2019\/09\/cukur-3-sezon-fragmani-yayinlandi-yamac-idris-babayi-vuruyor-150x150.jpg",150,150,true],"cvmm-medium":["https:\/\/balcilar-blog.com\/wp-content\/uploads\/2019\/09\/cukur-3-sezon-fragmani-yayinlandi-yamac-idris-babayi-vuruyor.jpg",300,212,false],"cvmm-medium-plus":["https:\/\/balcilar-blog.com\/wp-content\/uploads\/2019\/09\/cukur-3-sezon-fragmani-yayinlandi-yamac-idris-babayi-vuruyor.jpg",293,207,false],"cvmm-portrait":["https:\/\/balcilar-blog.com\/wp-content\/uploads\/2019\/09\/cukur-3-sezon-fragmani-yayinlandi-yamac-idris-babayi-vuruyor.jpg",400,283,false],"cvmm-medium-square":["https:\/\/balcilar-blog.com\/wp-content\/uploads\/2019\/09\/cukur-3-sezon-fragmani-yayinlandi-yamac-idris-babayi-vuruyor.jpg",600,424,false],"cvmm-large":["https:\/\/balcilar-blog.com\/wp-content\/uploads\/2019\/09\/cukur-3-sezon-fragmani-yayinlandi-yamac-idris-babayi-vuruyor.jpg",640,452,false],"cvmm-small":["https:\/\/balcilar-blog.com\/wp-content\/uploads\/2019\/09\/cukur-3-sezon-fragmani-yayinlandi-yamac-idris-babayi-vuruyor.jpg",130,92,false],"full":["https:\/\/balcilar-blog.com\/wp-content\/uploads\/2019\/09\/cukur-3-sezon-fragmani-yayinlandi-yamac-idris-babayi-vuruyor.jpg",640,452,false]},"_links":{"self":[{"href":"https:\/\/balcilar-blog.com\/index.php?rest_route=\/wp\/v2\/posts\/25188","targetHints":{"allow":["GET"]}}],"collection":[{"href":"https:\/\/balcilar-blog.com\/index.php?rest_route=\/wp\/v2\/posts"}],"about":[{"href":"https:\/\/balcilar-blog.com\/index.php?rest_route=\/wp\/v2\/types\/post"}],"author":[{"embeddable":true,"href":"https:\/\/balcilar-blog.com\/index.php?rest_route=\/wp\/v2\/users\/3"}],"replies":[{"embeddable":true,"href":"https:\/\/balcilar-blog.com\/index.php?rest_route=%2Fwp%2Fv2%2Fcomments&post=25188"}],"version-history":[{"count":3,"href":"https:\/\/balcilar-blog.com\/index.php?rest_route=\/wp\/v2\/posts\/25188\/revisions"}],"predecessor-version":[{"id":25196,"href":"https:\/\/balcilar-blog.com\/index.php?rest_route=\/wp\/v2\/posts\/25188\/revisions\/25196"}],"wp:featuredmedia":[{"embeddable":true,"href":"https:\/\/balcilar-blog.com\/index.php?rest_route=\/wp\/v2\/media\/25193"}],"wp:attachment":[{"href":"https:\/\/balcilar-blog.com\/index.php?rest_route=%2Fwp%2Fv2%2Fmedia&parent=25188"}],"wp:term":[{"taxonomy":"category","embeddable":true,"href":"https:\/\/balcilar-blog.com\/index.php?rest_route=%2Fwp%2Fv2%2Fcategories&post=25188"},{"taxonomy":"post_tag","embeddable":true,"href":"https:\/\/balcilar-blog.com\/index.php?rest_route=%2Fwp%2Fv2%2Ftags&post=25188"}],"curies":[{"name":"wp","href":"https:\/\/api.w.org\/{rel}","templated":true}]}}