{"id":25185,"date":"2019-09-15T13:48:12","date_gmt":"2019-09-15T10:48:12","guid":{"rendered":"http:\/\/balcilar-blog.com\/?p=25185"},"modified":"2019-09-15T16:38:56","modified_gmt":"2019-09-15T13:38:56","slug":"dusundurucu-bir-yazi","status":"publish","type":"post","link":"https:\/\/balcilar-blog.com\/?p=25185","title":{"rendered":"D\u00fc\u015f\u00fcnd\u00fcr\u00fcc\u00fc Bir Yaz\u0131&#8230;"},"content":{"rendered":"<p><img loading=\"lazy\" decoding=\"async\" class=\"alignnone size-full wp-image-25186\" src=\"http:\/\/balcilar-blog.com\/wp-content\/uploads\/2019\/09\/Araplar_ile_iranlilar_aras.jpg\" alt=\"\" width=\"640\" height=\"450\" srcset=\"https:\/\/balcilar-blog.com\/wp-content\/uploads\/2019\/09\/Araplar_ile_iranlilar_aras.jpg 640w, https:\/\/balcilar-blog.com\/wp-content\/uploads\/2019\/09\/Araplar_ile_iranlilar_aras-300x211.jpg 300w\" sizes=\"auto, (max-width: 640px) 100vw, 640px\" \/><\/p>\n<p>A\u015fa\u011f\u0131daki yaz\u0131y\u0131 yorumsuz olarak yay\u0131nl\u0131yorum.<\/p>\n<p>Arap denilen \u00fclkelerin \u00e7o\u011fu aslen Arap de\u011filler<\/p>\n<p>Libya: Berberi.<\/p>\n<p>M\u0131s\u0131r: K\u0131pti.<\/p>\n<p>Cezayir: Tuareg (*).<\/p>\n<p>Filistinliler: Girit as\u0131ll\u0131.<\/p>\n<p>L\u00fcbnan: Fenikeli.<\/p>\n<p>Suriyeliler: S\u00fcryani.<\/p>\n<p>Irak: Akadl\u0131.<\/p>\n<p>Arap i\u015fgalleri sonucu b\u00fct\u00fcn bu milletler Arapla\u015ft\u0131 o parlak zengin k\u00fclt\u00fcrleri yok oldu gitti ve hepsi de y\u00fczy\u0131llard\u0131r peri\u015fan bir halde ya\u015fam s\u00fcr\u00fcyor.<\/p>\n<p>Araplar\u0131n asimile edemedi\u011fi T\u00fcrkler de ayn\u0131 sona do\u011fru ilerliyor.<br \/>\nPeki Arapla\u015fan bu milletler \u00e7ok mu ileri gitti mutlu mu?\u00a0 Hay\u0131r.<br \/>\nM\u0131s\u0131r d\u00fcnyan\u0131n en modern bilim merkezlerinden biriydi bilimsel seviyesi k\u00fct\u00fcphaneleri d\u00fcnyada e\u015fsizdi eski M\u0131s\u0131r piramitleri hala e\u015fi benzeri yap\u0131lamayacak eserler.<\/p>\n<p>Fenikeliler d\u00fcnyan\u0131n en iyi gemicileri idi.<br \/>\nFenike zengin ticaret merkeziydi.<br \/>\nSuriye S\u00fcryanileri ta\u015f ustas\u0131 ve alt\u0131n ustalar\u0131yd\u0131, sanat\u00e7\u0131yd\u0131 hepsi.<br \/>\nGirit k\u00f6kenli Filistinliler gemi ve ticaret ustas\u0131yd\u0131.<br \/>\nBug\u00fcn bu milletlerin hepsi adeta birer ate\u015f \u00e7ukuru i\u00e7inde yan\u0131yor.<br \/>\n\u00dcmmet olarak kimliklerini kaybetmek hepsini mahvetti.<br \/>\nBu tespit tarihsel somut bir ger\u00e7ektir.<br \/>\nT\u00fcrkler ve T\u00fcrkiye bu milletler gibi bir ate\u015f yuma\u011f\u0131 i\u00e7inde de\u011filse<br \/>\nkimliklerini koruduklar\u0131 i\u00e7indir, Fakat son durumda<br \/>\nT\u00fcrk kimli\u011fi i\u00e7erden y\u0131k\u0131lmak tehlikesi ya\u015f\u0131yor. Arabistan \u0130srail ve Avrupa\u2019dan desteklenen d\u0131\u015f g\u00fc\u00e7 piyonlar\u0131 \u00fcmmet karde\u015fli\u011fi kisvesi alt\u0131nda T\u00fcrk kimli\u011fini ve Atat\u00fcrk ilkelerini yok etmek i\u00e7in yo\u011fun \u00e7aba i\u00e7indeler.<\/p>\n<p>En b\u00fcy\u00fck ama\u00e7 b\u00fcy\u00fck \u0130srail\u2019i kurarken T\u00fcrkiye\u2019yi ve Suriye\u2019yi etkisizle\u015ftirmek.<br \/>\nSuriyelileri T\u00fcrkiye\u2019ye y\u0131\u011farak 1 ta\u015fla 2 ku\u015f vurulmak isteniyor ve maalesef<br \/>\ns\u00f6zde \u0130srail d\u00fc\u015fman\u0131 \u00fcmmet\u00e7iler oyunu fark edemiyor bile.<\/p>\n<p>B\u00fcy\u00fck oyunu g\u00f6rmek i\u00e7in 1982 Tarihli Oded Yinon plan\u0131n\u0131 ara\u015ft\u0131r\u0131p okumak<br \/>\nve herkese anlatmak \u015fartt\u0131r.<\/p>\n<p>\u00dcmmet fikri bir Arap Emperyalizm projesidir.<\/p>\n<p>Ger\u00e7ek pay\u0131 b\u00fcy\u00fck, d\u00fc\u015f\u00fcnd\u00fcr\u00fcc\u00fc bir yaz\u0131.<\/p>\n<p>Sayg\u0131lar ve sevgiler.<\/p>\n<p>Abdurrahman Balc\u0131lar<\/p>\n<p>Twitter : <a href=\"https:\/\/twitter.com\/abbalcilar\">abdurrahman balc\u0131lar<\/a><a href=\"https:\/\/twitter.com\/abbalcilar\"><strong>@abbalcilar<\/strong><\/a><\/p>\n<p>Mail :\u00a0<a href=\"mailto:ab.balcilar@hotmail.com\">ab.balcilar@hotmail.com<\/a><\/p>\n<p>Blog:\u00a0<a href=\"http:\/\/t.co\/znqmIZgIqn\">blog.milliyet.com.tr\/cansever<\/a><\/p>\n<p>\u015eahsi Blog:\u00a0<a href=\"http:\/\/balcilar-blog.com\/\">Abdurrahman Balc\u0131lar Blog Sayfas<\/a>\u0131<\/p>\n<p>&nbsp;<\/p>\n<p>(*) Tuareg : Berberilerin bat\u0131 Afrika sahillerine yay\u0131lm\u0131\u015f olanlar.<\/p>\n<p>Not: Mustafa S\u00fcmer Turan&#8217;\u0131n g\u00f6nderisinden al\u0131nm\u0131\u015ft\u0131r.<\/p>\n","protected":false},"excerpt":{"rendered":"<p>A\u015fa\u011f\u0131daki yaz\u0131y\u0131 yorumsuz olarak yay\u0131nl\u0131yorum. Arap denilen \u00fclkelerin \u00e7o\u011fu aslen Arap de\u011filler Libya: Berberi. M\u0131s\u0131r: K\u0131pti. Cezayir: Tuareg (*). Filistinliler: Girit as\u0131ll\u0131. L\u00fcbnan: Fenikeli. Suriyeliler: S\u00fcryani. Irak: Akadl\u0131. Arap i\u015fgalleri sonucu b\u00fct\u00fcn bu milletler Arapla\u015ft\u0131 o parlak zengin k\u00fclt\u00fcrleri yok oldu gitti ve hepsi de y\u00fczy\u0131llard\u0131r peri\u015fan bir halde ya\u015fam s\u00fcr\u00fcyor. Araplar\u0131n asimile edemedi\u011fi T\u00fcrkler [&hellip;]<\/p>\n","protected":false},"author":3,"featured_media":25186,"comment_status":"open","ping_status":"open","sticky":false,"template":"","format":"standard","meta":{"footnotes":""},"categories":[1],"tags":[2003,2004],"class_list":["post-25185","post","type-post","status-publish","format-standard","has-post-thumbnail","hentry","category-genel","tag-araplar","tag-mustafa-sumer-turan"],"views":2440,"blog_post_layout_featured_media_urls":{"thumbnail":["https:\/\/balcilar-blog.com\/wp-content\/uploads\/2019\/09\/Araplar_ile_iranlilar_aras-150x150.jpg",150,150,true],"full":["https:\/\/balcilar-blog.com\/wp-content\/uploads\/2019\/09\/Araplar_ile_iranlilar_aras.jpg",640,450,false]},"categories_names":{"1":{"name":"Genel","link":"https:\/\/balcilar-blog.com\/?cat=1"}},"tags_names":{"2003":{"name":"Araplar","link":"https:\/\/balcilar-blog.com\/?tag=araplar"},"2004":{"name":"Mustafa S\u00fcmer Turan","link":"https:\/\/balcilar-blog.com\/?tag=mustafa-sumer-turan"}},"comments_number":"0","wpmagazine_modules_lite_featured_media_urls":{"thumbnail":["https:\/\/balcilar-blog.com\/wp-content\/uploads\/2019\/09\/Araplar_ile_iranlilar_aras-150x150.jpg",150,150,true],"cvmm-medium":["https:\/\/balcilar-blog.com\/wp-content\/uploads\/2019\/09\/Araplar_ile_iranlilar_aras.jpg",300,211,false],"cvmm-medium-plus":["https:\/\/balcilar-blog.com\/wp-content\/uploads\/2019\/09\/Araplar_ile_iranlilar_aras.jpg",294,207,false],"cvmm-portrait":["https:\/\/balcilar-blog.com\/wp-content\/uploads\/2019\/09\/Araplar_ile_iranlilar_aras.jpg",400,281,false],"cvmm-medium-square":["https:\/\/balcilar-blog.com\/wp-content\/uploads\/2019\/09\/Araplar_ile_iranlilar_aras.jpg",600,422,false],"cvmm-large":["https:\/\/balcilar-blog.com\/wp-content\/uploads\/2019\/09\/Araplar_ile_iranlilar_aras.jpg",640,450,false],"cvmm-small":["https:\/\/balcilar-blog.com\/wp-content\/uploads\/2019\/09\/Araplar_ile_iranlilar_aras.jpg",130,91,false],"full":["https:\/\/balcilar-blog.com\/wp-content\/uploads\/2019\/09\/Araplar_ile_iranlilar_aras.jpg",640,450,false]},"_links":{"self":[{"href":"https:\/\/balcilar-blog.com\/index.php?rest_route=\/wp\/v2\/posts\/25185","targetHints":{"allow":["GET"]}}],"collection":[{"href":"https:\/\/balcilar-blog.com\/index.php?rest_route=\/wp\/v2\/posts"}],"about":[{"href":"https:\/\/balcilar-blog.com\/index.php?rest_route=\/wp\/v2\/types\/post"}],"author":[{"embeddable":true,"href":"https:\/\/balcilar-blog.com\/index.php?rest_route=\/wp\/v2\/users\/3"}],"replies":[{"embeddable":true,"href":"https:\/\/balcilar-blog.com\/index.php?rest_route=%2Fwp%2Fv2%2Fcomments&post=25185"}],"version-history":[{"count":1,"href":"https:\/\/balcilar-blog.com\/index.php?rest_route=\/wp\/v2\/posts\/25185\/revisions"}],"predecessor-version":[{"id":25187,"href":"https:\/\/balcilar-blog.com\/index.php?rest_route=\/wp\/v2\/posts\/25185\/revisions\/25187"}],"wp:featuredmedia":[{"embeddable":true,"href":"https:\/\/balcilar-blog.com\/index.php?rest_route=\/wp\/v2\/media\/25186"}],"wp:attachment":[{"href":"https:\/\/balcilar-blog.com\/index.php?rest_route=%2Fwp%2Fv2%2Fmedia&parent=25185"}],"wp:term":[{"taxonomy":"category","embeddable":true,"href":"https:\/\/balcilar-blog.com\/index.php?rest_route=%2Fwp%2Fv2%2Fcategories&post=25185"},{"taxonomy":"post_tag","embeddable":true,"href":"https:\/\/balcilar-blog.com\/index.php?rest_route=%2Fwp%2Fv2%2Ftags&post=25185"}],"curies":[{"name":"wp","href":"https:\/\/api.w.org\/{rel}","templated":true}]}}