{"id":25180,"date":"2019-09-14T17:07:04","date_gmt":"2019-09-14T14:07:04","guid":{"rendered":"http:\/\/balcilar-blog.com\/?p=25180"},"modified":"2019-09-14T17:07:04","modified_gmt":"2019-09-14T14:07:04","slug":"saglikli-beslenme","status":"publish","type":"post","link":"https:\/\/balcilar-blog.com\/?p=25180","title":{"rendered":"Sa\u011fl\u0131kl\u0131 Beslenme!"},"content":{"rendered":"<p><img loading=\"lazy\" decoding=\"async\" class=\"alignnone size-full wp-image-25182\" src=\"http:\/\/balcilar-blog.com\/wp-content\/uploads\/2019\/09\/ye\u015fillik.jpg\" alt=\"\" width=\"640\" height=\"426\" srcset=\"https:\/\/balcilar-blog.com\/wp-content\/uploads\/2019\/09\/ye\u015fillik.jpg 640w, https:\/\/balcilar-blog.com\/wp-content\/uploads\/2019\/09\/ye\u015fillik-300x200.jpg 300w\" sizes=\"auto, (max-width: 640px) 100vw, 640px\" \/><\/p>\n<p>Sa\u011fl\u0131kl\u0131 Beslenme iyi bir sabah kahvalt\u0131s\u0131 ile ba\u015flar. Ben y\u0131llard\u0131r sabah kahvalt\u0131lar\u0131m\u0131 dikkat etmi\u015fimdir. Sabah kalkt\u0131ktan sonra ilk i\u015fim kahvalt\u0131 yapmakt\u0131r. Art\u0131k ya\u015fl\u0131 s\u0131n\u0131f\u0131nday\u0131z. Ya\u015f\u0131m 71&#8230; \u0130leri ya\u015flarda kahvalt\u0131 daha da \u00f6nem kazanmaktad\u0131r. A\u011f\u0131r kahvalt\u0131lardan uzak durmal\u0131y\u0131z.<\/p>\n<p>Sizlere sabah kahvalt\u0131lar\u0131mdan bahsetmek istiyorum. M\u00fcmk\u00fcn oldu\u011funca do\u011fal beslenmeye \u00e7al\u0131\u015f\u0131r\u0131m, \u00f6yle de yap\u0131yorum. 9 y\u0131ld\u0131r k\u00f6yde ya\u015f\u0131yorum. Genellikle kendi kahvalt\u0131m\u0131 kendim haz\u0131rlar\u0131m. Evin bah\u00e7esinde 150-200 metrekarelik bir hobi bah\u00e7esi var. Sa\u011folsun rahmetli a\u011fabeyimin han\u0131m\u0131 yengem her t\u00fcrl\u00fc ihtiyac\u0131m\u0131z olan mevsimlik sebzeyi o bah\u00e7ede yeti\u015ftirir. Nane, maydanoz, dereotu, ye\u015fil biber, roka.. \u0130ki domatesin kabuklar\u0131n\u0131 soyar, derince bir tabak i\u00e7inde yukar\u0131daki ye\u015filliklerden bir k\u0131sm\u0131n\u0131 bir do\u011frama tahtas\u0131 \u00fcst\u00fcnde (bol su ile y\u0131kad\u0131ktan sonra) k\u0131yar, taze \u00e7\u00f6kelek peynir (onlar\u0131 da kendi ineklerimizden elde ederiz) 8-10 tane zeytin ve zeytin ya\u011f\u0131 ilavesi ile kar\u0131\u015ft\u0131r\u0131r\u0131m. Bazen de i\u00e7ine 1 adet kaynam\u0131\u015f yumurta ilave derim. Bir ince dilim f\u0131r\u0131n ekme\u011fi ile yerim. Yan\u0131nda bir bardak \u00e7ay ile sabah kahvalt\u0131m\u0131 yapm\u0131\u015f olurum.<\/p>\n<p>Arada bir yengemin yapt\u0131\u011f\u0131 b\u00f6r\u00fclceli tahrana \u00e7orbas\u0131 sabah kahvalt\u0131m olur. Bu s\u0131cak \u00e7orba i\u00e7erisine havanda d\u00f6v\u00fclm\u00fc\u015f peksimet konulursa \u00e7ok da keyifle ka\u015f\u0131klayaca\u011f\u0131n\u0131z bir \u00e7orba olur.<\/p>\n<p>Allah&#8217;a-\u015f\u00fck\u00fcr mide problemin yoktur, bug\u00fcne kadar da olmad\u0131. Ac\u0131dan, tur\u015fudan, tuzdan a\u015f\u0131r\u0131 \u015fekerli g\u0131dalardan uzak dururum. Eskilerimiz hep s\u00f6yler, insan\u0131n kendi doktoru kendisidir. \u015eayet yediklerinizi, i\u00e7tiklerinizi dikkat ederseniz rahats\u0131zl\u0131k sorunlar\u0131n\u0131 k\u0131smen halletmi\u015f olursunuz.<\/p>\n<p>Sa\u011fl\u0131kl\u0131 g\u00fcnler dilerim.<\/p>\n<p>Sayg\u0131lar ve sevgiler.<\/p>\n<p>Abdurrahman Balc\u0131lar<\/p>\n<p>Twitter : <a href=\"https:\/\/twitter.com\/abbalcilar\">abdurrahman balc\u0131lar<\/a><a href=\"https:\/\/twitter.com\/abbalcilar\"><strong>@abbalcilar<\/strong><\/a><\/p>\n<p>Mail :\u00a0<a href=\"mailto:ab.balcilar@hotmail.com\">ab.balcilar@hotmail.com<\/a><\/p>\n<p>Blog:\u00a0<a href=\"http:\/\/t.co\/znqmIZgIqn\">blog.milliyet.com.tr\/cansever<\/a><\/p>\n<p>\u015eahsi Blog:\u00a0<a href=\"http:\/\/balcilar-blog.com\/\">Abdurrahman Balc\u0131lar Blog Sayfas<\/a><\/p>\n<p>&nbsp;<\/p>\n","protected":false},"excerpt":{"rendered":"<p>Sa\u011fl\u0131kl\u0131 Beslenme iyi bir sabah kahvalt\u0131s\u0131 ile ba\u015flar. Ben y\u0131llard\u0131r sabah kahvalt\u0131lar\u0131m\u0131 dikkat etmi\u015fimdir. Sabah kalkt\u0131ktan sonra ilk i\u015fim kahvalt\u0131 yapmakt\u0131r. Art\u0131k ya\u015fl\u0131 s\u0131n\u0131f\u0131nday\u0131z. Ya\u015f\u0131m 71&#8230; \u0130leri ya\u015flarda kahvalt\u0131 daha da \u00f6nem kazanmaktad\u0131r. A\u011f\u0131r kahvalt\u0131lardan uzak durmal\u0131y\u0131z. Sizlere sabah kahvalt\u0131lar\u0131mdan bahsetmek istiyorum. M\u00fcmk\u00fcn oldu\u011funca do\u011fal beslenmeye \u00e7al\u0131\u015f\u0131r\u0131m, \u00f6yle de yap\u0131yorum. 9 y\u0131ld\u0131r k\u00f6yde ya\u015f\u0131yorum. Genellikle [&hellip;]<\/p>\n","protected":false},"author":3,"featured_media":25182,"comment_status":"open","ping_status":"open","sticky":false,"template":"","format":"standard","meta":{"footnotes":""},"categories":[190],"tags":[2000,1999,2001,1998,2002],"class_list":["post-25180","post","type-post","status-publish","format-standard","has-post-thumbnail","hentry","category-genel-saglik","tag-maydanoz","tag-nane","tag-roka","tag-saglikli-beslenme","tag-yesil-biber"],"views":2184,"blog_post_layout_featured_media_urls":{"thumbnail":["https:\/\/balcilar-blog.com\/wp-content\/uploads\/2019\/09\/ye\u015fillik-150x150.jpg",150,150,true],"full":["https:\/\/balcilar-blog.com\/wp-content\/uploads\/2019\/09\/ye\u015fillik.jpg",640,426,false]},"categories_names":{"190":{"name":"Genel Sa\u011fl\u0131k","link":"https:\/\/balcilar-blog.com\/?cat=190"}},"tags_names":{"2000":{"name":"Maydanoz","link":"https:\/\/balcilar-blog.com\/?tag=maydanoz"},"1999":{"name":"Nane","link":"https:\/\/balcilar-blog.com\/?tag=nane"},"2001":{"name":"Roka","link":"https:\/\/balcilar-blog.com\/?tag=roka"},"1998":{"name":"Sa\u011fl\u0131kl\u0131 Beslenme","link":"https:\/\/balcilar-blog.com\/?tag=saglikli-beslenme"},"2002":{"name":"Ye\u015fil Biber","link":"https:\/\/balcilar-blog.com\/?tag=yesil-biber"}},"comments_number":"0","wpmagazine_modules_lite_featured_media_urls":{"thumbnail":["https:\/\/balcilar-blog.com\/wp-content\/uploads\/2019\/09\/ye\u015fillik-150x150.jpg",150,150,true],"cvmm-medium":["https:\/\/balcilar-blog.com\/wp-content\/uploads\/2019\/09\/ye\u015fillik.jpg",300,200,false],"cvmm-medium-plus":["https:\/\/balcilar-blog.com\/wp-content\/uploads\/2019\/09\/ye\u015fillik.jpg",305,203,false],"cvmm-portrait":["https:\/\/balcilar-blog.com\/wp-content\/uploads\/2019\/09\/ye\u015fillik.jpg",400,266,false],"cvmm-medium-square":["https:\/\/balcilar-blog.com\/wp-content\/uploads\/2019\/09\/ye\u015fillik.jpg",600,399,false],"cvmm-large":["https:\/\/balcilar-blog.com\/wp-content\/uploads\/2019\/09\/ye\u015fillik.jpg",640,426,false],"cvmm-small":["https:\/\/balcilar-blog.com\/wp-content\/uploads\/2019\/09\/ye\u015fillik.jpg",130,87,false],"full":["https:\/\/balcilar-blog.com\/wp-content\/uploads\/2019\/09\/ye\u015fillik.jpg",640,426,false]},"_links":{"self":[{"href":"https:\/\/balcilar-blog.com\/index.php?rest_route=\/wp\/v2\/posts\/25180","targetHints":{"allow":["GET"]}}],"collection":[{"href":"https:\/\/balcilar-blog.com\/index.php?rest_route=\/wp\/v2\/posts"}],"about":[{"href":"https:\/\/balcilar-blog.com\/index.php?rest_route=\/wp\/v2\/types\/post"}],"author":[{"embeddable":true,"href":"https:\/\/balcilar-blog.com\/index.php?rest_route=\/wp\/v2\/users\/3"}],"replies":[{"embeddable":true,"href":"https:\/\/balcilar-blog.com\/index.php?rest_route=%2Fwp%2Fv2%2Fcomments&post=25180"}],"version-history":[{"count":2,"href":"https:\/\/balcilar-blog.com\/index.php?rest_route=\/wp\/v2\/posts\/25180\/revisions"}],"predecessor-version":[{"id":25183,"href":"https:\/\/balcilar-blog.com\/index.php?rest_route=\/wp\/v2\/posts\/25180\/revisions\/25183"}],"wp:featuredmedia":[{"embeddable":true,"href":"https:\/\/balcilar-blog.com\/index.php?rest_route=\/wp\/v2\/media\/25182"}],"wp:attachment":[{"href":"https:\/\/balcilar-blog.com\/index.php?rest_route=%2Fwp%2Fv2%2Fmedia&parent=25180"}],"wp:term":[{"taxonomy":"category","embeddable":true,"href":"https:\/\/balcilar-blog.com\/index.php?rest_route=%2Fwp%2Fv2%2Fcategories&post=25180"},{"taxonomy":"post_tag","embeddable":true,"href":"https:\/\/balcilar-blog.com\/index.php?rest_route=%2Fwp%2Fv2%2Ftags&post=25180"}],"curies":[{"name":"wp","href":"https:\/\/api.w.org\/{rel}","templated":true}]}}