{"id":25171,"date":"2019-09-13T18:05:02","date_gmt":"2019-09-13T15:05:02","guid":{"rendered":"http:\/\/balcilar-blog.com\/?p=25171"},"modified":"2019-09-13T18:27:44","modified_gmt":"2019-09-13T15:27:44","slug":"persembeye-super-bir-dizi-daha-geldi","status":"publish","type":"post","link":"https:\/\/balcilar-blog.com\/?p=25171","title":{"rendered":"Per\u015fembe&#8217;ye S\u00fcper Bir Dizi Daha Geldi!"},"content":{"rendered":"<p><img loading=\"lazy\" decoding=\"async\" class=\"alignnone size-full wp-image-25175\" src=\"http:\/\/balcilar-blog.com\/wp-content\/uploads\/2019\/09\/mucize-doktor.jpg\" alt=\"\" width=\"640\" height=\"426\" srcset=\"https:\/\/balcilar-blog.com\/wp-content\/uploads\/2019\/09\/mucize-doktor.jpg 640w, https:\/\/balcilar-blog.com\/wp-content\/uploads\/2019\/09\/mucize-doktor-300x200.jpg 300w\" sizes=\"auto, (max-width: 640px) 100vw, 640px\" \/><\/p>\n<p>Ba\u015frollerini Taner \u00d6lmez (Ali Vefa), Onur Tuna (Ferman), Sinem \u00dcnsal (Nazl\u0131) ve Reha \u00d6zcan&#8217;\u0131n (Ali) oynad\u0131\u011f\u0131 &#8220;Mucize Doktor&#8221; dizisi d\u00fcn ak\u015fam Fox Tv&#8217;de ekranlara geldi. Per\u015fembe gecesi\u00a0 ekranlara gelen Atv&#8217;nin &#8220;Bir Zamanlar \u00c7ukurova&#8221; dizisine ciddi bir rakip olaca\u011f\u0131n\u0131 g\u00f6sterdi. Bana g\u00f6re s\u00fcper bir dizi&#8230; \u0130lk b\u00f6l\u00fcm\u00fcn\u00fc izleyen izleyiciler yeni b\u00f6l\u00fcmlerini sab\u0131rs\u0131zl\u0131kla bekleyecek ve takip edeceklerdir.<\/p>\n<p>Bir G\u00fcney Kore yap\u0131m\u0131 olan, 2013 y\u0131l\u0131nda ekranlara gelen &#8216;Mucize Doktor&#8217;un daha sonra Amerikan ve Japon versiyonlar\u0131 oynam\u0131\u015ft\u0131r. \u0130lk b\u00f6l\u00fcm reytingleri olduk\u00e7a iyi, her \u00fc\u00e7 kategoride ilk s\u0131ray\u0131 alm\u0131\u015ft\u0131r. AB&#8217;de 8,35, Total&#8217;de 7,69 ve ABC1&#8217;de 8,53 puan alm\u0131\u015ft\u0131r.<\/p>\n<p><strong>K\u0131saca Konusu: <\/strong><\/p>\n<p>Ta\u015frada bir \u015fehirde do\u011fan ve babas\u0131 taraf\u0131ndan \u00e7ok horlanan, evlatl\u0131ktan reddedildikten sonra yetimhanelerde b\u00fcy\u00fcyen Savant sendromlu \u00fcst\u00fcn zekal\u0131 Ali\u2019nin, t\u0131p fak\u00fcltesini birincilikle bitirmesinin ard\u0131ndan, asistan cerrah olarak i\u015fe ba\u015flad\u0131\u011f\u0131 \u00f6zel bir hastanede ya\u015fad\u0131klar\u0131 anlat\u0131l\u0131yor. \u00c7ok sevdi\u011fii \u00e7ocuklu\u011funda babas\u0131n\u0131n \u00e7arpt\u0131\u011f\u0131 tav\u015fan\u0131 tedavi eden doktorun da deste\u011fi ile \u00f6zel hastanede yard\u0131mc\u0131 doktor olarak \u00e7al\u0131\u015fmaya ba\u015flar.<\/p>\n<p><img loading=\"lazy\" decoding=\"async\" class=\"alignnone size-full wp-image-25172\" src=\"http:\/\/balcilar-blog.com\/wp-content\/uploads\/2019\/09\/Mucize-Doktor-4917-galeri.jpg\" alt=\"\" width=\"640\" height=\"360\" srcset=\"https:\/\/balcilar-blog.com\/wp-content\/uploads\/2019\/09\/Mucize-Doktor-4917-galeri.jpg 640w, https:\/\/balcilar-blog.com\/wp-content\/uploads\/2019\/09\/Mucize-Doktor-4917-galeri-300x169.jpg 300w\" sizes=\"auto, (max-width: 640px) 100vw, 640px\" \/><\/p>\n<p>Bu \u00f6zel hastaneye gelirken hava alan\u0131nda kaza ge\u00e7iren k\u00fc\u00e7\u00fck bir \u00e7ocu\u011fun hayat\u0131n\u0131 kurtar\u0131r, onu hava alan\u0131nda tedavi eder. Bu hareketi sosyal medyada ses getir. Cerrah Dr.Ferman asistan\u0131 olarak \u00e7al\u0131\u015faca\u011f\u0131 Doktor Ali&#8217;yi d\u0131\u015flar. Ali&#8217;nin ilk geli\u015finde Doktor Onur&#8217;un odas\u0131nda yapamad\u0131\u011f\u0131 renk uyum k\u00fcresini Ali&#8217;nin an\u0131nda yapmas\u0131 ile \u00e7ok zeki oldu\u011funu anlar ve k\u0131skan\u00e7l\u0131k ba\u015flar.<\/p>\n<p><strong><img loading=\"lazy\" decoding=\"async\" class=\"alignnone size-full wp-image-25173\" src=\"http:\/\/balcilar-blog.com\/wp-content\/uploads\/2019\/09\/5d7aa48e55427e1cd04573a2.gif\" alt=\"\" width=\"640\" height=\"359\" \/><\/strong><\/p>\n<p>Taner \u00d6lmez bana g\u00f6re \u00e7ok ba\u015far\u0131l\u0131, korkak ve \u00e7ekingen, iri g\u00f6zleri ile \u00fcrkek bak\u0131\u015flar\u0131 bamba\u015fka&#8230; Medcezir dizisinden \u00c7a\u011fatay Ulusoy ile birlikte oynam\u0131\u015flar o zaman da, Taner \u00d6lmez rol\u00fc ile \u00e7ok sevilmi\u015f, dikkatleri \u00fczerinde toplam\u0131\u015ft\u0131r.<\/p>\n<p>Bu dizi ile bir \u00e7ok izleyicimiz &#8216;Otizim&#8217; hastal\u0131\u011f\u0131 hakk\u0131nda bilgi sahibi olacakt\u0131r. Bu da dizinin \u00f6\u011fretici yay\u0131n\u0131 ortaya \u00e7\u0131kart\u0131yor.<\/p>\n<p>Bana g\u00f6re bu dizi tutacak ve reytinglerde ba\u015far\u0131l\u0131 olacakt\u0131r.<\/p>\n<p>Reytinglerin bol olsun Mucize Doktor, ba\u015far\u0131lar Taner \u00d6lmez.<\/p>\n<p>&nbsp;<\/p>\n<p>Sayg\u0131lar ve sevgiler.<\/p>\n<p>Abdurrahman Balc\u0131lar<\/p>\n<p>Twitter : <a href=\"https:\/\/twitter.com\/abbalcilar\">abdurrahman balc\u0131lar<\/a><a href=\"https:\/\/twitter.com\/abbalcilar\"><strong>@abbalcilar<\/strong><\/a><\/p>\n<p>Mail :\u00a0<a href=\"mailto:ab.balcilar@hotmail.com\">ab.balcilar@hotmail.com<\/a><\/p>\n<p>Blog:\u00a0<a href=\"http:\/\/t.co\/znqmIZgIqn\">blog.milliyet.com.tr\/cansever<\/a><\/p>\n<p>\u015eahsi Blog:\u00a0<a href=\"http:\/\/balcilar-blog.com\/\">Abdurrahman Balc\u0131lar Blog Sayfas<\/a>\u0131<\/p>\n<p>&nbsp;<\/p>\n","protected":false},"excerpt":{"rendered":"<p>Ba\u015frollerini Taner \u00d6lmez (Ali Vefa), Onur Tuna (Ferman), Sinem \u00dcnsal (Nazl\u0131) ve Reha \u00d6zcan&#8217;\u0131n (Ali) oynad\u0131\u011f\u0131 &#8220;Mucize Doktor&#8221; dizisi d\u00fcn ak\u015fam Fox Tv&#8217;de ekranlara geldi. Per\u015fembe gecesi\u00a0 ekranlara gelen Atv&#8217;nin &#8220;Bir Zamanlar \u00c7ukurova&#8221; dizisine ciddi bir rakip olaca\u011f\u0131n\u0131 g\u00f6sterdi. Bana g\u00f6re s\u00fcper bir dizi&#8230; \u0130lk b\u00f6l\u00fcm\u00fcn\u00fc izleyen izleyiciler yeni b\u00f6l\u00fcmlerini sab\u0131rs\u0131zl\u0131kla bekleyecek ve takip edeceklerdir. [&hellip;]<\/p>\n","protected":false},"author":3,"featured_media":25175,"comment_status":"open","ping_status":"open","sticky":false,"template":"","format":"standard","meta":{"footnotes":""},"categories":[2],"tags":[129,1996,1493,1997,28],"class_list":["post-25171","post","type-post","status-publish","format-standard","has-post-thumbnail","hentry","category-tv-programlari","tag-fox-tv","tag-mucize-doktor","tag-reha-ozcan","tag-sinem-unsal","tag-taner-olmez"],"views":2565,"blog_post_layout_featured_media_urls":{"thumbnail":["https:\/\/balcilar-blog.com\/wp-content\/uploads\/2019\/09\/mucize-doktor-150x150.jpg",150,150,true],"full":["https:\/\/balcilar-blog.com\/wp-content\/uploads\/2019\/09\/mucize-doktor.jpg",640,426,false]},"categories_names":{"2":{"name":"TV Programlar\u0131","link":"https:\/\/balcilar-blog.com\/?cat=2"}},"tags_names":{"129":{"name":"Fox Tv","link":"https:\/\/balcilar-blog.com\/?tag=fox-tv"},"1996":{"name":"Mucize Doktor","link":"https:\/\/balcilar-blog.com\/?tag=mucize-doktor"},"1493":{"name":"Reha \u00d6zcan","link":"https:\/\/balcilar-blog.com\/?tag=reha-ozcan"},"1997":{"name":"Sinem \u00dcnsal","link":"https:\/\/balcilar-blog.com\/?tag=sinem-unsal"},"28":{"name":"Taner \u00d6lmez","link":"https:\/\/balcilar-blog.com\/?tag=taner-olmez"}},"comments_number":"0","wpmagazine_modules_lite_featured_media_urls":{"thumbnail":["https:\/\/balcilar-blog.com\/wp-content\/uploads\/2019\/09\/mucize-doktor-150x150.jpg",150,150,true],"cvmm-medium":["https:\/\/balcilar-blog.com\/wp-content\/uploads\/2019\/09\/mucize-doktor.jpg",300,200,false],"cvmm-medium-plus":["https:\/\/balcilar-blog.com\/wp-content\/uploads\/2019\/09\/mucize-doktor.jpg",305,203,false],"cvmm-portrait":["https:\/\/balcilar-blog.com\/wp-content\/uploads\/2019\/09\/mucize-doktor.jpg",400,266,false],"cvmm-medium-square":["https:\/\/balcilar-blog.com\/wp-content\/uploads\/2019\/09\/mucize-doktor.jpg",600,399,false],"cvmm-large":["https:\/\/balcilar-blog.com\/wp-content\/uploads\/2019\/09\/mucize-doktor.jpg",640,426,false],"cvmm-small":["https:\/\/balcilar-blog.com\/wp-content\/uploads\/2019\/09\/mucize-doktor.jpg",130,87,false],"full":["https:\/\/balcilar-blog.com\/wp-content\/uploads\/2019\/09\/mucize-doktor.jpg",640,426,false]},"_links":{"self":[{"href":"https:\/\/balcilar-blog.com\/index.php?rest_route=\/wp\/v2\/posts\/25171","targetHints":{"allow":["GET"]}}],"collection":[{"href":"https:\/\/balcilar-blog.com\/index.php?rest_route=\/wp\/v2\/posts"}],"about":[{"href":"https:\/\/balcilar-blog.com\/index.php?rest_route=\/wp\/v2\/types\/post"}],"author":[{"embeddable":true,"href":"https:\/\/balcilar-blog.com\/index.php?rest_route=\/wp\/v2\/users\/3"}],"replies":[{"embeddable":true,"href":"https:\/\/balcilar-blog.com\/index.php?rest_route=%2Fwp%2Fv2%2Fcomments&post=25171"}],"version-history":[{"count":4,"href":"https:\/\/balcilar-blog.com\/index.php?rest_route=\/wp\/v2\/posts\/25171\/revisions"}],"predecessor-version":[{"id":25179,"href":"https:\/\/balcilar-blog.com\/index.php?rest_route=\/wp\/v2\/posts\/25171\/revisions\/25179"}],"wp:featuredmedia":[{"embeddable":true,"href":"https:\/\/balcilar-blog.com\/index.php?rest_route=\/wp\/v2\/media\/25175"}],"wp:attachment":[{"href":"https:\/\/balcilar-blog.com\/index.php?rest_route=%2Fwp%2Fv2%2Fmedia&parent=25171"}],"wp:term":[{"taxonomy":"category","embeddable":true,"href":"https:\/\/balcilar-blog.com\/index.php?rest_route=%2Fwp%2Fv2%2Fcategories&post=25171"},{"taxonomy":"post_tag","embeddable":true,"href":"https:\/\/balcilar-blog.com\/index.php?rest_route=%2Fwp%2Fv2%2Ftags&post=25171"}],"curies":[{"name":"wp","href":"https:\/\/api.w.org\/{rel}","templated":true}]}}