{"id":25129,"date":"2019-09-10T16:39:57","date_gmt":"2019-09-10T13:39:57","guid":{"rendered":"http:\/\/balcilar-blog.com\/?p=25129"},"modified":"2019-09-10T18:17:02","modified_gmt":"2019-09-10T15:17:02","slug":"en-cok-seyredilen-sezon-dizileri-ne-zaman-basliyor","status":"publish","type":"post","link":"https:\/\/balcilar-blog.com\/?p=25129","title":{"rendered":"Yeni 2019-2020 Sezon Dizileri Ne Zaman Ba\u015fl\u0131yor!"},"content":{"rendered":"<p><img loading=\"lazy\" decoding=\"async\" class=\"alignnone size-full wp-image-25167\" src=\"http:\/\/balcilar-blog.com\/wp-content\/uploads\/2019\/09\/cats.jpg\" alt=\"\" width=\"640\" height=\"270\" srcset=\"https:\/\/balcilar-blog.com\/wp-content\/uploads\/2019\/09\/cats.jpg 640w, https:\/\/balcilar-blog.com\/wp-content\/uploads\/2019\/09\/cats-300x127.jpg 300w\" sizes=\"auto, (max-width: 640px) 100vw, 640px\" \/><\/p>\n<p>2019 &#8211; 2020 Sezon dizileri binlerce Tv. seyircisi taraf\u0131ndan merakla bekleniyor. Her y\u0131l\u00a0 Eyl\u00fcl ay\u0131ndan ge\u00e7en sezondan gelen diziler, yaz dizilerinden be\u011fenilen dizlerin i\u015ftiraki ve yeni ba\u015flayacak dizilerle birlikte yeni sezon ba\u015fl\u0131yor. Baz\u0131lar\u0131 ba\u015flad\u0131 bile&#8230;<\/p>\n<p>\u015eimdi bu dizileri Pazartesi g\u00fcn\u00fcnden ba\u015flayarak g\u00fcn g\u00fcn s\u0131ralayal\u0131m.<\/p>\n<p>&nbsp;<\/p>\n<p><strong><span style=\"color: #ff0000;\">PAZARTES\u0130 &#8211; PAZARTES\u0130 &#8211; PAZARTES\u0130 &#8211; PAZARTES\u0130 &#8211; PAZARTES\u0130 &#8211; PAZARTES\u0130\u00a0<\/span><\/strong><\/p>\n<p><strong><span style=\"color: #0000ff;\">\u00c7UKUR<\/span><\/strong> (Show Tv) :<\/p>\n<p><img loading=\"lazy\" decoding=\"async\" class=\"alignnone size-full wp-image-25135\" src=\"http:\/\/balcilar-blog.com\/wp-content\/uploads\/2019\/09\/cukur-3-sezon-fragmani-.jpg\" alt=\"\" width=\"640\" height=\"359\" srcset=\"https:\/\/balcilar-blog.com\/wp-content\/uploads\/2019\/09\/cukur-3-sezon-fragmani-.jpg 640w, https:\/\/balcilar-blog.com\/wp-content\/uploads\/2019\/09\/cukur-3-sezon-fragmani--300x168.jpg 300w\" sizes=\"auto, (max-width: 640px) 100vw, 640px\" \/><\/p>\n<p>Ay Yap\u0131m&#8217;\u0131n iddial\u0131 dizisi \u00c7ukur&#8217;da ge\u00e7en sezon finalinde diziye yeni kat\u0131lan Ak\u0131n Ko\u00e7oval\u0131 karakteri Burak Dakak f\u0131rt\u0131na gibi girmi\u015f. Ko\u00e7oval\u0131lar darmada\u011f\u0131n olmu\u015ftur. Diziden ayr\u0131lan Yama\u00e7&#8217;\u0131n kar\u0131s\u0131 Dilan \u00c7i\u00e7ek Deniz&#8217;in yerine, Hakan: Muhaf\u0131z dizisinde \u00c7a\u011fatay Ulusoy&#8217;un Leyla karakteri ile 2 d\u00f6nem partneri olan Ay\u00e7a Ay\u015fin Turan geliyor. Bir A\u015fk Hikayesi ve G\u00fcllerin Sava\u015f\u0131 dizilerinin unutulmaz oyuncusu Damla S\u00f6nmez de diziye kat\u0131lanlar aras\u0131nda.. Bu G\u00fczel oyunculardan biri Yama\u00e7&#8217;\u0131n sevgilisi olacakt\u0131r.<\/p>\n<p>Vartolu Salih&#8217;in bebe\u011fi b\u00fcy\u00fcd\u00fc. Yeni \u00e7ocuk oyuncu dedesi \u0130dris&#8217;in ad\u0131yla an\u0131lacak.<\/p>\n<p><strong>\u00c7ukur, 3.Sezonun ilk b\u00f6l\u00fcm\u00fc 16 Eyl\u00fcl Pazartesi ak\u015fam\u0131 Show Tv. ekranlar\u0131nda.<\/strong><\/p>\n<p>&nbsp;<\/p>\n<p><span style=\"color: #0000ff;\"><strong>YASAK ELMA<\/strong><\/span> (Fox Tv) :<\/p>\n<p><img loading=\"lazy\" decoding=\"async\" class=\"alignnone size-full wp-image-25136\" src=\"http:\/\/balcilar-blog.com\/wp-content\/uploads\/2019\/09\/CvsiR_1567664970_5598.jpg\" alt=\"\" width=\"480\" height=\"507\" srcset=\"https:\/\/balcilar-blog.com\/wp-content\/uploads\/2019\/09\/CvsiR_1567664970_5598.jpg 480w, https:\/\/balcilar-blog.com\/wp-content\/uploads\/2019\/09\/CvsiR_1567664970_5598-284x300.jpg 284w\" sizes=\"auto, (max-width: 480px) 100vw, 480px\" \/><\/p>\n<p>Fasl\u0131 Model \u00f6d\u00fcll\u00fc oyuncu Iman Casablanca kat\u0131l\u0131m\u0131 ile kadrosunu g\u00fc\u00e7lendirdi. Yeni sezon fragmanlar\u0131 Fox Tv. ekranlar\u0131nda d\u00f6nmeye ba\u015flad\u0131.<\/p>\n<p>Sevilen dizi Yasak Elma, 3.sezon 48. b\u00f6l\u00fcm\u00fc ile 9 Haziran Pazartesi Saat: 20.00&#8217;de&#8230;<\/p>\n<p>&nbsp;<\/p>\n<p><span style=\"color: #0000ff;\"><strong>ZAL\u0130M \u0130STANBUL<\/strong><\/span>\u00a0 (KANALD) :<\/p>\n<p><img loading=\"lazy\" decoding=\"async\" class=\"alignnone size-full wp-image-25164\" src=\"http:\/\/balcilar-blog.com\/wp-content\/uploads\/2019\/09\/5d70e7e32269a21d906c524d.jpg\" alt=\"\" width=\"640\" height=\"360\" srcset=\"https:\/\/balcilar-blog.com\/wp-content\/uploads\/2019\/09\/5d70e7e32269a21d906c524d.jpg 640w, https:\/\/balcilar-blog.com\/wp-content\/uploads\/2019\/09\/5d70e7e32269a21d906c524d-300x169.jpg 300w\" sizes=\"auto, (max-width: 640px) 100vw, 640px\" \/><\/p>\n<p>Sevilen dizi 10.b\u00f6l\u00fcm\u00fc Pazartesi ak\u015fam\u0131 ekranlara geldi. Dizi sezon boyunca devam edecektir.<\/p>\n<p>&nbsp;<\/p>\n<p><span style=\"color: #0000ff;\"><strong>VUSLAT<\/strong><\/span> ( TRT 1) :<\/p>\n<p><img loading=\"lazy\" decoding=\"async\" class=\"alignnone size-full wp-image-25165\" src=\"http:\/\/balcilar-blog.com\/wp-content\/uploads\/2019\/09\/2413849_810x458.jpg\" alt=\"\" width=\"640\" height=\"362\" srcset=\"https:\/\/balcilar-blog.com\/wp-content\/uploads\/2019\/09\/2413849_810x458.jpg 640w, https:\/\/balcilar-blog.com\/wp-content\/uploads\/2019\/09\/2413849_810x458-300x170.jpg 300w\" sizes=\"auto, (max-width: 640px) 100vw, 640px\" \/><\/p>\n<p>Ba\u015frollerini Kadir Do\u011fulu, Devrim \u00d6zkan, \u00dcmit Kantarc\u0131lar ve Mehmet \u00d6zg\u00fcr\u2019\u00fcn payla\u015ft\u0131\u011f\u0131 Vuslat, 16 Eyl\u00fcl Pazartesi ak\u015fam\u0131 saat 20:00\u2019de yeni sezon ilk b\u00f6l\u00fcm\u00fcyle ekrana gelecek.<\/p>\n<p>&nbsp;<\/p>\n<p><strong><span style=\"color: #0000ff;\">TOZKOPARAN<\/span> <\/strong>(TRT 1) :<\/p>\n<p><img loading=\"lazy\" decoding=\"async\" class=\"alignnone size-full wp-image-25138\" src=\"http:\/\/balcilar-blog.com\/wp-content\/uploads\/2019\/09\/Tozkoparan-dizisi-Yeni-S.jpg\" alt=\"\" width=\"640\" height=\"452\" srcset=\"https:\/\/balcilar-blog.com\/wp-content\/uploads\/2019\/09\/Tozkoparan-dizisi-Yeni-S.jpg 640w, https:\/\/balcilar-blog.com\/wp-content\/uploads\/2019\/09\/Tozkoparan-dizisi-Yeni-S-300x212.jpg 300w\" sizes=\"auto, (max-width: 640px) 100vw, 640px\" \/><\/p>\n<p>\u00c7ocuklar\u0131m\u0131z\u0131 ok\u00e7ulu\u011fu sevdirmeye y\u00f6nelik Ata sporu Ok\u00e7uluk konusunu i\u015fliyor. 65 B\u00f6l\u00fcml\u00fck senaryosu yaz\u0131lan dizinin ilk b\u00f6l\u00fcm\u00fc 11 Kas\u0131m 2018 Pazar g\u00fcn\u00fc ba\u015flam\u0131\u015ft\u0131r.<\/p>\n<p>Tozkoparan 34.b\u00f6l\u00fcm\u00fc yay\u0131nlanacak. B\u00f6l\u00fcm 9 Eyl\u00fcl Pazartesi ak\u015fam\u0131 TRT 1 ekranlar\u0131nda.<\/p>\n<p>&nbsp;<\/p>\n<p><span style=\"color: #0000ff;\"><strong>\u00c7OCUK<\/strong><\/span> &#8211; STAR TV &#8211; <span style=\"color: #ff00ff;\">Yeni Dizi<\/span> :<\/p>\n<p><img loading=\"lazy\" decoding=\"async\" class=\"alignnone size-full wp-image-25140\" src=\"http:\/\/balcilar-blog.com\/wp-content\/uploads\/2019\/09\/d8G-vYiWpEqkshGTmg3Ing.jpg\" alt=\"\" width=\"572\" height=\"480\" srcset=\"https:\/\/balcilar-blog.com\/wp-content\/uploads\/2019\/09\/d8G-vYiWpEqkshGTmg3Ing.jpg 572w, https:\/\/balcilar-blog.com\/wp-content\/uploads\/2019\/09\/d8G-vYiWpEqkshGTmg3Ing-300x252.jpg 300w\" sizes=\"auto, (max-width: 572px) 100vw, 572px\" \/><\/p>\n<p>Ayla Sinema Filmi ile b\u00fcy\u00fck s\u00fckse yapan \u0130smail Hac\u0131o\u011flu, bu filmde Kore&#8217;li k\u0131z \u00e7ocu\u011fu ile ya\u015fad\u0131\u011f\u0131 duygusal ba\u011f, izleyicisinin g\u00f6zlerini ya\u015fartm\u0131\u015ft\u0131. \u00c7ocuk dizisinin Hasan&#8217;\u0131 &#8220;Ebeveynli\u011fin ne kadar \u00f6nemli oldu\u011funu g\u00f6zler \u00f6n\u00fcne seriyor.<\/p>\n<p>\u00c7ocuk, 9 Eyl\u00fcl Pazartesi ak\u015fam\u0131 ilk b\u00f6l\u00fcm\u00fc ile izleyicisi ile bulu\u015fuyor.<\/p>\n<p>&nbsp;<\/p>\n<p><strong><span style=\"color: #ff0000;\">SALI &#8211; SALI &#8211; SALI &#8211; SALI -SALI &#8211; SALI &#8211; SALI &#8211; SALI &#8211; SALI &#8211; SALI &#8211; SALI &#8211; SALI &#8211; SALI &#8211; SALI\u00a0<\/span><\/strong><\/p>\n<p><span style=\"color: #0000ff;\">E\u015eKIYA D\u00dcNYAYA H\u00dcK\u00dcMDAR OLMAZ<\/span><strong> (ATV) :<\/strong><\/p>\n<p><img loading=\"lazy\" decoding=\"async\" class=\"alignnone size-full wp-image-25141\" src=\"http:\/\/balcilar-blog.com\/wp-content\/uploads\/2019\/09\/080920191201575963244_2.jpg\" alt=\"\" width=\"640\" height=\"359\" srcset=\"https:\/\/balcilar-blog.com\/wp-content\/uploads\/2019\/09\/080920191201575963244_2.jpg 640w, https:\/\/balcilar-blog.com\/wp-content\/uploads\/2019\/09\/080920191201575963244_2-300x168.jpg 300w\" sizes=\"auto, (max-width: 640px) 100vw, 640px\" \/><\/p>\n<p>Oktay Kaynarca\u2019n\u0131n dizisi &#8220;E\u015fk\u0131ya D\u00fcnyaya H\u00fck\u00fcmdar Olmaz&#8221; 139.b\u00f6l\u00fcmde sezon finali yapm\u0131\u015ft\u0131. Dizinin ba\u015frol oyuncusu\u00a0Oktay Kaynarca sosyal medyada bir mesaj payla\u015fm\u0131\u015f, foto\u011fraf\u0131n alt\u0131na &#8216;G\u00f6rmedi\u011fimizden duymad\u0131\u011f\u0131m\u0131zdan bilmedi\u011fimizden bo\u015fverdi\u011fimizden de\u011fil, zaman\u0131n\u0131 bekledi\u011fimizdendir&#8217; notunu d\u00fc\u015ft\u00fc. Bu g\u00f6nderme kime yap\u0131ld\u0131 bilemiyoruz?<\/p>\n<p>EDHO&#8217;nun yeni sezonun Eyl\u00fcl ay\u0131n\u0131n 2. haftas\u0131 ba\u015flamas\u0131 bekleniyor. Tahminen17 Eyl\u00fcl Sal\u0131 ak\u015fam\u0131 ekranlarda olmas\u0131 bekleniyor!<\/p>\n<p>&nbsp;<\/p>\n<p><span style=\"color: #0000ff;\"><strong>KADIN<\/strong> <\/span>(FOX Tv) :<\/p>\n<p><img loading=\"lazy\" decoding=\"async\" class=\"alignnone size-full wp-image-25147\" src=\"http:\/\/balcilar-blog.com\/wp-content\/uploads\/2019\/09\/2149501_810x458.jpg\" alt=\"\" width=\"640\" height=\"362\" srcset=\"https:\/\/balcilar-blog.com\/wp-content\/uploads\/2019\/09\/2149501_810x458.jpg 640w, https:\/\/balcilar-blog.com\/wp-content\/uploads\/2019\/09\/2149501_810x458-300x170.jpg 300w\" sizes=\"auto, (max-width: 640px) 100vw, 640px\" \/><\/p>\n<p>Kad\u0131n dizisi oyuncular\u0131 sete \u00e7\u0131kt\u0131. Kad\u0131n dizisi 3. sezon \u00e7ekimleri 8 eyl\u00fcl 2019 pazar g\u00fcn\u00fc ba\u015flam\u0131\u015ft\u0131r. Kad\u0131n dizisi yap\u0131mc\u0131s\u0131 Med Yap\u0131m Fox TV\u2019ye Kad\u0131n dizisinin 65. b\u00f6l\u00fcm\u00fcn\u00fc 3 b\u00f6l\u00fcm stok \u00e7ektikten sonra 24 eyl\u00fcl 2019 sal\u0131 g\u00fcn\u00fc teslim ederse,\u00a0 Kad\u0131n dizisi en erken 24 eyl\u00fcl sal\u0131 g\u00fcn\u00fc yada en ge\u00e7 1 Ekim Sal\u0131 g\u00fcn\u00fc ekranlara gelecektir.<\/p>\n<p>&nbsp;<\/p>\n<p><strong><span style=\"color: #0000ff;\">LEKE<\/span><\/strong> (KANAL D) :<\/p>\n<p><img loading=\"lazy\" decoding=\"async\" class=\"alignnone size-full wp-image-25166\" src=\"http:\/\/balcilar-blog.com\/wp-content\/uploads\/2019\/09\/leke1.jpg\" alt=\"\" width=\"640\" height=\"334\" srcset=\"https:\/\/balcilar-blog.com\/wp-content\/uploads\/2019\/09\/leke1.jpg 640w, https:\/\/balcilar-blog.com\/wp-content\/uploads\/2019\/09\/leke1-300x157.jpg 300w\" sizes=\"auto, (max-width: 640px) 100vw, 640px\" \/><\/p>\n<p>Kanal D&#8217;nin Leke dizisi ge\u00e7en Haziran ay\u0131nda 9.b\u00f6l\u00fcm\u00fcnde sezon finali yapm\u0131\u015ft\u0131. Yeni sezon ile net bir tarih bulamad\u0131m. Eyl\u00fcl sonu ya da Ekim ba\u015f\u0131nda ba\u015flamas\u0131n\u0131 bekliyorum.<\/p>\n<p>&nbsp;<\/p>\n<p><strong><span style=\"color: #ff0000;\">\u00c7AR\u015eAMBA &#8211; \u00c7AR\u015eAMBA &#8211; \u00c7AR\u015eAMBA &#8211; \u00c7AR\u015eAMBA &#8211; \u00c7AR\u015eAMBA &#8211; \u00c7AR\u015eAMBA\u00a0<\/span><\/strong><\/p>\n<p><span style=\"color: #0000ff;\"><strong>AF\u0130LL\u0130 A\u015eK<\/strong> <\/span>(KANAL D) :<\/p>\n<p><img loading=\"lazy\" decoding=\"async\" class=\"alignnone size-full wp-image-25071\" src=\"http:\/\/balcilar-blog.com\/wp-content\/uploads\/2019\/08\/EBion3lW4AEDM6_.jpg\" alt=\"\" width=\"640\" height=\"425\" srcset=\"https:\/\/balcilar-blog.com\/wp-content\/uploads\/2019\/08\/EBion3lW4AEDM6_.jpg 640w, https:\/\/balcilar-blog.com\/wp-content\/uploads\/2019\/08\/EBion3lW4AEDM6_-300x199.jpg 300w\" sizes=\"auto, (max-width: 640px) 100vw, 640px\" \/><\/p>\n<p>Kanal D&#8217;nin yaz dizisi Afili A\u015fk \u00e7ok tuttu ve en \u00e7ok seyredilen yaz dizisi oldu. Reytingleri \u00e7ok iyi olmas\u0131 nedeni ile Kanal D sezon dizisi olarak devam ettirecektir. 13.B\u00f6l\u00fcm\u00fc yar\u0131n ak\u015fam Kanal D ekranlar\u0131nda olacak.<\/p>\n<p>&nbsp;<\/p>\n<p><strong><span style=\"color: #0000ff;\">KUZGUN<\/span> <\/strong>(STAR TV) :<\/p>\n<p><img loading=\"lazy\" decoding=\"async\" class=\"alignnone size-full wp-image-25133\" src=\"http:\/\/balcilar-blog.com\/wp-content\/uploads\/2019\/09\/kuzgun-2-sezon-tanitimiMpEVAJPOBkeU7WO1hmkz8Q.jpg\" alt=\"\" width=\"640\" height=\"423\" srcset=\"https:\/\/balcilar-blog.com\/wp-content\/uploads\/2019\/09\/kuzgun-2-sezon-tanitimiMpEVAJPOBkeU7WO1hmkz8Q.jpg 640w, https:\/\/balcilar-blog.com\/wp-content\/uploads\/2019\/09\/kuzgun-2-sezon-tanitimiMpEVAJPOBkeU7WO1hmkz8Q-300x198.jpg 300w\" sizes=\"auto, (max-width: 640px) 100vw, 640px\" \/><\/p>\n<p>Ay Yap\u0131m\u0131n sevilen dizine \u00c7arp\u0131\u015fma dizisinde yer olan Onur Saylak kat\u0131l\u0131yor.<\/p>\n<p>18 Eyl\u00fcl \u00c7ar\u015famba 2.Sezon 17.B\u00f6l\u00fcm b\u00f6l\u00fcm ile kald\u0131\u011f\u0131 yerden devam edecek.<\/p>\n<p>&nbsp;<\/p>\n<p><span style=\"color: #0000ff;\"><strong>SEN ANLAT KARADEN\u0130Z<\/strong><\/span> (ATV) :<\/p>\n<p><img loading=\"lazy\" decoding=\"async\" class=\"alignnone size-full wp-image-25132\" src=\"http:\/\/balcilar-blog.com\/wp-content\/uploads\/2019\/09\/EDpoj_VXsAIj7EF.jpg\" alt=\"\" width=\"640\" height=\"395\" srcset=\"https:\/\/balcilar-blog.com\/wp-content\/uploads\/2019\/09\/EDpoj_VXsAIj7EF.jpg 640w, https:\/\/balcilar-blog.com\/wp-content\/uploads\/2019\/09\/EDpoj_VXsAIj7EF-300x185.jpg 300w\" sizes=\"auto, (max-width: 640px) 100vw, 640px\" \/><\/p>\n<p>Atv&#8217;nin konusu Karadeniz&#8217;de ge\u00e7en dizisi &#8220;<strong>Sen Anlat Karadeniz<\/strong>&#8221; ge\u00e7ti\u011fimiz 4 Eyl\u00fcl \u00c7ar\u015famba ak\u015fam\u0131 54.b\u00f6l\u00fcm\u00fc ile yeni sezonu a\u00e7t\u0131. Ge\u00e7en y\u0131l oldu\u011fu gibi her hafta \u00c7ar\u015famba ak\u015famlar\u0131 Atv ekranlar\u0131nda olacak.<\/p>\n<p>&nbsp;<\/p>\n<p><strong><span style=\"color: #0000ff;\">D\u0130R\u0130L\u0130\u015e OSMAN<\/span><\/strong> (ATV &#8211; <span style=\"color: #ff00ff;\">Yeni Dizi<\/span>) :<\/p>\n<p><img loading=\"lazy\" decoding=\"async\" class=\"alignnone size-full wp-image-25131\" src=\"http:\/\/balcilar-blog.com\/wp-content\/uploads\/2019\/09\/020920191643579312538.jpg\" alt=\"\" width=\"640\" height=\"359\" srcset=\"https:\/\/balcilar-blog.com\/wp-content\/uploads\/2019\/09\/020920191643579312538.jpg 640w, https:\/\/balcilar-blog.com\/wp-content\/uploads\/2019\/09\/020920191643579312538-300x168.jpg 300w\" sizes=\"auto, (max-width: 640px) 100vw, 640px\" \/><\/p>\n<p>Ge\u00e7ti\u011fimiz sezon TRT 1 ekranlar\u0131nda Dirili\u015f Ertu\u011frul olarak 5 sezon devam eden dizinin devam\u0131 niteli\u011findeki Dirili\u015f Osman bu sezon Atv ekranlar\u0131nda olacak. Osmanl\u0131 Devletinin kurulu\u015fundan itibaren anlat\u0131lacak. Dizinin ba\u015f rollerinde Burak \u00d6z\u00e7ivit Osman Bey karakterine can verecek. \u015eu s\u0131ralarda haz\u0131rl\u0131klar\u0131n devam eden dizi i\u00e7in Beykoz il\u00e7esinin Riva&#8217;da kurulan kurulan plato \u00e7al\u0131\u015fmalar\u0131 devam ediyor. Hanlar, hamamlar, kaleler, camiler ve kiliseler in\u015fa ediliyor ve har\u0131l har\u0131l \u00e7al\u0131\u015fmalar devam ediyor. Avrupa&#8217;n\u0131n en b\u00fcy\u00fc\u011f\u00fc olan platoda, 60 ayr\u0131 marangoz ekibi ile 1500 ki\u015fi \u00e7al\u0131\u015ft\u0131\u011f\u0131 s\u00f6yleniyor.<\/p>\n<p>Dizinin ilk b\u00f6l\u00fcm\u00fc Eyl\u00fcl sonu ya da Ekim ba\u015f\u0131nda ekranlara gelmesi bekleniyor. Dizi yine \u00c7ar\u015famba ak\u015famlar\u0131 ekranlarda olacak.<\/p>\n<p>&nbsp;<\/p>\n<p><span style=\"color: #ff0000;\"><strong>PER\u015eEMBE &#8211; PER\u015eEMBE &#8211; PER\u015eEMBE &#8211; PER\u015eEMBE &#8211; PER\u015eEMBE &#8211; PER\u015eEMBE<\/strong><\/span><\/p>\n<p><strong><span style=\"color: #0000ff;\">B\u0130R ZAMANLAR \u00c7UKUROVA\u00a0<\/span><\/strong> (ATV) :<\/p>\n<p><img loading=\"lazy\" decoding=\"async\" class=\"alignnone size-full wp-image-25163\" src=\"http:\/\/balcilar-blog.com\/wp-content\/uploads\/2019\/09\/8c459bef-2406-4b1c-acd4-4d4ab0a4a70b.jpg\" alt=\"\" width=\"640\" height=\"370\" srcset=\"https:\/\/balcilar-blog.com\/wp-content\/uploads\/2019\/09\/8c459bef-2406-4b1c-acd4-4d4ab0a4a70b.jpg 640w, https:\/\/balcilar-blog.com\/wp-content\/uploads\/2019\/09\/8c459bef-2406-4b1c-acd4-4d4ab0a4a70b-300x173.jpg 300w\" sizes=\"auto, (max-width: 640px) 100vw, 640px\" \/><\/p>\n<p>2.Sezon 36.B\u00f6l\u00fcm fragman\u0131 yay\u0131nland\u0131. Y\u0131lmaz ile Doktor evlilik gecelerinin sabah\u0131 Z\u00fcleyha&#8217;n\u0131n yazd\u0131\u011f\u0131 mektubu bulmas\u0131 ile her \u015fey de\u011fi\u015fir.<\/p>\n<p>Bir Zamanlar \u00c7ukurova 19 Eyl\u00fcl Per\u015fembe ak\u015fam\u0131 ekranlarda.<\/p>\n<p>&nbsp;<\/p>\n<p><strong><span style=\"color: #0000ff;\">\u015eAMP\u0130YON<\/span><\/strong> (TRT 1 &#8211; <span style=\"color: #ff00ff;\">Yeni Dizi)<\/span> :<\/p>\n<p><img loading=\"lazy\" decoding=\"async\" class=\"alignnone size-full wp-image-25139\" src=\"http:\/\/balcilar-blog.com\/wp-content\/uploads\/2019\/09\/\u015eampiyon-dizisi-oyuncular\u0131.jpg\" alt=\"\" width=\"601\" height=\"480\" srcset=\"https:\/\/balcilar-blog.com\/wp-content\/uploads\/2019\/09\/\u015eampiyon-dizisi-oyuncular\u0131.jpg 601w, https:\/\/balcilar-blog.com\/wp-content\/uploads\/2019\/09\/\u015eampiyon-dizisi-oyuncular\u0131-300x240.jpg 300w\" sizes=\"auto, (max-width: 601px) 100vw, 601px\" \/><\/p>\n<p>Baba-O\u011ful hikayesini anlatan drama dizisinde, Tolgahan Say\u0131\u015fman ile Y\u0131ld\u0131z \u00c7a\u011fr\u0131 Atiksoy birlikte oynuyor. \u00c7ukur dizisinden tan\u0131d\u0131\u011f\u0131m\u0131z Ak\u015f\u0131n karakteri \u0130layda Ali\u015fan ve \u00c7eto karakteri Erkan Avc\u0131 da dizide yer al\u0131yor. O\u011flu G\u00fcne\u015f&#8217;in tedavisi i\u00e7in ringlere d\u00f6nen eski boks\u00f6r\u00fc Tolgahan Say\u0131\u015fman hayat veriyor.<\/p>\n<p>TRT 1&#8217;in yeni dizisi \u015eampiyon 12 Eyl\u00fcl Per\u015fembe ak\u015fam\u0131 ekranlarda olacak.<\/p>\n<p>&nbsp;<\/p>\n<p><strong><span style=\"color: #0000ff;\">MUC\u0130ZE DOKTOR<\/span><\/strong> (FOX TV &#8211; <span style=\"color: #ff00ff;\"><strong>Yeni Dizi<\/strong><\/span>) :<\/p>\n<p><img loading=\"lazy\" decoding=\"async\" class=\"alignnone size-full wp-image-25134\" src=\"http:\/\/balcilar-blog.com\/wp-content\/uploads\/2019\/09\/mu-ilk4.jpg\" alt=\"\" width=\"640\" height=\"380\" srcset=\"https:\/\/balcilar-blog.com\/wp-content\/uploads\/2019\/09\/mu-ilk4.jpg 640w, https:\/\/balcilar-blog.com\/wp-content\/uploads\/2019\/09\/mu-ilk4-300x178.jpg 300w\" sizes=\"auto, (max-width: 640px) 100vw, 640px\" \/><\/p>\n<p>Yap\u0131mc\u0131l\u0131\u011f\u0131n\u0131 MF Yap\u0131m\u0131n \u00fcstlendi\u011fi, Fox Tv&#8217;nin yeni dizisi Mucize Doktor&#8217;un ba\u015frollerinde Taner \u00d6lmez ve Sinem \u00dcnsal rol al\u0131yor.<\/p>\n<p>Mucize Doktorun ilk b\u00f6l\u00fcm\u00fc 12 Eyl\u00fcl Per\u015fembe Saat: 20.00&#8217;de Fox Tv ekranlar\u0131nda olacak.<\/p>\n<p>&nbsp;<\/p>\n<p><strong><span style=\"color: #ff0000;\">CUMA &#8211; CUMA &#8211; CUMA &#8211; CUMA &#8211; CUMA &#8211; CUMA &#8211; CUMA &#8211; CUMA &#8211; CUMA &#8211; CUMA &#8211; CUMA<\/span><\/strong><\/p>\n<p><strong><span style=\"color: #0000ff;\">HERCA\u0130<\/span> <\/strong>(ATV) :<\/p>\n<p><img loading=\"lazy\" decoding=\"async\" class=\"alignnone size-full wp-image-25162\" src=\"http:\/\/balcilar-blog.com\/wp-content\/uploads\/2019\/09\/656x369-miran-ve-reyyan.jpg\" alt=\"\" width=\"640\" height=\"360\" srcset=\"https:\/\/balcilar-blog.com\/wp-content\/uploads\/2019\/09\/656x369-miran-ve-reyyan.jpg 640w, https:\/\/balcilar-blog.com\/wp-content\/uploads\/2019\/09\/656x369-miran-ve-reyyan-300x169.jpg 300w\" sizes=\"auto, (max-width: 640px) 100vw, 640px\" \/><\/p>\n<p>Atv&#8217;nin fenomen dizisi \u00e7ok tuttu. \u00c7ok k\u0131sa zamanda reytinglerin tepesine kadar t\u0131rmand\u0131. Rayyan ve Miran a\u015fk\u0131 gel-gitlerle devam etti. Ak\u0131n Ak\u0131n\u00f6z\u00fc ve Ebru \u015eahin iyi bir ikili oldular. Ekranda olduk\u00e7a ba\u015far\u0131lar.<\/p>\n<p>13.B\u00f6l\u00fcm\u00fc ile 20 Eyl\u00fcl Cuma g\u00fcn\u00fc Atv. ekranlar\u0131nda olacak.<\/p>\n<p>&nbsp;<\/p>\n<p><span style=\"color: #0000ff;\"><strong>ARKA SOKAKLAR<\/strong><\/span> (KANAL D) :<\/p>\n<p><img loading=\"lazy\" decoding=\"async\" class=\"alignnone size-full wp-image-25144\" src=\"http:\/\/balcilar-blog.com\/wp-content\/uploads\/2019\/09\/5d6f806b55428518a8825811.jpg\" alt=\"\" width=\"640\" height=\"354\" srcset=\"https:\/\/balcilar-blog.com\/wp-content\/uploads\/2019\/09\/5d6f806b55428518a8825811.jpg 640w, https:\/\/balcilar-blog.com\/wp-content\/uploads\/2019\/09\/5d6f806b55428518a8825811-300x166.jpg 300w\" sizes=\"auto, (max-width: 640px) 100vw, 640px\" \/><\/p>\n<p>Ekranlar\u0131m\u0131zda 14 sezondur devam eden Arka Sokaklar yeni sezon fragman\u0131 yay\u0131nland\u0131. 552 B\u00f6l\u00fcm\u00fc ile ekranlar\u0131n\u0131zda yine Cuma ak\u015famlar\u0131 olacak.<\/p>\n<p>14.Sezon 552.B\u00f6l\u00fcm ile 14 Eyl\u00fcl Cuma Kanal D ekranlarda.<\/p>\n<p>&nbsp;<\/p>\n<p><span style=\"color: #0000ff;\"><strong>HER YERDE SEN<\/strong><\/span> (FOX TV) :<\/p>\n<p><img loading=\"lazy\" decoding=\"async\" class=\"alignnone size-full wp-image-25161\" src=\"http:\/\/balcilar-blog.com\/wp-content\/uploads\/2019\/09\/her-yerde-sen-dizisi-yeni-sezonu.jpg\" alt=\"\" width=\"640\" height=\"427\" srcset=\"https:\/\/balcilar-blog.com\/wp-content\/uploads\/2019\/09\/her-yerde-sen-dizisi-yeni-sezonu.jpg 640w, https:\/\/balcilar-blog.com\/wp-content\/uploads\/2019\/09\/her-yerde-sen-dizisi-yeni-sezonu-300x200.jpg 300w\" sizes=\"auto, (max-width: 640px) 100vw, 640px\" \/><\/p>\n<p>Fox Tv&#8217;de yazl\u0131k dizi olarak ba\u015flayan &#8220;Her Yerde Sen&#8221; olduk\u00e7a iyi gidiyor. 12 b\u00f6l\u00fcm geride kald\u0131. Reytingleri de Fox Tv.e memnun etti, bu nedenle sezon dizisi olarak devam edecektir. Ayb\u00fcke Pusat ile Furkan Abd\u0131\u00e7 iyi bir ikili oldular.<\/p>\n<p>&nbsp;<\/p>\n<p><span style=\"color: #0000ff;\"><strong>PAY\u0130TAHT ABD\u00dcLHAM\u0130D<\/strong> <\/span>(TRT 1) :<\/p>\n<p><img loading=\"lazy\" decoding=\"async\" class=\"alignnone size-full wp-image-25160\" src=\"http:\/\/balcilar-blog.com\/wp-content\/uploads\/2019\/09\/payitaht-abdulhamid-89.jpg\" alt=\"\" width=\"640\" height=\"360\" srcset=\"https:\/\/balcilar-blog.com\/wp-content\/uploads\/2019\/09\/payitaht-abdulhamid-89.jpg 640w, https:\/\/balcilar-blog.com\/wp-content\/uploads\/2019\/09\/payitaht-abdulhamid-89-300x169.jpg 300w\" sizes=\"auto, (max-width: 640px) 100vw, 640px\" \/><\/p>\n<p>Payitaht Abd\u00fclhamid dizisinin yeni y\u00f6netmeni Do\u011fan \u00dcmit Karaca dizinin yeni sezon \u00e7ekimleri i\u00e7in 19 A\u011fustos\u2019ta sete \u00e7\u0131kacaklar ve 89.b\u00f6l\u00fcm\u00fc \u00e7ekecekler.<\/p>\n<p>04 EK\u0130M Cuma ak\u015fam\u0131 izleyicisine tekrar merhaba diyecek.<\/p>\n<p>&nbsp;<\/p>\n<p><strong><span style=\"color: #ff0000;\">CUMARTES\u0130 &#8211; CUMARTES\u0130 &#8211; CUMARTES\u0130 &#8211; CUMARTES\u0130 &#8211; CUMARTES\u0130 &#8211; CUMARTES\u0130<\/span><\/strong><\/p>\n<p>&nbsp;<\/p>\n<p><strong><span style=\"color: #0000ff;\">B\u0130R A\u0130LE H\u0130KAYES\u0130<\/span><\/strong> (Fox Tv) :<\/p>\n<p><img loading=\"lazy\" decoding=\"async\" class=\"alignnone size-full wp-image-25145\" src=\"http:\/\/balcilar-blog.com\/wp-content\/uploads\/2019\/09\/bir-aile-hikayesi-yeni-sezon-heyecani.jpg\" alt=\"\" width=\"640\" height=\"427\" srcset=\"https:\/\/balcilar-blog.com\/wp-content\/uploads\/2019\/09\/bir-aile-hikayesi-yeni-sezon-heyecani.jpg 640w, https:\/\/balcilar-blog.com\/wp-content\/uploads\/2019\/09\/bir-aile-hikayesi-yeni-sezon-heyecani-300x200.jpg 300w\" sizes=\"auto, (max-width: 640px) 100vw, 640px\" \/><\/p>\n<p>Bir Aile Hikayesi 13.B\u00f6l\u00fcm\u00fc ile 14 Eyl\u00fcl Cumartesi ak\u015fam\u0131 Fox Tv ekranlar\u0131nda olacak.<\/p>\n<p>&nbsp;<\/p>\n<p><strong><span style=\"color: #0000ff;\">KALK G\u0130DEL\u0130M<\/span><\/strong> (TRT 1) :<\/p>\n<p><img loading=\"lazy\" decoding=\"async\" class=\"alignnone size-full wp-image-25137\" src=\"http:\/\/balcilar-blog.com\/wp-content\/uploads\/2019\/09\/kg76-7-e1567089918432.jpg\" alt=\"\" width=\"640\" height=\"427\" srcset=\"https:\/\/balcilar-blog.com\/wp-content\/uploads\/2019\/09\/kg76-7-e1567089918432.jpg 640w, https:\/\/balcilar-blog.com\/wp-content\/uploads\/2019\/09\/kg76-7-e1567089918432-300x200.jpg 300w\" sizes=\"auto, (max-width: 640px) 100vw, 640px\" \/><\/p>\n<p>TRT 1&#8217;in dizisi Kalk gidelim 73.b\u00f6l\u00fcm\u00fcyle 2.sezonuna kapatm\u0131\u015ft\u0131.\u00a0 74.b\u00f6l\u00fcm\u00fc ile 17 A\u011fustos 2019 yeni sezonuna ba\u015flam\u0131\u015ft\u0131.<\/p>\n<p>Bu hafta Milli Ma\u00e7 nedeni ile ekranlara gelmedi. 77.b\u00f6l\u00fcm\u00fc ile 14 Eyl\u00fcl Cumartesi ak\u015fam\u0131 ekranlar\u0131n\u0131zda olacak ve kald\u0131\u011f\u0131 yerden devam edecek.<\/p>\n<p>&nbsp;<\/p>\n<p><strong><span style=\"color: #0000ff;\">KUZEY YILDIZI &#8211; \u0130LK A\u015eK<\/span><\/strong> (SHOW TV) &#8211; <span style=\"color: #ff00ff;\">Yeni Diz<strong>i<\/strong><\/span> :<\/p>\n<p><img loading=\"lazy\" decoding=\"async\" class=\"alignnone size-full wp-image-25159\" src=\"http:\/\/balcilar-blog.com\/wp-content\/uploads\/2019\/09\/2519530_810x458.jpg\" alt=\"\" width=\"640\" height=\"362\" srcset=\"https:\/\/balcilar-blog.com\/wp-content\/uploads\/2019\/09\/2519530_810x458.jpg 640w, https:\/\/balcilar-blog.com\/wp-content\/uploads\/2019\/09\/2519530_810x458-300x170.jpg 300w\" sizes=\"auto, (max-width: 640px) 100vw, 640px\" \/><\/p>\n<p>S\u00fcre\u00e7 Film\u2019in yap\u0131mc\u0131l\u0131\u011f\u0131n\u0131 \u00fcstlendi\u011fi, y\u00f6netmen koltu\u011funa Ersoy G\u00fcler\u2019in oturdu\u011fu dizinin ba\u015frollerinde Asl\u0131han G\u00fcner ile \u0130smail Demirci oynuyor.<\/p>\n<p>Show TV\u2019de 14 Eyl\u00fcl Cumartesi ak\u015fam\u0131 ekranlarda&#8230;<\/p>\n<p>&nbsp;<\/p>\n<p><strong><span style=\"color: #ff0000;\">PAZAR &#8211; PAZAR &#8211; PAZAR &#8211; PAZAR &#8211; PAZAR -PAZAR &#8211; PAZAR &#8211; PAZAR &#8211; PAZAR &#8211; PAZAR<\/span><\/strong><\/p>\n<p><span style=\"color: #0000ff;\"><strong>SAVA\u015e\u00c7I<\/strong><\/span>\u00a0 (Fox Tv) :<\/p>\n<p><img loading=\"lazy\" decoding=\"async\" class=\"alignnone size-full wp-image-25143\" src=\"http:\/\/balcilar-blog.com\/wp-content\/uploads\/2019\/09\/Sava\u015f\u00e7\u0131-2019-yeni-sezon-ne-zaman.jpg\" alt=\"\" width=\"578\" height=\"480\" srcset=\"https:\/\/balcilar-blog.com\/wp-content\/uploads\/2019\/09\/Sava\u015f\u00e7\u0131-2019-yeni-sezon-ne-zaman.jpg 578w, https:\/\/balcilar-blog.com\/wp-content\/uploads\/2019\/09\/Sava\u015f\u00e7\u0131-2019-yeni-sezon-ne-zaman-300x249.jpg 300w\" sizes=\"auto, (max-width: 578px) 100vw, 578px\" \/><\/p>\n<p>Fox Tv&#8217;nin macera dizisi &#8220;Sava\u015f\u00e7\u0131&#8221; 26 May\u0131s Pazar ak\u015fam\u0131 76.b\u00f6l\u00fcm sezon finali yapm\u0131\u015ft\u0131. Politik sava\u015f dizisi yeni b\u00f6l\u00fcm\u00fcyle kald\u0131\u011f\u0131 yerden devam edecek. Fox Tv&#8217;nin Sava\u015f\u00e7\u0131 dizisi 4.sezonu ekranlara yine pazar ak\u015famlar\u0131 geliyor.<\/p>\n<p>Sava\u015f\u00e7\u0131 15 Eyl\u00fcl Pazar ak\u015fam\u0131 77.b\u00f6l\u00fcm ile Fox Tv ekranlar\u0131nda.<\/p>\n<p>&nbsp;<\/p>\n<p><strong><span style=\"color: #0000ff;\">A\u015eK A\u011eLATIR<\/span><\/strong> (Show Tv)<span style=\"color: #ff00ff;\"> Yeni Dizi<strong> :<\/strong><\/span><\/p>\n<p><img loading=\"lazy\" decoding=\"async\" class=\"alignnone size-full wp-image-25158\" src=\"http:\/\/balcilar-blog.com\/wp-content\/uploads\/2019\/09\/ask-aglatir.jpg\" alt=\"\" width=\"640\" height=\"358\" srcset=\"https:\/\/balcilar-blog.com\/wp-content\/uploads\/2019\/09\/ask-aglatir.jpg 640w, https:\/\/balcilar-blog.com\/wp-content\/uploads\/2019\/09\/ask-aglatir-300x168.jpg 300w\" sizes=\"auto, (max-width: 640px) 100vw, 640px\" \/><\/p>\n<p>Ge\u00e7en hafta ilk b\u00f6l\u00fcm\u00fc ile ekranlara geldi. 14 Ey\u00fcl Pazar ak\u015fam\u0131 2.b\u00f6l\u00fcm ile Show Tv. ekranlar\u0131na geliyor. Ba\u015frollerini Deniz Can Akta\u015f ile Hafsanur Sancaktutan oynad\u0131\u011f\u0131 bir a\u015fk ve drama dizisi. Konusu Kore dizilerinden al\u0131nan olduk\u00e7a duygusal bir dizi.<\/p>\n<p>&nbsp;<\/p>\n<p><span style=\"color: #0000ff;\"><strong>EL\u0130M\u0130 BIRAKMA<\/strong><\/span> (TRT 1) :<\/p>\n<p><img loading=\"lazy\" decoding=\"async\" class=\"alignnone size-full wp-image-25157\" src=\"http:\/\/balcilar-blog.com\/wp-content\/uploads\/2019\/09\/elimi-birakma_16_9_1567943468-880x495.jpg\" alt=\"\" width=\"640\" height=\"360\" srcset=\"https:\/\/balcilar-blog.com\/wp-content\/uploads\/2019\/09\/elimi-birakma_16_9_1567943468-880x495.jpg 640w, https:\/\/balcilar-blog.com\/wp-content\/uploads\/2019\/09\/elimi-birakma_16_9_1567943468-880x495-300x169.jpg 300w\" sizes=\"auto, (max-width: 640px) 100vw, 640px\" \/><\/p>\n<p>Bu sezon 2.sezonu ile ekranlara geliyor. Ge\u00e7en hafta 44.b\u00f6l\u00fcm\u00fc ekranlara geldi. Alp Nevruz ile Alina Boz rolleri payla\u015f\u0131yorlar.<\/p>\n<p>G\u00f6r\u00fcld\u00fc\u011f\u00fc gibi sezon dizileri, yaz dizileri ve yeni dizilerin ilavesi ile 2019 &#8211; 2020 sezonu olduk\u00e7a kabar\u0131k. Kendisine yer bulmak isteyen yeni dizi olduk\u00e7a fazla, aralar\u0131nda konusu itibariyle \u00e7ok g\u00fczel diziler var.\u00a0 Bu kadar dizi aras\u0131nda izleyici seyredece\u011fi diziyi bulmas\u0131 olduk\u00e7a zor. Se\u00e7ici olacak be\u011fendi\u011fi oyuncular\u0131n dizlerini se\u00e7ecektir. Konusunu be\u011fendi\u011fi dizileri izleyecektir.<\/p>\n<p>Herkese iyi seyirler.<\/p>\n<p>&nbsp;<\/p>\n<p>Sayg\u0131lar ve sevgiler.<\/p>\n<p>Abdurrahman Balc\u0131lar<\/p>\n<p>Twitter : <a href=\"https:\/\/twitter.com\/abbalcilar\">abdurrahman balc\u0131lar<\/a><a href=\"https:\/\/twitter.com\/abbalcilar\"><strong>@abbalcilar<\/strong><\/a><\/p>\n<p>Mail :\u00a0<a href=\"mailto:ab.balcilar@hotmail.com\">ab.balcilar@hotmail.com<\/a><\/p>\n<p>Blog:\u00a0<a href=\"http:\/\/t.co\/znqmIZgIqn\">blog.milliyet.com.tr\/cansever<\/a><\/p>\n<p>\u015eahsi Blog:\u00a0<a href=\"http:\/\/balcilar-blog.com\/\">Abdurrahman Balc\u0131lar Blog Sayfas<\/a>\u0131<\/p>\n<p>&nbsp;<\/p>\n<p>&nbsp;<\/p>\n<p>&nbsp;<\/p>\n<p>&nbsp;<\/p>\n<p>&nbsp;<\/p>\n<p>&nbsp;<\/p>\n<p>&nbsp;<\/p>\n<p>.<\/p>\n<p>&nbsp;<\/p>\n<p>&nbsp;<\/p>\n<p><strong>B\u0130R ZAMANLAR \u00c7UKUROVA (ATV)<\/strong><\/p>\n<p><a href=\"http:\/\/balcilar-blog.com\/wp-content\/uploads\/2019\/08\/Bir-Zamanlar-\u00c7ukurova-Yeni-Sezon.jpg\"><img loading=\"lazy\" decoding=\"async\" class=\"alignnone size-full wp-image-25047\" src=\"http:\/\/balcilar-blog.com\/wp-content\/uploads\/2019\/08\/Bir-Zamanlar-\u00c7ukurova-Yeni-Sezon.jpg\" alt=\"\" width=\"480\" height=\"482\" srcset=\"https:\/\/balcilar-blog.com\/wp-content\/uploads\/2019\/08\/Bir-Zamanlar-\u00c7ukurova-Yeni-Sezon.jpg 480w, https:\/\/balcilar-blog.com\/wp-content\/uploads\/2019\/08\/Bir-Zamanlar-\u00c7ukurova-Yeni-Sezon-150x150.jpg 150w, https:\/\/balcilar-blog.com\/wp-content\/uploads\/2019\/08\/Bir-Zamanlar-\u00c7ukurova-Yeni-Sezon-300x300.jpg 300w\" sizes=\"auto, (max-width: 480px) 100vw, 480px\" \/><\/a><\/p>\n<p>Atv&#8217;de ekranlara gelen ge\u00e7en sezon haftan\u0131n dizileri aras\u0131nda ilk s\u0131rada yer alan &#8220;Bir Zamanlar \u00c7ukurova&#8221; 35.b\u00f6l\u00fcm sezon finali ile yer yerinden oynad\u0131. Demir \u0130stanbul&#8217;a gitti, Z\u00fcleyha&#8217;n\u0131n \u00e7ocu\u011funun kendisinden oldu\u011funu \u00f6\u011frendi. Z\u00fcleyha da \u00e7ocu\u011fu ald\u0131rmak i\u00e7in do\u011fum doktoruna gitti. Ald\u0131r\u0131p ald\u0131rmad\u0131\u011f\u0131n\u0131 bu sezon \u00f6\u011frenece\u011fiz. Ald\u0131rd\u0131ysa Demir&#8217;in sevinci kursa\u011f\u0131nda kalacak. Y\u0131lmaz da mektupta yazan ger\u00e7ekleri \u00f6\u011frenecek. Yeni sezon ilk b\u00f6l\u00fcm\u00fcnde herkes ger\u00e7eklerle y\u00fczle\u015fecek! 36.B\u00f6l\u00fcm\u00fcn Eyl\u00fcl ay\u0131n\u0131n 3 yada 4.haftas\u0131nda ekranlara gelecek. Eyl\u00fcl ay\u0131 ba\u015f\u0131nda &#8220;Bir Zamanlar \u00c7ukurova&#8221; en iyi dizi dal\u0131nda Seul&#8217;de yar\u0131\u015facak. Y\u0131lmaz karakterini can veren U\u011fur G\u00fcne\u015f en iyi oyuncu dal\u0131nda yar\u0131\u015facak.<\/p>\n<p>&nbsp;<\/p>\n<p><strong>HERCA\u0130 (ATV)<\/strong><\/p>\n<p><a href=\"http:\/\/balcilar-blog.com\/wp-content\/uploads\/2019\/08\/Hercai.jpg\"><img loading=\"lazy\" decoding=\"async\" class=\"alignnone size-full wp-image-25041\" src=\"http:\/\/balcilar-blog.com\/wp-content\/uploads\/2019\/08\/Hercai.jpg\" alt=\"\" width=\"640\" height=\"399\" srcset=\"https:\/\/balcilar-blog.com\/wp-content\/uploads\/2019\/08\/Hercai.jpg 640w, https:\/\/balcilar-blog.com\/wp-content\/uploads\/2019\/08\/Hercai-300x187.jpg 300w\" sizes=\"auto, (max-width: 640px) 100vw, 640px\" \/><\/a><\/p>\n<p>Ba\u015frollerini Ak\u0131n Ak\u0131n\u00f6z\u00fc ve Ebru \u015eahin&#8217;in oynad\u0131\u011f\u0131 s\u00fcper dizi &#8220;Hercai&#8221; tutuldu. Cuma ak\u015famlar\u0131 Atv&#8217;de Hercai f\u0131rt\u0131nas\u0131 esiyor. Haftan\u0131n dizileri aras\u0131nda bir yada 2.s\u0131rada yer ald\u0131. Ge\u00e7en sezon 12.b\u00f6l\u00fcm sonunda Miran Reyyan&#8217;\u0131n g\u00f6nl\u00fcn\u00fc kazanm\u0131\u015f ve evlenme teklif etmi\u015fti. Rayyan bu teklifi kabul edip etmedi\u011fi belli de\u011fil. G\u00f6n\u00fcl Azat&#8217;a ate\u015f etmi\u015f, Azat&#8217;\u0131n \u00f6l\u00fcp \u00f6lmedi\u011fi belli olmam\u0131\u015ft\u0131. Eyl\u00fcl ay\u0131n\u0131n 3.haftas\u0131 20 Eyl\u00fcl Cuma ak\u015fam\u0131 13.b\u00f6l\u00fcmde olup bitenleri sab\u0131rs\u0131zl\u0131kla bekleyecek, hep birlikte \u00f6\u011frenece\u011fiz.<\/p>\n<p>&nbsp;<\/p>\n<p>&nbsp;<\/p>\n<p>&nbsp;<\/p>\n<p>&nbsp;<\/p>\n<p>&nbsp;<\/p>\n<p>Sizlere en \u00e7ok sevilen dizilerin yeni yay\u0131n d\u00f6nemine ne zaman ba\u015flayaca\u011f\u0131n\u0131 vermeye \u00e7al\u0131\u015ft\u0131m.<\/p>\n<p>Yeni d\u00f6nemde (2019 &#8211; 2020) keyifli seyirler. T\u00fcm okuyucular\u0131ma iyi bayramlar diliyorum.<\/p>\n<p>Sayg\u0131lar ve sevgiler.<\/p>\n<p>Abdurrahman Balc\u0131lar<\/p>\n<p>Twitter : <a href=\"https:\/\/twitter.com\/abbalcilar\">abdurrahman balc\u0131lar<\/a><a href=\"https:\/\/twitter.com\/abbalcilar\"><strong>@abbalcilar<\/strong><\/a><\/p>\n<p>Mail :\u00a0<a href=\"mailto:ab.balcilar@hotmail.com\">ab.balcilar@hotmail.com<\/a><\/p>\n<p>Blog:\u00a0<a href=\"http:\/\/t.co\/znqmIZgIqn\">blog.milliyet.com.tr\/cansever<\/a><\/p>\n<p>\u015eahsi Blog:\u00a0<a href=\"http:\/\/balcilar-blog.com\/\">Abdurrahman Balc\u0131lar Blog Sayfas\u0131<\/a><\/p>\n<p><strong>\u00a0<\/strong><\/p>\n<p><strong>*\u015eahsi Blog sayfamda ve Milliyet Blog\u2019da yay\u0131nlanan blog yaz\u0131lar\u0131 b\u00fcy\u00fck bir \u00e7al\u0131\u015fman\u0131n \u00fcr\u00fcn\u00fc olup, izinsiz ya da kaynak g\u00f6stermeden al\u0131nt\u0131 yap\u0131lamaz. Aksi halde kanuni i\u015flem yap\u0131l\u0131r.<\/strong><\/p>\n<p>&nbsp;<\/p>\n","protected":false},"excerpt":{"rendered":"<p>2019 &#8211; 2020 Sezon dizileri binlerce Tv. seyircisi taraf\u0131ndan merakla bekleniyor. Her y\u0131l\u00a0 Eyl\u00fcl ay\u0131ndan ge\u00e7en sezondan gelen diziler, yaz dizilerinden be\u011fenilen dizlerin i\u015ftiraki ve yeni ba\u015flayacak dizilerle birlikte yeni sezon ba\u015fl\u0131yor. Baz\u0131lar\u0131 ba\u015flad\u0131 bile&#8230; \u015eimdi bu dizileri Pazartesi g\u00fcn\u00fcnden ba\u015flayarak g\u00fcn g\u00fcn s\u0131ralayal\u0131m. &nbsp; PAZARTES\u0130 &#8211; PAZARTES\u0130 &#8211; PAZARTES\u0130 &#8211; PAZARTES\u0130 &#8211; PAZARTES\u0130 &#8211; [&hellip;]<\/p>\n","protected":false},"author":3,"featured_media":25167,"comment_status":"open","ping_status":"open","sticky":false,"template":"","format":"standard","meta":{"footnotes":""},"categories":[2],"tags":[1770,171,1555,1899,1873,1996,1151],"class_list":["post-25129","post","type-post","status-publish","format-standard","has-post-thumbnail","hentry","category-tv-programlari","tag-bir-zamanlar-cukurova","tag-cocuk","tag-cukur","tag-hercai","tag-kuzgun","tag-mucize-doktor","tag-sezon-dizileri"],"views":5098,"blog_post_layout_featured_media_urls":{"thumbnail":["https:\/\/balcilar-blog.com\/wp-content\/uploads\/2019\/09\/cats-150x150.jpg",150,150,true],"full":["https:\/\/balcilar-blog.com\/wp-content\/uploads\/2019\/09\/cats.jpg",640,270,false]},"categories_names":{"2":{"name":"TV Programlar\u0131","link":"https:\/\/balcilar-blog.com\/?cat=2"}},"tags_names":{"1770":{"name":"Bir Zamanlar \u00c7ukurova","link":"https:\/\/balcilar-blog.com\/?tag=bir-zamanlar-cukurova"},"171":{"name":"\u00c7ocuk","link":"https:\/\/balcilar-blog.com\/?tag=cocuk"},"1555":{"name":"\u00c7ukur","link":"https:\/\/balcilar-blog.com\/?tag=cukur"},"1899":{"name":"Hercai","link":"https:\/\/balcilar-blog.com\/?tag=hercai"},"1873":{"name":"Kuzgun","link":"https:\/\/balcilar-blog.com\/?tag=kuzgun"},"1996":{"name":"Mucize Doktor","link":"https:\/\/balcilar-blog.com\/?tag=mucize-doktor"},"1151":{"name":"Sezon Dizileri","link":"https:\/\/balcilar-blog.com\/?tag=sezon-dizileri"}},"comments_number":"0","wpmagazine_modules_lite_featured_media_urls":{"thumbnail":["https:\/\/balcilar-blog.com\/wp-content\/uploads\/2019\/09\/cats-150x150.jpg",150,150,true],"cvmm-medium":["https:\/\/balcilar-blog.com\/wp-content\/uploads\/2019\/09\/cats.jpg",300,127,false],"cvmm-medium-plus":["https:\/\/balcilar-blog.com\/wp-content\/uploads\/2019\/09\/cats.jpg",305,129,false],"cvmm-portrait":["https:\/\/balcilar-blog.com\/wp-content\/uploads\/2019\/09\/cats.jpg",400,169,false],"cvmm-medium-square":["https:\/\/balcilar-blog.com\/wp-content\/uploads\/2019\/09\/cats.jpg",600,253,false],"cvmm-large":["https:\/\/balcilar-blog.com\/wp-content\/uploads\/2019\/09\/cats.jpg",640,270,false],"cvmm-small":["https:\/\/balcilar-blog.com\/wp-content\/uploads\/2019\/09\/cats.jpg",130,55,false],"full":["https:\/\/balcilar-blog.com\/wp-content\/uploads\/2019\/09\/cats.jpg",640,270,false]},"_links":{"self":[{"href":"https:\/\/balcilar-blog.com\/index.php?rest_route=\/wp\/v2\/posts\/25129","targetHints":{"allow":["GET"]}}],"collection":[{"href":"https:\/\/balcilar-blog.com\/index.php?rest_route=\/wp\/v2\/posts"}],"about":[{"href":"https:\/\/balcilar-blog.com\/index.php?rest_route=\/wp\/v2\/types\/post"}],"author":[{"embeddable":true,"href":"https:\/\/balcilar-blog.com\/index.php?rest_route=\/wp\/v2\/users\/3"}],"replies":[{"embeddable":true,"href":"https:\/\/balcilar-blog.com\/index.php?rest_route=%2Fwp%2Fv2%2Fcomments&post=25129"}],"version-history":[{"count":6,"href":"https:\/\/balcilar-blog.com\/index.php?rest_route=\/wp\/v2\/posts\/25129\/revisions"}],"predecessor-version":[{"id":25170,"href":"https:\/\/balcilar-blog.com\/index.php?rest_route=\/wp\/v2\/posts\/25129\/revisions\/25170"}],"wp:featuredmedia":[{"embeddable":true,"href":"https:\/\/balcilar-blog.com\/index.php?rest_route=\/wp\/v2\/media\/25167"}],"wp:attachment":[{"href":"https:\/\/balcilar-blog.com\/index.php?rest_route=%2Fwp%2Fv2%2Fmedia&parent=25129"}],"wp:term":[{"taxonomy":"category","embeddable":true,"href":"https:\/\/balcilar-blog.com\/index.php?rest_route=%2Fwp%2Fv2%2Fcategories&post=25129"},{"taxonomy":"post_tag","embeddable":true,"href":"https:\/\/balcilar-blog.com\/index.php?rest_route=%2Fwp%2Fv2%2Ftags&post=25129"}],"curies":[{"name":"wp","href":"https:\/\/api.w.org\/{rel}","templated":true}]}}