{"id":25115,"date":"2019-09-01T14:57:17","date_gmt":"2019-09-01T11:57:17","guid":{"rendered":"http:\/\/balcilar-blog.com\/?p=25115"},"modified":"2019-09-02T21:16:20","modified_gmt":"2019-09-02T18:16:20","slug":"galatasarayin-yeni-golcusu-falcaou-taniyalim","status":"publish","type":"post","link":"https:\/\/balcilar-blog.com\/?p=25115","title":{"rendered":"Galatasaray&#8217;\u0131n Yeni Golc\u00fcs\u00fc Falcao&#8217;u Tan\u0131yal\u0131m!"},"content":{"rendered":"<p><img loading=\"lazy\" decoding=\"async\" class=\"alignnone size-full wp-image-25118\" src=\"http:\/\/balcilar-blog.com\/wp-content\/uploads\/2019\/09\/maxresdefault.jpg\" alt=\"\" width=\"640\" height=\"360\" srcset=\"https:\/\/balcilar-blog.com\/wp-content\/uploads\/2019\/09\/maxresdefault.jpg 640w, https:\/\/balcilar-blog.com\/wp-content\/uploads\/2019\/09\/maxresdefault-300x169.jpg 300w\" sizes=\"auto, (max-width: 640px) 100vw, 640px\" \/><\/p>\n<p>Galatasaray uzun bir bekleyi\u015ften sonra arad\u0131\u011f\u0131 golc\u00fcye sahip oldu. Bug\u00fcn saat 16.00 civar\u0131nda Atat\u00fcrk Hava alan\u0131na inmi\u015f olacak. Galatasaray, Falcao&#8217;nun transferini KAP&#8217;a bildirmi\u015ftir.<\/p>\n<p>Galatasaray 2.ba\u015fkan\u0131 Abdurrahim Albayrak, Radamel Falcao&#8217;nun Galatasaray&#8217;a transferi i\u00e7in \u00e7ok \u00e7al\u0131\u015fan, \u00e7aba g\u00f6steren isimlerinden biri olmu\u015f ve amac\u0131na ula\u015fm\u0131\u015ft\u0131r.<\/p>\n<p><img loading=\"lazy\" decoding=\"async\" class=\"alignnone size-full wp-image-25121\" src=\"http:\/\/balcilar-blog.com\/wp-content\/uploads\/2019\/09\/radamel_falcao_bir_c6276_800.jpg\" alt=\"\" width=\"640\" height=\"425\" srcset=\"https:\/\/balcilar-blog.com\/wp-content\/uploads\/2019\/09\/radamel_falcao_bir_c6276_800.jpg 640w, https:\/\/balcilar-blog.com\/wp-content\/uploads\/2019\/09\/radamel_falcao_bir_c6276_800-300x199.jpg 300w\" sizes=\"auto, (max-width: 640px) 100vw, 640px\" \/><\/p>\n<p><strong>G\u00fcney Amerika Kolombiya&#8217;l\u0131 y\u0131ld\u0131z futbolcuyu k\u0131saca tan\u0131yal\u0131m.<\/strong><\/p>\n<p>Rademel Falcao, 10 \u015eubat 1986 Kolombiya Santa Marta do\u011fumludur. 33 ya\u015f\u0131ndaki golc\u00fc futbolcu, sa\u011f ayak kullanan Santrfor oyuncusudur. 1.77 cm. boyunda olan Falcao&#8217;nun piyasa de\u011feri 10 milyon Euro&#8217;dur.<\/p>\n<p>Falcao; \u00fclkesi Kolombiya Milli tak\u0131m\u0131nda 88 ma\u00e7 oynam\u0131\u015f, 34 gol atm\u0131\u015ft\u0131r.<\/p>\n<p><img loading=\"lazy\" decoding=\"async\" class=\"alignnone size-full wp-image-25116\" src=\"http:\/\/balcilar-blog.com\/wp-content\/uploads\/2019\/09\/0x0-galatasarayda-falcao-cilginligi-mekanin-sahibi-geldi-1567274643584.jpg\" alt=\"\" width=\"730\" height=\"487\" srcset=\"https:\/\/balcilar-blog.com\/wp-content\/uploads\/2019\/09\/0x0-galatasarayda-falcao-cilginligi-mekanin-sahibi-geldi-1567274643584.jpg 730w, https:\/\/balcilar-blog.com\/wp-content\/uploads\/2019\/09\/0x0-galatasarayda-falcao-cilginligi-mekanin-sahibi-geldi-1567274643584-300x200.jpg 300w\" sizes=\"auto, (max-width: 730px) 100vw, 730px\" \/><\/p>\n<p>Profesyonel kulupler; River Plate, Porto, Atlatico Madrit, Monaco, Manchester United ve Chelsea oynam\u0131\u015ft\u0131r.<\/p>\n<p>Arjantin&#8217;in River Plate profesyonel olarak oynam\u0131\u015f, 2010-2011 sezonunda Porto formas\u0131 giymi\u015ftir. 2013-2014 sezonunda Frans\u0131z kul\u00fcb\u00fc Monaco kadrosuna ge\u00e7mi\u015ftir. Kiral\u0131k olarak da \u0130ngiliz kul\u00fcpleri Manchester United ve Chelsea&#8217;da forma giymi\u015ftir.<\/p>\n<p><img loading=\"lazy\" decoding=\"async\" class=\"alignnone size-full wp-image-25117\" src=\"http:\/\/balcilar-blog.com\/wp-content\/uploads\/2019\/09\/314x225-galatasarayda-falcao-cilginligi-mekanin-sahibi-geldi-1567275216102.jpg\" alt=\"\" width=\"640\" height=\"459\" srcset=\"https:\/\/balcilar-blog.com\/wp-content\/uploads\/2019\/09\/314x225-galatasarayda-falcao-cilginligi-mekanin-sahibi-geldi-1567275216102.jpg 640w, https:\/\/balcilar-blog.com\/wp-content\/uploads\/2019\/09\/314x225-galatasarayda-falcao-cilginligi-mekanin-sahibi-geldi-1567275216102-300x215.jpg 300w\" sizes=\"auto, (max-width: 640px) 100vw, 640px\" \/><\/p>\n<p>Son \u00fc\u00e7 sezonu Monaco&#8217;da ge\u00e7irmi\u015f ve bu kul\u00fcp ile 2016-2017 sezonunda lig \u015fampiyonlu\u011fu sevincini ya\u015fam\u0131\u015ft\u0131r. Ge\u00e7en y\u0131l Fransa 1.Futbol Ligi&#8217;nde oynad\u0131\u011f\u0131 33 ma\u00e7ta 15 gol atm\u0131\u015ft\u0131r.<\/p>\n<p>Bug\u00fcn \u0130stanbul&#8217;a gelecek olan golc\u00fc oyuncu Falcao, Galatasaray&#8217;da neler yapaca\u011f\u0131n\u0131 hep birlikte g\u00f6rece\u011fiz. Bu hafta Milli Ma\u00e7 nedeni ile S\u00fcper Lig ma\u00e7\u0131 yok.<\/p>\n<p>\u00d6n\u00fcm\u00fczdeki hafta 15 Eyl\u00fcl Pazar ak\u015fam\u0131 kendi sahas\u0131nda Kas\u0131mpa\u015fa ile ma\u00e7\u0131 var. T\u00fcrk Telekom Stadyumunda oynanacak ma\u00e7ta muhtemelen 9 numaral\u0131 formaya giyecek ve Galatasaray seyircisi kar\u015f\u0131na \u00e7\u0131kacakt\u0131r.<\/p>\n<p>&nbsp;<\/p>\n<p><strong>FALCAO EVL\u0130 \u00dc\u00c7 KIZ BABASI<\/strong><\/p>\n<p>Falcao, Polonya as\u0131ll\u0131 Arjentinli \u015fark\u0131c\u0131 Lorelei Taron ile 2007 y\u0131l\u0131nda evlenmi\u015ftir.<\/p>\n<p><img loading=\"lazy\" decoding=\"async\" class=\"alignnone size-full wp-image-25120\" src=\"http:\/\/balcilar-blog.com\/wp-content\/uploads\/2019\/09\/falcao-transferi-icin-esi-taron-a-mesaj-yagmuru-12262097_9958_o.jpg\" alt=\"\" width=\"640\" height=\"340\" srcset=\"https:\/\/balcilar-blog.com\/wp-content\/uploads\/2019\/09\/falcao-transferi-icin-esi-taron-a-mesaj-yagmuru-12262097_9958_o.jpg 640w, https:\/\/balcilar-blog.com\/wp-content\/uploads\/2019\/09\/falcao-transferi-icin-esi-taron-a-mesaj-yagmuru-12262097_9958_o-300x159.jpg 300w\" sizes=\"auto, (max-width: 640px) 100vw, 640px\" \/><\/p>\n<p>Bu evlilikten olan 6 &#8211; 4\u00a0 ve 2 ya\u015flar\u0131nda \u00fc\u00e7 k\u0131z babas\u0131d\u0131r.<\/p>\n<p>Radamel Falcao, Galatasaray 2.Ba\u015fkan\u0131 Abdurrahim Albayrak ve Falcao&#8217;nun e\u015fi Rolelei Taron ile.<\/p>\n<p><img loading=\"lazy\" decoding=\"async\" class=\"alignnone size-full wp-image-25126\" src=\"http:\/\/balcilar-blog.com\/wp-content\/uploads\/2019\/09\/5d6bda0e0f25440fd882c702.jpg\" alt=\"\" width=\"640\" height=\"414\" srcset=\"https:\/\/balcilar-blog.com\/wp-content\/uploads\/2019\/09\/5d6bda0e0f25440fd882c702.jpg 640w, https:\/\/balcilar-blog.com\/wp-content\/uploads\/2019\/09\/5d6bda0e0f25440fd882c702-300x194.jpg 300w\" sizes=\"auto, (max-width: 640px) 100vw, 640px\" \/><\/p>\n<p>Radamel Falcao&#8217;ya Galatasaray kariyerinde ba\u015far\u0131lar ve bol goller atmas\u0131n\u0131 dilerim. Galatasaray seyircisinin bu sezon S\u00fcper Lig kadar, \u015eampiyonlar Liginde Falcao&#8217;dan gol beklentisi olduk\u00e7a fazla olacakt\u0131r.<\/p>\n<p>Sayg\u0131lar ve sevgiler.<\/p>\n<p>Abdurrahman Balc\u0131lar<\/p>\n<p>Twitter : <a href=\"https:\/\/twitter.com\/abbalcilar\">abdurrahman balc\u0131lar<\/a><a href=\"https:\/\/twitter.com\/abbalcilar\"><strong>@abbalcilar<\/strong><\/a><\/p>\n<p>Mail :\u00a0<a href=\"mailto:ab.balcilar@hotmail.com\">ab.balcilar@hotmail.com<\/a><\/p>\n<p>Blog:\u00a0<a href=\"http:\/\/t.co\/znqmIZgIqn\">blog.milliyet.com.tr\/cansever<\/a><\/p>\n<p>\u015eahsi Blog:\u00a0<a href=\"http:\/\/balcilar-blog.com\/\">Abdurrahman Balc\u0131lar Blog Sayfas<\/a>\u0131<\/p>\n<p>&nbsp;<\/p>\n","protected":false},"excerpt":{"rendered":"<p>Galatasaray uzun bir bekleyi\u015ften sonra arad\u0131\u011f\u0131 golc\u00fcye sahip oldu. Bug\u00fcn saat 16.00 civar\u0131nda Atat\u00fcrk Hava alan\u0131na inmi\u015f olacak. Galatasaray, Falcao&#8217;nun transferini KAP&#8217;a bildirmi\u015ftir. Galatasaray 2.ba\u015fkan\u0131 Abdurrahim Albayrak, Radamel Falcao&#8217;nun Galatasaray&#8217;a transferi i\u00e7in \u00e7ok \u00e7al\u0131\u015fan, \u00e7aba g\u00f6steren isimlerinden biri olmu\u015f ve amac\u0131na ula\u015fm\u0131\u015ft\u0131r. G\u00fcney Amerika Kolombiya&#8217;l\u0131 y\u0131ld\u0131z futbolcuyu k\u0131saca tan\u0131yal\u0131m. Rademel Falcao, 10 \u015eubat 1986 Kolombiya [&hellip;]<\/p>\n","protected":false},"author":3,"featured_media":25118,"comment_status":"open","ping_status":"open","sticky":false,"template":"","format":"standard","meta":{"footnotes":""},"categories":[6],"tags":[1993,1994,1991,1992,1990,1989],"class_list":["post-25115","post","type-post","status-publish","format-standard","has-post-thumbnail","hentry","category-futbol","tag-galatasaray","tag-golcu","tag-kolombiya","tag-lorelei-taron","tag-monaco","tag-radamel-falcao"],"views":2123,"blog_post_layout_featured_media_urls":{"thumbnail":["https:\/\/balcilar-blog.com\/wp-content\/uploads\/2019\/09\/maxresdefault-150x150.jpg",150,150,true],"full":["https:\/\/balcilar-blog.com\/wp-content\/uploads\/2019\/09\/maxresdefault.jpg",640,360,false]},"categories_names":{"6":{"name":"Futbol","link":"https:\/\/balcilar-blog.com\/?cat=6"}},"tags_names":{"1993":{"name":"Galatasaray","link":"https:\/\/balcilar-blog.com\/?tag=galatasaray"},"1994":{"name":"Golc\u00fc","link":"https:\/\/balcilar-blog.com\/?tag=golcu"},"1991":{"name":"Kolombiya","link":"https:\/\/balcilar-blog.com\/?tag=kolombiya"},"1992":{"name":"Lorelei Taron","link":"https:\/\/balcilar-blog.com\/?tag=lorelei-taron"},"1990":{"name":"Monaco","link":"https:\/\/balcilar-blog.com\/?tag=monaco"},"1989":{"name":"Radamel Falcao","link":"https:\/\/balcilar-blog.com\/?tag=radamel-falcao"}},"comments_number":"0","wpmagazine_modules_lite_featured_media_urls":{"thumbnail":["https:\/\/balcilar-blog.com\/wp-content\/uploads\/2019\/09\/maxresdefault-150x150.jpg",150,150,true],"cvmm-medium":["https:\/\/balcilar-blog.com\/wp-content\/uploads\/2019\/09\/maxresdefault.jpg",300,169,false],"cvmm-medium-plus":["https:\/\/balcilar-blog.com\/wp-content\/uploads\/2019\/09\/maxresdefault.jpg",305,172,false],"cvmm-portrait":["https:\/\/balcilar-blog.com\/wp-content\/uploads\/2019\/09\/maxresdefault.jpg",400,225,false],"cvmm-medium-square":["https:\/\/balcilar-blog.com\/wp-content\/uploads\/2019\/09\/maxresdefault.jpg",600,338,false],"cvmm-large":["https:\/\/balcilar-blog.com\/wp-content\/uploads\/2019\/09\/maxresdefault.jpg",640,360,false],"cvmm-small":["https:\/\/balcilar-blog.com\/wp-content\/uploads\/2019\/09\/maxresdefault.jpg",130,73,false],"full":["https:\/\/balcilar-blog.com\/wp-content\/uploads\/2019\/09\/maxresdefault.jpg",640,360,false]},"_links":{"self":[{"href":"https:\/\/balcilar-blog.com\/index.php?rest_route=\/wp\/v2\/posts\/25115","targetHints":{"allow":["GET"]}}],"collection":[{"href":"https:\/\/balcilar-blog.com\/index.php?rest_route=\/wp\/v2\/posts"}],"about":[{"href":"https:\/\/balcilar-blog.com\/index.php?rest_route=\/wp\/v2\/types\/post"}],"author":[{"embeddable":true,"href":"https:\/\/balcilar-blog.com\/index.php?rest_route=\/wp\/v2\/users\/3"}],"replies":[{"embeddable":true,"href":"https:\/\/balcilar-blog.com\/index.php?rest_route=%2Fwp%2Fv2%2Fcomments&post=25115"}],"version-history":[{"count":5,"href":"https:\/\/balcilar-blog.com\/index.php?rest_route=\/wp\/v2\/posts\/25115\/revisions"}],"predecessor-version":[{"id":25127,"href":"https:\/\/balcilar-blog.com\/index.php?rest_route=\/wp\/v2\/posts\/25115\/revisions\/25127"}],"wp:featuredmedia":[{"embeddable":true,"href":"https:\/\/balcilar-blog.com\/index.php?rest_route=\/wp\/v2\/media\/25118"}],"wp:attachment":[{"href":"https:\/\/balcilar-blog.com\/index.php?rest_route=%2Fwp%2Fv2%2Fmedia&parent=25115"}],"wp:term":[{"taxonomy":"category","embeddable":true,"href":"https:\/\/balcilar-blog.com\/index.php?rest_route=%2Fwp%2Fv2%2Fcategories&post=25115"},{"taxonomy":"post_tag","embeddable":true,"href":"https:\/\/balcilar-blog.com\/index.php?rest_route=%2Fwp%2Fv2%2Ftags&post=25115"}],"curies":[{"name":"wp","href":"https:\/\/api.w.org\/{rel}","templated":true}]}}