{"id":25090,"date":"2019-08-28T23:30:23","date_gmt":"2019-08-28T20:30:23","guid":{"rendered":"http:\/\/balcilar-blog.com\/?p=25090"},"modified":"2019-08-29T13:13:05","modified_gmt":"2019-08-29T10:13:05","slug":"ay-yapim-dizileri-ile-guney-koreden-bos-donmuyor","status":"publish","type":"post","link":"https:\/\/balcilar-blog.com\/?p=25090","title":{"rendered":"Ay Yap\u0131m Dizileri \u0130le G\u00fcney Kore&#8217;den Bo\u015f D\u00f6nm\u00fcyor!"},"content":{"rendered":"<p><img loading=\"lazy\" decoding=\"async\" class=\"alignnone size-full wp-image-25093\" src=\"http:\/\/balcilar-blog.com\/wp-content\/uploads\/2019\/08\/CARPISMA-AFIS.jpg\" alt=\"\" width=\"470\" height=\"640\" srcset=\"https:\/\/balcilar-blog.com\/wp-content\/uploads\/2019\/08\/CARPISMA-AFIS.jpg 470w, https:\/\/balcilar-blog.com\/wp-content\/uploads\/2019\/08\/CARPISMA-AFIS-220x300.jpg 220w\" sizes=\"auto, (max-width: 470px) 100vw, 470px\" \/><\/p>\n<p>Ay Yap\u0131m&#8217;\u0131n &#8220;\u00c7arp\u0131\u015fma&#8221; dizisi G\u00fcney Kore&#8217;den bu y\u0131l da \u00f6d\u00fclle d\u00f6n\u00fcyor. Y\u0131llard\u0131r kat\u0131ld\u0131\u011f\u0131 G\u00fcney Kore Drama \u00d6d\u00fcl yar\u0131\u015fmalar\u0131nda \u00f6d\u00fcllerle d\u00f6nmeye al\u0131\u015fkanl\u0131k haline getirdi. Bu y\u0131l kat\u0131ld\u0131\u011f\u0131 Seul Drama \u00d6d\u00fcllerinde &#8216;En \u0130yi Dizi&#8217; kategorisinde G\u00fcm\u00fc\u015f \u00f6d\u00fcle lay\u0131k g\u00f6r\u00fclm\u00fc\u015f. Ge\u00e7en Sezon Show Tv ekranlar\u0131nda izledi\u011fimiz &#8220;\u00c7arp\u0131\u015fma&#8221; ile kat\u0131ld\u0131. Dizinin ba\u015frollerinde yer alan Alperen Duymaz kat\u0131ld\u0131 ve \u00f6d\u00fclle d\u00f6nd\u00fc.<\/p>\n<p><img loading=\"lazy\" decoding=\"async\" class=\"alignnone size-full wp-image-25092\" src=\"http:\/\/balcilar-blog.com\/wp-content\/uploads\/2019\/08\/Alperen-Duymaz-Seoul-Odul-Toreni-2.jpg\" alt=\"\" width=\"609\" height=\"480\" srcset=\"https:\/\/balcilar-blog.com\/wp-content\/uploads\/2019\/08\/Alperen-Duymaz-Seoul-Odul-Toreni-2.jpg 609w, https:\/\/balcilar-blog.com\/wp-content\/uploads\/2019\/08\/Alperen-Duymaz-Seoul-Odul-Toreni-2-300x236.jpg 300w\" sizes=\"auto, (max-width: 609px) 100vw, 609px\" \/><\/p>\n<p>G\u00fcney Kore Seul de her y\u0131l yap\u0131lan yar\u0131\u015fmaya 19 \u00fclkeden 45 finalist ile yar\u0131\u015ft\u0131 ve 2.lik \u00f6d\u00fcl\u00fc olan G\u00fcm\u00fc\u015f \u00f6d\u00fclle \u00f6d\u00fcllendirildi.<\/p>\n<p><img loading=\"lazy\" decoding=\"async\" class=\"alignnone size-full wp-image-25091\" src=\"http:\/\/balcilar-blog.com\/wp-content\/uploads\/2019\/08\/Alperen-Duymaz-Seoul-Odul-Toreni-1.jpg\" alt=\"\" width=\"640\" height=\"351\" srcset=\"https:\/\/balcilar-blog.com\/wp-content\/uploads\/2019\/08\/Alperen-Duymaz-Seoul-Odul-Toreni-1.jpg 640w, https:\/\/balcilar-blog.com\/wp-content\/uploads\/2019\/08\/Alperen-Duymaz-Seoul-Odul-Toreni-1-300x165.jpg 300w\" sizes=\"auto, (max-width: 640px) 100vw, 640px\" \/><\/p>\n<p>Dizide canland\u0131rd\u0131\u011f\u0131 Kerem karakteri ile olduk\u00e7a be\u011fenilmi\u015fti. Alperen Duymaz bu \u00f6d\u00fcl\u00fc &#8220;Ay Yap\u0131m ve \u00c7arp\u0131\u015fma ekibi ad\u0131na al\u0131yorum. \u00c7ok te\u015fekk\u00fcrler&#8221; diye k\u0131sa bir konu\u015fma yapt\u0131 ve \u00f6d\u00fcl\u00fc ald\u0131.<\/p>\n<p>Ge\u00e7ti\u011fimiz y\u0131llarda, \u00c7a\u011fatay Ulusoy, Engin Aky\u00fcrek ve Kerem Bursin kat\u0131lm\u0131\u015f, Ezel, Medcezir, Kara Para A\u015fk, Cesur ve G\u00fczel, Bu \u015eehir Arkandan Gelecek gibi diziler yar\u0131\u015fmaya kat\u0131lm\u0131\u015flard\u0131. Her seferinde \u00f6d\u00fcle lay\u0131k g\u00f6r\u00fclm\u00fc\u015flerdir. 2019 y\u0131l\u0131nda da Seul&#8217;den \u00d6d\u00fcl\u00fc almak Alperen Duymaz&#8217;a nasip olmu\u015ftur.<\/p>\n<p><img loading=\"lazy\" decoding=\"async\" class=\"alignnone size-full wp-image-25095\" src=\"http:\/\/balcilar-blog.com\/wp-content\/uploads\/2019\/08\/EB4xPkfX4AEDv7H.jpg\" alt=\"\" width=\"480\" height=\"543\" srcset=\"https:\/\/balcilar-blog.com\/wp-content\/uploads\/2019\/08\/EB4xPkfX4AEDv7H.jpg 480w, https:\/\/balcilar-blog.com\/wp-content\/uploads\/2019\/08\/EB4xPkfX4AEDv7H-265x300.jpg 265w\" sizes=\"auto, (max-width: 480px) 100vw, 480px\" \/><\/p>\n<p>Ay Yap\u0131m&#8217;a bu ba\u015far\u0131s\u0131ndan dolay\u0131 tebrik eder, daha nice yar\u0131\u015fmalardan \u00f6d\u00fcl almas\u0131 dile\u011fi ile&#8230;<\/p>\n<p>&nbsp;<\/p>\n<p>Sayg\u0131lar ve sevgiler.<\/p>\n<p>Abdurrahman Balc\u0131lar<\/p>\n<p>Twitter : <a href=\"https:\/\/twitter.com\/abbalcilar\">abdurrahman balc\u0131lar<\/a><a href=\"https:\/\/twitter.com\/abbalcilar\"><strong>@abbalcilar<\/strong><\/a><\/p>\n<p>Mail :\u00a0<a href=\"mailto:ab.balcilar@hotmail.com\">ab.balcilar@hotmail.com<\/a><\/p>\n<p>Blog:\u00a0<a href=\"http:\/\/t.co\/znqmIZgIqn\">blog.milliyet.com.tr\/cansever<\/a><\/p>\n<p>\u015eahsi Blog:\u00a0<a href=\"http:\/\/balcilar-blog.com\/\">Abdurrahman Balc\u0131lar Blog Sayfas<\/a>\u0131<\/p>\n<p>&nbsp;<\/p>\n<p>Kaynak haber; Ay Yap\u0131m Bas\u0131n B\u00fclteni.<\/p>\n<p>&nbsp;<\/p>\n<p>&nbsp;<\/p>\n","protected":false},"excerpt":{"rendered":"<p>Ay Yap\u0131m&#8217;\u0131n &#8220;\u00c7arp\u0131\u015fma&#8221; dizisi G\u00fcney Kore&#8217;den bu y\u0131l da \u00f6d\u00fclle d\u00f6n\u00fcyor. Y\u0131llard\u0131r kat\u0131ld\u0131\u011f\u0131 G\u00fcney Kore Drama \u00d6d\u00fcl yar\u0131\u015fmalar\u0131nda \u00f6d\u00fcllerle d\u00f6nmeye al\u0131\u015fkanl\u0131k haline getirdi. Bu y\u0131l kat\u0131ld\u0131\u011f\u0131 Seul Drama \u00d6d\u00fcllerinde &#8216;En \u0130yi Dizi&#8217; kategorisinde G\u00fcm\u00fc\u015f \u00f6d\u00fcle lay\u0131k g\u00f6r\u00fclm\u00fc\u015f. Ge\u00e7en Sezon Show Tv ekranlar\u0131nda izledi\u011fimiz &#8220;\u00c7arp\u0131\u015fma&#8221; ile kat\u0131ld\u0131. Dizinin ba\u015frollerinde yer alan Alperen Duymaz kat\u0131ld\u0131 ve \u00f6d\u00fclle [&hellip;]<\/p>\n","protected":false},"author":3,"featured_media":25091,"comment_status":"open","ping_status":"open","sticky":false,"template":"","format":"standard","meta":{"footnotes":""},"categories":[2],"tags":[1653,15,1834,82,504,1894],"class_list":["post-25090","post","type-post","status-publish","format-standard","has-post-thumbnail","hentry","category-tv-programlari","tag-alperen-duymaz","tag-cagatay-ulusoy","tag-carpisma","tag-engin-akyurek","tag-guney-kore","tag-seul"],"views":2516,"blog_post_layout_featured_media_urls":{"thumbnail":["https:\/\/balcilar-blog.com\/wp-content\/uploads\/2019\/08\/Alperen-Duymaz-Seoul-Odul-Toreni-1-150x150.jpg",150,150,true],"full":["https:\/\/balcilar-blog.com\/wp-content\/uploads\/2019\/08\/Alperen-Duymaz-Seoul-Odul-Toreni-1.jpg",640,351,false]},"categories_names":{"2":{"name":"TV Programlar\u0131","link":"https:\/\/balcilar-blog.com\/?cat=2"}},"tags_names":{"1653":{"name":"Alperen Duymaz","link":"https:\/\/balcilar-blog.com\/?tag=alperen-duymaz"},"15":{"name":"\u00e7a\u011fatay ulusoy","link":"https:\/\/balcilar-blog.com\/?tag=cagatay-ulusoy"},"1834":{"name":"\u00c7arp\u0131\u015fma","link":"https:\/\/balcilar-blog.com\/?tag=carpisma"},"82":{"name":"Engin Aky\u00fcrek","link":"https:\/\/balcilar-blog.com\/?tag=engin-akyurek"},"504":{"name":"G\u00fcney Kore","link":"https:\/\/balcilar-blog.com\/?tag=guney-kore"},"1894":{"name":"Seul","link":"https:\/\/balcilar-blog.com\/?tag=seul"}},"comments_number":"0","wpmagazine_modules_lite_featured_media_urls":{"thumbnail":["https:\/\/balcilar-blog.com\/wp-content\/uploads\/2019\/08\/Alperen-Duymaz-Seoul-Odul-Toreni-1-150x150.jpg",150,150,true],"cvmm-medium":["https:\/\/balcilar-blog.com\/wp-content\/uploads\/2019\/08\/Alperen-Duymaz-Seoul-Odul-Toreni-1.jpg",300,165,false],"cvmm-medium-plus":["https:\/\/balcilar-blog.com\/wp-content\/uploads\/2019\/08\/Alperen-Duymaz-Seoul-Odul-Toreni-1.jpg",305,167,false],"cvmm-portrait":["https:\/\/balcilar-blog.com\/wp-content\/uploads\/2019\/08\/Alperen-Duymaz-Seoul-Odul-Toreni-1.jpg",400,219,false],"cvmm-medium-square":["https:\/\/balcilar-blog.com\/wp-content\/uploads\/2019\/08\/Alperen-Duymaz-Seoul-Odul-Toreni-1.jpg",600,329,false],"cvmm-large":["https:\/\/balcilar-blog.com\/wp-content\/uploads\/2019\/08\/Alperen-Duymaz-Seoul-Odul-Toreni-1.jpg",640,351,false],"cvmm-small":["https:\/\/balcilar-blog.com\/wp-content\/uploads\/2019\/08\/Alperen-Duymaz-Seoul-Odul-Toreni-1.jpg",130,71,false],"full":["https:\/\/balcilar-blog.com\/wp-content\/uploads\/2019\/08\/Alperen-Duymaz-Seoul-Odul-Toreni-1.jpg",640,351,false]},"_links":{"self":[{"href":"https:\/\/balcilar-blog.com\/index.php?rest_route=\/wp\/v2\/posts\/25090","targetHints":{"allow":["GET"]}}],"collection":[{"href":"https:\/\/balcilar-blog.com\/index.php?rest_route=\/wp\/v2\/posts"}],"about":[{"href":"https:\/\/balcilar-blog.com\/index.php?rest_route=\/wp\/v2\/types\/post"}],"author":[{"embeddable":true,"href":"https:\/\/balcilar-blog.com\/index.php?rest_route=\/wp\/v2\/users\/3"}],"replies":[{"embeddable":true,"href":"https:\/\/balcilar-blog.com\/index.php?rest_route=%2Fwp%2Fv2%2Fcomments&post=25090"}],"version-history":[{"count":3,"href":"https:\/\/balcilar-blog.com\/index.php?rest_route=\/wp\/v2\/posts\/25090\/revisions"}],"predecessor-version":[{"id":25097,"href":"https:\/\/balcilar-blog.com\/index.php?rest_route=\/wp\/v2\/posts\/25090\/revisions\/25097"}],"wp:featuredmedia":[{"embeddable":true,"href":"https:\/\/balcilar-blog.com\/index.php?rest_route=\/wp\/v2\/media\/25091"}],"wp:attachment":[{"href":"https:\/\/balcilar-blog.com\/index.php?rest_route=%2Fwp%2Fv2%2Fmedia&parent=25090"}],"wp:term":[{"taxonomy":"category","embeddable":true,"href":"https:\/\/balcilar-blog.com\/index.php?rest_route=%2Fwp%2Fv2%2Fcategories&post=25090"},{"taxonomy":"post_tag","embeddable":true,"href":"https:\/\/balcilar-blog.com\/index.php?rest_route=%2Fwp%2Fv2%2Ftags&post=25090"}],"curies":[{"name":"wp","href":"https:\/\/api.w.org\/{rel}","templated":true}]}}