{"id":25038,"date":"2019-08-10T23:17:18","date_gmt":"2019-08-10T20:17:18","guid":{"rendered":"http:\/\/balcilar-blog.com\/?p=25038"},"modified":"2019-08-10T23:34:33","modified_gmt":"2019-08-10T20:34:33","slug":"yeni-sezon-2019-2020-dizileri-ne-zaman-baslayacak","status":"publish","type":"post","link":"https:\/\/balcilar-blog.com\/?p=25038","title":{"rendered":"Yeni Sezon (2019 &#8211; 2020) Dizileri Ne Zaman Ba\u015flayacak!"},"content":{"rendered":"<p><a href=\"http:\/\/balcilar-blog.com\/wp-content\/uploads\/2019\/08\/cats-1.jpg\"><img loading=\"lazy\" decoding=\"async\" class=\"alignnone size-full wp-image-25053\" src=\"http:\/\/balcilar-blog.com\/wp-content\/uploads\/2019\/08\/cats-1.jpg\" alt=\"\" width=\"640\" height=\"224\" srcset=\"https:\/\/balcilar-blog.com\/wp-content\/uploads\/2019\/08\/cats-1.jpg 640w, https:\/\/balcilar-blog.com\/wp-content\/uploads\/2019\/08\/cats-1-300x105.jpg 300w\" sizes=\"auto, (max-width: 640px) 100vw, 640px\" \/><\/a><\/p>\n<p>Ge\u00e7ti\u011fimiz May\u0131s &#8211; Haziran ay\u0131nda en \u00e7ok seyredilen diziler, sezon finali yapm\u0131\u015f yaz tatiline girmi\u015flerdi. A\u011fustos ortas\u0131na geldi\u011fimiz \u015fu s\u0131ralarda tatil bitti yeni\u015f sezon \u00e7al\u0131\u015fmalar\u0131 ba\u015flad\u0131. Sevilen diziler har\u0131l har\u0131l yeni sezona haz\u0131rlan\u0131yor. Kald\u0131klar\u0131 yerden yeni b\u00f6l\u00fcmleri ve b\u00f6l\u00fcm tan\u0131t\u0131m fragmanlar\u0131n\u0131 \u00e7ekiliyor. Baz\u0131 dizilerin yeni b\u00f6l\u00fcm tan\u0131t\u0131m fragmanlar\u0131 kanallarda pek yak\u0131nda d\u00f6nmeye ba\u015flayacakt\u0131r.<\/p>\n<p>Yapt\u0131\u011f\u0131m ara\u015ft\u0131rmalara g\u00f6re, durumu netlik kazanan sezon dizilerinin ba\u015flama tarihlerini a\u015fa\u011f\u0131da veriyorum.<\/p>\n<p>&nbsp;<\/p>\n<p><strong>EN \u00c7OK SEYRED\u0130LEN D\u0130Z\u0130LER YEN\u0130 SEZONA NE ZAMAN BA\u015eLIYOR?<\/strong><\/p>\n<p><strong>D\u0130R\u0130L\u0130\u015e OSMAN (ATV)<\/strong><\/p>\n<p><a href=\"http:\/\/balcilar-blog.com\/wp-content\/uploads\/2019\/08\/dirilis-osman-dizisi-yeni-s.jpg\"><img loading=\"lazy\" decoding=\"async\" class=\"alignnone size-full wp-image-25040\" src=\"http:\/\/balcilar-blog.com\/wp-content\/uploads\/2019\/08\/dirilis-osman-dizisi-yeni-s.jpg\" alt=\"\" width=\"640\" height=\"372\" srcset=\"https:\/\/balcilar-blog.com\/wp-content\/uploads\/2019\/08\/dirilis-osman-dizisi-yeni-s.jpg 640w, https:\/\/balcilar-blog.com\/wp-content\/uploads\/2019\/08\/dirilis-osman-dizisi-yeni-s-300x174.jpg 300w\" sizes=\"auto, (max-width: 640px) 100vw, 640px\" \/><\/a><\/p>\n<p>TRT1\u2019DE 5 sezon devam eden Dirili\u015f Ertu\u011frul 150.b\u00f6l\u00fcmde ekranlara veda ederek ge\u00e7en May\u0131s ay\u0131nda sone erdi. Yeni sezonda Engin Altan D\u00fczyatan yerine Osman Gazi Karakterini Burak \u00d6z\u00e7ivit canland\u0131racak. Osman Gazi&#8217;nin yeni kanal\u0131 Atv oldu. \u00c7ekim haz\u0131rl\u0131klar\u0131 devam eden dizi, en erkan Eyl\u00fcl sonu, yada Ekim ba\u015f\u0131nda ba\u015flayacak. Bir y\u0131ld\u0131r haz\u0131rl\u0131klar\u0131n\u0131 devam eden \u00d6z\u00e7ivit, d\u00f6v\u00fc\u015f, at binme, k\u0131l\u0131\u00e7 kullanma ve ok\u00e7uluk dersleri ald\u0131. Dizinin yap\u0131mc\u0131l\u0131\u011f\u0131n\u0131 \u00fcstlenen Mehmet Bozda\u011f&#8217;\u0131n a\u00e7\u0131klamalar\u0131na g\u00f6re Osman Gazi 10 ya\u015f\u0131nda \u00e7ocuklu\u011fundan ba\u015flayarak \u00e7ekimler yap\u0131lacak.<\/p>\n<p>&nbsp;<\/p>\n<p><strong>KALK G\u0130DEL\u0130M (TRT1)<\/strong><\/p>\n<p><a href=\"http:\/\/balcilar-blog.com\/wp-content\/uploads\/2019\/08\/kalk-gidelim.jpg\"><img loading=\"lazy\" decoding=\"async\" class=\"alignnone size-full wp-image-25052\" src=\"http:\/\/balcilar-blog.com\/wp-content\/uploads\/2019\/08\/kalk-gidelim.jpg\" alt=\"\" width=\"457\" height=\"640\" srcset=\"https:\/\/balcilar-blog.com\/wp-content\/uploads\/2019\/08\/kalk-gidelim.jpg 457w, https:\/\/balcilar-blog.com\/wp-content\/uploads\/2019\/08\/kalk-gidelim-214x300.jpg 214w\" sizes=\"auto, (max-width: 457px) 100vw, 457px\" \/><\/a><\/p>\n<p>25 May\u0131s 2019 tarihinde 73.b\u00f6l\u00fcmde sezon finali yapm\u0131\u015f ve tatile girmi\u015fti. A\u011fustos ba\u015f\u0131nda yeni sezon \u00e7ekimleri ba\u015flam\u0131\u015ft\u0131. 17 A\u011fustos Cuma ak\u015fam\u0131 74.b\u00f6l\u00fcm\u00fc ile 3. sezona ba\u015fl\u0131yor.<\/p>\n<p>&nbsp;<\/p>\n<p><strong>SEN ANLAT KARADEN\u0130Z (ATV)\u00a0<\/strong><\/p>\n<p><img loading=\"lazy\" decoding=\"async\" class=\"alignnone size-full wp-image-22445\" src=\"http:\/\/balcilar-blog.com\/wp-content\/uploads\/2018\/06\/0x0-19-bolum-fot-2.jpg\" alt=\"\" width=\"640\" height=\"427\" srcset=\"https:\/\/balcilar-blog.com\/wp-content\/uploads\/2018\/06\/0x0-19-bolum-fot-2.jpg 640w, https:\/\/balcilar-blog.com\/wp-content\/uploads\/2018\/06\/0x0-19-bolum-fot-2-300x200.jpg 300w\" sizes=\"auto, (max-width: 640px) 100vw, 640px\" \/><\/p>\n<p>Sen Anlat Karadeniz 3.sezonu heyecanla bekleniyor. Ula\u015f Tuna Astepe (Deli Tahir) \u0130rem Helvac\u0131o\u011flu (Nefes) ile payla\u015ft\u0131klar\u0131 Sen Anlat Karadeniz dizisi muhtemelen 18 Eyl\u00fcl \u00c7ar\u015famba ak\u015fam\u0131 Atv&#8217;de ekranlara gelecek! Bir dedi-koduya g\u00f6re \u0130rem Helvac\u0131o\u011flu&#8217;nun diziden ayr\u0131laca\u011f\u0131 s\u00f6yleniyor.<\/p>\n<p>&nbsp;<\/p>\n<p><strong>B\u0130R ZAMANLAR \u00c7UKUROVA (ATV)<\/strong><\/p>\n<p><a href=\"http:\/\/balcilar-blog.com\/wp-content\/uploads\/2019\/08\/Bir-Zamanlar-\u00c7ukurova-Yeni-Sezon.jpg\"><img loading=\"lazy\" decoding=\"async\" class=\"alignnone size-full wp-image-25047\" src=\"http:\/\/balcilar-blog.com\/wp-content\/uploads\/2019\/08\/Bir-Zamanlar-\u00c7ukurova-Yeni-Sezon.jpg\" alt=\"\" width=\"480\" height=\"482\" srcset=\"https:\/\/balcilar-blog.com\/wp-content\/uploads\/2019\/08\/Bir-Zamanlar-\u00c7ukurova-Yeni-Sezon.jpg 480w, https:\/\/balcilar-blog.com\/wp-content\/uploads\/2019\/08\/Bir-Zamanlar-\u00c7ukurova-Yeni-Sezon-150x150.jpg 150w, https:\/\/balcilar-blog.com\/wp-content\/uploads\/2019\/08\/Bir-Zamanlar-\u00c7ukurova-Yeni-Sezon-300x300.jpg 300w\" sizes=\"auto, (max-width: 480px) 100vw, 480px\" \/><\/a><\/p>\n<p>Atv&#8217;de ekranlara gelen ge\u00e7en sezon haftan\u0131n dizileri aras\u0131nda ilk s\u0131rada yer alan &#8220;Bir Zamanlar \u00c7ukurova&#8221; 35.b\u00f6l\u00fcm sezon finali ile yer yerinden oynad\u0131. Demir \u0130stanbul&#8217;a gitti, Z\u00fcleyha&#8217;n\u0131n \u00e7ocu\u011funun kendisinden oldu\u011funu \u00f6\u011frendi. Z\u00fcleyha da \u00e7ocu\u011fu ald\u0131rmak i\u00e7in do\u011fum doktoruna gitti. Ald\u0131r\u0131p ald\u0131rmad\u0131\u011f\u0131n\u0131 bu sezon \u00f6\u011frenece\u011fiz. Ald\u0131rd\u0131ysa Demir&#8217;in sevinci kursa\u011f\u0131nda kalacak. Y\u0131lmaz da mektupta yazan ger\u00e7ekleri \u00f6\u011frenecek. Yeni sezon ilk b\u00f6l\u00fcm\u00fcnde herkes ger\u00e7eklerle y\u00fczle\u015fecek! 36.B\u00f6l\u00fcm\u00fcn Eyl\u00fcl ay\u0131n\u0131n 3 yada 4.haftas\u0131nda ekranlara gelecek. Eyl\u00fcl ay\u0131 ba\u015f\u0131nda &#8220;Bir Zamanlar \u00c7ukurova&#8221; en iyi dizi dal\u0131nda Seul&#8217;de yar\u0131\u015facak. Y\u0131lmaz karakterini can veren U\u011fur G\u00fcne\u015f en iyi oyuncu dal\u0131nda yar\u0131\u015facak.<\/p>\n<p>&nbsp;<\/p>\n<p><strong>HERCA\u0130 (ATV)<\/strong><\/p>\n<p><a href=\"http:\/\/balcilar-blog.com\/wp-content\/uploads\/2019\/08\/Hercai.jpg\"><img loading=\"lazy\" decoding=\"async\" class=\"alignnone size-full wp-image-25041\" src=\"http:\/\/balcilar-blog.com\/wp-content\/uploads\/2019\/08\/Hercai.jpg\" alt=\"\" width=\"640\" height=\"399\" srcset=\"https:\/\/balcilar-blog.com\/wp-content\/uploads\/2019\/08\/Hercai.jpg 640w, https:\/\/balcilar-blog.com\/wp-content\/uploads\/2019\/08\/Hercai-300x187.jpg 300w\" sizes=\"auto, (max-width: 640px) 100vw, 640px\" \/><\/a><\/p>\n<p>Ba\u015frollerini Ak\u0131n Ak\u0131n\u00f6z\u00fc ve Ebru \u015eahin&#8217;in oynad\u0131\u011f\u0131 dizi s\u00fcper dizi &#8220;Hercai&#8221; tutuldu. Cuma ak\u015famlar\u0131 Atv&#8217;de Hercai f\u0131rt\u0131nas\u0131 esiyor. Haftan\u0131n dizileri aras\u0131nda bir yada 2.s\u0131rada yer ald\u0131. Ge\u00e7en sezon 12.b\u00f6l\u00fcm sonunda Miran Reyyan&#8217;\u0131n g\u00f6nl\u00fcn\u00fc kazanm\u0131\u015f ve evlenme teklif etmi\u015fti. Rayyan bu teklifi kabul edip etmedi\u011fi belli de\u011fil. G\u00f6n\u00fcl Azat&#8217;a ate\u015f etmi\u015f, Azat&#8217;\u0131n \u00f6l\u00fcp \u00f6lmedi\u011fi belli olmam\u0131\u015ft\u0131. Eyl\u00fcl ay\u0131n\u0131n 3.haftas\u0131 20 Eyl\u00fcl Cuma ak\u015fam\u0131 13.b\u00f6l\u00fcmde olup bitenleri sab\u0131rs\u0131zl\u0131kla bekleyecek, hep birlikte \u00f6\u011frenece\u011fiz.<\/p>\n<p>&nbsp;<\/p>\n<p><strong>E\u015eKIYA D\u00dcNYAYA H\u00dcK\u00dcMDAR OLMAZ (ATV)<\/strong><\/p>\n<p><a href=\"http:\/\/balcilar-blog.com\/wp-content\/uploads\/2019\/08\/eskiya-dunyaya-hukumdar-olmaz-.jpg\"><img loading=\"lazy\" decoding=\"async\" class=\"alignnone size-full wp-image-25048\" src=\"http:\/\/balcilar-blog.com\/wp-content\/uploads\/2019\/08\/eskiya-dunyaya-hukumdar-olmaz-.jpg\" alt=\"\" width=\"640\" height=\"339\" srcset=\"https:\/\/balcilar-blog.com\/wp-content\/uploads\/2019\/08\/eskiya-dunyaya-hukumdar-olmaz-.jpg 640w, https:\/\/balcilar-blog.com\/wp-content\/uploads\/2019\/08\/eskiya-dunyaya-hukumdar-olmaz--300x159.jpg 300w\" sizes=\"auto, (max-width: 640px) 100vw, 640px\" \/><\/a><\/p>\n<p>Oktay Kaynarca\u2019n\u0131n dizisi &#8220;E\u015fk\u0131ya D\u00fcnyaya H\u00fck\u00fcmdar Olmaz&#8221; 139.b\u00f6l\u00fcmde sezon finali yapm\u0131\u015ft\u0131. Eyl\u00fcl ay\u0131 i\u00e7inde kald\u0131\u011f\u0131 b\u00f6l\u00fcmden devem edecek. Hen\u00fcz a\u00e7\u0131klama gelmedi ama yine Sal\u0131 geceleri 5.sezonun da 140.b\u00f6l\u00fcmden\u00a0 devam edecektir.<\/p>\n<p>&nbsp;<\/p>\n<p><strong>\u00c7UKUR (SHOW TV)<\/strong><\/p>\n<p><a href=\"http:\/\/balcilar-blog.com\/wp-content\/uploads\/2019\/08\/5c8bf53907291c1d74f7e8aa.jpg\"><img loading=\"lazy\" decoding=\"async\" class=\"alignnone size-medium wp-image-25044\" src=\"http:\/\/balcilar-blog.com\/wp-content\/uploads\/2019\/08\/5c8bf53907291c1d74f7e8aa-300x233.jpg\" alt=\"\" width=\"300\" height=\"233\" srcset=\"https:\/\/balcilar-blog.com\/wp-content\/uploads\/2019\/08\/5c8bf53907291c1d74f7e8aa-300x233.jpg 300w, https:\/\/balcilar-blog.com\/wp-content\/uploads\/2019\/08\/5c8bf53907291c1d74f7e8aa.jpg 433w\" sizes=\"auto, (max-width: 300px) 100vw, 300px\" \/><\/a>\u00a0<a href=\"http:\/\/balcilar-blog.com\/wp-content\/uploads\/2019\/08\/ukur-Dizisi-Ak\u0131n-Burak-Dadak.jpg\"><img loading=\"lazy\" decoding=\"async\" class=\"alignnone size-medium wp-image-25045\" src=\"http:\/\/balcilar-blog.com\/wp-content\/uploads\/2019\/08\/ukur-Dizisi-Ak\u0131n-Burak-Dadak-300x241.jpg\" alt=\"\" width=\"300\" height=\"241\" srcset=\"https:\/\/balcilar-blog.com\/wp-content\/uploads\/2019\/08\/ukur-Dizisi-Ak\u0131n-Burak-Dadak-300x241.jpg 300w, https:\/\/balcilar-blog.com\/wp-content\/uploads\/2019\/08\/ukur-Dizisi-Ak\u0131n-Burak-Dadak.jpg 419w\" sizes=\"auto, (max-width: 300px) 100vw, 300px\" \/><\/a><\/p>\n<p>Ay Yap\u0131m\u2019\u0131n \u00c7ukur dizisi g\u00fc\u00e7l\u00fc oyuncusu Aras Bulut \u0130ynemli&#8217;nin partneri Dilan \u00c7i\u00e7ek Deniz diziden ayr\u0131lm\u0131\u015ft\u0131. \u00c7i\u00e7ek&#8217;in yerine Hakan: Muhaf\u0131z&#8217;\u0131n g\u00fczel oyuncusu Ay\u00e7a Ay\u015fin Turan geliyor. Turan dizide yama\u00e7&#8217;\u0131n yeni sevgilisi olacak. Ge\u00e7en son b\u00f6l\u00fcmde Ak\u0131n Ko\u00e7oval\u0131 dizide f\u0131rt\u0131nalar estirmi\u015f, herkesi elini \u00f6pt\u00fcrm\u00fc\u015ft\u00fc. Selim Ko\u00e7oaval\u0131&#8217;n\u0131n hapishanedeki o\u011flu olarak, hapisten \u00e7\u0131km\u0131\u015f ve diziye kat\u0131lm\u0131\u015ft\u0131r. Ali\u00e7o, bamba\u015fka bir karakterde ak\u0131ll\u0131 Ali \u00c7oban olarak yepyeni bir karakterle geliyor. Show Tv\u2019nin fenomen dizisi Eyl\u00fcl ay\u0131nda 3.sezona giriyor. 51.b\u00f6l\u00fcm 1.fragman\u0131 yay\u0131nland\u0131. 17 Eyl\u00fcl Pazartesi ak\u015fam\u0131 yeni b\u00f6l\u00fcm\u00fc ile sezona ba\u015fl\u0131yor.<\/p>\n<p>&nbsp;<\/p>\n<p><strong>KUZGUN (STAR\u00a0 TV)<\/strong><\/p>\n<p><a href=\"http:\/\/balcilar-blog.com\/wp-content\/uploads\/2019\/08\/6953de45-0061-4aa5-9327-b39b8cede4b9.jpg\"><img loading=\"lazy\" decoding=\"async\" class=\"alignnone size-full wp-image-25046\" src=\"http:\/\/balcilar-blog.com\/wp-content\/uploads\/2019\/08\/6953de45-0061-4aa5-9327-b39b8cede4b9.jpg\" alt=\"\" width=\"640\" height=\"360\" srcset=\"https:\/\/balcilar-blog.com\/wp-content\/uploads\/2019\/08\/6953de45-0061-4aa5-9327-b39b8cede4b9.jpg 640w, https:\/\/balcilar-blog.com\/wp-content\/uploads\/2019\/08\/6953de45-0061-4aa5-9327-b39b8cede4b9-300x169.jpg 300w\" sizes=\"auto, (max-width: 640px) 100vw, 640px\" \/><\/a><\/p>\n<p>Ay Yap\u0131m&#8217;\u0131n yap\u0131mc\u0131s\u0131 oldu\u011fu, ba\u015frollerini Burcu Biricik ve Bar\u0131\u015f Ardu\u00e7&#8217;un oynad\u0131\u011f\u0131 sevilen dizi Kuzgun ge\u00e7en sezon 29 May\u0131s 2019 tarihinde 16.b\u00f6l\u00fcm\u00fcnde sezon finali yaparak tatile girmi\u015fti. 20 A\u011fustos Sal\u0131 g\u00fcn\u00fc yeni sezon \u00e7ekimlerine ba\u015flayaca\u011f\u0131n\u0131 duyurdu. Ay Yap\u0131m^&#8217;dan Ali Bilgin&#8217;in y\u00f6netmenli\u011fini yapaca\u011f\u0131 dizinin yeni 17.b\u00f6l\u00fcm\u00fc ekranlara gelecektir. Ge\u00e7en b\u00f6l\u00fcm finalinde Burcu Biricik Dila g\u00f6\u011fs\u00fcnden vurulmu\u015ftu, ya\u015fay\u0131p ya\u015famayaca\u011f\u0131 merak konusu. Bekleyip hep birlikte g\u00f6rece\u011fiz.<\/p>\n<p>&nbsp;<\/p>\n<p><strong>SAVA\u015e\u00c7I (FOX TV)\u00a0<\/strong><\/p>\n<p><a href=\"http:\/\/balcilar-blog.com\/wp-content\/uploads\/2019\/08\/Savasci-4827-galeri-resim.jpg\"><img loading=\"lazy\" decoding=\"async\" class=\"alignnone size-full wp-image-25051\" src=\"http:\/\/balcilar-blog.com\/wp-content\/uploads\/2019\/08\/Savasci-4827-galeri-resim.jpg\" alt=\"\" width=\"640\" height=\"360\" srcset=\"https:\/\/balcilar-blog.com\/wp-content\/uploads\/2019\/08\/Savasci-4827-galeri-resim.jpg 640w, https:\/\/balcilar-blog.com\/wp-content\/uploads\/2019\/08\/Savasci-4827-galeri-resim-300x169.jpg 300w\" sizes=\"auto, (max-width: 640px) 100vw, 640px\" \/><\/a><\/p>\n<p>Fox Tv&#8217;nin sava\u015f dizisi &#8220;Sava\u015f\u00e7\u0131&#8221; 26 May\u0131s Pazar ak\u015fam\u0131 76.b\u00f6l\u00fcm sezon finali yapt\u0131 ve tatile girdi. Politik sava\u015f dizisi Eyl\u00fcl ay\u0131ndan itibaren 77.b\u00f6l\u00fcmden itibaren kald\u0131\u011f\u0131 yerden devam edecek. 16 Eyl\u00fcl Pazar ak\u015fam\u0131 yeni sezon ba\u015flayaca\u011f\u0131n\u0131 tahmin ediliyor.<\/p>\n<p>&nbsp;<\/p>\n<p><strong>ARKA SOKAKLAR (KANAL D)<\/strong><\/p>\n<p><a href=\"http:\/\/balcilar-blog.com\/wp-content\/uploads\/2019\/08\/arka-sokaklar-dizisi-ekip-768x768.jpg\"><img loading=\"lazy\" decoding=\"async\" class=\"alignnone size-full wp-image-25049\" src=\"http:\/\/balcilar-blog.com\/wp-content\/uploads\/2019\/08\/arka-sokaklar-dizisi-ekip-768x768.jpg\" alt=\"\" width=\"480\" height=\"480\" srcset=\"https:\/\/balcilar-blog.com\/wp-content\/uploads\/2019\/08\/arka-sokaklar-dizisi-ekip-768x768.jpg 480w, https:\/\/balcilar-blog.com\/wp-content\/uploads\/2019\/08\/arka-sokaklar-dizisi-ekip-768x768-150x150.jpg 150w, https:\/\/balcilar-blog.com\/wp-content\/uploads\/2019\/08\/arka-sokaklar-dizisi-ekip-768x768-300x300.jpg 300w\" sizes=\"auto, (max-width: 480px) 100vw, 480px\" \/><\/a><\/p>\n<p>Arka Sokaklar 521.b\u00f6l\u00fcmde sezon finali yapt\u0131. 13.sezonu ile Eyl\u00fcl ay\u0131nda tekrar ekranlar\u0131n\u0131zda olacak. Polisiye, Aksiyon, Dram, Komedi ve Macera unsurlar\u0131n\u0131 b\u00fcnyesinde bar\u0131nd\u0131r\u0131yor. Erler Film T\u00fcrker \u0130nano\u011flu dizinin yap\u0131mc\u0131s\u0131. Hen\u00fcz kesin olmasa sa 14.sezon Eyl\u00fcl ay\u0131 i\u00e7inde Cuma ak\u015fam\u0131 Kanal D ekranlar\u0131nda olacak.<\/p>\n<p>&nbsp;<\/p>\n<p>Sizlere en \u00e7ok sevilen dizilerin yeni yay\u0131n d\u00f6nemine ne zaman ba\u015flayaca\u011f\u0131n\u0131 vermeye \u00e7al\u0131\u015ft\u0131m.<\/p>\n<p>Yeni d\u00f6nemde (2019 &#8211; 2020) keyifli seyirler. T\u00fcm okuyucular\u0131ma iyi bayramlar diliyorum.<\/p>\n<p>Sayg\u0131lar ve sevgiler.<\/p>\n<p>Abdurrahman Balc\u0131lar<\/p>\n<p>Twitter : <a href=\"https:\/\/twitter.com\/abbalcilar\">abdurrahman balc\u0131lar<\/a><a href=\"https:\/\/twitter.com\/abbalcilar\"><strong>@abbalcilar<\/strong><\/a><\/p>\n<p>Mail :\u00a0<a href=\"mailto:ab.balcilar@hotmail.com\">ab.balcilar@hotmail.com<\/a><\/p>\n<p>Blog:\u00a0<a href=\"http:\/\/t.co\/znqmIZgIqn\">blog.milliyet.com.tr\/cansever<\/a><\/p>\n<p>\u015eahsi Blog:\u00a0<a href=\"http:\/\/balcilar-blog.com\/\">Abdurrahman Balc\u0131lar Blog Sayfas\u0131<\/a><\/p>\n<p><strong>\u00a0<\/strong><\/p>\n<p><strong>*\u015eahsi Blog sayfamda ve Milliyet Blog\u2019da yay\u0131nlanan blog yaz\u0131lar\u0131 b\u00fcy\u00fck bir \u00e7al\u0131\u015fman\u0131n \u00fcr\u00fcn\u00fc olup, izinsiz ya da kaynak g\u00f6stermeden al\u0131nt\u0131 yap\u0131lamaz. Aksi halde kanuni i\u015flem yap\u0131l\u0131r.<\/strong><\/p>\n","protected":false},"excerpt":{"rendered":"<p>Ge\u00e7ti\u011fimiz May\u0131s &#8211; Haziran ay\u0131nda en \u00e7ok seyredilen diziler, sezon finali yapm\u0131\u015f yaz tatiline girmi\u015flerdi. A\u011fustos ortas\u0131na geldi\u011fimiz \u015fu s\u0131ralarda tatil bitti yeni\u015f sezon \u00e7al\u0131\u015fmalar\u0131 ba\u015flad\u0131. Sevilen diziler har\u0131l har\u0131l yeni sezona haz\u0131rlan\u0131yor. Kald\u0131klar\u0131 yerden yeni b\u00f6l\u00fcmleri ve b\u00f6l\u00fcm tan\u0131t\u0131m fragmanlar\u0131n\u0131 \u00e7ekiliyor. Baz\u0131 dizilerin yeni b\u00f6l\u00fcm tan\u0131t\u0131m fragmanlar\u0131 kanallarda pek yak\u0131nda d\u00f6nmeye ba\u015flayacakt\u0131r. Yapt\u0131\u011f\u0131m ara\u015ft\u0131rmalara [&hellip;]<\/p>\n","protected":false},"author":3,"featured_media":25053,"comment_status":"open","ping_status":"open","sticky":false,"template":"","format":"standard","meta":{"footnotes":""},"categories":[2],"tags":[1104,1770,1555,1986,1899,1589,1873,1396,727],"class_list":["post-25038","post","type-post","status-publish","format-standard","has-post-thumbnail","hentry","category-tv-programlari","tag-arka-sokaklar","tag-bir-zamanlar-cukurova","tag-cukur","tag-dirilis-osman","tag-hercai","tag-kalk-gidelim","tag-kuzgun","tag-savasci","tag-yeni-sezon-dizileri"],"views":4049,"blog_post_layout_featured_media_urls":{"thumbnail":["https:\/\/balcilar-blog.com\/wp-content\/uploads\/2019\/08\/cats-1-150x150.jpg",150,150,true],"full":["https:\/\/balcilar-blog.com\/wp-content\/uploads\/2019\/08\/cats-1.jpg",640,224,false]},"categories_names":{"2":{"name":"TV Programlar\u0131","link":"https:\/\/balcilar-blog.com\/?cat=2"}},"tags_names":{"1104":{"name":"Arka Sokaklar","link":"https:\/\/balcilar-blog.com\/?tag=arka-sokaklar"},"1770":{"name":"Bir Zamanlar \u00c7ukurova","link":"https:\/\/balcilar-blog.com\/?tag=bir-zamanlar-cukurova"},"1555":{"name":"\u00c7ukur","link":"https:\/\/balcilar-blog.com\/?tag=cukur"},"1986":{"name":"Dirili\u015f Osman","link":"https:\/\/balcilar-blog.com\/?tag=dirilis-osman"},"1899":{"name":"Hercai","link":"https:\/\/balcilar-blog.com\/?tag=hercai"},"1589":{"name":"Kalk Gidelim","link":"https:\/\/balcilar-blog.com\/?tag=kalk-gidelim"},"1873":{"name":"Kuzgun","link":"https:\/\/balcilar-blog.com\/?tag=kuzgun"},"1396":{"name":"Sava\u015f\u00e7\u0131","link":"https:\/\/balcilar-blog.com\/?tag=savasci"},"727":{"name":"Yeni sezon dizileri","link":"https:\/\/balcilar-blog.com\/?tag=yeni-sezon-dizileri"}},"comments_number":"0","wpmagazine_modules_lite_featured_media_urls":{"thumbnail":["https:\/\/balcilar-blog.com\/wp-content\/uploads\/2019\/08\/cats-1-150x150.jpg",150,150,true],"cvmm-medium":["https:\/\/balcilar-blog.com\/wp-content\/uploads\/2019\/08\/cats-1.jpg",300,105,false],"cvmm-medium-plus":["https:\/\/balcilar-blog.com\/wp-content\/uploads\/2019\/08\/cats-1.jpg",305,107,false],"cvmm-portrait":["https:\/\/balcilar-blog.com\/wp-content\/uploads\/2019\/08\/cats-1.jpg",400,140,false],"cvmm-medium-square":["https:\/\/balcilar-blog.com\/wp-content\/uploads\/2019\/08\/cats-1.jpg",600,210,false],"cvmm-large":["https:\/\/balcilar-blog.com\/wp-content\/uploads\/2019\/08\/cats-1.jpg",640,224,false],"cvmm-small":["https:\/\/balcilar-blog.com\/wp-content\/uploads\/2019\/08\/cats-1.jpg",130,46,false],"full":["https:\/\/balcilar-blog.com\/wp-content\/uploads\/2019\/08\/cats-1.jpg",640,224,false]},"_links":{"self":[{"href":"https:\/\/balcilar-blog.com\/index.php?rest_route=\/wp\/v2\/posts\/25038","targetHints":{"allow":["GET"]}}],"collection":[{"href":"https:\/\/balcilar-blog.com\/index.php?rest_route=\/wp\/v2\/posts"}],"about":[{"href":"https:\/\/balcilar-blog.com\/index.php?rest_route=\/wp\/v2\/types\/post"}],"author":[{"embeddable":true,"href":"https:\/\/balcilar-blog.com\/index.php?rest_route=\/wp\/v2\/users\/3"}],"replies":[{"embeddable":true,"href":"https:\/\/balcilar-blog.com\/index.php?rest_route=%2Fwp%2Fv2%2Fcomments&post=25038"}],"version-history":[{"count":5,"href":"https:\/\/balcilar-blog.com\/index.php?rest_route=\/wp\/v2\/posts\/25038\/revisions"}],"predecessor-version":[{"id":25057,"href":"https:\/\/balcilar-blog.com\/index.php?rest_route=\/wp\/v2\/posts\/25038\/revisions\/25057"}],"wp:featuredmedia":[{"embeddable":true,"href":"https:\/\/balcilar-blog.com\/index.php?rest_route=\/wp\/v2\/media\/25053"}],"wp:attachment":[{"href":"https:\/\/balcilar-blog.com\/index.php?rest_route=%2Fwp%2Fv2%2Fmedia&parent=25038"}],"wp:term":[{"taxonomy":"category","embeddable":true,"href":"https:\/\/balcilar-blog.com\/index.php?rest_route=%2Fwp%2Fv2%2Fcategories&post=25038"},{"taxonomy":"post_tag","embeddable":true,"href":"https:\/\/balcilar-blog.com\/index.php?rest_route=%2Fwp%2Fv2%2Ftags&post=25038"}],"curies":[{"name":"wp","href":"https:\/\/api.w.org\/{rel}","templated":true}]}}