{"id":25002,"date":"2019-07-31T16:43:46","date_gmt":"2019-07-31T13:43:46","guid":{"rendered":"http:\/\/balcilar-blog.com\/?p=25002"},"modified":"2019-07-31T19:27:24","modified_gmt":"2019-07-31T16:27:24","slug":"aras-bulut-iynemlinin-7-kogustaki-mucize-film-ekibi-basinla-bulustu","status":"publish","type":"post","link":"https:\/\/balcilar-blog.com\/?p=25002","title":{"rendered":"Aras Bulut \u0130ynemli&#8217;nin &#8220;7.ko\u011fu\u015ftaki Mucize&#8221; Film Ekibi Bas\u0131nla Bulu\u015ftu!"},"content":{"rendered":"<p><img loading=\"lazy\" decoding=\"async\" class=\"alignnone size-full wp-image-25005\" src=\"http:\/\/balcilar-blog.com\/wp-content\/uploads\/2019\/07\/7.-Kog\u0306us\u0327taki-Mucize_Bas\u0131n-Toplant\u0131s\u0131-4.jpg\" alt=\"\" width=\"640\" height=\"427\" srcset=\"https:\/\/balcilar-blog.com\/wp-content\/uploads\/2019\/07\/7.-Kog\u0306us\u0327taki-Mucize_Bas\u0131n-Toplant\u0131s\u0131-4.jpg 640w, https:\/\/balcilar-blog.com\/wp-content\/uploads\/2019\/07\/7.-Kog\u0306us\u0327taki-Mucize_Bas\u0131n-Toplant\u0131s\u0131-4-300x200.jpg 300w\" sizes=\"auto, (max-width: 640px) 100vw, 640px\" \/><\/p>\n<p class=\"x_MsoNormal\">Y\u00f6netmenli\u011fini Mehmet Ada \u00d6ztekin\u2019in \u00fcstlendi\u011fi, ba\u015frol\u00fcnde ise gen\u00e7 ku\u015fa\u011f\u0131n en ba\u015far\u0131l\u0131 oyuncular\u0131ndan Aras Bulut \u0130ynemli\u2019nin yer ald\u0131\u011f\u0131, merakla beklenen \u20187. Ko\u011fu\u015ftaki Mucize\u2019 filminin ilk videosu ve tan\u0131t\u0131m afi\u015fi yay\u0131nland\u0131. \u00c7ekimleri Beykoz Kundura\u2019da devam eden filmin ekibi, \u00e7ekimler aras\u0131nda ilk kez bas\u0131n\u0131n kar\u015f\u0131s\u0131na ge\u00e7ti.<\/p>\n<p>B\u00fct\u00fcn oyuncu kadrosu ile birlikte g\u00f6r\u00fcl\u00fcyor<\/p>\n<p><img loading=\"lazy\" decoding=\"async\" class=\"alignnone size-full wp-image-25004\" src=\"http:\/\/balcilar-blog.com\/wp-content\/uploads\/2019\/07\/thumbnail_7.-Kog\u0306us\u0327taki-Mucize_Bas\u0131n-Toplant\u0131s\u0131-1.jpg\" alt=\"\" width=\"640\" height=\"276\" srcset=\"https:\/\/balcilar-blog.com\/wp-content\/uploads\/2019\/07\/thumbnail_7.-Kog\u0306us\u0327taki-Mucize_Bas\u0131n-Toplant\u0131s\u0131-1.jpg 640w, https:\/\/balcilar-blog.com\/wp-content\/uploads\/2019\/07\/thumbnail_7.-Kog\u0306us\u0327taki-Mucize_Bas\u0131n-Toplant\u0131s\u0131-1-300x129.jpg 300w\" sizes=\"auto, (max-width: 640px) 100vw, 640px\" \/><\/p>\n<p class=\"x_MsoNormal\"><b>\u00a0<\/b><b>\u20187. Ko\u011fu\u015ftaki Mucize\u2019 Filminin \u0130lk Tan\u0131t\u0131m videosu yay\u0131nland\u0131 :\u00a0<\/b><\/p>\n<p class=\"x_MsoNormal\"><b><a href=\"https:\/\/youtu.be\/VFmQK635NEw\" target=\"_blank\" rel=\"noopener noreferrer\" data-auth=\"NotApplicable\">https:\/\/youtu.be\/VFmQK635NEw<\/a><\/b><\/p>\n<p class=\"x_MsoNormal\"><b>Lanistar Media\u00a0<\/b>ve\u00a0<b>Motion Content Group<\/b>\u2019un yap\u0131mc\u0131l\u0131\u011f\u0131n\u0131 \u00fcstlendi\u011fi, y\u00f6netmen koltu\u011funda bir\u00e7ok ba\u015far\u0131l\u0131 projeye imza atan\u00a0<b>Mehmet Ada \u00d6ztekin<\/b>\u2019in oturdu\u011fu, konusu ve oyuncu kadrosuyla merakla beklenen\u00a0<b>\u20187. Ko\u011fu\u015ftaki Mucize\u2019\u00a0<\/b>filminden ilk g\u00f6r\u00fcnt\u00fcler yay\u0131nland\u0131. Yay\u0131nlanan video ve afi\u015f, \u00f6zg\u00fcn, g\u00fc\u00e7l\u00fc g\u00f6rsel diliyle seyircileri hem duygu y\u00fckl\u00fc bir baba-k\u0131z \u00f6yk\u00fcs\u00fcn\u00fc izleyeceklerinin hem de zorlu bir adalet aray\u0131\u015f\u0131na tan\u0131k olacaklar\u0131n\u0131n sinyallerini veriyor.<\/p>\n<p>Tan\u0131t\u0131m afi\u015fi ger\u00e7ekten s\u00fcper olmu\u015f.<\/p>\n<p class=\"x_MsoNormal\"><img loading=\"lazy\" decoding=\"async\" class=\"alignnone size-full wp-image-25003\" src=\"http:\/\/balcilar-blog.com\/wp-content\/uploads\/2019\/07\/thumbnail_7.-Kog\u0306us\u0327taki-Mucize-Teaser-Afis\u0327.jpg\" alt=\"\" width=\"448\" height=\"640\" srcset=\"https:\/\/balcilar-blog.com\/wp-content\/uploads\/2019\/07\/thumbnail_7.-Kog\u0306us\u0327taki-Mucize-Teaser-Afis\u0327.jpg 448w, https:\/\/balcilar-blog.com\/wp-content\/uploads\/2019\/07\/thumbnail_7.-Kog\u0306us\u0327taki-Mucize-Teaser-Afis\u0327-210x300.jpg 210w\" sizes=\"auto, (max-width: 448px) 100vw, 448px\" \/><\/p>\n<p class=\"x_MsoNormal\">G\u00fcney Kore\u2019de b\u00fcy\u00fck bir gi\u015fe ba\u015far\u0131s\u0131 yakalayan \u2018<strong>Miracle in Cell No. 7\u2019<\/strong> filminin uyarlamas\u0131 olarak \u00e7ekilen\u00a0<b>\u20187. Ko\u011fu\u015ftaki Mucize\u2019<\/b>\u00a0daha vizyona girmeden hikayesi ve T\u00fcrkiye\u2019nin \u00f6nemli oyuncular\u0131ndan olu\u015fan kadrosuyla merak uyand\u0131r\u0131yor.<\/p>\n<p><img loading=\"lazy\" decoding=\"async\" class=\"alignnone size-full wp-image-25008\" src=\"http:\/\/balcilar-blog.com\/wp-content\/uploads\/2019\/07\/7.-Kog\u0306us\u0327taki-Mucize_Bas\u0131n-Toplant\u0131s\u0131-3.jpg\" alt=\"\" width=\"640\" height=\"427\" srcset=\"https:\/\/balcilar-blog.com\/wp-content\/uploads\/2019\/07\/7.-Kog\u0306us\u0327taki-Mucize_Bas\u0131n-Toplant\u0131s\u0131-3.jpg 640w, https:\/\/balcilar-blog.com\/wp-content\/uploads\/2019\/07\/7.-Kog\u0306us\u0327taki-Mucize_Bas\u0131n-Toplant\u0131s\u0131-3-300x200.jpg 300w\" sizes=\"auto, (max-width: 640px) 100vw, 640px\" \/><\/p>\n<p class=\"x_MsoNormal\">\u00c7ekimleri Beykoz Kundura\u2019da devam eden filmin oyuncular\u0131 set aras\u0131nda ger\u00e7ekle\u015fen bas\u0131n toplant\u0131s\u0131 ile bas\u0131n\u0131n kar\u015f\u0131s\u0131na ge\u00e7ti. T\u00fcm kadronun yer ald\u0131\u011f\u0131 toplant\u0131da oyuncular filme dahil olu\u015f s\u00fcreci ve karakterleriyle ilgili k\u0131sa bilgiler verdiler.<\/p>\n<p><img loading=\"lazy\" decoding=\"async\" class=\"alignnone size-full wp-image-25007\" src=\"http:\/\/balcilar-blog.com\/wp-content\/uploads\/2019\/07\/7.-Kog\u0306us\u0327taki-Mucize_Bas\u0131n-Toplant\u0131s\u0131-2.jpg\" alt=\"\" width=\"640\" height=\"427\" srcset=\"https:\/\/balcilar-blog.com\/wp-content\/uploads\/2019\/07\/7.-Kog\u0306us\u0327taki-Mucize_Bas\u0131n-Toplant\u0131s\u0131-2.jpg 640w, https:\/\/balcilar-blog.com\/wp-content\/uploads\/2019\/07\/7.-Kog\u0306us\u0327taki-Mucize_Bas\u0131n-Toplant\u0131s\u0131-2-300x200.jpg 300w\" sizes=\"auto, (max-width: 640px) 100vw, 640px\" \/><\/p>\n<p>&nbsp;<\/p>\n<p class=\"x_MsoNormal\" align=\"center\"><b>\u00a0<\/b><\/p>\n<p class=\"x_MsoNormal\">K\u0131z\u0131 ile \u00e7ok \u00f6zel ve g\u00fc\u00e7l\u00fc ba\u011f\u0131 olan masum bir baban\u0131n adalet aray\u0131\u015f\u0131n\u0131 konu alan, sinemaseverlerin uzun y\u0131llar haf\u0131zalar\u0131ndan silinmeyecek bir baba k\u0131z hikayesini anlatan\u00a0<b>\u20187. Ko\u011fu\u015ftaki Mucize\u2019<\/b>\u00a0filminin geni\u015f oyuncu kadrosunda\u00a0<b>Aras Bulut \u0130ynemli<\/b>\u00a0d\u0131\u015f\u0131nda\u00a0<b>Nisa Sofiya Aksongur, Celile Toyon, \u0130lker Aksum, Mesut Akusta, Deniz Baysal, Yurdaer Okur, Sarp Akkaya,<\/b>\u00a0<b>Y\u0131ld\u0131ray \u015eahinler, Deniz Celilo\u011flu, G\u00fcl\u00e7in \u015eahin K\u00fclt\u00fcr, Ferit Kaya, Cankat Aydos, Hayal K\u00f6seo\u011flu, Do\u011fukan Polat\u00a0<\/b>ve\u00a0<b>Serhan Onat\u00a0<\/b>gibi ba\u015far\u0131l\u0131 isimler yer al\u0131yor.<\/p>\n<p>Filmin \u00e7ekimleri h\u0131zla devam ediyor.<\/p>\n<p><img loading=\"lazy\" decoding=\"async\" class=\"alignnone size-full wp-image-25009\" src=\"http:\/\/balcilar-blog.com\/wp-content\/uploads\/2019\/07\/D_R8eBcWsAAIxvu.jpg\" alt=\"\" width=\"640\" height=\"320\" srcset=\"https:\/\/balcilar-blog.com\/wp-content\/uploads\/2019\/07\/D_R8eBcWsAAIxvu.jpg 640w, https:\/\/balcilar-blog.com\/wp-content\/uploads\/2019\/07\/D_R8eBcWsAAIxvu-300x150.jpg 300w\" sizes=\"auto, (max-width: 640px) 100vw, 640px\" \/><\/p>\n<p class=\"x_MsoNormal\">\u00d6n\u00fcm\u00fczdeki g\u00fcnlerde \u00e7ekimleri tamamlanacak film\u00a0<b>11 Ekim 2019<\/b>\u2019da beyaz Perde de seyirci ile bulu\u015facak.<\/p>\n<p>Baba Memo ile k\u0131z\u0131 Ova \u00e7ok tatl\u0131lar.\u00a0 Bu film sinemalarda g\u00f6sterime ba\u015flamas\u0131 ile ilk i\u015fim sinemaya gitmek olacak!<\/p>\n<p class=\"x_MsoNormal\"><img loading=\"lazy\" decoding=\"async\" class=\"alignnone size-full wp-image-25010\" src=\"http:\/\/balcilar-blog.com\/wp-content\/uploads\/2019\/07\/D-KJRkmXUAEnUCj.jpg\" alt=\"\" width=\"640\" height=\"320\" srcset=\"https:\/\/balcilar-blog.com\/wp-content\/uploads\/2019\/07\/D-KJRkmXUAEnUCj.jpg 640w, https:\/\/balcilar-blog.com\/wp-content\/uploads\/2019\/07\/D-KJRkmXUAEnUCj-300x150.jpg 300w\" sizes=\"auto, (max-width: 640px) 100vw, 640px\" \/><\/p>\n<p class=\"x_MsoNormal\"><b>\u00a0Keyifli Seyirler<\/b><\/p>\n<p>Sayg\u0131lar ve sevgiler.<\/p>\n<p>Abdurrahman Balc\u0131lar<\/p>\n<p>Twitter :\u00a0<a href=\"https:\/\/twitter.com\/abbalcilar\">abdurrahman balc\u0131lar<\/a><a href=\"https:\/\/twitter.com\/abbalcilar\"><strong>@abbalcilar<\/strong><\/a><\/p>\n<p>Mail :\u00a0<a href=\"mailto:ab.balcilar@hotmail.com\">ab.balcilar@hotmail.com<\/a><\/p>\n<p>Blog:\u00a0<a href=\"http:\/\/t.co\/znqmIZgIqn\">blog.milliyet.com.tr\/cansever<\/a><\/p>\n<p>\u015eahsi Blog:\u00a0<a href=\"http:\/\/balcilar-blog.com\/\">Abdurrahman Balc\u0131lar Blog Sayfas\u0131<\/a><\/p>\n<p class=\"x_MsoNormal\"><b>Kaynak Haber:\u00a0<\/b><\/p>\n<p class=\"x_MsoNormal\"><b>\u0130leti\u015fim Deposu<\/b><\/p>\n<p class=\"x_MsoNormal\">Z\u00fcmr\u00fct Burul\u00a0\u00a0\u00a0\u00a0\u00a0\u00a0\u00a0\u00a0\u00a0\u00a0\u00a0\u00a0\u00a0\u00a0\u00a0\u00a0\u00a0\u00a0\u00a0\u00a0\u00a0\u00a0\u00a0\u00a0\u00a0\u00a0\u00a0\u00a0\u00a0\u00a0\u00a0\u00a0\u00a0\u00a0\u00a0 \u00a0\u00a0\u00a0\u00a0\u00a0\u00a0\u00a0\u00a0\u0130rem T\u00fcmer<\/p>\n<p class=\"x_MsoNormal\">Tel: 0536 486 63 66\u00a0 \u00a0 \u00a0 \u00a0 \u00a0 \u00a0 \u00a0 \u00a0 \u00a0 \u00a0 \u00a0 \u00a0 \u00a0 \u00a0 \u00a0 \u00a0 \u00a00543 761 25 01<\/p>\n<p class=\"x_MsoNormal\"><a href=\"mailto:zumrutburul@iletisimdeposu.com\" target=\"_blank\" rel=\"noopener noreferrer\" data-auth=\"NotApplicable\">zumrutburul@iletisimdeposu.com<\/a>\u00a0\u00a0\u00a0\u00a0\u00a0\u00a0\u00a0\u00a0\u00a0\u00a0\u00a0<a href=\"mailto:iremtumer@iletisimdeposu.com\" target=\"_blank\" rel=\"noopener noreferrer\" data-auth=\"NotApplicable\">iremtumer@iletisimdeposu.com<\/a><\/p>\n<div><\/div>\n","protected":false},"excerpt":{"rendered":"<p>Y\u00f6netmenli\u011fini Mehmet Ada \u00d6ztekin\u2019in \u00fcstlendi\u011fi, ba\u015frol\u00fcnde ise gen\u00e7 ku\u015fa\u011f\u0131n en ba\u015far\u0131l\u0131 oyuncular\u0131ndan Aras Bulut \u0130ynemli\u2019nin yer ald\u0131\u011f\u0131, merakla beklenen \u20187. Ko\u011fu\u015ftaki Mucize\u2019 filminin ilk videosu ve tan\u0131t\u0131m afi\u015fi yay\u0131nland\u0131. \u00c7ekimleri Beykoz Kundura\u2019da devam eden filmin ekibi, \u00e7ekimler aras\u0131nda ilk kez bas\u0131n\u0131n kar\u015f\u0131s\u0131na ge\u00e7ti. B\u00fct\u00fcn oyuncu kadrosu ile birlikte g\u00f6r\u00fcl\u00fcyor \u00a0\u20187. Ko\u011fu\u015ftaki Mucize\u2019 Filminin \u0130lk Tan\u0131t\u0131m [&hellip;]<\/p>\n","protected":false},"author":3,"featured_media":25005,"comment_status":"open","ping_status":"open","sticky":false,"template":"","format":"standard","meta":{"footnotes":""},"categories":[10],"tags":[1982,533,877,1983],"class_list":["post-25002","post","type-post","status-publish","format-standard","has-post-thumbnail","hentry","category-sinema","tag-7-kogustaki-mucize","tag-aras-bulut-iynemli","tag-mehmet-ada-oztekin","tag-nisa-sofiya-aksongor"],"views":3642,"blog_post_layout_featured_media_urls":{"thumbnail":["https:\/\/balcilar-blog.com\/wp-content\/uploads\/2019\/07\/7.-Kog\u0306us\u0327taki-Mucize_Bas\u0131n-Toplant\u0131s\u0131-4-150x150.jpg",150,150,true],"full":["https:\/\/balcilar-blog.com\/wp-content\/uploads\/2019\/07\/7.-Kog\u0306us\u0327taki-Mucize_Bas\u0131n-Toplant\u0131s\u0131-4.jpg",640,427,false]},"categories_names":{"10":{"name":"Sinema","link":"https:\/\/balcilar-blog.com\/?cat=10"}},"tags_names":{"1982":{"name":"7.Ko\u011fu\u015ftaki Mucize","link":"https:\/\/balcilar-blog.com\/?tag=7-kogustaki-mucize"},"533":{"name":"Aras Bulut \u0130ynemli","link":"https:\/\/balcilar-blog.com\/?tag=aras-bulut-iynemli"},"877":{"name":"Mehmet Ada \u00d6ztekin","link":"https:\/\/balcilar-blog.com\/?tag=mehmet-ada-oztekin"},"1983":{"name":"Nisa Sofiya Aksongor","link":"https:\/\/balcilar-blog.com\/?tag=nisa-sofiya-aksongor"}},"comments_number":"0","wpmagazine_modules_lite_featured_media_urls":{"thumbnail":["https:\/\/balcilar-blog.com\/wp-content\/uploads\/2019\/07\/7.-Kog\u0306us\u0327taki-Mucize_Bas\u0131n-Toplant\u0131s\u0131-4-150x150.jpg",150,150,true],"cvmm-medium":["https:\/\/balcilar-blog.com\/wp-content\/uploads\/2019\/07\/7.-Kog\u0306us\u0327taki-Mucize_Bas\u0131n-Toplant\u0131s\u0131-4.jpg",300,200,false],"cvmm-medium-plus":["https:\/\/balcilar-blog.com\/wp-content\/uploads\/2019\/07\/7.-Kog\u0306us\u0327taki-Mucize_Bas\u0131n-Toplant\u0131s\u0131-4.jpg",305,203,false],"cvmm-portrait":["https:\/\/balcilar-blog.com\/wp-content\/uploads\/2019\/07\/7.-Kog\u0306us\u0327taki-Mucize_Bas\u0131n-Toplant\u0131s\u0131-4.jpg",400,267,false],"cvmm-medium-square":["https:\/\/balcilar-blog.com\/wp-content\/uploads\/2019\/07\/7.-Kog\u0306us\u0327taki-Mucize_Bas\u0131n-Toplant\u0131s\u0131-4.jpg",600,400,false],"cvmm-large":["https:\/\/balcilar-blog.com\/wp-content\/uploads\/2019\/07\/7.-Kog\u0306us\u0327taki-Mucize_Bas\u0131n-Toplant\u0131s\u0131-4.jpg",640,427,false],"cvmm-small":["https:\/\/balcilar-blog.com\/wp-content\/uploads\/2019\/07\/7.-Kog\u0306us\u0327taki-Mucize_Bas\u0131n-Toplant\u0131s\u0131-4.jpg",130,87,false],"full":["https:\/\/balcilar-blog.com\/wp-content\/uploads\/2019\/07\/7.-Kog\u0306us\u0327taki-Mucize_Bas\u0131n-Toplant\u0131s\u0131-4.jpg",640,427,false]},"_links":{"self":[{"href":"https:\/\/balcilar-blog.com\/index.php?rest_route=\/wp\/v2\/posts\/25002","targetHints":{"allow":["GET"]}}],"collection":[{"href":"https:\/\/balcilar-blog.com\/index.php?rest_route=\/wp\/v2\/posts"}],"about":[{"href":"https:\/\/balcilar-blog.com\/index.php?rest_route=\/wp\/v2\/types\/post"}],"author":[{"embeddable":true,"href":"https:\/\/balcilar-blog.com\/index.php?rest_route=\/wp\/v2\/users\/3"}],"replies":[{"embeddable":true,"href":"https:\/\/balcilar-blog.com\/index.php?rest_route=%2Fwp%2Fv2%2Fcomments&post=25002"}],"version-history":[{"count":2,"href":"https:\/\/balcilar-blog.com\/index.php?rest_route=\/wp\/v2\/posts\/25002\/revisions"}],"predecessor-version":[{"id":25012,"href":"https:\/\/balcilar-blog.com\/index.php?rest_route=\/wp\/v2\/posts\/25002\/revisions\/25012"}],"wp:featuredmedia":[{"embeddable":true,"href":"https:\/\/balcilar-blog.com\/index.php?rest_route=\/wp\/v2\/media\/25005"}],"wp:attachment":[{"href":"https:\/\/balcilar-blog.com\/index.php?rest_route=%2Fwp%2Fv2%2Fmedia&parent=25002"}],"wp:term":[{"taxonomy":"category","embeddable":true,"href":"https:\/\/balcilar-blog.com\/index.php?rest_route=%2Fwp%2Fv2%2Fcategories&post=25002"},{"taxonomy":"post_tag","embeddable":true,"href":"https:\/\/balcilar-blog.com\/index.php?rest_route=%2Fwp%2Fv2%2Ftags&post=25002"}],"curies":[{"name":"wp","href":"https:\/\/api.w.org\/{rel}","templated":true}]}}