{"id":24972,"date":"2019-07-28T22:43:37","date_gmt":"2019-07-28T19:43:37","guid":{"rendered":"http:\/\/balcilar-blog.com\/?p=24972"},"modified":"2019-07-28T23:02:47","modified_gmt":"2019-07-28T20:02:47","slug":"hakan-muhafiz-2-sezon-final-bolumu-super","status":"publish","type":"post","link":"https:\/\/balcilar-blog.com\/?p=24972","title":{"rendered":"Hakan: Muhaf\u0131z 2.Sezon Final B\u00f6l\u00fcm\u00fc S\u00fcper!"},"content":{"rendered":"<p><a href=\"http:\/\/balcilar-blog.com\/wp-content\/uploads\/2019\/07\/Zeynep-Hakan.jpg\"><img loading=\"lazy\" decoding=\"async\" class=\"alignnone size-full wp-image-24995\" src=\"http:\/\/balcilar-blog.com\/wp-content\/uploads\/2019\/07\/Zeynep-Hakan.jpg\" alt=\"\" width=\"640\" height=\"408\" srcset=\"https:\/\/balcilar-blog.com\/wp-content\/uploads\/2019\/07\/Zeynep-Hakan.jpg 640w, https:\/\/balcilar-blog.com\/wp-content\/uploads\/2019\/07\/Zeynep-Hakan-300x191.jpg 300w\" sizes=\"auto, (max-width: 640px) 100vw, 640px\" \/><\/a><\/p>\n<p>\u00c7a\u011fatay Ulusoy&#8217;un The Protector (Hakan: Muhaf\u0131z) dizisinin 2.sezon ilk b\u00f6l\u00fcm\u00fc 26 Nisan 2019 tarihinde t\u00fcm d\u00fcnya \u00fclkelerinde ayn\u0131 anda yay\u0131na girmi\u015fti. Toplam 8 b\u00f6l\u00fcm de ayn\u0131 anda yay\u0131nlan\u0131r. Sekiz b\u00f6l\u00fcm\u00fc tekrar izledim. T\u00fcm b\u00f6l\u00fcmleri sizlere anlatamam ama son final b\u00f6l\u00fcm\u00fc olan 8.b\u00f6l\u00fcmden bahsetmek istiyorum.<\/p>\n<p>Hakan ile Leyla deniz k\u0131y\u0131s\u0131nda tam bir yaz tatili yaparlar. Leyla Faysal&#8217;\u0131n etki alan\u0131ndad\u0131r. Arada bir Hakan ile a\u015fklar\u0131 \u00f6ne \u00e7\u0131kar, Leyla Hakan&#8217;\u0131 \u00e7ok sevmektedir, eski g\u00fcnlerdeki gibi birlikte olurlar.<\/p>\n<p><a href=\"http:\/\/balcilar-blog.com\/wp-content\/uploads\/2019\/07\/HAKAN-2-7.jpg\"><img loading=\"lazy\" decoding=\"async\" class=\"alignnone size-full wp-image-24982\" src=\"http:\/\/balcilar-blog.com\/wp-content\/uploads\/2019\/07\/HAKAN-2-7.jpg\" alt=\"\" width=\"640\" height=\"337\" srcset=\"https:\/\/balcilar-blog.com\/wp-content\/uploads\/2019\/07\/HAKAN-2-7.jpg 640w, https:\/\/balcilar-blog.com\/wp-content\/uploads\/2019\/07\/HAKAN-2-7-300x158.jpg 300w\" sizes=\"auto, (max-width: 640px) 100vw, 640px\" \/><\/a><\/p>\n<p>Leyla, Zeynep taraf\u0131ndan \u00f6ld\u00fcr\u00fclm\u00fc\u015ft\u00fcr. Sebep R\u00fcya&#8217;n\u0131n \u00e7ekim alan\u0131na giren Leyla, Hakan&#8217;\u0131 \u00f6ld\u00fcrmeye \u00e7al\u0131\u015f\u0131r. Han\u00e7eri Hakan&#8217;a saplamak \u00fczereyken Zeynep engeller. Leyla&#8217;n\u0131n g\u00f6\u011fs\u00fcne saplar onu \u00f6ld\u00fcr\u00fcr.<\/p>\n<p><a href=\"http:\/\/balcilar-blog.com\/wp-content\/uploads\/2019\/07\/2-6-leyla.jpg\"><img loading=\"lazy\" decoding=\"async\" class=\"alignnone size-full wp-image-24980\" src=\"http:\/\/balcilar-blog.com\/wp-content\/uploads\/2019\/07\/2-6-leyla.jpg\" alt=\"\" width=\"640\" height=\"322\" srcset=\"https:\/\/balcilar-blog.com\/wp-content\/uploads\/2019\/07\/2-6-leyla.jpg 640w, https:\/\/balcilar-blog.com\/wp-content\/uploads\/2019\/07\/2-6-leyla-300x151.jpg 300w\" sizes=\"auto, (max-width: 640px) 100vw, 640px\" \/><\/a><\/p>\n<p>Hakan bu ac\u0131 \u00f6l\u00fcm y\u00fcz\u00fcnden kendine gelemez, Leyla&#8217;n\u0131n kolyesine bakar ve oturur a\u011flar.<\/p>\n<p><a href=\"http:\/\/balcilar-blog.com\/wp-content\/uploads\/2019\/07\/hakan-6-7.jpg\"><img loading=\"lazy\" decoding=\"async\" class=\"alignnone size-full wp-image-24983\" src=\"http:\/\/balcilar-blog.com\/wp-content\/uploads\/2019\/07\/hakan-6-7.jpg\" alt=\"\" width=\"640\" height=\"341\" srcset=\"https:\/\/balcilar-blog.com\/wp-content\/uploads\/2019\/07\/hakan-6-7.jpg 640w, https:\/\/balcilar-blog.com\/wp-content\/uploads\/2019\/07\/hakan-6-7-300x160.jpg 300w\" sizes=\"auto, (max-width: 640px) 100vw, 640px\" \/><\/a><\/p>\n<p>Faysal taraf de\u011fi\u015ftirip Hakan taraf\u0131na ge\u00e7er. Ama\u00e7 kaybetti\u011fi sevgilisi R\u00fcya&#8217;y\u0131 tekrar kazanmakt\u0131r. R\u00fcya ile Mergen&#8217;nin ortak \u00e7al\u0131\u015fmas\u0131 olan zehirden s\u0131rf inand\u0131r\u0131c\u0131 olsun diye bir t\u00fcp getirir.<\/p>\n<p><a href=\"http:\/\/balcilar-blog.com\/wp-content\/uploads\/2019\/07\/hakan-2-8.jpg\"><img loading=\"lazy\" decoding=\"async\" class=\"alignnone size-full wp-image-24991\" src=\"http:\/\/balcilar-blog.com\/wp-content\/uploads\/2019\/07\/hakan-2-8.jpg\" alt=\"\" width=\"640\" height=\"320\" srcset=\"https:\/\/balcilar-blog.com\/wp-content\/uploads\/2019\/07\/hakan-2-8.jpg 640w, https:\/\/balcilar-blog.com\/wp-content\/uploads\/2019\/07\/hakan-2-8-300x150.jpg 300w\" sizes=\"auto, (max-width: 640px) 100vw, 640px\" \/><\/a><\/p>\n<p>Hakan&#8217;\u0131n a\u011fabeyi Levent R\u00fcya&#8217;n\u0131n taraf\u0131na ge\u00e7mi\u015f ve Mergen ile i\u015fbirli\u011fi yapm\u0131\u015ft\u0131r. Zeynep onu k\u00f6t\u00fc tohum olarak niteler.<\/p>\n<p>Hakan, Faysal ve Zeynep kahine giderler. T\u0131ls\u0131ml\u0131 g\u00f6mlek ve han\u00e7erin niye g\u00fc\u00e7lerinde kay\u0131p oldu\u011funu \u00f6\u011frenmek isterler. Gen\u00e7 ve g\u00fczel kahin (Miray Daner) onlar\u0131 kabul eder. Objeler muhaf\u0131z\u0131n sadakatini hissetmedi\u011fini s\u00f6yler. O y\u00fczden aran\u0131zdaki ba\u011f tazelenmeli der.<\/p>\n<p><a href=\"http:\/\/balcilar-blog.com\/wp-content\/uploads\/2019\/07\/kahin-1.jpg\"><img loading=\"lazy\" decoding=\"async\" class=\"alignnone size-full wp-image-24992\" src=\"http:\/\/balcilar-blog.com\/wp-content\/uploads\/2019\/07\/kahin-1.jpg\" alt=\"\" width=\"640\" height=\"329\" srcset=\"https:\/\/balcilar-blog.com\/wp-content\/uploads\/2019\/07\/kahin-1.jpg 640w, https:\/\/balcilar-blog.com\/wp-content\/uploads\/2019\/07\/kahin-1-300x154.jpg 300w\" sizes=\"auto, (max-width: 640px) 100vw, 640px\" \/><\/a><\/p>\n<p>Parma\u011f\u0131n\u0131 keser, akan kan\u0131 g\u00f6le\u011fe s\u00fcrer. Kendisini su\u00e7lu hissetmemesini s\u00f6yler.<\/p>\n<p>Levent (Engin \u00d6zt\u00fcrk) Hakan&#8217;\u0131 arar bulu\u015fup konu\u015fmak ister. Hakan da Levent ile bulu\u015fup kendi plan\u0131n\u0131 uygulamak ister. Amac\u0131 R\u00fcya ve Mergen&#8217;in \u00e7al\u0131\u015fma yerini bulmakt\u0131r. Bulu\u015furlar ve kavga ederler, Hakan onu iyice tahrik eder, yumruk yumru\u011fa d\u00f6v\u00fc\u015f ba\u015flar. Bu esnada Hakan vericiyi Levent&#8217;in cebine koymaya ba\u015far\u0131r. Surlarda devem eden kavgada Hakan bay\u0131l\u0131r, Sur kenar\u0131nda kal\u0131r. Levent gider, gelen Zeynep, Hakan&#8217;\u0131 Surun kenar\u0131nda g\u00f6r\u00fcnce akl\u0131 gider.<\/p>\n<p><a href=\"http:\/\/balcilar-blog.com\/wp-content\/uploads\/2019\/07\/Ekran-Al\u0131nt\u0131s\u0131-BB.jpg\"><img loading=\"lazy\" decoding=\"async\" class=\"alignnone size-full wp-image-24975\" src=\"http:\/\/balcilar-blog.com\/wp-content\/uploads\/2019\/07\/Ekran-Al\u0131nt\u0131s\u0131-BB.jpg\" alt=\"\" width=\"640\" height=\"314\" srcset=\"https:\/\/balcilar-blog.com\/wp-content\/uploads\/2019\/07\/Ekran-Al\u0131nt\u0131s\u0131-BB.jpg 640w, https:\/\/balcilar-blog.com\/wp-content\/uploads\/2019\/07\/Ekran-Al\u0131nt\u0131s\u0131-BB-300x147.jpg 300w\" sizes=\"auto, (max-width: 640px) 100vw, 640px\" \/><\/a><\/p>\n<p>Kolundan tutar i\u00e7eri \u00e7eker, yan\u00a0 yana otururlar. Zeynep Hakan&#8217;a ilk defa a\u015fk\u0131n\u0131 itiraf eder. &#8220;Seni g\u00f6rd\u00fc\u011f\u00fcm ilk andan beri seviyorum&#8221; der ve \u00e7eker dudaklar\u0131ndan \u00f6per.<\/p>\n<p><a href=\"http:\/\/balcilar-blog.com\/wp-content\/uploads\/2019\/07\/jmk.jpg\"><img loading=\"lazy\" decoding=\"async\" class=\"alignnone size-full wp-image-24978\" src=\"http:\/\/balcilar-blog.com\/wp-content\/uploads\/2019\/07\/jmk.jpg\" alt=\"\" width=\"640\" height=\"340\" srcset=\"https:\/\/balcilar-blog.com\/wp-content\/uploads\/2019\/07\/jmk.jpg 640w, https:\/\/balcilar-blog.com\/wp-content\/uploads\/2019\/07\/jmk-300x159.jpg 300w\" sizes=\"auto, (max-width: 640px) 100vw, 640px\" \/><\/a><\/p>\n<p>Verici i\u015fe yarar, Levent&#8217;in cebinden sinyaller gelmeye ba\u015flar. R\u00fcya ve Mergen&#8217;in \u00e7al\u0131\u015ft\u0131klar\u0131 yeri bulunmu\u015ftur. hep birlikte hemen o binan\u0131n kap\u0131s\u0131na dayan\u0131rlar.<\/p>\n<p><a href=\"http:\/\/balcilar-blog.com\/wp-content\/uploads\/2019\/07\/azra.jpg\"><img loading=\"lazy\" decoding=\"async\" class=\"alignnone size-full wp-image-24989\" src=\"http:\/\/balcilar-blog.com\/wp-content\/uploads\/2019\/07\/azra.jpg\" alt=\"\" width=\"640\" height=\"322\" srcset=\"https:\/\/balcilar-blog.com\/wp-content\/uploads\/2019\/07\/azra.jpg 640w, https:\/\/balcilar-blog.com\/wp-content\/uploads\/2019\/07\/azra-300x151.jpg 300w\" sizes=\"auto, (max-width: 640px) 100vw, 640px\" \/><\/a><\/p>\n<p>Hakan ile Faysal ve Azra, Serdar ve Zeynep ikinci bir ekip olur. Zeynep bu gruplamaya kar\u015f\u0131 \u00e7\u0131kar, Hakan; &#8220;Zeynep bir defa da bana g\u00fcven&#8221; der. Zeynep bozulur, ayr\u0131l\u0131p y\u00fcr\u00fcrler. Hakan&#8217;\u0131n i\u00e7ine sinmez, Faysal&#8217;a bir dakika der ve geri d\u00f6ner. Zeynep&#8217;in kolundan \u00e7eker.<\/p>\n<p><a href=\"http:\/\/balcilar-blog.com\/wp-content\/uploads\/2019\/07\/HAKAN-ZEYNEP-A\u015eKI.jpg\"><img loading=\"lazy\" decoding=\"async\" class=\"alignnone size-full wp-image-24985\" src=\"http:\/\/balcilar-blog.com\/wp-content\/uploads\/2019\/07\/HAKAN-ZEYNEP-A\u015eKI.jpg\" alt=\"\" width=\"640\" height=\"328\" srcset=\"https:\/\/balcilar-blog.com\/wp-content\/uploads\/2019\/07\/HAKAN-ZEYNEP-A\u015eKI.jpg 640w, https:\/\/balcilar-blog.com\/wp-content\/uploads\/2019\/07\/HAKAN-ZEYNEP-A\u015eKI-300x154.jpg 300w\" sizes=\"auto, (max-width: 640px) 100vw, 640px\" \/><\/a><\/p>\n<p>Onu dudaklar\u0131ndan ihtirasla \u00f6per. Hakan&#8217;a dikkatli ol der, bu \u00f6p\u00fcc\u00fck Zeynep&#8217;i ziyadesiyle mutlu eder.<\/p>\n<p>Faysal, Hakan&#8217;a arkada\u015f de\u011filiz e\u011fer R\u00fcya&#8217;ya bir \u015fey olursa hepinizi \u00f6ld\u00fcr\u00fcr\u00fcm diye tehdit savurur. Binaya girince Azra tabanca kur\u015funu ile \u00f6ld\u00fcr\u00fcl\u00fcr alt kata d\u00fc\u015fer. Zeynep kar\u015f\u0131la\u015ft\u0131\u011f\u0131 Levent ile d\u00f6v\u00fc\u015f\u00fcr. Zeynep onu bacak aras\u0131nda s\u0131k\u0131\u015ft\u0131r\u0131r, Levent bay\u0131l\u0131r.<\/p>\n<p><a href=\"http:\/\/balcilar-blog.com\/wp-content\/uploads\/2019\/07\/levent.jpg\"><img loading=\"lazy\" decoding=\"async\" class=\"alignnone size-full wp-image-24993\" src=\"http:\/\/balcilar-blog.com\/wp-content\/uploads\/2019\/07\/levent.jpg\" alt=\"\" width=\"640\" height=\"330\" srcset=\"https:\/\/balcilar-blog.com\/wp-content\/uploads\/2019\/07\/levent.jpg 640w, https:\/\/balcilar-blog.com\/wp-content\/uploads\/2019\/07\/levent-300x155.jpg 300w\" sizes=\"auto, (max-width: 640px) 100vw, 640px\" \/><\/a><\/p>\n<p>Bu defa da, Hakan ile Mergen (Sayg\u0131n Soysal) kar\u015f\u0131 kar\u015f\u0131ya gelir.<\/p>\n<p><a href=\"http:\/\/balcilar-blog.com\/wp-content\/uploads\/2019\/07\/HAKAN-F\u0130NAL-SHNES\u0130.jpg\"><img loading=\"lazy\" decoding=\"async\" class=\"alignnone size-full wp-image-24984\" src=\"http:\/\/balcilar-blog.com\/wp-content\/uploads\/2019\/07\/HAKAN-F\u0130NAL-SHNES\u0130.jpg\" alt=\"\" width=\"640\" height=\"345\" srcset=\"https:\/\/balcilar-blog.com\/wp-content\/uploads\/2019\/07\/HAKAN-F\u0130NAL-SHNES\u0130.jpg 640w, https:\/\/balcilar-blog.com\/wp-content\/uploads\/2019\/07\/HAKAN-F\u0130NAL-SHNES\u0130-300x162.jpg 300w\" sizes=\"auto, (max-width: 640px) 100vw, 640px\" \/><\/a><\/p>\n<p>Mergen\u00a0 Hakan&#8217;a;\u00a0 &#8220;Bu d\u00fcnya kurtar\u0131lmaya de\u011fer mi sence?&#8221; Sonra kar\u015f\u0131s\u0131nda duran Hakan&#8217;a kur\u015funu g\u00f6\u011fs\u00fcne s\u0131kar,\u00a0 ama kur\u015fun yere d\u00fc\u015fer. Mergen Hakan&#8217;\u0131n g\u00fcc\u00fcnden habersizdir.<\/p>\n<p>Sonra Faysal ile R\u00fcya ka\u00e7arken Hakan ile kar\u015f\u0131la\u015f\u0131rlar.\u00a0 Zeynep ka\u00e7malar\u0131na izin vermemesini ister. Faysal Hakan&#8217;a bire kar\u015f\u0131 iki \u00f6l\u00fcms\u00fcz olduklar\u0131n\u0131 s\u00f6yler. Zeynep; &#8220;O yaln\u0131z de\u011fil al\u00e7ak herif&#8221; deyince Faysal tek kur\u015funu Zeynep&#8217;in g\u00f6\u011fs\u00fcne s\u0131kar.<\/p>\n<p>Hakan Zeynep yere d\u00fc\u015ferken yakalar kucaklar. Zeynep (Hazar Erg\u00fc\u00e7l\u00fc) can havliyle onlar\u0131 durdur, onlar\u0131 durdurmak i\u00e7in her \u015feyi yapaca\u011f\u0131m demi\u015ftin. Hakan onun iyice fenala\u015ft\u0131\u011f\u0131n\u0131 g\u00f6r\u00fcnce; Zeynep hay\u0131r, b\u0131rakamazs\u0131n beni&#8230; &#8220;Hay\u0131\u0131\u0131\u0131r&#8230;.&#8221; Diye t\u00fcm hol\u00fc inleten bir \u00e7\u0131\u011fl\u0131k atar.<\/p>\n<p><a href=\"http:\/\/balcilar-blog.com\/wp-content\/uploads\/2019\/07\/2-8-F\u0130NAL.jpg\"><img loading=\"lazy\" decoding=\"async\" class=\"alignnone size-full wp-image-24981\" src=\"http:\/\/balcilar-blog.com\/wp-content\/uploads\/2019\/07\/2-8-F\u0130NAL.jpg\" alt=\"\" width=\"640\" height=\"327\" srcset=\"https:\/\/balcilar-blog.com\/wp-content\/uploads\/2019\/07\/2-8-F\u0130NAL.jpg 640w, https:\/\/balcilar-blog.com\/wp-content\/uploads\/2019\/07\/2-8-F\u0130NAL-300x153.jpg 300w\" sizes=\"auto, (max-width: 640px) 100vw, 640px\" \/><\/a><\/p>\n<p>Levent, \u0130SK\u0130&#8217;nin baraj g\u00f6l\u00fcn\u00fcn demir kap\u0131s\u0131n\u0131 keski ile a\u00e7ar, i\u00e7eri girer.<\/p>\n<p><a href=\"http:\/\/balcilar-blog.com\/wp-content\/uploads\/2019\/07\/baraj.jpg\"><img loading=\"lazy\" decoding=\"async\" class=\"alignnone size-full wp-image-24990\" src=\"http:\/\/balcilar-blog.com\/wp-content\/uploads\/2019\/07\/baraj.jpg\" alt=\"\" width=\"640\" height=\"354\" srcset=\"https:\/\/balcilar-blog.com\/wp-content\/uploads\/2019\/07\/baraj.jpg 640w, https:\/\/balcilar-blog.com\/wp-content\/uploads\/2019\/07\/baraj-300x166.jpg 300w\" sizes=\"auto, (max-width: 640px) 100vw, 640px\" \/><\/a><\/p>\n<p>Baraj suyuna elindeki haz\u0131rlad\u0131klar\u0131 zehri tam bo\u015faltacak iken d\u00fcrb\u00fcnl\u00fc t\u00fcfekten \u00e7\u0131kan bir mermi Levent&#8217;in aln\u0131na do\u011fru yol al\u0131r.<\/p>\n<p><a href=\"http:\/\/balcilar-blog.com\/wp-content\/uploads\/2019\/07\/mermi.jpg\"><img loading=\"lazy\" decoding=\"async\" class=\"alignnone size-full wp-image-24994\" src=\"http:\/\/balcilar-blog.com\/wp-content\/uploads\/2019\/07\/mermi.jpg\" alt=\"\" width=\"640\" height=\"323\" srcset=\"https:\/\/balcilar-blog.com\/wp-content\/uploads\/2019\/07\/mermi.jpg 640w, https:\/\/balcilar-blog.com\/wp-content\/uploads\/2019\/07\/mermi-300x151.jpg 300w\" sizes=\"auto, (max-width: 640px) 100vw, 640px\" \/><\/a><\/p>\n<p>Burada 2.sezonun 8.b\u00f6l\u00fcm finali ile sona erer. 2.Sezon finalinde g\u00f6rd\u00fck ki, Zeynep Hakan a\u015fk\u0131 \u00f6ne \u00e7\u0131kt\u0131. 3.sezonda dolu dizgin devam edecektir.<\/p>\n<p>Hakan: Muhaf\u0131z dizisinin 3.sezon \u00e7ekimleri May\u0131s ortas\u0131nda ba\u015flam\u0131\u015ft\u0131. \u00c7ekimler bitmi\u015f, 4.Sezon \u00e7ekimleri ba\u015flam\u0131\u015f olmal\u0131. A\u011fustos ay\u0131 sonuna kadar 4.Sezon da bitecektir.<\/p>\n<p>En erken y\u0131l sonuna do\u011fru 3.sezon ba\u015flayaca\u011f\u0131n\u0131 tahmin ediyorum. 2020 y\u0131l ortas\u0131na do\u011fru 4.Sezon b\u00f6l\u00fcmleri gelecektir.<\/p>\n<p>Netflix \u00c7a\u011fatay Ulusoy ile yola \u00e7\u0131kmaktan son derece memnun olmal\u0131. Ben de buradan \u00c7a\u011fatay Ulusoy ve rol arkada\u015flar\u0131n\u0131 tebrik ediyor, ba\u015far\u0131lar\u0131n\u0131n devam\u0131n\u0131 diliyorum.<\/p>\n<p>Sayg\u0131lar ve sevgiler.<\/p>\n<p>Abdurrahman Balc\u0131lar<\/p>\n<p>Twitter :\u00a0<a href=\"https:\/\/twitter.com\/abbalcilar\">abdurrahman balc\u0131lar<\/a><a href=\"https:\/\/twitter.com\/abbalcilar\"><strong>@abbalcilar<\/strong><\/a><\/p>\n<p>Mail :\u00a0<a href=\"mailto:ab.balcilar@hotmail.com\">ab.balcilar@hotmail.com<\/a><\/p>\n<p>Blog:\u00a0<a href=\"http:\/\/t.co\/znqmIZgIqn\">blog.milliyet.com.tr\/cansever<\/a><\/p>\n<p>\u015eahsi Blog:\u00a0<a href=\"http:\/\/balcilar-blog.com\/\">Abdurrahman Balc\u0131lar Blog Sayfas\u0131<\/a><\/p>\n","protected":false},"excerpt":{"rendered":"<p>\u00c7a\u011fatay Ulusoy&#8217;un The Protector (Hakan: Muhaf\u0131z) dizisinin 2.sezon ilk b\u00f6l\u00fcm\u00fc 26 Nisan 2019 tarihinde t\u00fcm d\u00fcnya \u00fclkelerinde ayn\u0131 anda yay\u0131na girmi\u015fti. Toplam 8 b\u00f6l\u00fcm de ayn\u0131 anda yay\u0131nlan\u0131r. Sekiz b\u00f6l\u00fcm\u00fc tekrar izledim. T\u00fcm b\u00f6l\u00fcmleri sizlere anlatamam ama son final b\u00f6l\u00fcm\u00fc olan 8.b\u00f6l\u00fcmden bahsetmek istiyorum. Hakan ile Leyla deniz k\u0131y\u0131s\u0131nda tam bir yaz tatili yaparlar. Leyla [&hellip;]<\/p>\n","protected":false},"author":3,"featured_media":24995,"comment_status":"open","ping_status":"open","sticky":false,"template":"","format":"standard","meta":{"footnotes":""},"categories":[2],"tags":[1910,1981,15,1139,1843,30,1385,1478,779],"class_list":["post-24972","post","type-post","status-publish","format-standard","has-post-thumbnail","hentry","category-tv-programlari","tag-2-sezon","tag-8-bolum","tag-cagatay-ulusoy","tag-engin-ozturk","tag-hakan-muhafiz","tag-hazar-erguclu","tag-miray-daner","tag-netflix","tag-saygin-soysal"],"views":10074,"blog_post_layout_featured_media_urls":{"thumbnail":["https:\/\/balcilar-blog.com\/wp-content\/uploads\/2019\/07\/Zeynep-Hakan-150x150.jpg",150,150,true],"full":["https:\/\/balcilar-blog.com\/wp-content\/uploads\/2019\/07\/Zeynep-Hakan.jpg",640,408,false]},"categories_names":{"2":{"name":"TV Programlar\u0131","link":"https:\/\/balcilar-blog.com\/?cat=2"}},"tags_names":{"1910":{"name":"2.Sezon","link":"https:\/\/balcilar-blog.com\/?tag=2-sezon"},"1981":{"name":"8.B\u00f6l\u00fcm","link":"https:\/\/balcilar-blog.com\/?tag=8-bolum"},"15":{"name":"\u00e7a\u011fatay ulusoy","link":"https:\/\/balcilar-blog.com\/?tag=cagatay-ulusoy"},"1139":{"name":"Engin \u00d6zt\u00fcrk","link":"https:\/\/balcilar-blog.com\/?tag=engin-ozturk"},"1843":{"name":"Hakan: Muhaf\u0131z","link":"https:\/\/balcilar-blog.com\/?tag=hakan-muhafiz"},"30":{"name":"Hazar Erg\u00fc\u00e7l\u00fc","link":"https:\/\/balcilar-blog.com\/?tag=hazar-erguclu"},"1385":{"name":"Miray Daner","link":"https:\/\/balcilar-blog.com\/?tag=miray-daner"},"1478":{"name":"Netflix","link":"https:\/\/balcilar-blog.com\/?tag=netflix"},"779":{"name":"Sayg\u0131n Soysal","link":"https:\/\/balcilar-blog.com\/?tag=saygin-soysal"}},"comments_number":"0","wpmagazine_modules_lite_featured_media_urls":{"thumbnail":["https:\/\/balcilar-blog.com\/wp-content\/uploads\/2019\/07\/Zeynep-Hakan-150x150.jpg",150,150,true],"cvmm-medium":["https:\/\/balcilar-blog.com\/wp-content\/uploads\/2019\/07\/Zeynep-Hakan.jpg",300,191,false],"cvmm-medium-plus":["https:\/\/balcilar-blog.com\/wp-content\/uploads\/2019\/07\/Zeynep-Hakan.jpg",305,194,false],"cvmm-portrait":["https:\/\/balcilar-blog.com\/wp-content\/uploads\/2019\/07\/Zeynep-Hakan.jpg",400,255,false],"cvmm-medium-square":["https:\/\/balcilar-blog.com\/wp-content\/uploads\/2019\/07\/Zeynep-Hakan.jpg",600,383,false],"cvmm-large":["https:\/\/balcilar-blog.com\/wp-content\/uploads\/2019\/07\/Zeynep-Hakan.jpg",640,408,false],"cvmm-small":["https:\/\/balcilar-blog.com\/wp-content\/uploads\/2019\/07\/Zeynep-Hakan.jpg",130,83,false],"full":["https:\/\/balcilar-blog.com\/wp-content\/uploads\/2019\/07\/Zeynep-Hakan.jpg",640,408,false]},"_links":{"self":[{"href":"https:\/\/balcilar-blog.com\/index.php?rest_route=\/wp\/v2\/posts\/24972","targetHints":{"allow":["GET"]}}],"collection":[{"href":"https:\/\/balcilar-blog.com\/index.php?rest_route=\/wp\/v2\/posts"}],"about":[{"href":"https:\/\/balcilar-blog.com\/index.php?rest_route=\/wp\/v2\/types\/post"}],"author":[{"embeddable":true,"href":"https:\/\/balcilar-blog.com\/index.php?rest_route=\/wp\/v2\/users\/3"}],"replies":[{"embeddable":true,"href":"https:\/\/balcilar-blog.com\/index.php?rest_route=%2Fwp%2Fv2%2Fcomments&post=24972"}],"version-history":[{"count":6,"href":"https:\/\/balcilar-blog.com\/index.php?rest_route=\/wp\/v2\/posts\/24972\/revisions"}],"predecessor-version":[{"id":25000,"href":"https:\/\/balcilar-blog.com\/index.php?rest_route=\/wp\/v2\/posts\/24972\/revisions\/25000"}],"wp:featuredmedia":[{"embeddable":true,"href":"https:\/\/balcilar-blog.com\/index.php?rest_route=\/wp\/v2\/media\/24995"}],"wp:attachment":[{"href":"https:\/\/balcilar-blog.com\/index.php?rest_route=%2Fwp%2Fv2%2Fmedia&parent=24972"}],"wp:term":[{"taxonomy":"category","embeddable":true,"href":"https:\/\/balcilar-blog.com\/index.php?rest_route=%2Fwp%2Fv2%2Fcategories&post=24972"},{"taxonomy":"post_tag","embeddable":true,"href":"https:\/\/balcilar-blog.com\/index.php?rest_route=%2Fwp%2Fv2%2Ftags&post=24972"}],"curies":[{"name":"wp","href":"https:\/\/api.w.org\/{rel}","templated":true}]}}