{"id":24959,"date":"2019-07-27T19:23:27","date_gmt":"2019-07-27T16:23:27","guid":{"rendered":"http:\/\/balcilar-blog.com\/?p=24959"},"modified":"2019-07-27T20:33:02","modified_gmt":"2019-07-27T17:33:02","slug":"bir-zamanlar-cukurova-yeni-sezonda-da-zirveyi-kimselere-birakmayacak","status":"publish","type":"post","link":"https:\/\/balcilar-blog.com\/?p=24959","title":{"rendered":"&#8220;Bir Zamanlar \u00c7ukurova&#8221; Yeni Sezonda da Zirveyi Kimselere B\u0131rakmayacak!"},"content":{"rendered":"<p><img loading=\"lazy\" decoding=\"async\" class=\"alignnone size-full wp-image-24970\" src=\"http:\/\/balcilar-blog.com\/wp-content\/uploads\/2019\/07\/haber-bir-zamanlar-cukurova-oyun.jpg\" alt=\"\" width=\"640\" height=\"480\" srcset=\"https:\/\/balcilar-blog.com\/wp-content\/uploads\/2019\/07\/haber-bir-zamanlar-cukurova-oyun.jpg 640w, https:\/\/balcilar-blog.com\/wp-content\/uploads\/2019\/07\/haber-bir-zamanlar-cukurova-oyun-300x225.jpg 300w\" sizes=\"auto, (max-width: 640px) 100vw, 640px\" \/><\/p>\n<p>\u0130ddial\u0131 yap\u0131mlara imza atan Atv&#8217;nin olduk\u00e7a sevilen dizisi &#8220;Bir Zamanlar \u00c7ukurova&#8221; yeni sezonda zirveyi yine kimselere b\u0131rakmayacak gibi duruyor. Ba\u015frol\u00fc oynayan Vahide G\u00f6rd\u00fcm dizinin \u00f6nemli karakterlerinden biri.<\/p>\n<p><img loading=\"lazy\" decoding=\"async\" class=\"alignnone size-full wp-image-24968\" src=\"http:\/\/balcilar-blog.com\/wp-content\/uploads\/2019\/07\/D-Y2ZLeWkAAtfd_.jpg\" alt=\"\" width=\"640\" height=\"427\" srcset=\"https:\/\/balcilar-blog.com\/wp-content\/uploads\/2019\/07\/D-Y2ZLeWkAAtfd_.jpg 640w, https:\/\/balcilar-blog.com\/wp-content\/uploads\/2019\/07\/D-Y2ZLeWkAAtfd_-300x200.jpg 300w\" sizes=\"auto, (max-width: 640px) 100vw, 640px\" \/><\/p>\n<p>Z\u00fcleyha (Hilal Alt\u0131nbilek) ile Y\u0131lmaz (U\u011fur G\u00fcne\u015f) a\u015fk\u0131 ile ba\u015flayan dizi, bu iki karakter sayesinde \u00e7ok sevilmi\u015ftir.<\/p>\n<p><img loading=\"lazy\" decoding=\"async\" class=\"alignnone size-medium wp-image-24967\" src=\"http:\/\/balcilar-blog.com\/wp-content\/uploads\/2019\/07\/D-Y3Wh1XkAAOmul-300x200.jpg\" alt=\"\" width=\"300\" height=\"200\" srcset=\"https:\/\/balcilar-blog.com\/wp-content\/uploads\/2019\/07\/D-Y3Wh1XkAAOmul-300x200.jpg 300w, https:\/\/balcilar-blog.com\/wp-content\/uploads\/2019\/07\/D-Y3Wh1XkAAOmul.jpg 680w\" sizes=\"auto, (max-width: 300px) 100vw, 300px\" \/>\u00a0<img loading=\"lazy\" decoding=\"async\" class=\"alignnone size-medium wp-image-24965\" src=\"http:\/\/balcilar-blog.com\/wp-content\/uploads\/2019\/07\/D-Y2cKzWsAIxgSO-Kopya-300x200.jpg\" alt=\"\" width=\"300\" height=\"200\" srcset=\"https:\/\/balcilar-blog.com\/wp-content\/uploads\/2019\/07\/D-Y2cKzWsAIxgSO-Kopya-300x200.jpg 300w, https:\/\/balcilar-blog.com\/wp-content\/uploads\/2019\/07\/D-Y2cKzWsAIxgSO-Kopya.jpg 640w\" sizes=\"auto, (max-width: 300px) 100vw, 300px\" \/><\/p>\n<p>Di\u011fer ba\u015frol oyuncusu; Murat \u00dcnalm\u0131\u015f (Demir Yaman) sert karakteri ile tepki alsa da diziye renk katan ba\u015fka bir oyuncu.<\/p>\n<p><img loading=\"lazy\" decoding=\"async\" class=\"alignnone size-full wp-image-24961\" src=\"http:\/\/balcilar-blog.com\/wp-content\/uploads\/2019\/07\/D-Y2d6NXsAAw9hB-Kopya.jpg\" alt=\"\" width=\"640\" height=\"427\" srcset=\"https:\/\/balcilar-blog.com\/wp-content\/uploads\/2019\/07\/D-Y2d6NXsAAw9hB-Kopya.jpg 640w, https:\/\/balcilar-blog.com\/wp-content\/uploads\/2019\/07\/D-Y2d6NXsAAw9hB-Kopya-300x200.jpg 300w\" sizes=\"auto, (max-width: 640px) 100vw, 640px\" \/><\/p>\n<p>Dizinin ba\u015fka bir karakter oyuncusu Kerem Al\u0131\u015f\u0131k canland\u0131rd\u0131\u011f\u0131 Fekeli Ali karakteri ile izleyicinin g\u00f6nl\u00fcn\u00fc fetheden ba\u015fka bir oyuncumuz. Yabanc\u0131 \u00fcnl\u00fc bir spikerle birlikte.<\/p>\n<p><img loading=\"lazy\" decoding=\"async\" class=\"alignnone size-full wp-image-24969\" src=\"http:\/\/balcilar-blog.com\/wp-content\/uploads\/2019\/07\/D-Y3eJVXYAA6Ecy.jpg\" alt=\"\" width=\"640\" height=\"427\" srcset=\"https:\/\/balcilar-blog.com\/wp-content\/uploads\/2019\/07\/D-Y3eJVXYAA6Ecy.jpg 640w, https:\/\/balcilar-blog.com\/wp-content\/uploads\/2019\/07\/D-Y3eJVXYAA6Ecy-300x200.jpg 300w\" sizes=\"auto, (max-width: 640px) 100vw, 640px\" \/><\/p>\n<p>TIMS&amp;B Productions\u2019\u0131n, yap\u0131mc\u0131l\u0131\u011f\u0131n\u0131 Timur Savc\u0131 ve Burak Sa\u011fya\u015far\u2019\u0131n \u00fcstlendi\u011fi \u201cBir Zamanlar \u00c7ukurova\u201d \u00fclkemizde \u00e7ok sevilmi\u015f, Yurtd\u0131\u015f\u0131na kap\u0131lar\u0131n\u0131 a\u00e7m\u0131\u015ft\u0131r. Art\u0131k Bosna ve Slovenya\u2019da da ekranda! Bosna Hayat TV ve Slovenya POP TV\u2019nin \u00fcnl\u00fc sunucular\u0131, dizinin ba\u015frol oyuncular\u0131 ile r\u00f6portaj yapmak \u00fczere T\u00fcrkiye\u2019ye gelmi\u015fler.<\/p>\n<p>Bir Zamanlar \u00c7ukurova,\u00a0<span class=\"css-901oao css-16my406 r-1qd0xha r-ad9z0x r-bcqeeo r-qvutc0\">\u015fu anda 11 \u00fclkeye sat\u0131lm\u0131\u015f durumda. Devaml\u0131 yeni teklif gelen dizinin, \u015fimdiye kadar yap\u0131lan g\u00f6r\u00fc\u015fmelerle k\u0131\u015f sezonunda yay\u0131nland\u0131\u011f\u0131 \u00fclke say\u0131s\u0131n\u0131n 20 olmas\u0131 planlan\u0131yor.<\/span><\/p>\n<p>&nbsp;<\/p>\n<p>Quality of Magazine \u00d6d\u00fcl T\u00f6reni\u2019nde Bir Zamanlar \u00c7ukurova \u2018En Quality Dizi\u2019 \u00f6d\u00fcl\u00fcn\u00fc alm\u0131\u015ft\u0131r.<\/p>\n<p><img loading=\"lazy\" decoding=\"async\" class=\"alignnone size-full wp-image-24962\" src=\"http:\/\/balcilar-blog.com\/wp-content\/uploads\/2019\/07\/D88iC4CXsAE2fsL-Kopya.jpg\" alt=\"\" width=\"640\" height=\"360\" srcset=\"https:\/\/balcilar-blog.com\/wp-content\/uploads\/2019\/07\/D88iC4CXsAE2fsL-Kopya.jpg 640w, https:\/\/balcilar-blog.com\/wp-content\/uploads\/2019\/07\/D88iC4CXsAE2fsL-Kopya-300x169.jpg 300w\" sizes=\"auto, (max-width: 640px) 100vw, 640px\" \/><\/p>\n<p>Kerem Al\u0131\u015f\u0131k ise \u2018En Quality Erkek Oyuncu\u2019 \u00f6d\u00fcl\u00fcn\u00fc ald\u0131.<\/p>\n<p><img loading=\"lazy\" decoding=\"async\" class=\"alignnone size-full wp-image-24964\" src=\"http:\/\/balcilar-blog.com\/wp-content\/uploads\/2019\/07\/D88iEy7WwAE3___-Kopya.jpg\" alt=\"\" width=\"640\" height=\"361\" srcset=\"https:\/\/balcilar-blog.com\/wp-content\/uploads\/2019\/07\/D88iEy7WwAE3___-Kopya.jpg 640w, https:\/\/balcilar-blog.com\/wp-content\/uploads\/2019\/07\/D88iEy7WwAE3___-Kopya-300x169.jpg 300w\" sizes=\"auto, (max-width: 640px) 100vw, 640px\" \/><\/p>\n<p>A\u011fustos ay\u0131n\u0131n son haftas\u0131na do\u011fru yeni b\u00f6l\u00fcmlerin \u00e7ekimi ba\u015flayacak! Eyl\u00fcl ay\u0131n\u0131n ilk haftas\u0131 i\u00e7inde dizinin fragman\u0131 yay\u0131nlanacak! Dizimiz 35.b\u00f6l\u00fcmde sezon finali yapm\u0131\u015ft\u0131. Eyl\u00fcl ay\u0131n\u0131n 3.haftas\u0131na do\u011fru 36.b\u00f6l\u00fcm ekranlara gelecek! \u0130zleyicin merak etti\u011fi olaylar g\u00f6zler \u00f6n\u00fcne serilecek. Y\u0131lmaz Fekeli&#8217;nin evinde M\u00fcjgan ile ge\u00e7irdi\u011fi ilk gecenin sonunda sabah, \u00e7ekmeceden Z\u00fcleyha&#8217;n\u0131n y\u0131rt\u0131k mektubunu bulmu\u015f ve bah\u00e7ede burnundan soluyarak okumu\u015f iyice h\u0131rslanm\u0131\u015ft\u0131.<\/p>\n<p>Di\u011fer taraftan Z\u00fcleyha, Demir Yaman&#8217;dan olan \u00e7ocu\u011funu ald\u0131rd\u0131 mi? Merakla beklenen ba\u015fka bir konu&#8230; Y\u0131lmaz yeni evlendi\u011fi doktor M\u00fcjgan&#8217;dan bo\u015fanacak m\u0131?<\/p>\n<p>36.b\u00f6l\u00fcm\u00fcn yay\u0131nlanmas\u0131 ile ger\u00e7ekler su y\u00fcz\u00fcne \u00e7\u0131kacak!<\/p>\n<p>\u0130yi seyirler.<\/p>\n<p>Sayg\u0131lar ve sevgiler.<\/p>\n<p>Abdurrahman Balc\u0131lar<\/p>\n<p>Twitter :\u00a0<a href=\"https:\/\/twitter.com\/abbalcilar\">abdurrahman balc\u0131lar<\/a><a href=\"https:\/\/twitter.com\/abbalcilar\"><strong>@abbalcilar<\/strong><\/a><\/p>\n<p>Mail :\u00a0<a href=\"mailto:ab.balcilar@hotmail.com\">ab.balcilar@hotmail.com<\/a><\/p>\n<p>Blog:\u00a0<a href=\"http:\/\/t.co\/znqmIZgIqn\">blog.milliyet.com.tr\/cansever<\/a><\/p>\n<p>\u015eahsi Blog:\u00a0<a href=\"http:\/\/balcilar-blog.com\/\">Abdurrahman Balc\u0131lar Blog Sayfas\u0131<\/a><\/p>\n","protected":false},"excerpt":{"rendered":"<p>\u0130ddial\u0131 yap\u0131mlara imza atan Atv&#8217;nin olduk\u00e7a sevilen dizisi &#8220;Bir Zamanlar \u00c7ukurova&#8221; yeni sezonda zirveyi yine kimselere b\u0131rakmayacak gibi duruyor. Ba\u015frol\u00fc oynayan Vahide G\u00f6rd\u00fcm dizinin \u00f6nemli karakterlerinden biri. Z\u00fcleyha (Hilal Alt\u0131nbilek) ile Y\u0131lmaz (U\u011fur G\u00fcne\u015f) a\u015fk\u0131 ile ba\u015flayan dizi, bu iki karakter sayesinde \u00e7ok sevilmi\u015ftir. \u00a0 Di\u011fer ba\u015frol oyuncusu; Murat \u00dcnalm\u0131\u015f (Demir Yaman) sert karakteri ile [&hellip;]<\/p>\n","protected":false},"author":3,"featured_media":24970,"comment_status":"open","ping_status":"open","sticky":false,"template":"","format":"standard","meta":{"footnotes":""},"categories":[2],"tags":[1770,1774,911,1772,1980,1773,1260,818],"class_list":["post-24959","post","type-post","status-publish","format-standard","has-post-thumbnail","hentry","category-tv-programlari","tag-bir-zamanlar-cukurova","tag-hilal-altinbilek","tag-kerem-alisik","tag-murat-unalmis","tag-timsb","tag-ugur-gunes","tag-vahide-gordum","tag-yeni-sezon"],"views":3477,"blog_post_layout_featured_media_urls":{"thumbnail":["https:\/\/balcilar-blog.com\/wp-content\/uploads\/2019\/07\/haber-bir-zamanlar-cukurova-oyun-150x150.jpg",150,150,true],"full":["https:\/\/balcilar-blog.com\/wp-content\/uploads\/2019\/07\/haber-bir-zamanlar-cukurova-oyun.jpg",640,480,false]},"categories_names":{"2":{"name":"TV Programlar\u0131","link":"https:\/\/balcilar-blog.com\/?cat=2"}},"tags_names":{"1770":{"name":"Bir Zamanlar \u00c7ukurova","link":"https:\/\/balcilar-blog.com\/?tag=bir-zamanlar-cukurova"},"1774":{"name":"Hilal Alt\u0131nbilek","link":"https:\/\/balcilar-blog.com\/?tag=hilal-altinbilek"},"911":{"name":"Kerem Al\u0131\u015f\u0131k","link":"https:\/\/balcilar-blog.com\/?tag=kerem-alisik"},"1772":{"name":"Murat \u00dcnalm\u0131\u015f","link":"https:\/\/balcilar-blog.com\/?tag=murat-unalmis"},"1980":{"name":"T\u0130MS&amp;B","link":"https:\/\/balcilar-blog.com\/?tag=timsb"},"1773":{"name":"U\u011fur G\u00fcne\u015f","link":"https:\/\/balcilar-blog.com\/?tag=ugur-gunes"},"1260":{"name":"Vahide G\u00f6rd\u00fcm","link":"https:\/\/balcilar-blog.com\/?tag=vahide-gordum"},"818":{"name":"Yeni Sezon","link":"https:\/\/balcilar-blog.com\/?tag=yeni-sezon"}},"comments_number":"0","wpmagazine_modules_lite_featured_media_urls":{"thumbnail":["https:\/\/balcilar-blog.com\/wp-content\/uploads\/2019\/07\/haber-bir-zamanlar-cukurova-oyun-150x150.jpg",150,150,true],"cvmm-medium":["https:\/\/balcilar-blog.com\/wp-content\/uploads\/2019\/07\/haber-bir-zamanlar-cukurova-oyun.jpg",300,225,false],"cvmm-medium-plus":["https:\/\/balcilar-blog.com\/wp-content\/uploads\/2019\/07\/haber-bir-zamanlar-cukurova-oyun.jpg",276,207,false],"cvmm-portrait":["https:\/\/balcilar-blog.com\/wp-content\/uploads\/2019\/07\/haber-bir-zamanlar-cukurova-oyun.jpg",400,300,false],"cvmm-medium-square":["https:\/\/balcilar-blog.com\/wp-content\/uploads\/2019\/07\/haber-bir-zamanlar-cukurova-oyun.jpg",600,450,false],"cvmm-large":["https:\/\/balcilar-blog.com\/wp-content\/uploads\/2019\/07\/haber-bir-zamanlar-cukurova-oyun.jpg",640,480,false],"cvmm-small":["https:\/\/balcilar-blog.com\/wp-content\/uploads\/2019\/07\/haber-bir-zamanlar-cukurova-oyun.jpg",127,95,false],"full":["https:\/\/balcilar-blog.com\/wp-content\/uploads\/2019\/07\/haber-bir-zamanlar-cukurova-oyun.jpg",640,480,false]},"_links":{"self":[{"href":"https:\/\/balcilar-blog.com\/index.php?rest_route=\/wp\/v2\/posts\/24959","targetHints":{"allow":["GET"]}}],"collection":[{"href":"https:\/\/balcilar-blog.com\/index.php?rest_route=\/wp\/v2\/posts"}],"about":[{"href":"https:\/\/balcilar-blog.com\/index.php?rest_route=\/wp\/v2\/types\/post"}],"author":[{"embeddable":true,"href":"https:\/\/balcilar-blog.com\/index.php?rest_route=\/wp\/v2\/users\/3"}],"replies":[{"embeddable":true,"href":"https:\/\/balcilar-blog.com\/index.php?rest_route=%2Fwp%2Fv2%2Fcomments&post=24959"}],"version-history":[{"count":2,"href":"https:\/\/balcilar-blog.com\/index.php?rest_route=\/wp\/v2\/posts\/24959\/revisions"}],"predecessor-version":[{"id":24971,"href":"https:\/\/balcilar-blog.com\/index.php?rest_route=\/wp\/v2\/posts\/24959\/revisions\/24971"}],"wp:featuredmedia":[{"embeddable":true,"href":"https:\/\/balcilar-blog.com\/index.php?rest_route=\/wp\/v2\/media\/24970"}],"wp:attachment":[{"href":"https:\/\/balcilar-blog.com\/index.php?rest_route=%2Fwp%2Fv2%2Fmedia&parent=24959"}],"wp:term":[{"taxonomy":"category","embeddable":true,"href":"https:\/\/balcilar-blog.com\/index.php?rest_route=%2Fwp%2Fv2%2Fcategories&post=24959"},{"taxonomy":"post_tag","embeddable":true,"href":"https:\/\/balcilar-blog.com\/index.php?rest_route=%2Fwp%2Fv2%2Ftags&post=24959"}],"curies":[{"name":"wp","href":"https:\/\/api.w.org\/{rel}","templated":true}]}}