{"id":24898,"date":"2019-07-11T15:10:18","date_gmt":"2019-07-11T12:10:18","guid":{"rendered":"http:\/\/balcilar-blog.com\/?p=24898"},"modified":"2019-07-11T15:10:18","modified_gmt":"2019-07-11T12:10:18","slug":"afilli-ask-iyi-gidiyor","status":"publish","type":"post","link":"https:\/\/balcilar-blog.com\/?p=24898","title":{"rendered":"&#8220;Afilli A\u015fk&#8221; \u0130yi Gidiyor!"},"content":{"rendered":"<p><img loading=\"lazy\" decoding=\"async\" class=\"alignnone size-full wp-image-24900\" src=\"http:\/\/balcilar-blog.com\/wp-content\/uploads\/2019\/07\/D_H6Il_WwAE6vL-.jpg\" alt=\"\" width=\"480\" height=\"571\" srcset=\"https:\/\/balcilar-blog.com\/wp-content\/uploads\/2019\/07\/D_H6Il_WwAE6vL-.jpg 480w, https:\/\/balcilar-blog.com\/wp-content\/uploads\/2019\/07\/D_H6Il_WwAE6vL--252x300.jpg 252w\" sizes=\"auto, (max-width: 480px) 100vw, 480px\" \/><\/p>\n<p>Yaz dizilerinde Kanal D&#8217;nin &#8220;Afilli A\u015fk&#8221; be\u011feni ile izleniyor ve reytinglerde \u00f6n s\u0131ralarda yer al\u0131yor. Ge\u00e7en hafta Total grubunda 6,75 reyting puan\u0131 ile Haftan\u0131n dizileri aras\u0131nda ilk s\u0131rada yer ald\u0131.<\/p>\n<p>D\u00fcn ak\u015fam 5.b\u00f6l\u00fcm\u00fcnde a\u015fa\u011f\u0131daki tabloda g\u00f6r\u00fcld\u00fc\u011f\u00fc gibi yine reytingleri olduk\u00e7a iyi idi.<\/p>\n<p><img loading=\"lazy\" decoding=\"async\" class=\"alignnone size-full wp-image-24899\" src=\"http:\/\/balcilar-blog.com\/wp-content\/uploads\/2019\/07\/D_LVIqEW4AUkQen.jpg\" alt=\"\" width=\"490\" height=\"480\" srcset=\"https:\/\/balcilar-blog.com\/wp-content\/uploads\/2019\/07\/D_LVIqEW4AUkQen.jpg 490w, https:\/\/balcilar-blog.com\/wp-content\/uploads\/2019\/07\/D_LVIqEW4AUkQen-300x294.jpg 300w\" sizes=\"auto, (max-width: 490px) 100vw, 490px\" \/><\/p>\n<p><strong>Yap\u0131mc\u0131l\u0131\u011f\u0131n\u0131 Arc Film, yap\u0131mc\u0131l\u0131\u011f\u0131n\u0131 Fatih Enes \u00d6mero\u011flu, y\u00f6netmenli\u011fini Serdar G\u00f6zelekli yap\u0131yor.<\/strong><\/p>\n<p>Senaryosunu; Bar\u0131\u015f Erdo\u011fan, \u0130lker Arslan, K\u00fcbra S\u00fcl\u00fcn ve Ok\u015fan Tavasl\u0131o\u011flu birlikte yaz\u0131yorlar.<\/p>\n<p><img loading=\"lazy\" decoding=\"async\" class=\"alignnone size-full wp-image-24904\" src=\"http:\/\/balcilar-blog.com\/wp-content\/uploads\/2019\/07\/D_InzSZWsAgsi8f.jpg\" alt=\"\" width=\"640\" height=\"360\" srcset=\"https:\/\/balcilar-blog.com\/wp-content\/uploads\/2019\/07\/D_InzSZWsAgsi8f.jpg 640w, https:\/\/balcilar-blog.com\/wp-content\/uploads\/2019\/07\/D_InzSZWsAgsi8f-300x169.jpg 300w\" sizes=\"auto, (max-width: 640px) 100vw, 640px\" \/><\/p>\n<p>Ba\u015frollerini; Burcu \u00d6zberk (Ay\u015fe) ve \u00c7a\u011flar Ertu\u011frul (Kerem) birlikte oynuyorlar. Di\u011fer rollerde\u00a0Taner Rumeli (R\u0131za), U\u011fur Uzunel (Erkut), Benian D\u00f6nmez (Melahat), G\u00fczide Arslan (Gonca), Serkay T\u00fct\u00fcnc\u00fc (Volkan), Ne\u015fe Baykent (Yelda), Altan Erkekli (Muhsin), Y\u0131lmaz Kunt (Berk), Zeynep Tu\u011f\u00e7e Bayat (Ceyda), Ozan Da\u011fgez (Samet), Asena Tu\u011fal (H\u00fclya), Beril Pozam (Nazmiye), Umutcan \u00dctebay (Sabri), Banu \u0130nan (Nermin), Vural Ceylan (Kadir), Hira Su Y\u0131ld\u0131z (Buse) kadroda yer al\u0131yor.<\/p>\n<p><img loading=\"lazy\" decoding=\"async\" class=\"alignnone size-full wp-image-24901\" src=\"http:\/\/balcilar-blog.com\/wp-content\/uploads\/2019\/07\/D_I79P3X4AILAGe.jpg\" alt=\"\" width=\"640\" height=\"360\" srcset=\"https:\/\/balcilar-blog.com\/wp-content\/uploads\/2019\/07\/D_I79P3X4AILAGe.jpg 640w, https:\/\/balcilar-blog.com\/wp-content\/uploads\/2019\/07\/D_I79P3X4AILAGe-300x169.jpg 300w\" sizes=\"auto, (max-width: 640px) 100vw, 640px\" \/><\/p>\n<p>5.B\u00f6l\u00fcmde Ceyda taraf\u0131ndan para kar\u015f\u0131l\u0131\u011f\u0131 g\u00f6r\u00fcnt\u00fcleri servis edilen Ay\u015fe \u00e7ok zor bir durumla kar\u015f\u0131 kar\u015f\u0131ya kal\u0131r. Bu kriz aileleri de etkiler. Kerem ise bu i\u015fin pe\u015fini b\u0131rakmamaya niyetlidir. Ay\u015fe i\u00e7in zor g\u00fcnler ba\u015flar. Ba\u015fta ailesi ve i\u015fi olmak \u00fczere yava\u015f yava\u015f her \u015feyini kaybeder. Kerem zor bir bayan m\u00fc\u015fteriyi bir anla\u015fmaya imzalatmak \u00fczere babas\u0131na s\u00f6z verir. Bu zor m\u00fc\u015fteri Kerem&#8217;in eski sev\u011fililerindendir. Kerem ne yapt\u0131ysa imzay\u0131 att\u0131ramaz. Onlar\u0131 toplant\u0131 odas\u0131nda uygunsuz yakalayan Ay\u015fe, kocas\u0131na yard\u0131m eder ve bu imzay\u0131 bir tak\u0131m s\u00f6zler kar\u015f\u0131l\u0131\u011f\u0131nda imzay\u0131 att\u0131r\u0131r.<\/p>\n<p><img loading=\"lazy\" decoding=\"async\" class=\"alignnone size-full wp-image-24902\" src=\"http:\/\/balcilar-blog.com\/wp-content\/uploads\/2019\/07\/D_Ii5QaWkAE1U6z.jpg\" alt=\"\" width=\"640\" height=\"360\" srcset=\"https:\/\/balcilar-blog.com\/wp-content\/uploads\/2019\/07\/D_Ii5QaWkAE1U6z.jpg 640w, https:\/\/balcilar-blog.com\/wp-content\/uploads\/2019\/07\/D_Ii5QaWkAE1U6z-300x169.jpg 300w\" sizes=\"auto, (max-width: 640px) 100vw, 640px\" \/><\/p>\n<p>Ay\u015fe kocas\u0131 Kerem&#8217;in g\u00f6z\u00fcne girer. Di\u011fer taraftan Ceyda, Ay\u015fe ile u\u011fra\u015f\u0131r kocas\u0131na kar\u015f\u0131 k\u00fc\u00e7\u00fck d\u00fc\u015f\u00fcrmeye \u00e7al\u0131\u015f\u0131r. Kerem de Ceyda&#8217;y\u0131 s\u0131k\u0131\u015ft\u0131r\u0131r, i\u015ften atmakla tehdit eder. Bu restle\u015fmeyi kim kazanacak? \u00d6n\u00fcm\u00fczdeki hafta 17 Haziran \u00c7ar\u015famba ak\u015fam\u0131 6,b\u00f6l\u00fcmde hep birlikte g\u00f6rece\u011fiz!<\/p>\n<p><img loading=\"lazy\" decoding=\"async\" class=\"alignnone size-full wp-image-24905\" src=\"http:\/\/balcilar-blog.com\/wp-content\/uploads\/2019\/07\/D_LR-JOW4AAUgfI.png\" alt=\"\" width=\"720\" height=\"405\" srcset=\"https:\/\/balcilar-blog.com\/wp-content\/uploads\/2019\/07\/D_LR-JOW4AAUgfI.png 720w, https:\/\/balcilar-blog.com\/wp-content\/uploads\/2019\/07\/D_LR-JOW4AAUgfI-300x169.png 300w\" sizes=\"auto, (max-width: 720px) 100vw, 720px\" \/><\/p>\n<p>Keyifli bir komedi dizisi olan Afilli A\u015fk bu hafta Somera ara\u015ft\u0131rmalar\u0131na g\u00f6re sosyal medyada en \u00e7ok konu\u015fulan dizi olmu\u015f.<\/p>\n<p>Keyifli Seyirler.<\/p>\n<p>Sayg\u0131lar ve sevgiler.<\/p>\n<p>Abdurrahman Balc\u0131lar<\/p>\n<p>Twitter :\u00a0<a href=\"https:\/\/twitter.com\/abbalcilar\">abdurrahman balc\u0131lar<\/a><a href=\"https:\/\/twitter.com\/abbalcilar\"><strong>@abbalcilar<\/strong><\/a><\/p>\n<p>Mail :\u00a0<a href=\"mailto:ab.balcilar@hotmail.com\">ab.balcilar@hotmail.com<\/a><\/p>\n<p>Blog:\u00a0<a href=\"http:\/\/t.co\/znqmIZgIqn\">blog.milliyet.com.tr\/cansever<\/a><\/p>\n<p>\u015eahsi Blog:\u00a0<a href=\"http:\/\/balcilar-blog.com\/\">Abdurrahman Balc\u0131lar Blog Sayfas\u0131<\/a><\/p>\n<p>&nbsp;<\/p>\n<p>&nbsp;<\/p>\n<p>&nbsp;<\/p>\n","protected":false},"excerpt":{"rendered":"<p>Yaz dizilerinde Kanal D&#8217;nin &#8220;Afilli A\u015fk&#8221; be\u011feni ile izleniyor ve reytinglerde \u00f6n s\u0131ralarda yer al\u0131yor. Ge\u00e7en hafta Total grubunda 6,75 reyting puan\u0131 ile Haftan\u0131n dizileri aras\u0131nda ilk s\u0131rada yer ald\u0131. D\u00fcn ak\u015fam 5.b\u00f6l\u00fcm\u00fcnde a\u015fa\u011f\u0131daki tabloda g\u00f6r\u00fcld\u00fc\u011f\u00fc gibi yine reytingleri olduk\u00e7a iyi idi. Yap\u0131mc\u0131l\u0131\u011f\u0131n\u0131 Arc Film, yap\u0131mc\u0131l\u0131\u011f\u0131n\u0131 Fatih Enes \u00d6mero\u011flu, y\u00f6netmenli\u011fini Serdar G\u00f6zelekli yap\u0131yor. Senaryosunu; Bar\u0131\u015f [&hellip;]<\/p>\n","protected":false},"author":3,"featured_media":24900,"comment_status":"open","ping_status":"open","sticky":false,"template":"","format":"standard","meta":{"footnotes":""},"categories":[2],"tags":[1960,1964,1965,609,91,1540],"class_list":["post-24898","post","type-post","status-publish","format-standard","has-post-thumbnail","hentry","category-tv-programlari","tag-afilli-ask","tag-arc-film","tag-burcu-ozberk","tag-caglar-ertugrul","tag-kanal-d","tag-serdar-gozelekli"],"views":3144,"blog_post_layout_featured_media_urls":{"thumbnail":["https:\/\/balcilar-blog.com\/wp-content\/uploads\/2019\/07\/D_H6Il_WwAE6vL--150x150.jpg",150,150,true],"full":["https:\/\/balcilar-blog.com\/wp-content\/uploads\/2019\/07\/D_H6Il_WwAE6vL-.jpg",480,571,false]},"categories_names":{"2":{"name":"TV Programlar\u0131","link":"https:\/\/balcilar-blog.com\/?cat=2"}},"tags_names":{"1960":{"name":"Afilli A\u015fk","link":"https:\/\/balcilar-blog.com\/?tag=afilli-ask"},"1964":{"name":"Arc Film","link":"https:\/\/balcilar-blog.com\/?tag=arc-film"},"1965":{"name":"Burcu \u00d6zberk","link":"https:\/\/balcilar-blog.com\/?tag=burcu-ozberk"},"609":{"name":"\u00c7a\u011flar Ertu\u011frul","link":"https:\/\/balcilar-blog.com\/?tag=caglar-ertugrul"},"91":{"name":"Kanal D","link":"https:\/\/balcilar-blog.com\/?tag=kanal-d"},"1540":{"name":"Serdar G\u00f6zelekli","link":"https:\/\/balcilar-blog.com\/?tag=serdar-gozelekli"}},"comments_number":"0","wpmagazine_modules_lite_featured_media_urls":{"thumbnail":["https:\/\/balcilar-blog.com\/wp-content\/uploads\/2019\/07\/D_H6Il_WwAE6vL--150x150.jpg",150,150,true],"cvmm-medium":["https:\/\/balcilar-blog.com\/wp-content\/uploads\/2019\/07\/D_H6Il_WwAE6vL-.jpg",252,300,false],"cvmm-medium-plus":["https:\/\/balcilar-blog.com\/wp-content\/uploads\/2019\/07\/D_H6Il_WwAE6vL-.jpg",174,207,false],"cvmm-portrait":["https:\/\/balcilar-blog.com\/wp-content\/uploads\/2019\/07\/D_H6Il_WwAE6vL-.jpg",400,476,false],"cvmm-medium-square":["https:\/\/balcilar-blog.com\/wp-content\/uploads\/2019\/07\/D_H6Il_WwAE6vL-.jpg",480,571,false],"cvmm-large":["https:\/\/balcilar-blog.com\/wp-content\/uploads\/2019\/07\/D_H6Il_WwAE6vL-.jpg",480,571,false],"cvmm-small":["https:\/\/balcilar-blog.com\/wp-content\/uploads\/2019\/07\/D_H6Il_WwAE6vL-.jpg",80,95,false],"full":["https:\/\/balcilar-blog.com\/wp-content\/uploads\/2019\/07\/D_H6Il_WwAE6vL-.jpg",480,571,false]},"_links":{"self":[{"href":"https:\/\/balcilar-blog.com\/index.php?rest_route=\/wp\/v2\/posts\/24898","targetHints":{"allow":["GET"]}}],"collection":[{"href":"https:\/\/balcilar-blog.com\/index.php?rest_route=\/wp\/v2\/posts"}],"about":[{"href":"https:\/\/balcilar-blog.com\/index.php?rest_route=\/wp\/v2\/types\/post"}],"author":[{"embeddable":true,"href":"https:\/\/balcilar-blog.com\/index.php?rest_route=\/wp\/v2\/users\/3"}],"replies":[{"embeddable":true,"href":"https:\/\/balcilar-blog.com\/index.php?rest_route=%2Fwp%2Fv2%2Fcomments&post=24898"}],"version-history":[{"count":3,"href":"https:\/\/balcilar-blog.com\/index.php?rest_route=\/wp\/v2\/posts\/24898\/revisions"}],"predecessor-version":[{"id":24908,"href":"https:\/\/balcilar-blog.com\/index.php?rest_route=\/wp\/v2\/posts\/24898\/revisions\/24908"}],"wp:featuredmedia":[{"embeddable":true,"href":"https:\/\/balcilar-blog.com\/index.php?rest_route=\/wp\/v2\/media\/24900"}],"wp:attachment":[{"href":"https:\/\/balcilar-blog.com\/index.php?rest_route=%2Fwp%2Fv2%2Fmedia&parent=24898"}],"wp:term":[{"taxonomy":"category","embeddable":true,"href":"https:\/\/balcilar-blog.com\/index.php?rest_route=%2Fwp%2Fv2%2Fcategories&post=24898"},{"taxonomy":"post_tag","embeddable":true,"href":"https:\/\/balcilar-blog.com\/index.php?rest_route=%2Fwp%2Fv2%2Ftags&post=24898"}],"curies":[{"name":"wp","href":"https:\/\/api.w.org\/{rel}","templated":true}]}}