{"id":2465,"date":"2014-06-22T19:13:34","date_gmt":"2014-06-22T16:13:34","guid":{"rendered":"http:\/\/balcilar-blog.com\/?p=2465"},"modified":"2014-06-22T19:31:52","modified_gmt":"2014-06-22T16:31:52","slug":"fatih-harbiye-sezon-finalinde-sinasi-ve-nezahatin-aci-sonu","status":"publish","type":"post","link":"https:\/\/balcilar-blog.com\/?p=2465","title":{"rendered":"Fatih harbiye \/ Sezon finalinde, \u015einasi ve Nezahat\u2019\u0131n ac\u0131 sonu!"},"content":{"rendered":"<p><img decoding=\"async\" src=\"https:\/\/pbs.twimg.com\/media\/BquteiFIEAAn4Gy.jpg\" alt=\"G\u00f6m\u00fcl\u00fc resim i\u00e7in kal\u0131c\u0131 ba\u011flant\u0131\" \/><\/p>\n<p>Show Tv.in a\u015fk ve drama dizisi \u201cFatih Harbiye\u201d de 40.b\u00f6l\u00fcmde sezon finali yapt\u0131. S\u00fcrpriz odlu mu? Oldu. \u015einasi, Neriman\u2019\u0131n a\u015fk\u0131n\u0131 unutamam\u0131\u015f olacak ki, onu korumak i\u00e7in kur\u015funu yedi. Nezahat da d\u00fc\u011f\u00fcn\u00fcne giderken, bu evlili\u011fi i\u00e7ine sindiremedi\u011fini, hala Cihan\u2019\u0131 sevdi\u011fini anlad\u0131. Arabadan f\u0131rlad\u0131, ba\u015fka bir araba taraf\u0131ndan vuruldu, trafik kazas\u0131 ge\u00e7irdi.<\/p>\n<p>Pelin, Macit\u2019i daha \u00f6nce ka\u00e7\u0131ran Erdin\u00e7\u2019e gider. Neriman\u2019\u0131 ortadan kald\u0131rtmak ister. Erdin\u00e7, ben tetik\u00e7i de\u011filim. T\u00fcccar\u0131m, para al\u0131r, para satar\u0131m der ve kibarca ret eder.<\/p>\n<p>Feyza Han\u0131m eve gelir, ortal\u0131\u011f\u0131 k\u0131rar ge\u00e7irir. Kocas\u0131n\u0131n kendisini \u015eahika ile aldatmas\u0131n\u0131 i\u00e7ine sindiremez. Hizmetli Hacer Han\u0131m, Pelin Han\u0131m\u0131 hemen gelin diye \u00e7a\u011f\u0131r\u0131r. Pelin eve gelir, ne oldu\u011funu sorar. Feyza Han\u0131m, Demirhan ailesini, Faiz\u2019in evinden \u00e7\u0131kanlar yakacak, Nazan\u2019\u0131n laneti diyerek kehanette bulunur. Baban beni \u015eahika ile aldat\u0131yor.<\/p>\n<p>Asl\u0131 ile \u015einasi avukattan d\u00f6nerler. Bo\u015fanma kolay olmayacakt\u0131r. Araba Galerisinden \u015einasi\u2019yi aralar, istedi\u011finin haz\u0131r oldu\u011fu s\u00f6ylenir.<\/p>\n<p>Zehra Han\u0131m, k\u0131z\u0131n\u0131n bo\u015fanma i\u015fini G\u00fclter Han\u0131m ile g\u00f6r\u00fc\u015f\u00fcr. K\u0131z\u0131n\u0131 Emre\u2019ye vermekle ge\u00e7mi\u015fte yapt\u0131klar\u0131ndan pi\u015fmand\u0131r. Nezahat eve gelir, As\u0131m bir hafta i\u00e7inde d\u00fc\u011f\u00fcn istemektedir.<\/p>\n<p>Macit, Neriman\u2019\u0131 mahalleye b\u0131rak\u0131r, tekrar ak\u015fam be\u015fte alaca\u011f\u0131n\u0131 s\u00f6yler.<\/p>\n<p>\u015eahika, sebep oldu\u011fu aile facias\u0131 nedeniyle Selim Beye istifa dilek\u00e7esini verir. Selim Bey, kabul etmez. O s\u0131rada odaya giren Pelin odaya girer, anneme nas\u0131l yapars\u0131n baba diyerek serzeni\u015fte bulunur. \u015eahika\u2019y\u0131 odas\u0131na \u00e7a\u011f\u0131r\u0131r, hesap sorar. Uyan\u0131k \u015eahika durumu kurtar\u0131r, hediyeyi sorar, bileklik zaten benimdi yere d\u00fc\u015fm\u00fc\u015ft\u00fc, onu takmas\u0131n\u0131 rica ettim. \u0130stifam\u0131 verdim, baban\u0131z Neriman hakk\u0131nda size haber getirdi\u011fimi \u00f6\u011frenirse maf oluruz, diyerek tehditte bulunur.<\/p>\n<p><a href=\"http:\/\/balcilar-blog.com\/wp-content\/uploads\/2014\/06\/Ekran-Al\u0131nt\u0131s\u0131.PNGFH40.2.png\"><img loading=\"lazy\" decoding=\"async\" class=\"alignnone size-medium wp-image-2468\" src=\"http:\/\/balcilar-blog.com\/wp-content\/uploads\/2014\/06\/Ekran-Al\u0131nt\u0131s\u0131.PNGFH40.2-300x223.png\" alt=\"Ekran Al\u0131nt\u0131s\u0131.PNGFH40.2\" width=\"300\" height=\"223\" srcset=\"https:\/\/balcilar-blog.com\/wp-content\/uploads\/2014\/06\/Ekran-Al\u0131nt\u0131s\u0131.PNGFH40.2-300x223.png 300w, https:\/\/balcilar-blog.com\/wp-content\/uploads\/2014\/06\/Ekran-Al\u0131nt\u0131s\u0131.PNGFH40.2-210x155.png 210w, https:\/\/balcilar-blog.com\/wp-content\/uploads\/2014\/06\/Ekran-Al\u0131nt\u0131s\u0131.PNGFH40.2.png 663w\" sizes=\"auto, (max-width: 300px) 100vw, 300px\" \/><\/a><\/p>\n<p>\u015einasi yeni sat\u0131n ald\u0131\u011f\u0131 araba ile mahalleye gelir, arabadan iner, Cihan ve Fahriye\u2019ye hava atar. O s\u0131rada gelen Neriman\u2019a g\u00f6sterirler. \u015einasi, Neriman\u2019a derslere de gelmiyorsun. Neriman \u015fu s\u0131ralar gelemeyece\u011fim. \u015eu aralar s\u0131navlara haz\u0131rlan\u0131yorum. \u015einasi, in\u015fallah hayallerine kavu\u015fursun. Neriman, sen de\u2026<\/p>\n<p>Neriman ile Fahriye y\u00fcr\u00fcrler. Fahriye, \u015einasi yeni bir Arcao\u011flu yaratmak istiyor, bunlar\u0131 da senin i\u00e7in yap\u0131yor. Neriman, Macit benimle hemen evlenmek istiyor.<\/p>\n<p>Selim Bey Pelin\u2019e, bankadan ald\u0131\u011f\u0131n\u0131n kredinin taksiti \u00f6denmemi\u015f, ipotek bu, zaman\u0131nda \u00f6denmesi laz\u0131m. Baba ben halledece\u011fim.<\/p>\n<p>\u015einasi evlerinin \u00f6n\u00fcnde yeni arabas\u0131n\u0131n kornas\u0131n\u0131 \u00e7alar. Annesi pencereden \u00e7ekil git terbiyesiz der. \u015einasi arabadan iner, biraz dola\u015fal\u0131m m\u0131 Zehra Sultan. Bu ne diyen soran annesine, yar\u0131 al\u0131n teri, yar\u0131 bor\u00e7 diye cevap verir.<\/p>\n<p>Fahriye, bence Macit hakl\u0131, siz bir an \u00f6nce evlenin. Neriman, babam hay\u0131r diyecek. G\u00fclter Han\u0131m, yak\u0131nda d\u00fc\u011f\u00fcn\u00fcm\u00fcz var diyerek odaya girer. Neriman, biliyoruz istemeye, istemeye, evleniyor. Bu hafta evleniyorlar. O s\u0131ra Macit arar. Gelinlik bakmaya Fahriye uygunsa o da gelsin.<\/p>\n<p>Macit, gelinlik firmas\u0131n\u0131 arar, ni\u015fanl\u0131m gelecek her \u015fey haz\u0131r olsun. Gelinlik firma sahibi Maya Han\u0131n, Pelin\u2019i arar o size ay\u0131rd\u0131\u011f\u0131m gelinli\u011fi de denemek ister misiniz? Pelin onu ay\u0131r\u0131n, kimseye sat\u0131lmayacak.\u00a0 Pelin, kendi kendine evleniyorlar diyerek m\u0131r\u0131ldan\u0131r. Kararl\u0131d\u0131r, Neriman\u2019\u0131 ortadan kald\u0131rmak gereklidir. \u00dcz\u00fclme Neriman, ikisi de beyaz, gelinlik de\u2026 Kefen de\u2026 Erdin\u00e7 Beyden telefon numaras\u0131n\u0131 ald\u0131\u011f\u0131 tetik\u00e7iyi arar. Bana yard\u0131mc\u0131 olabilece\u011finizi Erdin\u00e7 Bey s\u00f6yledi, nerede bulu\u015fabiliriz.<\/p>\n<p>\u00d6zg\u00fcr, Duygu ile holde kar\u015f\u0131la\u015f\u0131r. \u00d6zg\u00fcr, ak\u015fam seksizde bula\u015fal\u0131m m\u0131? O s\u0131rada yanlar\u0131ndan Pelin ruh gibi ge\u00e7er. Seslenirler, duymaz bile.<\/p>\n<p>Feyza Han\u0131m, kocas\u0131 Selim Beyi evden kovar. Kocaman k\u0131zlar\u0131n var utan, o \u015eahika hala \u00e7al\u0131yor mu?<\/p>\n<p>Faiz Bey, Nezahat\u2019\u0131n hemen evlenmesini normal bulmaz. Neriman\u2019a s\u00f6z-ni\u015fan ve d\u00fc\u011f\u00fcn hakk\u0131nda nasihatlerde bulunur.<\/p>\n<p><a href=\"http:\/\/balcilar-blog.com\/wp-content\/uploads\/2014\/06\/Ekran-Al\u0131nt\u0131s\u0131.PNGfh40.3.png\"><img loading=\"lazy\" decoding=\"async\" class=\"alignnone size-medium wp-image-2469\" src=\"http:\/\/balcilar-blog.com\/wp-content\/uploads\/2014\/06\/Ekran-Al\u0131nt\u0131s\u0131.PNGfh40.3-300x224.png\" alt=\"Ekran Al\u0131nt\u0131s\u0131.PNGfh40.3\" width=\"300\" height=\"224\" srcset=\"https:\/\/balcilar-blog.com\/wp-content\/uploads\/2014\/06\/Ekran-Al\u0131nt\u0131s\u0131.PNGfh40.3-300x224.png 300w, https:\/\/balcilar-blog.com\/wp-content\/uploads\/2014\/06\/Ekran-Al\u0131nt\u0131s\u0131.PNGfh40.3.png 660w\" sizes=\"auto, (max-width: 300px) 100vw, 300px\" \/><\/a><\/p>\n<p>Emre, annesi Kader Han\u0131m\u0131 su\u00e7lar, hep o senin zehirli dilin y\u00fcz\u00fcnden diye annesini su\u00e7lar. \u00a0Git bana kar\u0131m\u0131 getir.<\/p>\n<p><a href=\"http:\/\/balcilar-blog.com\/wp-content\/uploads\/2014\/06\/Ekran-Al\u0131nt\u0131s\u0131.PNGfh40.4.png\"><img loading=\"lazy\" decoding=\"async\" class=\"alignnone size-medium wp-image-2470\" src=\"http:\/\/balcilar-blog.com\/wp-content\/uploads\/2014\/06\/Ekran-Al\u0131nt\u0131s\u0131.PNGfh40.4-300x219.png\" alt=\"Ekran Al\u0131nt\u0131s\u0131.PNGfh40.4\" width=\"300\" height=\"219\" srcset=\"https:\/\/balcilar-blog.com\/wp-content\/uploads\/2014\/06\/Ekran-Al\u0131nt\u0131s\u0131.PNGfh40.4-300x219.png 300w, https:\/\/balcilar-blog.com\/wp-content\/uploads\/2014\/06\/Ekran-Al\u0131nt\u0131s\u0131.PNGfh40.4.png 667w\" sizes=\"auto, (max-width: 300px) 100vw, 300px\" \/><\/a><\/p>\n<p>R\u00fcya \u015einasi\u2019ye, araba m\u0131 ald\u0131n, hay\u0131rl\u0131 olsun der. \u015einasi, her \u015fey i\u00e7in te\u015fekk\u00fcr eder. R\u00fcya\u2019ya seni incitmek istemiyorum, duygular\u0131n\u0131n fark\u0131nday\u0131m. Sonra bo\u015f ver der. R\u00fcya, yok bo\u015f vermeyelim, haz\u0131r konu a\u00e7\u0131lm\u0131\u015fken konu\u015fal\u0131m. R\u00fcya, ben nerde duraca\u011f\u0131m\u0131 biliyorum, hatta<\/p>\n<p>durdum bile\u2026 Ben senin g\u00f6zlerine ba\u015fkas\u0131n\u0131 g\u00f6r\u00fcyorum \u015einasi, bunu g\u00f6re g\u00f6re o g\u00f6zlere bakamam. Rahat ol, ben sana bir \u015fey hissedemem.<\/p>\n<p>As\u0131m gelir, Nezahat ile gelinlik bakmaya gideceklerdir. Bu hafta sonu saat:4\u2019de evleniyoruz. Nezahat m\u00fczik okulunun bah\u00e7esi demi\u015fti, orada olacak. As\u0131m Bey, bir gecelik i\u00e7in d\u00fcnyan\u0131n paras\u0131n\u0131 vermeyelim, kiral\u0131k olsun der. O an bir gelin olacak bir k\u0131z i\u00e7in gelinli\u011fin ne demek oldu\u011funu bilmeyen As\u0131m Beyin notunu vermi\u015ftir Nezahat herhalde.<\/p>\n<p>Neriman ile fahriye evden \u00e7\u0131karlar, Macit ile bulu\u015furlar. Gelinlik bakmaya gideceklerdir. Gelinlik\u00e7i ho\u015f geldiniz diyerek i\u00e7eri al\u0131r. Macit, hemen ba\u015flayal\u0131m der. Maya han\u0131m, Pelin Han\u0131m geline hemen ba\u015flar\u0131z deyince, Macit; Maya Han\u0131m ni\u015fanl\u0131m diyerek Neriman diyerek tan\u0131\u015ft\u0131r\u0131r. Gelecekteki e\u015fim Neriman. Fahriye de ben de gelinin en yak\u0131n arkada\u015f\u0131 Fahriye diyerek kendini tan\u0131t\u0131r.<\/p>\n<p>Pelin, arad\u0131\u011f\u0131 tetik\u00e7i ile bulu\u015fur, paray\u0131 ve avans paray\u0131 verir. Neriman\u2019\u0131n resimlerini de verir.<\/p>\n<p><a href=\"http:\/\/balcilar-blog.com\/wp-content\/uploads\/2014\/06\/Ekran-Al\u0131nt\u0131s\u0131.PNGfh40.5.png\"><img loading=\"lazy\" decoding=\"async\" class=\"alignnone size-medium wp-image-2471\" src=\"http:\/\/balcilar-blog.com\/wp-content\/uploads\/2014\/06\/Ekran-Al\u0131nt\u0131s\u0131.PNGfh40.5-300x221.png\" alt=\"Ekran Al\u0131nt\u0131s\u0131.PNGfh40.5\" width=\"300\" height=\"221\" srcset=\"https:\/\/balcilar-blog.com\/wp-content\/uploads\/2014\/06\/Ekran-Al\u0131nt\u0131s\u0131.PNGfh40.5-300x221.png 300w, https:\/\/balcilar-blog.com\/wp-content\/uploads\/2014\/06\/Ekran-Al\u0131nt\u0131s\u0131.PNGfh40.5-210x155.png 210w, https:\/\/balcilar-blog.com\/wp-content\/uploads\/2014\/06\/Ekran-Al\u0131nt\u0131s\u0131.PNGfh40.5.png 657w\" sizes=\"auto, (max-width: 300px) 100vw, 300px\" \/><\/a><\/p>\n<p>Neriman ile Fahriye otururlar. Mankenler onlara k\u0131sa bir gelinlik defilesi sunarlar. Seyrederken \u00e7ok da keyifli anlar ya\u015farlar, Macit de onlar\u0131n mutlu y\u00fczlerini seyreder. Neriman hepsini \u00e7ok be\u011fenir. Maya Han\u0131m\u2019\u0131n \u00f6nerdi\u011fi Pelin\u2019in be\u011fendi\u011fi gelinli\u011fi denemesini ister. Macit de damatl\u0131k be\u011fenecektir.<\/p>\n<p><a href=\"http:\/\/balcilar-blog.com\/wp-content\/uploads\/2014\/06\/Ekran-Al\u0131nt\u0131s\u0131.PNGfh40.5a.png\"><img loading=\"lazy\" decoding=\"async\" class=\"alignnone size-medium wp-image-2472\" src=\"http:\/\/balcilar-blog.com\/wp-content\/uploads\/2014\/06\/Ekran-Al\u0131nt\u0131s\u0131.PNGfh40.5a-300x223.png\" alt=\"Ekran Al\u0131nt\u0131s\u0131.PNGfh40.5a\" width=\"300\" height=\"223\" srcset=\"https:\/\/balcilar-blog.com\/wp-content\/uploads\/2014\/06\/Ekran-Al\u0131nt\u0131s\u0131.PNGfh40.5a-300x223.png 300w, https:\/\/balcilar-blog.com\/wp-content\/uploads\/2014\/06\/Ekran-Al\u0131nt\u0131s\u0131.PNGfh40.5a-210x155.png 210w, https:\/\/balcilar-blog.com\/wp-content\/uploads\/2014\/06\/Ekran-Al\u0131nt\u0131s\u0131.PNGfh40.5a.png 660w\" sizes=\"auto, (max-width: 300px) 100vw, 300px\" \/><\/a><\/p>\n<p>\u015eirkette \u00f6denecek banka borcu i\u00e7in, Kerim Bey, Selim Bey, \u0130nci han\u0131m ve Pelin aralar\u0131nda tart\u0131\u015f\u0131rlar, bir \u00e7\u00f6z\u00fcm yolu ararlar. Pelin, para satan Erdin\u00e7 Beye telefon a\u00e7ar, acil yar\u0131n para laz\u0131m. Erdin\u00e7 Bey size yard\u0131mc\u0131 olmay\u0131 \u00e7ok isterdim. Bana zarar vermi\u015f olan \u015firketlerle \u00e7al\u0131\u015fm\u0131yorum. Arcao\u011flu \u015firketler grubu benim i\u00e7in bitmi\u015ftir.<\/p>\n<p><img decoding=\"async\" src=\"https:\/\/pbs.twimg.com\/media\/BqgVqSNIcAAxAFN.jpg\" alt=\"G\u00f6m\u00fcl\u00fc resim i\u00e7in kal\u0131c\u0131 ba\u011flant\u0131\" \/><\/p>\n<p>Macit \u015fahane bir damatl\u0131k be\u011fenmi\u015f ve \u00fcst\u00fcne giymi\u015ftir. Neriman da gelinli\u011fi \u00fcst\u00fcndedir. Macit, dayanamaz gelinin elini \u00f6per.<\/p>\n<p><a href=\"http:\/\/balcilar-blog.com\/wp-content\/uploads\/2014\/06\/Ekran-Al\u0131nt\u0131s\u0131.PNGfh40.6.png\"><img loading=\"lazy\" decoding=\"async\" class=\"alignnone size-medium wp-image-2473\" src=\"http:\/\/balcilar-blog.com\/wp-content\/uploads\/2014\/06\/Ekran-Al\u0131nt\u0131s\u0131.PNGfh40.6-300x225.png\" alt=\"Ekran Al\u0131nt\u0131s\u0131.PNGfh40.6\" width=\"300\" height=\"225\" srcset=\"https:\/\/balcilar-blog.com\/wp-content\/uploads\/2014\/06\/Ekran-Al\u0131nt\u0131s\u0131.PNGfh40.6-300x225.png 300w, https:\/\/balcilar-blog.com\/wp-content\/uploads\/2014\/06\/Ekran-Al\u0131nt\u0131s\u0131.PNGfh40.6.png 659w\" sizes=\"auto, (max-width: 300px) 100vw, 300px\" \/><\/a><\/p>\n<p>Neriman, \u00e7ok g\u00fczel olmu\u015fsun, akl\u0131m\u0131 ba\u015f\u0131mdan al\u0131yorsun. Neriman; Macit sen de benim akl\u0131m\u0131 ba\u015f\u0131mdan al\u0131yorsun. Fahriye f\u0131rsat\u0131 ka\u00e7\u0131rmaz bir foto\u011fraflar\u0131n\u0131 \u00e7eker.<\/p>\n<p><img decoding=\"async\" src=\"https:\/\/pbs.twimg.com\/media\/BqklXGgCEAENITR.jpg\" alt=\"G\u00f6m\u00fcl\u00fc resim i\u00e7in kal\u0131c\u0131 ba\u011flant\u0131\" \/><\/p>\n<p>Neriman eve gelir, halas\u0131 ge\u00e7 kald\u0131n baban seni bekliyor. Faiz Bey, bu y\u00fcz\u00fck ne demek oluyor diye sorar. Sen ni\u015fanland\u0131n m\u0131? Bu y\u00fcz\u00fc\u011f\u00fcn di\u011feri kimde diye sorar. Neriman, Macit\u2019e\u2026 Neriman, her \u015feye ra\u011fmen biz birbirimizi \u00e7ok seviyoruz. Faiz Bey, o aile seni istemiyor. Sizin d\u00fcnyalar\u0131n\u0131z farkl\u0131. Neriman, biz birlikte her \u015feyin \u00fcstesinden geliriz, Macit benim kaderimde yaz\u0131yor. Faiz Bey, elindeki y\u00fcz\u00fc\u011f\u00fc Neriman\u2019\u0131n avucuna adeta \u00e7akarcas\u0131na koyar.<\/p>\n<p>Kerim Bey evde, neredesin sen diyerek o\u011flunun \u00fcst\u00fcne y\u00fcr\u00fcr. Macit, bir \u015firket nas\u0131l bat\u0131r\u0131l\u0131r g\u00f6sterdin baba. Kerim, seni kurtarmak i\u00e7in batt\u0131. Macit, hay\u0131r seni kurtarmak i\u00e7in baba. Macit, \u00e7\u0131kar gider.<\/p>\n<p>Faiz Bey, Neriman\u2019\u0131n d\u0131\u015far\u0131 \u00e7\u0131kmas\u0131n\u0131 yasaklar. \u015eahika dalga ge\u00e7er, cesaret ve \u00f6zg\u00fcrl\u00fck. Macit\u2019i arar, birka\u00e7 g\u00fcn g\u00f6r\u00fc\u015femeyece\u011fiz. Nezahat\u2019\u0131n d\u00fc\u011f\u00fcn haz\u0131rl\u0131klar\u0131 var.<\/p>\n<p>\u0130nci han\u0131m o\u011flu Macit ile g\u00f6r\u00fc\u015f\u00fcr. Macit, anne merak etme bankalarla g\u00f6r\u00fc\u015ft\u00fcm, halledece\u011fim. \u0130nci han\u0131m, Pelin\u2019den korktu\u011funu, ailesinden \u00e7ok bask\u0131 ald\u0131\u011f\u0131n\u0131, bir tuhafl\u0131k yapmas\u0131ndan korktu\u011funu s\u00f6yler, Macit\u2019e dikkatli ol diyerek uyar\u0131r.<\/p>\n<p>Duygu babam yok mu? diye sorar. Pelin, annem ile babam bo\u015fan\u0131yorlar Duygu. Feyza Han\u0131m, baban beni aldat\u0131yor Duygu. Baban beni \u015eahika ile aldat\u0131yor. Duygu, anne babam b\u00f6yle bir \u015fey yapmaz. Mahkeme biraz uzun s\u00fcrebilir, elinde avucunda ne varsa alaca\u011f\u0131m. Pelin\u2019den babas\u0131 ile \u015eahika\u2019n\u0131n \u00e7ekilmi\u015f yak\u0131n foto\u011fraflar\u0131n\u0131 ister.<\/p>\n<p>Zehra Han\u0131m uzak yak\u0131n b\u00fct\u00fcn akrabalar\u0131n\u0131 arar, d\u00fc\u011f\u00fcn\u00fc haber verir. Cihan, \u015einasi\u2019ye araban\u0131 ver de gelin arabas\u0131 yapal\u0131m. Ben de \u015fof\u00f6rl\u00fc\u011f\u00fcn\u00fc yapar\u0131m der.<\/p>\n<p>G\u00fclter Han\u0131m, Zehra\u2019lara d\u00fc\u011f\u00fcn haz\u0131rl\u0131klar\u0131 i\u00e7in yard\u0131m etmek laz\u0131m. Faiz bey, Neriman hi\u00e7bir yere gitmiyor, sen gidebirsin. Neriman i\u00e7in bir mazeret gerekiyorsa babas\u0131 g\u00f6ndermedi dersin.<\/p>\n<p>Macit bankac\u0131larla toplant\u0131 yapar. Pelin sence biraz s\u00fcre verecekler mi? Macit, sert bir tonla bilmiyorum. Erdin\u00e7\u2019e o paray\u0131 vermek zorunda m\u0131yd\u0131n? Erdin\u00e7 seni \u00f6ld\u00fcrebilirdi.\u00a0 Ne yapmal\u0131yd\u0131m, \u00f6ld\u00fcrmesini izin mi vermeliydim. Macit, \u00e7arpar kap\u0131y\u0131 \u00e7\u0131kar.<\/p>\n<p>M\u00fczik okulunun bah\u00e7esinde haz\u0131rl\u0131klar\u0131 bizzat As\u0131m Bey y\u00fcr\u00fct\u00fcr. \u015einasi ke\u015fke bu kadar aceleye getirmeselerdi. R\u00fcya, d\u00fc\u011f\u00fcnde sen de \u015fark\u0131 s\u00f6ylersin. \u015einasi, \u00e7ok bozulur. R\u00fcya, yoksa utan\u0131yor musun? Ama daha yolun ba\u015f\u0131ndas\u0131n. G\u00fcn gelecek aynaya bile bakamayacaks\u0131n.<\/p>\n<p><a href=\"http:\/\/balcilar-blog.com\/wp-content\/uploads\/2014\/06\/Ekran-Al\u0131nt\u0131s\u0131.PNGfh40.7.png\"><img loading=\"lazy\" decoding=\"async\" class=\"alignnone size-medium wp-image-2474\" src=\"http:\/\/balcilar-blog.com\/wp-content\/uploads\/2014\/06\/Ekran-Al\u0131nt\u0131s\u0131.PNGfh40.7-300x221.png\" alt=\"Ekran Al\u0131nt\u0131s\u0131.PNGfh40.7\" width=\"300\" height=\"221\" srcset=\"https:\/\/balcilar-blog.com\/wp-content\/uploads\/2014\/06\/Ekran-Al\u0131nt\u0131s\u0131.PNGfh40.7-300x221.png 300w, https:\/\/balcilar-blog.com\/wp-content\/uploads\/2014\/06\/Ekran-Al\u0131nt\u0131s\u0131.PNGfh40.7-210x155.png 210w, https:\/\/balcilar-blog.com\/wp-content\/uploads\/2014\/06\/Ekran-Al\u0131nt\u0131s\u0131.PNGfh40.7.png 660w\" sizes=\"auto, (max-width: 300px) 100vw, 300px\" \/><\/a><\/p>\n<p>Neriman\u2019a Fahriye gelir. Faiz Bey, bundan sonra Neriman ile az konu\u015facaks\u0131n deyip, yukar\u0131 g\u00f6ndermez. Fahriye, \u00e7ok bozulur. \u00c7ok sonra<\/p>\n<p>u\u011frar\u0131m deyip, y\u00fcz \u00fcst\u00fc geri d\u00f6ner. A\u015fa\u011f\u0131dan Neriman\u2019a telefon eder. Neriman beni de Macit ile g\u00f6r\u00fc\u015fmemi izin vermiyor.<\/p>\n<p>Kader han\u0131m kap\u0131ya bar\u0131\u015fmaya gelir. Emre \u00e7ok pi\u015fman, \u00e7ocuk babas\u0131z b\u00fcy\u00fcmesin. Ayr\u0131 ev tutar\u0131z dedim Emre\u2019ye. Asl\u0131 illa yuvam\u0131 da\u011f\u0131taca\u011f\u0131m dersen bilemem. Kap\u0131da mahalle kavgas\u0131 uzar gider. Asl\u0131 noktay\u0131 koyar, yeter as\u0131l ben pi\u015fman\u0131m. Ben okula gidecektim, siz evlendirdiniz beni.<\/p>\n<p>Neriman, moralin yerine gelsin diyerek gelinlik damatl\u0131k prova \u00e7ekimlerini g\u00f6nderir. Macit ile \u00d6zg\u00fcr aralar\u0131nda toplant\u0131 yaparlar. Neriman\u2019\u0131n g\u00f6nderdi\u011fi g\u00f6r\u00fcnt\u00fcl\u00fc mesaj gelir. \u00d6zg\u00fcr, vay be Neriman\u2019a ne \u00e7ok yak\u0131\u015fm\u0131\u015f gelinlik ya\u2026 O s\u0131rada Pelin kap\u0131dad\u0131r. Her \u015feyi, g\u00f6r\u00fcr ve duyar. Sessizce geri \u00e7\u0131kar.<\/p>\n<p><a href=\"http:\/\/balcilar-blog.com\/wp-content\/uploads\/2014\/06\/Ekran-Al\u0131nt\u0131s\u0131.PNGfh40.8.png\"><img loading=\"lazy\" decoding=\"async\" class=\"alignnone size-medium wp-image-2475\" src=\"http:\/\/balcilar-blog.com\/wp-content\/uploads\/2014\/06\/Ekran-Al\u0131nt\u0131s\u0131.PNGfh40.8-300x223.png\" alt=\"Ekran Al\u0131nt\u0131s\u0131.PNGfh40.8\" width=\"300\" height=\"223\" srcset=\"https:\/\/balcilar-blog.com\/wp-content\/uploads\/2014\/06\/Ekran-Al\u0131nt\u0131s\u0131.PNGfh40.8-300x223.png 300w, https:\/\/balcilar-blog.com\/wp-content\/uploads\/2014\/06\/Ekran-Al\u0131nt\u0131s\u0131.PNGfh40.8-210x155.png 210w, https:\/\/balcilar-blog.com\/wp-content\/uploads\/2014\/06\/Ekran-Al\u0131nt\u0131s\u0131.PNGfh40.8.png 660w\" sizes=\"auto, (max-width: 300px) 100vw, 300px\" \/><\/a><\/p>\n<p>Pelin, seni seven benim Macit. Ben seviyorum seni.\u00a0 Macit\u2019in d\u00fc\u011f\u00fcn hem de \u00e7ok yak\u0131n sesi kulaklar\u0131nda yank\u0131lan\u0131r. Y\u00fcz\u00fc buz gibidir. Hemen tutu\u011fu tetik\u00e7iyi arar, daha ne kadar bekleyece\u011fim.<\/p>\n<p>Macit Neriman\u2019\u0131 arar, seni g\u00f6rmem laz\u0131m. Neriman, birka\u00e7 g\u00fcn sabret. Seni seviyorum.<\/p>\n<p>Zehra Han\u0131m, G\u00fclter\u2019e haydi bekliyoruz. Neriman da geliyor diye Faiz Beye emrivaki yapar. Faiz Bey Neriman\u2019\u0131 yan\u0131ndan ay\u0131rma diye tembihler.<\/p>\n<p>Macit mesaj atar, bug\u00fcn seni g\u00f6rebilir miyim? Neriman, sanm\u0131yorum, bu g\u00fcn d\u00fc\u011f\u00fcn var. Macit, oraya geliyorum. Macit, Fahriye\u2019ye arar neler oldu\u011funu sorar. Macit, \u015firketten \u00e7\u0131kar. Pelin\u2019in bug\u00fcn banka \u00f6demesi laf\u0131 kursa\u011f\u0131nda kal\u0131r.<\/p>\n<p>Tetik\u00e7i Pelin\u2019i arar, d\u0131\u015far\u0131 \u00e7\u0131kt\u0131 bug\u00fcn tamam, der.<\/p>\n<p><a href=\"http:\/\/balcilar-blog.com\/wp-content\/uploads\/2014\/06\/Ekran-Al\u0131nt\u0131s\u0131.PNGfh40.9.png\"><img loading=\"lazy\" decoding=\"async\" class=\"alignnone size-medium wp-image-2476\" src=\"http:\/\/balcilar-blog.com\/wp-content\/uploads\/2014\/06\/Ekran-Al\u0131nt\u0131s\u0131.PNGfh40.9-300x222.png\" alt=\"Ekran Al\u0131nt\u0131s\u0131.PNGfh40.9\" width=\"300\" height=\"222\" srcset=\"https:\/\/balcilar-blog.com\/wp-content\/uploads\/2014\/06\/Ekran-Al\u0131nt\u0131s\u0131.PNGfh40.9-300x222.png 300w, https:\/\/balcilar-blog.com\/wp-content\/uploads\/2014\/06\/Ekran-Al\u0131nt\u0131s\u0131.PNGfh40.9-210x155.png 210w, https:\/\/balcilar-blog.com\/wp-content\/uploads\/2014\/06\/Ekran-Al\u0131nt\u0131s\u0131.PNGfh40.9.png 663w\" sizes=\"auto, (max-width: 300px) 100vw, 300px\" \/><\/a><\/p>\n<p>Nezahat kuaf\u00f6rden eve gelir. Kap\u0131y\u0131 Neriman a\u00e7ar. Zehra Han\u0131m, gidiyor musun benim sessiz mele\u011fim diyerek g\u00f6zya\u015f\u0131 d\u00f6ker. Nezahat hakk\u0131n\u0131 helal et annem. \u00a0As\u0131m gelir, Nezahat\u2019\u0131 gelin arabas\u0131na bindirir. \u015eof\u00f6r\u00fcm\u00fcz Cihan\u2019d\u0131r.<\/p>\n<p><a href=\"http:\/\/balcilar-blog.com\/wp-content\/uploads\/2014\/06\/Ekran-Al\u0131nt\u0131s\u0131.PNGfh40.10.png\"><img loading=\"lazy\" decoding=\"async\" class=\"alignnone size-medium wp-image-2477\" src=\"http:\/\/balcilar-blog.com\/wp-content\/uploads\/2014\/06\/Ekran-Al\u0131nt\u0131s\u0131.PNGfh40.10-300x216.png\" alt=\"Ekran Al\u0131nt\u0131s\u0131.PNGfh40.10\" width=\"300\" height=\"216\" srcset=\"https:\/\/balcilar-blog.com\/wp-content\/uploads\/2014\/06\/Ekran-Al\u0131nt\u0131s\u0131.PNGfh40.10-300x216.png 300w, https:\/\/balcilar-blog.com\/wp-content\/uploads\/2014\/06\/Ekran-Al\u0131nt\u0131s\u0131.PNGfh40.10.png 666w\" sizes=\"auto, (max-width: 300px) 100vw, 300px\" \/><\/a><\/p>\n<p>Cihan, gelinlikler i\u00e7indeki As\u0131m\u2019\u0131n kolundaki Nezahat\u2019a bakar, hay\u0131rl\u0131 olsun Nezahat Bac\u0131m\u2026<\/p>\n<p>Macit, h\u0131zla M\u00fczik okuluna do\u011fru gelir. M\u00fczik okuluna girerler. Tam giri\u015fte Neriman\u2019\u0131n telefonu \u00e7alar. L\u00fctfen gelme dese de Macit gelmi\u015ftir bile.<\/p>\n<p><a href=\"http:\/\/balcilar-blog.com\/wp-content\/uploads\/2014\/06\/Ekran-Al\u0131nt\u0131s\u0131.PNGfh40.11.png\"><img loading=\"lazy\" decoding=\"async\" class=\"alignnone size-medium wp-image-2478\" src=\"http:\/\/balcilar-blog.com\/wp-content\/uploads\/2014\/06\/Ekran-Al\u0131nt\u0131s\u0131.PNGfh40.11-300x221.png\" alt=\"Ekran Al\u0131nt\u0131s\u0131.PNGfh40.11\" width=\"300\" height=\"221\" srcset=\"https:\/\/balcilar-blog.com\/wp-content\/uploads\/2014\/06\/Ekran-Al\u0131nt\u0131s\u0131.PNGfh40.11-300x221.png 300w, https:\/\/balcilar-blog.com\/wp-content\/uploads\/2014\/06\/Ekran-Al\u0131nt\u0131s\u0131.PNGfh40.11-210x155.png 210w, https:\/\/balcilar-blog.com\/wp-content\/uploads\/2014\/06\/Ekran-Al\u0131nt\u0131s\u0131.PNGfh40.11.png 670w\" sizes=\"auto, (max-width: 300px) 100vw, 300px\" \/><\/a><\/p>\n<p>Macit, Neriman\u2019\u0131n ellerinden tutar, biz a\u015f\u0131\u011f\u0131z, der.<\/p>\n<p>Gelin arabas\u0131nda Nezahat, hayallere dalar. Cihan\u2019\u0131n yaraland\u0131\u011f\u0131nda evlerinde kald\u0131\u011f\u0131 dizinde yatt\u0131\u011f\u0131 geceleri aht\u0131rlar. Nefesi daral\u0131r, irkilir. As\u0131m, heyecanlanma dese de, Nezahat dur, Cihan\u2019a ba\u011f\u0131r\u0131r. \u0130stemiyorum diyerek, arabadan kendini a\u015fa\u011f\u0131 atar yola f\u0131rlar. Kar\u015f\u0131dan gelen araba vurur, motor kaputundan yere d\u00fc\u015fer.<\/p>\n<p><a href=\"http:\/\/balcilar-blog.com\/wp-content\/uploads\/2014\/06\/Ekran-Al\u0131nt\u0131s\u0131.PNGfh40.12.png\"><img loading=\"lazy\" decoding=\"async\" class=\"alignnone size-medium wp-image-2479\" src=\"http:\/\/balcilar-blog.com\/wp-content\/uploads\/2014\/06\/Ekran-Al\u0131nt\u0131s\u0131.PNGfh40.12-300x225.png\" alt=\"Ekran Al\u0131nt\u0131s\u0131.PNGfh40.12\" width=\"300\" height=\"225\" srcset=\"https:\/\/balcilar-blog.com\/wp-content\/uploads\/2014\/06\/Ekran-Al\u0131nt\u0131s\u0131.PNGfh40.12-300x225.png 300w, https:\/\/balcilar-blog.com\/wp-content\/uploads\/2014\/06\/Ekran-Al\u0131nt\u0131s\u0131.PNGfh40.12.png 662w\" sizes=\"auto, (max-width: 300px) 100vw, 300px\" \/><\/a><\/p>\n<p>As\u0131m Bey ile Cihan ba\u015f\u0131n\u0131 tutarak kald\u0131rmak isterler. Cihan; \u201cNezahat bac\u0131m ne yapt\u0131n sen\u201d. Nezahat, g\u00f6zlerini Cihan\u2019a dikerek son c\u00fcmleleri \u201cBen seni seviyorum\u201d c\u00fcmlesi bo\u011faz\u0131nda d\u00fc\u011f\u00fcmlenir. \u00a0As\u0131m Bey \u015fa\u015fk\u0131n, Cihan\u2019a bakar.<\/p>\n<p>D\u00fc\u011f\u00fcn yerinde nerede kald\u0131lar diye bir panik vard\u0131r. G\u00fclter han\u0131m Fahriye\u2019ye Neriman\u2019\u0131 sorar. Macit, ben art\u0131k daha fazla beklemek istemiyorum, hadi gel, el ele i\u00e7eri girelim. Beni babana g\u00f6t\u00fcr, benim kim oldu\u011funu s\u00f6yle. Neriman, senin yapt\u0131\u011f\u0131n gibi mi? Macit, evet benim yapt\u0131\u011f\u0131m gibi\u2026<\/p>\n<p>\u015einasi, Macit ile Neriman\u2019\u0131 el ele g\u00f6r\u00fcnce \u015fok olur. Faiz Bey de buz gibi bir surat. Neriman: Babam, der.<\/p>\n<p><a href=\"http:\/\/balcilar-blog.com\/wp-content\/uploads\/2014\/06\/Ekran-Al\u0131nt\u0131s\u0131.PNGfh30.13.png\"><img loading=\"lazy\" decoding=\"async\" class=\"alignnone size-medium wp-image-2467\" src=\"http:\/\/balcilar-blog.com\/wp-content\/uploads\/2014\/06\/Ekran-Al\u0131nt\u0131s\u0131.PNGfh30.13-300x224.png\" alt=\"Ekran Al\u0131nt\u0131s\u0131.PNGfh30.13\" width=\"300\" height=\"224\" srcset=\"https:\/\/balcilar-blog.com\/wp-content\/uploads\/2014\/06\/Ekran-Al\u0131nt\u0131s\u0131.PNGfh30.13-300x224.png 300w, https:\/\/balcilar-blog.com\/wp-content\/uploads\/2014\/06\/Ekran-Al\u0131nt\u0131s\u0131.PNGfh30.13.png 666w\" sizes=\"auto, (max-width: 300px) 100vw, 300px\" \/><\/a><\/p>\n<p>Tetik\u00e7i a\u011f\u0131r a\u011f\u0131r kap\u0131ya gelir. Tabancas\u0131n\u0131 belinden \u00e7\u0131kart\u0131r, hedefe do\u011frultur. \u00a0O s\u0131rada \u015einasi g\u00f6r\u00fcr, ko\u015far. Neriman diyerek \u00f6n\u00fcne siper olur. Tabanca ate\u015flenir, \u015einasi s\u0131rt\u0131ndan vurulur. \u015einasi ile Neriman yere d\u00fc\u015ferler. Ve 40.b\u00f6l\u00fcm burada sona erer.<\/p>\n<p><img decoding=\"async\" src=\"https:\/\/pbs.twimg.com\/media\/Bqrk0F6IYAAOF-m.png\" alt=\"G\u00f6m\u00fcl\u00fc resim i\u00e7in kal\u0131c\u0131 ba\u011flant\u0131\" \/><\/p>\n<p>Pelin, Neriman yerine \u015einasi\u2019yi vurdurmu\u015ftur. \u015einasi \u00f6ld\u00fc m\u00fc? Ablas\u0131 Nezahat \u00f6ld\u00fc m\u00fc? Bilmiyoruz? \u0130ki karde\u015fin kaderi mi bu? B\u00fct\u00fcn bu d\u00fc\u011f\u00fcmleri Eyl\u00fcl\u2019de yeni sezonda hep beraber \u00e7\u00f6zece\u011fiz.<\/p>\n<p>Evet, bence s\u00fcrpriz bir sezon finali ya\u015fad\u0131k. \u00dcnl\u00fc romanc\u0131m\u0131z Peyami Safa\u2019n\u0131n eserinden al\u0131nan, Koliba Film\u2019in bu g\u00fczel yap\u0131m\u0131nda; mahalle k\u00fclt\u00fcr\u00fc, \u00f6rf adet ve gelenekleri tasvirini \u00e7ok g\u00fczel yap\u0131lm\u0131\u015f.<\/p>\n<p><a id=\"irc_mil\" href=\"http:\/\/www.google.com.tr\/url?sa=i&amp;rct=j&amp;q=&amp;esrc=s&amp;source=images&amp;cd=&amp;cad=rja&amp;uact=8&amp;docid=Quv364FHRSBwZM&amp;tbnid=yWrC1pa9jXERcM:&amp;ved=0CAUQjRw&amp;url=http%3A%2F%2Fwww.milliyet.com.tr%2Ffatih-harbiye-sezon-finali-tek-teknolojir-1900908%2F&amp;ei=cQSnU6n7H4qHPZeFgZgD&amp;bvm=bv.69411363,d.ZGU&amp;psig=AFQjCNFLZ3MDlHML-FJdiR_Gxg1K6qK2iw&amp;ust=1403540967841422\" data-ved=\"0CAUQjRw\"><img loading=\"lazy\" decoding=\"async\" id=\"irc_mi\" src=\"http:\/\/i.milliyet.com.tr\/YeniAnaResim\/2014\/06\/22\/fatih-harbiye-sezon-finali-tek-link-izle-fatih-harbiye-40-bolum-sezon-finali-izle--4498099.Jpeg\" alt=\"\" width=\"298\" height=\"286\" \/><\/a><\/p>\n<p>Kadir Do\u011fulu ve Neslihan Atag\u00fcl\u2019\u00fcn ba\u015far\u0131l\u0131 oyunculu\u011fu diziye g\u00fc\u00e7 kat\u0131yor. T\u00fcm ekip ger\u00e7ekten \u00e7ok ba\u015far\u0131l\u0131, her birini ayr\u0131 ayr\u0131 kutlar\u0131m.<\/p>\n<p>Eyl\u00fcl\u2019e kadar her \u015feyiniz g\u00f6nl\u00fcn\u00fczce olsun.<\/p>\n<p>&nbsp;<\/p>\n<p>Sayg\u0131lar, sevgiler.<\/p>\n<p>Abdurrahman Balc\u0131lar<\/p>\n<p>Twitter: abdurrahman balc\u0131lar@abbalcilar<\/p>\n<p>Mail : <a href=\"mailto:ab.balcilar@hotmail.com\">ab.balcilar@hotmail.com<\/a><\/p>\n<p>Blog: milliyet.com.tr\/cansever<\/p>\n<p>Blog: balcilar-blog.com<\/p>\n<p>Not: G\u00f6rseller internetten, fatih harbiye twitter sayfas\u0131ndan ve taraf\u0131mdan diziden al\u0131nm\u0131\u015ft\u0131r.<\/p>\n<p>&nbsp;<\/p>\n<p>Not: Burada yaz\u0131lan t\u00fcm yaz\u0131lar\u0131n elektronik imza ve zaman damgas\u0131 g\u00fcvencesi alt\u0131nda yasal haklar\u0131 korunmaktad\u0131r. Hi\u00e7bir \u015fekilde bas\u0131l\u0131 ya da elektronik bir ortamda (CD, internet vs.) kaynak g\u00f6sterilmeksizin izin al\u0131nmadan kullan\u0131lmaz.<\/p>\n<p>&nbsp;<\/p>\n<p>&nbsp;<\/p>\n<p>&nbsp;<\/p>\n<p>&nbsp;<\/p>\n<p>&nbsp;<\/p>\n<p>&nbsp;<\/p>\n","protected":false},"excerpt":{"rendered":"<p>Show Tv.in a\u015fk ve drama dizisi \u201cFatih Harbiye\u201d de 40.b\u00f6l\u00fcmde sezon finali yapt\u0131. S\u00fcrpriz odlu mu? Oldu. \u015einasi, Neriman\u2019\u0131n a\u015fk\u0131n\u0131 unutamam\u0131\u015f olacak ki, onu korumak i\u00e7in kur\u015funu yedi. Nezahat da d\u00fc\u011f\u00fcn\u00fcne giderken, bu evlili\u011fi i\u00e7ine sindiremedi\u011fini, hala Cihan\u2019\u0131 sevdi\u011fini anlad\u0131. Arabadan f\u0131rlad\u0131, ba\u015fka bir araba taraf\u0131ndan vuruldu, trafik kazas\u0131 ge\u00e7irdi. Pelin, Macit\u2019i daha \u00f6nce ka\u00e7\u0131ran [&hellip;]<\/p>\n","protected":false},"author":3,"featured_media":0,"comment_status":"open","ping_status":"open","sticky":false,"template":"","format":"standard","meta":{"footnotes":""},"categories":[2],"tags":[36,118,131,119,130,35],"class_list":["post-2465","post","type-post","status-publish","format-standard","hentry","category-tv-programlari","tag-fatih-harbiye","tag-kadir-dogulu","tag-koliba-film","tag-neslihan-atagul","tag-peyami-safa","tag-show-tv"],"views":17697,"blog_post_layout_featured_media_urls":{"thumbnail":"","full":""},"categories_names":{"2":{"name":"TV Programlar\u0131","link":"https:\/\/balcilar-blog.com\/?cat=2"}},"tags_names":{"36":{"name":"Fatih Harbiye","link":"https:\/\/balcilar-blog.com\/?tag=fatih-harbiye"},"118":{"name":"Kadir Do\u011fulu","link":"https:\/\/balcilar-blog.com\/?tag=kadir-dogulu"},"131":{"name":"Koliba Film","link":"https:\/\/balcilar-blog.com\/?tag=koliba-film"},"119":{"name":"Neslihan Atag\u00fcl","link":"https:\/\/balcilar-blog.com\/?tag=neslihan-atagul"},"130":{"name":"Peyami Safa","link":"https:\/\/balcilar-blog.com\/?tag=peyami-safa"},"35":{"name":"Show Tv","link":"https:\/\/balcilar-blog.com\/?tag=show-tv"}},"comments_number":"1","wpmagazine_modules_lite_featured_media_urls":{"thumbnail":"","cvmm-medium":"","cvmm-medium-plus":"","cvmm-portrait":"","cvmm-medium-square":"","cvmm-large":"","cvmm-small":"","full":""},"_links":{"self":[{"href":"https:\/\/balcilar-blog.com\/index.php?rest_route=\/wp\/v2\/posts\/2465","targetHints":{"allow":["GET"]}}],"collection":[{"href":"https:\/\/balcilar-blog.com\/index.php?rest_route=\/wp\/v2\/posts"}],"about":[{"href":"https:\/\/balcilar-blog.com\/index.php?rest_route=\/wp\/v2\/types\/post"}],"author":[{"embeddable":true,"href":"https:\/\/balcilar-blog.com\/index.php?rest_route=\/wp\/v2\/users\/3"}],"replies":[{"embeddable":true,"href":"https:\/\/balcilar-blog.com\/index.php?rest_route=%2Fwp%2Fv2%2Fcomments&post=2465"}],"version-history":[{"count":4,"href":"https:\/\/balcilar-blog.com\/index.php?rest_route=\/wp\/v2\/posts\/2465\/revisions"}],"predecessor-version":[{"id":2484,"href":"https:\/\/balcilar-blog.com\/index.php?rest_route=\/wp\/v2\/posts\/2465\/revisions\/2484"}],"wp:attachment":[{"href":"https:\/\/balcilar-blog.com\/index.php?rest_route=%2Fwp%2Fv2%2Fmedia&parent=2465"}],"wp:term":[{"taxonomy":"category","embeddable":true,"href":"https:\/\/balcilar-blog.com\/index.php?rest_route=%2Fwp%2Fv2%2Fcategories&post=2465"},{"taxonomy":"post_tag","embeddable":true,"href":"https:\/\/balcilar-blog.com\/index.php?rest_route=%2Fwp%2Fv2%2Ftags&post=2465"}],"curies":[{"name":"wp","href":"https:\/\/api.w.org\/{rel}","templated":true}]}}