{"id":24636,"date":"2019-05-17T23:57:42","date_gmt":"2019-05-17T20:57:42","guid":{"rendered":"http:\/\/balcilar-blog.com\/?p=24636"},"modified":"2019-05-18T12:06:03","modified_gmt":"2019-05-18T09:06:03","slug":"cukurda-merak-edilen-akin-kocovali-burak-dakak-ortaya-cikti","status":"publish","type":"post","link":"https:\/\/balcilar-blog.com\/?p=24636","title":{"rendered":"\u00c7ukur&#8217;da Merak edilen &#8220;Ak\u0131n Ko\u00e7oval\u0131&#8221; Burak Dakak Ortaya \u00c7\u0131kt\u0131!"},"content":{"rendered":"<p><img loading=\"lazy\" decoding=\"async\" class=\"alignnone size-full wp-image-24637\" src=\"http:\/\/balcilar-blog.com\/wp-content\/uploads\/2019\/05\/burakkapak.jpg\" alt=\"\" width=\"427\" height=\"565\" srcset=\"https:\/\/balcilar-blog.com\/wp-content\/uploads\/2019\/05\/burakkapak.jpg 427w, https:\/\/balcilar-blog.com\/wp-content\/uploads\/2019\/05\/burakkapak-227x300.jpg 227w\" sizes=\"auto, (max-width: 427px) 100vw, 427px\" \/><\/p>\n<p>Ay Yap\u0131m Aras Bulut \u0130ynemli&#8217;nin &#8220;\u00c7ukur&#8221; dizisine yeni gen\u00e7 bir oyuncu geliyor. Haftalard\u0131r merak edilen beklenen Ak\u0131n Ko\u00e7oval\u0131 karakterini canland\u0131racak oyuncu bulundu; Burak Dakak. Gen\u00e7 oyuncu daha \u00f6nce &#8216;G\u00fclperi&#8217; dizisinde oynam\u0131\u015ft\u0131, ge\u00e7ti\u011fimiz g\u00fcnlerde bu dizi final yaparak bitmi\u015ftir. Bo\u015fa \u00e7\u0131kan Burak Dakak, \u00c7ukur dizisinde Ak\u0131n Ko\u00e7oval\u0131 olarak ka\u015f\u0131m\u0131za \u00e7\u0131kacakt\u0131r. Ak\u0131n Ko\u00e7aval\u0131 Selim Ko\u00e7oval\u0131&#8217;n\u0131n o\u011flu.<\/p>\n<p>Gen\u00e7 oyuncu 8 Haziran 1998 y\u0131l\u0131nda Ankara\u2019 da do\u011fmu\u015ftur. \u015euan da 20 ya\u015f\u0131nda olan oyuncu, 59 kilo, 1.67 mt. boyundad\u0131r. Sa\u00e7 rengi kumral, g\u00f6z rengi kahverengidir.<\/p>\n<p>En son G\u00fclperi dizisinde oynam\u0131\u015f, oyunculu\u011fu ile g\u00f6z doldurmu\u015ftur.<\/p>\n<p>Burak Dakak. \u00c7ukur&#8217;da \u00f6n\u00fcm\u00fczdeki Pazartesi ak\u015fam\u0131 65.b\u00f6l\u00fcmde, en ge\u00e7 27 May\u0131s sezon finalinde izleyici ile bulu\u015facak!<\/p>\n<p>&nbsp;<\/p>\n<p><strong>Bug\u00fcne kadar oynad\u0131\u011f\u0131 diziler:<\/strong><\/p>\n<p>-2009 y\u0131l\u0131nda Ezel (\u00e7ocuk oyuncu)<\/p>\n<p>-2009 y\u0131l\u0131nda Geni\u015f Aile (\u00e7ocuk oyuncu)<\/p>\n<p>\u20132014 y\u0131l\u0131nda Benim Ad\u0131m G\u00fcltepe (Fevzi)<\/p>\n<p>-2015 y\u0131l\u0131nda Muhte\u015fem Y\u00fczy\u0131l K\u00f6sem ( \u015eehzade Mehmet)<\/p>\n<p>-2016 y\u0131l\u0131nda Umuda Kelep\u00e7e Vurulmaz ( Onur)<\/p>\n<p>\u20132017 y\u0131l\u0131nda Dirili\u015f Ertu\u011frul (2.Keykubat)<\/p>\n<p>\u20132018 y\u0131l\u0131nda G\u00fclperi ( Hasan )<\/p>\n<p>\u00c7ukur&#8217;da Ak\u0131n Ko\u00e7oval\u0131 olarak neler yapacak? Aile aras\u0131nda etkisi nas\u0131l olacak? Amcalar\u0131 Yama\u00e7 ve Cumali&#8217;nin davran\u0131\u015flar\u0131 merak konusu?<\/p>\n<p><img loading=\"lazy\" decoding=\"async\" class=\"alignnone size-full wp-image-24638\" src=\"http:\/\/balcilar-blog.com\/wp-content\/uploads\/2019\/05\/burak.jpg\" alt=\"\" width=\"506\" height=\"480\" srcset=\"https:\/\/balcilar-blog.com\/wp-content\/uploads\/2019\/05\/burak.jpg 506w, https:\/\/balcilar-blog.com\/wp-content\/uploads\/2019\/05\/burak-300x285.jpg 300w\" sizes=\"auto, (max-width: 506px) 100vw, 506px\" \/><\/p>\n<p>Show Tv ekranlar\u0131nda, \u00f6n\u00fcm\u00fczdeki Pazartesi ak\u015fam\u0131, ya da en ge\u00e7 27 May\u0131s sezon finalinde ortaya \u00e7\u0131kacakt\u0131r. Selim Ko\u00e7oval\u0131&#8217;n\u0131n o\u011flu olan Ak\u0131n Ko\u00e7oval\u0131 babas\u0131 Selim&#8217;in bir \u00e7at\u0131\u015fmada \u00f6lmesi ile, babas\u0131n\u0131n intikam\u0131 almak i\u00e7in gelecek. Haftalard\u0131r merak edilen Ak\u0131n Ko\u00e7oval\u0131&#8217;y\u0131 hep birlikte g\u00f6rece\u011fiz!<\/p>\n<p>Gen\u00e7 oyuncumuza \u00c7ukur&#8217;da ba\u015far\u0131lar diliyorum.<\/p>\n<p>Sayg\u0131lar ve sevgiler.<\/p>\n<p>Abdurrahman Balc\u0131lar<\/p>\n<p>Twitter : <a href=\"https:\/\/twitter.com\/abbalcilar\">abdurrahman balc\u0131lar<\/a><a href=\"https:\/\/twitter.com\/abbalcilar\"><strong>@abbalcilar<\/strong><\/a><\/p>\n<p>Mail :\u00a0<a href=\"mailto:ab.balcilar@hotmail.com\">ab.balcilar@hotmail.com<\/a><\/p>\n<p>Blog:\u00a0<a href=\"http:\/\/t.co\/znqmIZgIqn\">blog.milliyet.com.tr\/cansever<\/a><\/p>\n<p>\u015eahsi Blog:\u00a0<a href=\"http:\/\/balcilar-blog.com\/\">Abdurrahman Balc\u0131lar Blog Sayfas\u0131<\/a><\/p>\n<p><strong>\u00a0<\/strong><\/p>\n","protected":false},"excerpt":{"rendered":"<p>Ay Yap\u0131m Aras Bulut \u0130ynemli&#8217;nin &#8220;\u00c7ukur&#8221; dizisine yeni gen\u00e7 bir oyuncu geliyor. Haftalard\u0131r merak edilen beklenen Ak\u0131n Ko\u00e7oval\u0131 karakterini canland\u0131racak oyuncu bulundu; Burak Dakak. Gen\u00e7 oyuncu daha \u00f6nce &#8216;G\u00fclperi&#8217; dizisinde oynam\u0131\u015ft\u0131, ge\u00e7ti\u011fimiz g\u00fcnlerde bu dizi final yaparak bitmi\u015ftir. Bo\u015fa \u00e7\u0131kan Burak Dakak, \u00c7ukur dizisinde Ak\u0131n Ko\u00e7oval\u0131 olarak ka\u015f\u0131m\u0131za \u00e7\u0131kacakt\u0131r. Ak\u0131n Ko\u00e7aval\u0131 Selim Ko\u00e7oval\u0131&#8217;n\u0131n o\u011flu. Gen\u00e7 [&hellip;]<\/p>\n","protected":false},"author":3,"featured_media":24637,"comment_status":"open","ping_status":"open","sticky":false,"template":"","format":"standard","meta":{"footnotes":""},"categories":[2],"tags":[1933,1934,1555],"class_list":["post-24636","post","type-post","status-publish","format-standard","has-post-thumbnail","hentry","category-tv-programlari","tag-akin-kocovali","tag-burak-dakak","tag-cukur"],"views":5581,"blog_post_layout_featured_media_urls":{"thumbnail":["https:\/\/balcilar-blog.com\/wp-content\/uploads\/2019\/05\/burakkapak-150x150.jpg",150,150,true],"full":["https:\/\/balcilar-blog.com\/wp-content\/uploads\/2019\/05\/burakkapak.jpg",427,565,false]},"categories_names":{"2":{"name":"TV Programlar\u0131","link":"https:\/\/balcilar-blog.com\/?cat=2"}},"tags_names":{"1933":{"name":"Ak\u0131n Ko\u00e7oval\u0131","link":"https:\/\/balcilar-blog.com\/?tag=akin-kocovali"},"1934":{"name":"Burak Dakak","link":"https:\/\/balcilar-blog.com\/?tag=burak-dakak"},"1555":{"name":"\u00c7ukur","link":"https:\/\/balcilar-blog.com\/?tag=cukur"}},"comments_number":"1","wpmagazine_modules_lite_featured_media_urls":{"thumbnail":["https:\/\/balcilar-blog.com\/wp-content\/uploads\/2019\/05\/burakkapak-150x150.jpg",150,150,true],"cvmm-medium":["https:\/\/balcilar-blog.com\/wp-content\/uploads\/2019\/05\/burakkapak.jpg",227,300,false],"cvmm-medium-plus":["https:\/\/balcilar-blog.com\/wp-content\/uploads\/2019\/05\/burakkapak.jpg",156,207,false],"cvmm-portrait":["https:\/\/balcilar-blog.com\/wp-content\/uploads\/2019\/05\/burakkapak.jpg",400,529,false],"cvmm-medium-square":["https:\/\/balcilar-blog.com\/wp-content\/uploads\/2019\/05\/burakkapak.jpg",427,565,false],"cvmm-large":["https:\/\/balcilar-blog.com\/wp-content\/uploads\/2019\/05\/burakkapak.jpg",427,565,false],"cvmm-small":["https:\/\/balcilar-blog.com\/wp-content\/uploads\/2019\/05\/burakkapak.jpg",72,95,false],"full":["https:\/\/balcilar-blog.com\/wp-content\/uploads\/2019\/05\/burakkapak.jpg",427,565,false]},"_links":{"self":[{"href":"https:\/\/balcilar-blog.com\/index.php?rest_route=\/wp\/v2\/posts\/24636","targetHints":{"allow":["GET"]}}],"collection":[{"href":"https:\/\/balcilar-blog.com\/index.php?rest_route=\/wp\/v2\/posts"}],"about":[{"href":"https:\/\/balcilar-blog.com\/index.php?rest_route=\/wp\/v2\/types\/post"}],"author":[{"embeddable":true,"href":"https:\/\/balcilar-blog.com\/index.php?rest_route=\/wp\/v2\/users\/3"}],"replies":[{"embeddable":true,"href":"https:\/\/balcilar-blog.com\/index.php?rest_route=%2Fwp%2Fv2%2Fcomments&post=24636"}],"version-history":[{"count":9,"href":"https:\/\/balcilar-blog.com\/index.php?rest_route=\/wp\/v2\/posts\/24636\/revisions"}],"predecessor-version":[{"id":24650,"href":"https:\/\/balcilar-blog.com\/index.php?rest_route=\/wp\/v2\/posts\/24636\/revisions\/24650"}],"wp:featuredmedia":[{"embeddable":true,"href":"https:\/\/balcilar-blog.com\/index.php?rest_route=\/wp\/v2\/media\/24637"}],"wp:attachment":[{"href":"https:\/\/balcilar-blog.com\/index.php?rest_route=%2Fwp%2Fv2%2Fmedia&parent=24636"}],"wp:term":[{"taxonomy":"category","embeddable":true,"href":"https:\/\/balcilar-blog.com\/index.php?rest_route=%2Fwp%2Fv2%2Fcategories&post=24636"},{"taxonomy":"post_tag","embeddable":true,"href":"https:\/\/balcilar-blog.com\/index.php?rest_route=%2Fwp%2Fv2%2Ftags&post=24636"}],"curies":[{"name":"wp","href":"https:\/\/api.w.org\/{rel}","templated":true}]}}