{"id":24620,"date":"2019-05-15T19:43:54","date_gmt":"2019-05-15T16:43:54","guid":{"rendered":"http:\/\/balcilar-blog.com\/?p=24620"},"modified":"2019-05-16T22:19:55","modified_gmt":"2019-05-16T19:19:55","slug":"cagatay-ulusoyun-the-protector-dizisinin-3-sezon-cekimleri-basladi","status":"publish","type":"post","link":"https:\/\/balcilar-blog.com\/?p=24620","title":{"rendered":"\u00c7a\u011fatay Ulusoy&#8217;un &#8220;The Protector&#8221; Dizisinin 3.Sezon \u00c7ekimleri Ba\u015flad\u0131!"},"content":{"rendered":"<p>&nbsp;<\/p>\n<p><img loading=\"lazy\" decoding=\"async\" class=\"alignnone size-full wp-image-24628\" src=\"http:\/\/balcilar-blog.com\/wp-content\/uploads\/2019\/05\/cats-1.jpg\" alt=\"\" width=\"656\" height=\"272\" srcset=\"https:\/\/balcilar-blog.com\/wp-content\/uploads\/2019\/05\/cats-1.jpg 656w, https:\/\/balcilar-blog.com\/wp-content\/uploads\/2019\/05\/cats-1-300x124.jpg 300w\" sizes=\"auto, (max-width: 656px) 100vw, 656px\" \/><\/p>\n<p style=\"text-align: left;\">\u00c7a\u011fatay Ulusoy&#8217;un &#8220;The Protector&#8221; Hakan: Muhaf\u0131z dizisinin 3. Sezon \u00c7ekimleri bug\u00fcn (15 May\u0131s 2019) ba\u015flad\u0131.<\/p>\n<p>07 Mart 2018 Tarihinde 1.Sezon (ilk 10 b\u00f6l\u00fcm) \u00e7ekimleri ba\u015flam\u0131\u015f, yaz ay\u0131 Haziran sonunda tamamlan\u0131r tamamlanmaz, 2.Sezon (8 B\u00f6l\u00fcm) \u00e7ekimleri de A\u011fustos 2018 ortas\u0131nda bitirilmi\u015fti. 1.sezon b\u00f6l\u00fcmlerini Netflix 14 Aral\u0131k 2018 tarihinde yay\u0131na vermi\u015fti. 26 Nisan 2019 tarihinde 2.Sezon (8 b\u00f6l\u00fcm) yay\u0131na vermi\u015fti. T\u00fcm d\u00fcnyada 190 milyon abonesi 3.sezonu sormaya ba\u015flam\u0131\u015ft\u0131.<\/p>\n<p>Ve 3.Sezon \u00e7ekimleri bug\u00fcn (15 May\u0131s 2019) tarihinde planland\u0131\u011f\u0131 gibi \u00e7ekimleri ba\u015flad\u0131\u011f\u0131n\u0131 \u00c7a\u011fatay Ulusoy Fan Club \u00fcyelerine att\u0131\u011f\u0131 twet ile duyurmu\u015ftur.<\/p>\n<p><img loading=\"lazy\" decoding=\"async\" class=\"alignnone size-full wp-image-24625\" src=\"http:\/\/balcilar-blog.com\/wp-content\/uploads\/2019\/05\/D6mcjhdX4AAYLIe.jpg\" alt=\"\" width=\"612\" height=\"480\" srcset=\"https:\/\/balcilar-blog.com\/wp-content\/uploads\/2019\/05\/D6mcjhdX4AAYLIe.jpg 612w, https:\/\/balcilar-blog.com\/wp-content\/uploads\/2019\/05\/D6mcjhdX4AAYLIe-300x235.jpg 300w\" sizes=\"auto, (max-width: 612px) 100vw, 612px\" \/><\/p>\n<div class=\"content clearfix\">\n<div class=\"permalink-header\">\n<p>\u00c7a\u011fatay Ulusoy Fan Club<\/p>\n<\/div>\n<\/div>\n<div class=\"js-tweet-text-container\">\n<p class=\"TweetTextSize TweetTextSize--jumbo js-tweet-text tweet-text\" lang=\"tr\" data-aria-label-part=\"0\">\u00c7a\u011fatay Ulusoy&#8217;un ba\u015frol\u00fcnde yer ald\u0131\u011f\u0131 The Protector&#8217;un 3. Sezon \u00e7ekimleri ba\u015flad\u0131. Ay\u00e7a Ay\u015fin Turan, Hazar Erg\u00fc\u00e7l\u00fc, Bur\u00e7in Terzio\u011flu, Engin \u00d6zt\u00fcrk ve Okan Yalab\u0131k gibi oyunculara yeni oyuncular\u0131n kat\u0131l\u0131m\u0131 ile \u00e7ekilecek.<\/p>\n<\/div>\n<p>Seri dizinin yap\u0131mc\u0131l\u0131\u011f\u0131n\u0131, Netflix ad\u0131na 03 Medya&#8217;n\u0131n yapt\u0131\u011f\u0131 Hakan: Muhaf\u0131z&#8217;\u0131n y\u00f6netmenli\u011fini Umut Aral yap\u0131yor. G\u00f6r\u00fcnt\u00fc y\u00f6netmeni koltu\u011funda G\u00f6khan Tiryaki yer al\u0131yor. Yaz ay\u0131 boyunca \u00e7ekimler devam edecektir.\u00a0 Daha sonraki aylarda da, onay\u0131 al\u0131nan 4.Sezon \u00e7ekimleri yap\u0131lacakt\u0131r.<\/p>\n<p>Hollywood yap\u0131mc\u0131lar\u0131n\u0131n dikkatini \u00e7eken \u00c7a\u011fatay\u00a0<strong>Ulusoy<\/strong>, film teklifi alm\u0131\u015f, d\u00fcnyaca \u00fcnl\u00fc bir yap\u0131m firmas\u0131 ile imza a\u015famas\u0131ndaym\u0131\u015f. \u015eayet imzalar at\u0131l\u0131rsa bir Amerikan yap\u0131m\u0131n da da oynayacakt\u0131r.<\/p>\n<p>Ulusoy&#8217;un\u00a0\u0130stanbul Yeni Havaliman\u0131nda Hakan: Muhaf\u0131z dizi posterleri yer ald\u0131\u011f\u0131n\u0131 g\u00f6r\u00fcyoruz.<\/p>\n<p><img loading=\"lazy\" decoding=\"async\" class=\"alignnone size-full wp-image-24621\" src=\"http:\/\/balcilar-blog.com\/wp-content\/uploads\/2019\/05\/D6bz7uiWAAATQqe.jpg\" alt=\"\" width=\"480\" height=\"640\" srcset=\"https:\/\/balcilar-blog.com\/wp-content\/uploads\/2019\/05\/D6bz7uiWAAATQqe.jpg 480w, https:\/\/balcilar-blog.com\/wp-content\/uploads\/2019\/05\/D6bz7uiWAAATQqe-225x300.jpg 225w\" sizes=\"auto, (max-width: 480px) 100vw, 480px\" \/><\/p>\n<p>Ge\u00e7ti\u011fimiz g\u00fcn, Netflix en \u00e7ok izlenen dizileri a\u00e7\u0131klad\u0131. <strong>\u00c7a\u011fatay<\/strong> <strong>Ulusoy<\/strong>, Hazar Erg\u00fc\u00e7l\u00fc ve Ay\u00e7a Ay\u015fin Turan\u2019\u0131n ba\u015frollerini payla\u015ft\u0131\u011f\u0131 Hakan: Muhaf\u0131z yabanc\u0131 dil kategorisinde en \u00e7ok izlenen 10.dizi oldu.<\/p>\n<p><img loading=\"lazy\" decoding=\"async\" class=\"alignnone size-full wp-image-24592\" src=\"http:\/\/balcilar-blog.com\/wp-content\/uploads\/2019\/05\/D6UZZEfXkAI8cbm.jpg\" alt=\"\" width=\"640\" height=\"426\" srcset=\"https:\/\/balcilar-blog.com\/wp-content\/uploads\/2019\/05\/D6UZZEfXkAI8cbm.jpg 640w, https:\/\/balcilar-blog.com\/wp-content\/uploads\/2019\/05\/D6UZZEfXkAI8cbm-300x200.jpg 300w\" sizes=\"auto, (max-width: 640px) 100vw, 640px\" \/><\/p>\n<p>Ge\u00e7en hafta sonunda G\u00fcrcistan Tiflis&#8217;e giden Sosyal Yard\u0131m projesinde yer alan \u00c7a\u011fatay Ulusoy i\u00e7in, Monk Andrew\u2019s Foundation kurucular\u0131ndan biri olan Nineli Putkaradze s\u00f6yle demi\u015f ve \u015fu Twitter da \u015fu twitti yazm\u0131\u015ft\u0131r.<\/p>\n<div class=\"js-tweet-text-container\">\n<p class=\"TweetTextSize js-tweet-text tweet-text\" lang=\"tr\" data-aria-label-part=\"0\">&#8220;<strong>Bazen sadece bir ka\u00e7 saat b\u00fcy\u00fck bir sevin\u00e7 ve mutluluk i\u00e7in yeterlidir. Nezaketinin s\u0131n\u0131r\u0131 yok, a\u011f\u0131r program\u0131na ra\u011fmen &#8220;Monk Andrew\u2019s Foundation&#8221; yarat\u0131c\u0131lar\u0131n\u0131n iste\u011fi \u00fczerine Georgia&#8217;a gelen \u00e7ok iyi bilinen pop\u00fcler T\u00fcrk akt\u00f6r \u00c7a\u011fatay Ulusoy mutlu g\u00f6zlerini hi\u00e7 unutmayaca\u011f\u0131m<\/strong>&#8220;<\/p>\n<p lang=\"tr\" data-aria-label-part=\"0\"><strong>\u00c7a\u011fatay Ulusoy i\u00e7in bir de sevindirici haber bug\u00fcn \u00e7\u0131kt\u0131. 6 y\u0131ld\u0131r devam eden uyu\u015fturucu davas\u0131nda karar \u00e7\u0131kt\u0131. Sadece kullanmaktan \u0130stinaf Mahkemesi taraf\u0131ndan 10 ay hapis cezas\u0131na h\u00fckmedildi. Bu karar uygulamas\u0131 da 5 y\u0131l sonraya ertelendi. Manevi olarak bedelini \u00e7ok a\u011f\u0131r \u015fekilde zaten \u00f6deyen \u00c7a\u011fatay Ulusoy berat etmi\u015f oldu.<\/strong><\/p>\n<p lang=\"tr\" data-aria-label-part=\"0\">Bug\u00fcnden itibaren kafas\u0131n\u0131 me\u015fgul eden bu konuyu unutacak, tamamen sanat\u0131na odaklanacakt\u0131r.<\/p>\n<p lang=\"tr\" data-aria-label-part=\"0\"><img loading=\"lazy\" decoding=\"async\" class=\"alignnone size-full wp-image-24622\" src=\"http:\/\/balcilar-blog.com\/wp-content\/uploads\/2019\/05\/D6cl4epXsAAMipw.jpg\" alt=\"\" width=\"561\" height=\"480\" srcset=\"https:\/\/balcilar-blog.com\/wp-content\/uploads\/2019\/05\/D6cl4epXsAAMipw.jpg 561w, https:\/\/balcilar-blog.com\/wp-content\/uploads\/2019\/05\/D6cl4epXsAAMipw-300x257.jpg 300w\" sizes=\"auto, (max-width: 561px) 100vw, 561px\" \/><\/p>\n<\/div>\n<div class=\"js-tweet-text-container\">\n<p lang=\"tr\" data-aria-label-part=\"0\">Yolun a\u00e7\u0131k olsun \u00c7a\u011fatay, The Protector (Hakan: Muhaf\u0131z)&#8217;\u0131n 3.sezonunda sana ve t\u00fcm ekibine ba\u015far\u0131lar diliyorum.<\/p>\n<p>Sayg\u0131lar ve sevgiler.<\/p>\n<p>Abdurrahman Balc\u0131lar<\/p>\n<p>Twitter : <a href=\"https:\/\/twitter.com\/abbalcilar\">abdurrahman balc\u0131lar<\/a><a href=\"https:\/\/twitter.com\/abbalcilar\"><strong>@abbalcilar<\/strong><\/a><\/p>\n<p>Mail :\u00a0<a href=\"mailto:ab.balcilar@hotmail.com\">ab.balcilar@hotmail.com<\/a><\/p>\n<p>Blog:\u00a0<a href=\"http:\/\/t.co\/znqmIZgIqn\">blog.milliyet.com.tr\/cansever<\/a><\/p>\n<p>\u015eahsi Blog:\u00a0<a href=\"http:\/\/balcilar-blog.com\/\">Abdurrahman Balc\u0131lar Blog Sayfas\u0131<\/a><\/p>\n<\/div>\n","protected":false},"excerpt":{"rendered":"<p>&nbsp; \u00c7a\u011fatay Ulusoy&#8217;un &#8220;The Protector&#8221; Hakan: Muhaf\u0131z dizisinin 3. Sezon \u00c7ekimleri bug\u00fcn (15 May\u0131s 2019) ba\u015flad\u0131. 07 Mart 2018 Tarihinde 1.Sezon (ilk 10 b\u00f6l\u00fcm) \u00e7ekimleri ba\u015flam\u0131\u015f, yaz ay\u0131 Haziran sonunda tamamlan\u0131r tamamlanmaz, 2.Sezon (8 B\u00f6l\u00fcm) \u00e7ekimleri de A\u011fustos 2018 ortas\u0131nda bitirilmi\u015fti. 1.sezon b\u00f6l\u00fcmlerini Netflix 14 Aral\u0131k 2018 tarihinde yay\u0131na vermi\u015fti. 26 Nisan 2019 tarihinde 2.Sezon [&hellip;]<\/p>\n","protected":false},"author":3,"featured_media":24628,"comment_status":"open","ping_status":"open","sticky":false,"template":"","format":"standard","meta":{"footnotes":""},"categories":[2],"tags":[679,15,1430,1843,1478,1660,1929],"class_list":["post-24620","post","type-post","status-publish","format-standard","has-post-thumbnail","hentry","category-tv-programlari","tag-3-sezon","tag-cagatay-ulusoy","tag-gurcistan","tag-hakan-muhafiz","tag-netflix","tag-the-protector","tag-tiflis"],"views":5286,"blog_post_layout_featured_media_urls":{"thumbnail":["https:\/\/balcilar-blog.com\/wp-content\/uploads\/2019\/05\/cats-1-150x150.jpg",150,150,true],"full":["https:\/\/balcilar-blog.com\/wp-content\/uploads\/2019\/05\/cats-1.jpg",656,272,false]},"categories_names":{"2":{"name":"TV Programlar\u0131","link":"https:\/\/balcilar-blog.com\/?cat=2"}},"tags_names":{"679":{"name":"3.sezon","link":"https:\/\/balcilar-blog.com\/?tag=3-sezon"},"15":{"name":"\u00e7a\u011fatay ulusoy","link":"https:\/\/balcilar-blog.com\/?tag=cagatay-ulusoy"},"1430":{"name":"G\u00fcrcistan","link":"https:\/\/balcilar-blog.com\/?tag=gurcistan"},"1843":{"name":"Hakan: Muhaf\u0131z","link":"https:\/\/balcilar-blog.com\/?tag=hakan-muhafiz"},"1478":{"name":"Netflix","link":"https:\/\/balcilar-blog.com\/?tag=netflix"},"1660":{"name":"The Protector","link":"https:\/\/balcilar-blog.com\/?tag=the-protector"},"1929":{"name":"Tiflis","link":"https:\/\/balcilar-blog.com\/?tag=tiflis"}},"comments_number":"1","wpmagazine_modules_lite_featured_media_urls":{"thumbnail":["https:\/\/balcilar-blog.com\/wp-content\/uploads\/2019\/05\/cats-1-150x150.jpg",150,150,true],"cvmm-medium":["https:\/\/balcilar-blog.com\/wp-content\/uploads\/2019\/05\/cats-1.jpg",300,124,false],"cvmm-medium-plus":["https:\/\/balcilar-blog.com\/wp-content\/uploads\/2019\/05\/cats-1.jpg",305,126,false],"cvmm-portrait":["https:\/\/balcilar-blog.com\/wp-content\/uploads\/2019\/05\/cats-1.jpg",400,166,false],"cvmm-medium-square":["https:\/\/balcilar-blog.com\/wp-content\/uploads\/2019\/05\/cats-1.jpg",600,249,false],"cvmm-large":["https:\/\/balcilar-blog.com\/wp-content\/uploads\/2019\/05\/cats-1.jpg",656,272,false],"cvmm-small":["https:\/\/balcilar-blog.com\/wp-content\/uploads\/2019\/05\/cats-1.jpg",130,54,false],"full":["https:\/\/balcilar-blog.com\/wp-content\/uploads\/2019\/05\/cats-1.jpg",656,272,false]},"_links":{"self":[{"href":"https:\/\/balcilar-blog.com\/index.php?rest_route=\/wp\/v2\/posts\/24620","targetHints":{"allow":["GET"]}}],"collection":[{"href":"https:\/\/balcilar-blog.com\/index.php?rest_route=\/wp\/v2\/posts"}],"about":[{"href":"https:\/\/balcilar-blog.com\/index.php?rest_route=\/wp\/v2\/types\/post"}],"author":[{"embeddable":true,"href":"https:\/\/balcilar-blog.com\/index.php?rest_route=\/wp\/v2\/users\/3"}],"replies":[{"embeddable":true,"href":"https:\/\/balcilar-blog.com\/index.php?rest_route=%2Fwp%2Fv2%2Fcomments&post=24620"}],"version-history":[{"count":5,"href":"https:\/\/balcilar-blog.com\/index.php?rest_route=\/wp\/v2\/posts\/24620\/revisions"}],"predecessor-version":[{"id":24633,"href":"https:\/\/balcilar-blog.com\/index.php?rest_route=\/wp\/v2\/posts\/24620\/revisions\/24633"}],"wp:featuredmedia":[{"embeddable":true,"href":"https:\/\/balcilar-blog.com\/index.php?rest_route=\/wp\/v2\/media\/24628"}],"wp:attachment":[{"href":"https:\/\/balcilar-blog.com\/index.php?rest_route=%2Fwp%2Fv2%2Fmedia&parent=24620"}],"wp:term":[{"taxonomy":"category","embeddable":true,"href":"https:\/\/balcilar-blog.com\/index.php?rest_route=%2Fwp%2Fv2%2Fcategories&post=24620"},{"taxonomy":"post_tag","embeddable":true,"href":"https:\/\/balcilar-blog.com\/index.php?rest_route=%2Fwp%2Fv2%2Ftags&post=24620"}],"curies":[{"name":"wp","href":"https:\/\/api.w.org\/{rel}","templated":true}]}}