{"id":24604,"date":"2019-05-13T18:52:00","date_gmt":"2019-05-13T15:52:00","guid":{"rendered":"http:\/\/balcilar-blog.com\/?p=24604"},"modified":"2019-05-13T18:52:00","modified_gmt":"2019-05-13T15:52:00","slug":"gecen-haftanin-06-12-mayis-2019-en-cok-izlenen-dizileri","status":"publish","type":"post","link":"https:\/\/balcilar-blog.com\/?p=24604","title":{"rendered":"Ge\u00e7en Haftan\u0131n (06 &#8211; 12 May\u0131s 2019) En \u00c7ok \u0130zlenen Dizileri"},"content":{"rendered":"<p><img loading=\"lazy\" decoding=\"async\" class=\"alignnone size-full wp-image-24616\" src=\"http:\/\/balcilar-blog.com\/wp-content\/uploads\/2019\/05\/cats.jpg\" alt=\"\" width=\"640\" height=\"351\" srcset=\"https:\/\/balcilar-blog.com\/wp-content\/uploads\/2019\/05\/cats.jpg 640w, https:\/\/balcilar-blog.com\/wp-content\/uploads\/2019\/05\/cats-300x165.jpg 300w\" sizes=\"auto, (max-width: 640px) 100vw, 640px\" \/><\/p>\r\n<p>TNS \u00f6l\u00e7\u00fcmlerine g\u00f6re haz\u0131rlad\u0131\u011f\u0131m\u00a0<strong>06 &#8211; 12 May\u0131s 2019\u00a0<\/strong>Tarihleri\u00a0aras\u0131nda en \u00e7ok seyredilen alt\u0131 Ulusal kanallar\u0131m\u0131zda ekranlar\u0131m\u0131za gelen <strong>29 dizi aras\u0131nda<\/strong>, Total\u2019de ve AB\u2019de ilk ona giren, \u00d6ne \u00e7\u0131kan dizilerin, haftan\u0131n dizi karnesini a\u015fa\u011f\u0131da bilgilerinize sunuyorum.<\/p>\r\n<p><strong>GE\u00c7EN HAFTA G\u00d6STER\u0130MDEK\u0130 D\u0130Z\u0130LER :\u00a0<\/strong><\/p>\r\n<p><strong>PAZARTES\u0130 (5 Dizi):<\/strong> \u00c7ukur (Show), S\u00f6z (Star), Yasak Elma (Fox), Vuslat (TRT1), Zalim \u0130stanbul (Kanal D)<\/p>\r\n<p><strong>SALI (4 Dizi)\u00a0:<\/strong> Kad\u0131n (Fox), E\u015fkiya D\u00fcnyaya H\u00fck\u00fcmdar Olmaz (Atv), Halka (TRT1, Leke (Kanal D)<\/p>\r\n<p><strong>\u00c7AR\u015eAMBA (3 Dizi):<\/strong> Dirili\u015f Ertu\u011frul (TRT1), Kuzgun (Star Tv), Sen Anlat Karadeniz (Atv)<\/p>\r\n<p><strong>PER\u015eEMBE (5 Dizi):<\/strong> Bizim Hikaye (Fox), Bir Zamanlar \u00c7ukurova (Atv), \u00c7arp\u0131\u015fma (Show), Tek Y\u00fcrek (TRT1), Avlu (Star Tv)<\/p>\r\n<p><strong>CUMA (5 Dizi) :<\/strong> Arka Sokaklar (Kanal D), K\u0131z\u0131m (Tv8), \u0130stanbullu Gelin (Star), Hercai (Atv), Payitaht (TRT1)<\/p>\r\n<p><strong>CUMARTES\u0130 (3 Dizi):<\/strong> Erkenci Ku\u015f (Star Tv), Kalk Gidelim (TRT1), Bir Aile Hikayesi (Fox)<\/p>\r\n<p><strong>PAZAR\u00a0(4 Dizi): S<\/strong>ava\u015f\u00e7\u0131 (Show), Karde\u015f \u00c7ocuklar\u0131 (Star ), Elimi B\u0131rakma (TRT1), Zengin ve Yoksul (Atv)<\/p>\r\n<p>&nbsp;<\/p>\r\n<p><strong>Total\u2019in ilk s\u0131ras\u0131nda\u00a0bu hafta\u00a0<\/strong>; TRT1&#8217;in rekortmen dizisi Dirili\u015f Ertu\u011frul her hafta oldu\u011fu gibi bu hafta da Total&#8217;de ald\u0131\u011f\u0131 13,92 puan ile birinci s\u0131rada yer al\u0131yor. Total&#8217;in 10.s\u0131ras\u0131nda Show Tv&#8217;nin &#8220;Sava\u015f\u00e7\u0131&#8221; dizisi 6,33 puan ile yer al\u0131yor.<\/p>\r\n<p><strong>AB\u2019nin ilk s\u0131ras\u0131nda<\/strong>;\u00a0TRT1&#8217;in Dirili\u015f Ertu\u011frul dizisi, AB&#8217;nin de ilk s\u0131ras\u0131nda 12,78 puanla yer al\u0131yor. AB&#8217;nin 10.s\u0131ras\u0131nda Trt1&#8217;in &#8220;Payitaht Abd\u00fclhamid&#8221; AB&#8217;de ald\u0131\u011f\u0131 5,01 puan ile yer al\u0131yor.<\/p>\r\n<p>&nbsp;<\/p>\r\n<p><strong>BU HAFTA EN \u00c7OK \u0130ZLENEN \u0130LK ONA G\u0130REN D\u0130Z\u0130LERE G\u00d6Z ATALIM!<\/strong> Bu s\u0131ralama sadece dizilerin reytingler y\u00fczdesine g\u00f6re en \u00e7ok izlenen dizilerin ilk 10\u2019da yer alanlar\u0131n\u0131 s\u0131ralamaya koyuyorum. Yar\u0131\u015fma, e\u011flence ve haber programlar\u0131 y\u00fczdeleri y\u00fcksek olsa da bu s\u0131ralamaya koymuyorum. Bu sadece dizilerin yar\u0131\u015f\u0131d\u0131r, en \u00e7ok izlenen dizilerin s\u0131ralamas\u0131d\u0131r. Bir nevi dizilerin karnesidir. Art\u0131k, Haftan\u0131n dizileri s\u0131ralamas\u0131nda bir yenilik yaparak, Hem Total\u2019de hem de AB grubunda 5 puan\u0131n \u00fcst\u00fcnde reyting alanlar\u0131 s\u0131ralamada yer veriyorum.<\/p>\r\n<p>&nbsp;<\/p>\r\n<p><strong>GE\u00c7EN HAFTA EN \u00c7OK \u0130ZLENEN D\u0130Z\u0130LER\u0130NDE:<\/strong><\/p>\r\n<p><strong>Total ilk 10 Girenler ve 5 puan\u0131n \u00fczerinde reyting alanlar :<\/strong><\/p>\r\n<p>1.Dirili\u015f Ertu\u011frul 147.B\u00f6l\u00fcm (TRT1)\u2026\u2026\u2026\u2026\u2026\u2026\u2026\u2026&#8230;..13,92<\/p>\r\n<p>2.Hercai 9.B\u00f6l\u00fcm (Atv)&#8230;&#8230;&#8230;&#8230;&#8230;&#8230;&#8230;&#8230;&#8230;&#8230;&#8230;&#8230;&#8230;&#8230;&#8230;&#8230;.13,07<\/p>\r\n<p>3.Bir Zamanlar \u00c7ukurova 32.B\u00f6l\u00fcm (Atv)\u2026\u2026\u2026\u2026\u2026&#8230;..13,05<\/p>\r\n<p>4.Kad\u0131n 61.B\u00f6l\u00fcm (Fox Tv)\u2026\u2026\u2026\u2026\u2026\u2026\u2026\u2026\u2026\u2026\u2026\u2026\u2026&#8230;..9,68<\/p>\r\n<p>5.E\u015fk\u0131ya D\u00fcnyaya H\u00fck\u00fcmdar Olmaz 136.B\u00f6l\u00fcm (Atv)..8,65<\/p>\r\n<p>6.\u00c7ukur 64.B\u00f6l\u00fcm (Show Tv)\u2026\u2026\u2026\u2026\u2026\u2026\u2026\u2026\u2026\u2026\u2026\u2026&#8230;..7,95<\/p>\r\n<p>7.Sen Anlat Karadeniz 51.B\u00f6l\u00fcm (Atv)&#8230;&#8230;&#8230;&#8230;&#8230;&#8230;&#8230;&#8230;&#8230;7,12<\/p>\r\n<p>8.Arka Sokaklar 517.B\u00f6l\u00fcm (Kanal D)\u2026\u2026\u2026\u2026\u2026\u2026\u2026&#8230;&#8230;.7,10<\/p>\r\n<p>9.S\u00f6z 81.B\u00f6l\u00fcm (Star Tv)\u2026\u2026\u2026\u2026\u2026\u2026\u2026\u2026\u2026\u2026\u2026\u2026\u2026\u2026&#8230;&#8230;.6,73<\/p>\r\n<p>10.Sava\u015f\u00e7\u0131 74.B\u00f6l\u00fcm (Show tv)&#8230;&#8230;&#8230;&#8230;&#8230;&#8230;&#8230;&#8230;&#8230;&#8230;&#8230;&#8230;&#8230;6,33 __________________________________________<\/p>\r\n<p>11.Zalim \u0130stanbul 6.B\u00f6l\u00fcm (Kanal D)&#8230;&#8230;&#8230;&#8230;&#8230;&#8230;&#8230;&#8230;&#8230;&#8230;.5,67<\/p>\r\n<p>12.Yasak Elma 44.B\u00f6l\u00fcm (Fox Tv)&#8230;&#8230;&#8230;&#8230;&#8230;&#8230;&#8230;&#8230;&#8230;&#8230;&#8230;&#8230;5,26<\/p>\r\n<p>13.Avlu 41.B\u00f6l\u00fcm Star Tv&#8230;&#8230;&#8230;&#8230;&#8230;&#8230;&#8230;&#8230;&#8230;&#8230;&#8230;&#8230;&#8230;&#8230;&#8230;&#8230;..5,21<\/p>\r\n<p>&nbsp;<\/p>\r\n<p><strong>AB\u2019de ilk 10 ve 5 Puan\u0131n \u00fczerinde reyting alanlar:<\/strong><\/p>\r\n<p>1.Dirili\u015f Ertu\u011frul 147.B\u00f6l\u00fcm (TRT1)\u2026\u2026\u2026\u2026\u2026\u2026\u2026\u2026&#8230;..13,78<\/p>\r\n<p>2.Bir Zamanlar \u00c7ukurova 32.B\u00f6l\u00fcm (Atv)\u2026\u2026\u2026\u2026\u2026&#8230;..11,13<\/p>\r\n<p>3.Kad\u0131n 61.B\u00f6l\u00fcm (Fox Tv)\u2026\u2026\u2026\u2026\u2026\u2026\u2026\u2026\u2026\u2026\u2026\u2026\u2026\u2026..9,99<\/p>\r\n<p>4.Hercai 8.B\u00f6l\u00fcm (Atv)&#8230;&#8230;&#8230;&#8230;&#8230;&#8230;&#8230;&#8230;&#8230;&#8230;&#8230;&#8230;&#8230;&#8230;&#8230;&#8230;..7,58<\/p>\r\n<p>5.E\u015fk\u0131ya D\u00fcnyaya H\u00fck\u00fcmdar Olmaz 136.B\u00f6l\u00fcm (Atv)..7,14<\/p>\r\n<p>6.\u0130stanbullu Gelin 84.B\u00f6l\u00fcm (Star Tv)&#8230;&#8230;&#8230;&#8230;&#8230;&#8230;&#8230;&#8230;&#8230;6,29<\/p>\r\n<p>7.\u00c7ukur 64.B\u00f6l\u00fcm (Show Tv)\u2026\u2026\u2026\u2026\u2026\u2026\u2026\u2026\u2026\u2026\u2026\u2026&#8230;&#8230;5,77<\/p>\r\n<p>8.Zalim \u0130stanbul 6.B\u00f6l\u00fcm (Kanal D)&#8230;&#8230;&#8230;&#8230;&#8230;&#8230;&#8230;&#8230;&#8230;&#8230;6,29<\/p>\r\n<p>9.Bir Aile Hikayesi 10.B\u00f6l\u00fcm (Fox Tv)&#8230;&#8230;&#8230;&#8230;&#8230;&#8230;&#8230;&#8230;&#8230;5,41<\/p>\r\n<p>10.Payitaht Abd\u00fclhamid 85.B\u00f6l\u00fcm (TRT1)&#8230;&#8230;&#8230;&#8230;&#8230;&#8230;.5,01 \u00a0<\/p>\r\n<p>&nbsp;<\/p>\r\n<p><strong>TOTAL ve AB Grubunda reytingleri en y\u00fcksek olan Haftan\u0131n ilk 5 s\u0131ralamas\u0131 :<\/strong><\/p>\r\n<p><strong>Bu hafta ilk 5\u2019in biri AB, D\u00f6rd\u00fc Total Grubu dizilerinden oldu\u011funu g\u00f6r\u00fcyoruz. \u00a0<\/strong><\/p>\r\n<p><strong>1.D\u0130R\u0130L\u0130\u015e ERTU\u011eRUL (TRT1) :<\/strong> TRT 1&#8217;in uzun s\u00fcredir devam eden dizisi &#8220;Dirili\u015f Ertu\u011frul&#8221;,\u00a0 147.b\u00f6l\u00fcmde Total&#8217; de ald\u0131\u011f\u0131\u00a0 13,92 puanla 1.s\u0131ras\u0131nda yer al\u0131yor.<\/p>\r\n<p><img loading=\"lazy\" decoding=\"async\" class=\"alignnone size-full wp-image-24614\" src=\"http:\/\/balcilar-blog.com\/wp-content\/uploads\/2019\/05\/maxresdefault.jpg\" alt=\"\" width=\"640\" height=\"421\" srcset=\"https:\/\/balcilar-blog.com\/wp-content\/uploads\/2019\/05\/maxresdefault.jpg 640w, https:\/\/balcilar-blog.com\/wp-content\/uploads\/2019\/05\/maxresdefault-300x197.jpg 300w\" sizes=\"auto, (max-width: 640px) 100vw, 640px\" \/><\/p>\r\n<p>Kurdu\u011fu tuzakla Albast\u0131 oldu\u011fu ortaya \u00e7\u0131kan Beybolat\u2019\u0131 k\u00f6\u015feye s\u0131k\u0131\u015ft\u0131ran Ertu\u011frul Bey ve \u0130lbilge, Beybolat\u2019\u0131 yakalayacakken Beybolat nehire atlayarak ka\u00e7may\u0131 ba\u015far\u0131r. Bunun \u00fczerine Ertu\u011frul Bey, Alplar\u0131 Nehire g\u00f6nderip Albast\u0131\u2019n\u0131n cesedini bulmalar\u0131n\u0131 ister. Ancak Nehir\u2019e Kay\u0131 Alplar\u0131ndan \u00f6nce gelen \u00a0Ar\u0131kbuka Kay\u0131 Alplarn\u0131 \u015fehit eder ve Albast\u0131\u2019y\u0131 kurtar\u0131r. Onu ma\u011faras\u0131na g\u00f6t\u00fcrerek tedavi eder. Di\u011fer taraftan Ertu\u011frul Bey taraf\u0131ndan Alpl\u0131k k\u0131l\u0131c\u0131 tekrar verilen Bams\u0131 Albast\u0131\u2019y\u0131 bulmak i\u00e7in aramalara kat\u0131l\u0131r ve Ar\u0131kbuka taraf\u0131ndan \u015fehit edilen Kay\u0131 Alplar\u0131n\u0131 g\u00f6r\u00fcr. Ve Ertu\u011frul Beyin tehlikeye d\u00fc\u015fme ihtimali \u00fczerine G\u00fcndo\u011fdu Bey ile birlikte gizli yere do\u011fru yola \u00e7\u0131karlar. Berk Han\u2019\u0131n adam\u0131yla g\u00f6r\u00fc\u015fmekte olan Ertu\u011frul Bey\u2019e bask\u0131n yapan Ar\u0131kbuka Ertu\u011frul Bey\u2019i yakalar. Mergen ve Dumrul\u2019u \u015fehit eder ve Turgut\u2019u a\u011f\u0131r yaralar.<\/p>\r\n<p><strong>\u00a0<\/strong><\/p>\r\n<p><strong>2.HERCA\u0130 (ATV)<\/strong> :\u00a0 Atv&#8217;nin yeni a\u015fk dizisi Hercai rekorlara doymuyor. Ge\u00e7en hafta ekranlara gelen 9.b\u00f6l\u00fcm\u00fc ile haftan\u0131n dizileri aras\u0131nda ikinci s\u0131raya y\u00fckseldi. Total Grubunda ald\u0131\u011f\u0131 13,97 puan ald\u0131.<\/p>\r\n<p><img loading=\"lazy\" decoding=\"async\" class=\"alignnone size-full wp-image-24606\" src=\"http:\/\/balcilar-blog.com\/wp-content\/uploads\/2019\/05\/hercai-afi\u015fi-oyuncular\u0131-1.jpg\" alt=\"\" width=\"593\" height=\"480\" srcset=\"https:\/\/balcilar-blog.com\/wp-content\/uploads\/2019\/05\/hercai-afi\u015fi-oyuncular\u0131-1.jpg 593w, https:\/\/balcilar-blog.com\/wp-content\/uploads\/2019\/05\/hercai-afi\u015fi-oyuncular\u0131-1-300x243.jpg 300w\" sizes=\"auto, (max-width: 593px) 100vw, 593px\" \/><\/p>\r\n<p>Hercai dizisinde Ak\u0131n Ak\u0131n\u00f6z\u00fc&#8217;n\u00fcn canland\u0131rd\u0131\u011f\u0131 &#8220;Miran&#8221; karakteri olduk\u00e7a be\u011fenildi. Duru do\u011fal bir g\u00fczelli\u011fi olan, Ebru \u015eahin&#8217;in canland\u0131rd\u0131\u011f\u0131 &#8220;Reyyan \u015eado\u011flu&#8221; karakteri Miran&#8217;a kar\u015f\u0131 bo\u015f de\u011fil. Miran da Reyyan&#8217;a tutkulu bir a\u015fkla ba\u011fl\u0131.\u00a0 Aile aras\u0131nda bu tutkulu a\u015fk silahlar\u0131 \u00e7ekilmesine sebep oluyor. Miran&#8217;\u0131n babas\u0131 da Hazar \u015eado\u011flu oldu\u011fu ortaya \u00e7\u0131k\u0131nca i\u015fler iyice kar\u0131\u015f\u0131yor. Hazar \u015eado\u011flu Reyyan&#8217;\u0131n \u00f6z babas\u0131 de\u011fil, Miran&#8217;\u0131n \u00f6z babas\u0131. Bu kar\u0131\u015f\u0131k d\u00fc\u011f\u00fcm nas\u0131l \u00e7\u00f6z\u00fclecek herkes merakta&#8230; Ayr\u0131ca Miran&#8217;\u0131n nikahl\u0131 kar\u0131s\u0131 G\u00f6n\u00fcl de i\u015fleri kar\u0131\u015ft\u0131r\u0131yor. Miran resmi nikahl\u0131 kar\u0131s\u0131n\u0131 bo\u015famas\u0131 \u00e7ok zor olacak gibi duruyor. Azat \u015eado\u011flu&#8217;nun amca k\u0131z\u0131 Reyyan&#8217;dan vazge\u00e7mesi zor g\u00f6z\u00fck\u00fcyor.<\/p>\r\n<p>&nbsp;<\/p>\r\n<p><strong>\u00a03. B\u0130R ZAMANLAR \u00c7UKUROVA :<\/strong> Atv&#8217;nin Ye\u015fil\u00e7am sinema tad\u0131ndaki dizisi &#8220;Bir Zamanlar \u00c7ukurova&#8221; Haftan\u0131n dizilerinde bu hafta 3.s\u0131raya geriledi. Total grubunda reyting puan\u0131 13,05 oldu\u011funu g\u00f6r\u00fcyoruz.<\/p>\r\n<p><img loading=\"lazy\" decoding=\"async\" class=\"alignnone size-full wp-image-24608\" src=\"http:\/\/balcilar-blog.com\/wp-content\/uploads\/2019\/05\/Ekran-Al\u0131nt\u0131s\u0131BZ\u00c7.32.F.jpg\" alt=\"\" width=\"640\" height=\"347\" srcset=\"https:\/\/balcilar-blog.com\/wp-content\/uploads\/2019\/05\/Ekran-Al\u0131nt\u0131s\u0131BZ\u00c7.32.F.jpg 640w, https:\/\/balcilar-blog.com\/wp-content\/uploads\/2019\/05\/Ekran-Al\u0131nt\u0131s\u0131BZ\u00c7.32.F-300x163.jpg 300w\" sizes=\"auto, (max-width: 640px) 100vw, 640px\" \/><\/p>\r\n<p>Ge\u00e7en b\u00f6l\u00fcmde hizmetli k\u0131z Fadik, Demir Beyin yata\u011f\u0131na girince i\u015fler iyice kar\u0131\u015f\u0131r. Erc\u00fcmet sabah onlar\u0131 birlikte yatakta g\u00f6r\u00fcnce ortal\u0131k kar\u0131\u015f\u0131r. H\u00fcnkar Han\u0131m bulan\u0131k suyu durultmak i\u00e7in \u00e7ok \u00e7aba sarf eder. Erc\u00fcment hizmetli k\u0131z Fadi\u011fi Demir Beyin yata\u011f\u0131nda g\u00f6rd\u00fc ya. o da be\u011fendi\u011fi G\u00fclten&#8217;i g\u00f6let kenar\u0131na g\u00f6t\u00fcr ve sald\u0131r\u0131r. O s\u0131rada G\u00fclten&#8217;e hesap sormaya gelen Y\u0131lmaz onlar\u0131 g\u00f6r\u00fcr. Erc\u00fcment tabancas\u0131n\u0131 \u00e7eker Y\u0131lmaz&#8217;\u0131 omuzundan yaralar.<\/p>\r\n<p><img loading=\"lazy\" decoding=\"async\" class=\"alignnone size-full wp-image-24609\" src=\"http:\/\/balcilar-blog.com\/wp-content\/uploads\/2019\/05\/Ekran-Al\u0131nt\u0131s\u0131BZ\u00c7.32F3.jpg\" alt=\"\" width=\"640\" height=\"363\" srcset=\"https:\/\/balcilar-blog.com\/wp-content\/uploads\/2019\/05\/Ekran-Al\u0131nt\u0131s\u0131BZ\u00c7.32F3.jpg 640w, https:\/\/balcilar-blog.com\/wp-content\/uploads\/2019\/05\/Ekran-Al\u0131nt\u0131s\u0131BZ\u00c7.32F3-300x170.jpg 300w\" sizes=\"auto, (max-width: 640px) 100vw, 640px\" \/><\/p>\r\n<p><img loading=\"lazy\" decoding=\"async\" class=\"alignnone size-full wp-image-24607\" src=\"http:\/\/balcilar-blog.com\/wp-content\/uploads\/2019\/05\/Ekran-Al\u0131nt\u0131s\u0131BZ\u00c732F2.jpg\" alt=\"\" width=\"640\" height=\"358\" srcset=\"https:\/\/balcilar-blog.com\/wp-content\/uploads\/2019\/05\/Ekran-Al\u0131nt\u0131s\u0131BZ\u00c732F2.jpg 640w, https:\/\/balcilar-blog.com\/wp-content\/uploads\/2019\/05\/Ekran-Al\u0131nt\u0131s\u0131BZ\u00c732F2-300x168.jpg 300w\" sizes=\"auto, (max-width: 640px) 100vw, 640px\" \/><\/p>\r\n<p>Anlayaca\u011f\u0131n\u0131z \u00c7ukurova&#8217;da i\u015fler iyice kar\u0131\u015f\u0131yor. Fekeli de \u00e7al\u0131\u015fan hizmet\u00e7i kad\u0131n, Z\u00fcleyha&#8217;n\u0131n Y\u0131lmaz&#8217;a yazd\u0131\u011f\u0131, kaybolan mektubu temizlik yaparken bulur. Bu mektubu \u00d6nce Y\u0131lma m\u0131 okuyacak, yoksa ni\u015fanl\u0131s\u0131 M\u00fcjgan\u00a0 m\u0131 merak konusu? H\u00fcnkar ile Fekeli yak\u0131nla\u015fmas\u0131 onlar\u0131 2.bahar evlili\u011fine do\u011fru s\u00fcr\u00fckl\u00fcyor!<\/p>\r\n<p><strong>\u00a0 \u00a0 \u00a0 \u00a0<\/strong><\/p>\r\n<p><strong>4.KADIN (FOX Tv)<\/strong> : Fox Tv&#8217;nin be\u011fenilen dizisi &#8220;Kad\u0131n&#8221; ge\u00e7en haftaya oldu\u011fu gibi yine 4.s\u0131rada yer ald\u0131. AB Grubunda ald\u0131\u011f\u0131 puan 9,99 oldu.<\/p>\r\n<p><img loading=\"lazy\" decoding=\"async\" class=\"alignnone size-full wp-image-24613\" src=\"http:\/\/balcilar-blog.com\/wp-content\/uploads\/2019\/05\/kad\u0131n-61.b\u00f6.jpg\" alt=\"\" width=\"640\" height=\"360\" srcset=\"https:\/\/balcilar-blog.com\/wp-content\/uploads\/2019\/05\/kad\u0131n-61.b\u00f6.jpg 640w, https:\/\/balcilar-blog.com\/wp-content\/uploads\/2019\/05\/kad\u0131n-61.b\u00f6-300x169.jpg 300w\" sizes=\"auto, (max-width: 640px) 100vw, 640px\" \/>\u00a0 \u00a0 \u00a0<\/p>\r\n<p>\u00c7ocuklara ve Bahar\u2019a daha yak\u0131n olmak i\u00e7in Saray Apartman\u0131\u2019na ta\u015f\u0131nan Sarp, tekrar bir aile olabilmek i\u00e7in elinden geleni yapar. Her \u015feyden habersiz apartmana gelen yeni kirac\u0131n\u0131n Sarp oldu\u011funu \u00f6\u011frenen Arif ise b\u00fcy\u00fck bir \u015fok i\u00e7indedir. Arif ve Bahar\u2019\u0131n ayr\u0131lmas\u0131na en \u00e7ok \u00fcz\u00fclenlerden biri olan Ceyda, onlar\u0131 tekrar bir araya getirmek i\u00e7in Bahar\u2019\u0131 ikna etmeye \u00e7al\u0131\u015f\u0131r. \u00c7\u00fcnk\u00fc ya\u015fatt\u0131\u011f\u0131 k\u00f6t\u00fc \u015feylerden sonra, Bahar\u2019\u0131n tekrar Sarp ile bir araya gelece\u011fini d\u00fc\u015f\u00fcnmemektedir. Bahar ise \u00e7ocuklar\u0131n\u0131n mutlulu\u011fu i\u00e7in kendi mutlulu\u011fundan \u00e7oktan vazge\u00e7mi\u015ftir.<\/p>\r\n<p>\u015eirin ve Sarp\u2019\u0131n ge\u00e7mi\u015fte ne ya\u015fad\u0131klar\u0131n\u0131 merak eden Bahar, onlar\u0131 y\u00fczle\u015ftirir. Ama duydu\u011fu \u015feyler hi\u00e7 ho\u015funa gitmeyecektir. Ge\u00e7mi\u015fte ne ya\u015fad\u0131klar\u0131n\u0131 merak eden Bahar; Sarp\u2019a m\u0131, yoksa her f\u0131rsatta yalan s\u00f6yleyen \u015eirin\u2019e mi inanacakt\u0131r?<\/p>\r\n<p><br \/><strong>5.E\u015eKIYA D\u00dcNYAYA H\u00dcK\u00dcMDAR OLMAZ (KANAL D) :<\/strong>\u00a0 Oktay Kaynarca&#8217;n\u0131n uzatmal\u0131 dizisi &#8220;E\u015fk\u0131ya D\u00fcnyaya H\u00fck\u00fcmdar Olmaz&#8221; bu hafta, Haftan\u0131n dizileri aras\u0131nda Total Grubunda ald\u0131\u011f\u0131 8,65 ile be\u015finci s\u0131ras\u0131nda yer ald\u0131.<\/p>\r\n<p><img loading=\"lazy\" decoding=\"async\" class=\"alignnone size-full wp-image-24612\" src=\"http:\/\/balcilar-blog.com\/wp-content\/uploads\/2019\/05\/616x321-eskiya-dunyaya-1557248155537.jpg\" alt=\"\" width=\"640\" height=\"334\" srcset=\"https:\/\/balcilar-blog.com\/wp-content\/uploads\/2019\/05\/616x321-eskiya-dunyaya-1557248155537.jpg 640w, https:\/\/balcilar-blog.com\/wp-content\/uploads\/2019\/05\/616x321-eskiya-dunyaya-1557248155537-300x157.jpg 300w\" sizes=\"auto, (max-width: 640px) 100vw, 640px\" \/><\/p>\r\n<p>Oktay Kaynarca sevenleri Kurtlar Vadisindeki ba\u015far\u0131s\u0131 nedeniyle onun dizilerini tutuyorlar. Hakl\u0131 bir ba\u015far\u0131y\u0131 bu dizide de s\u00fcrd\u00fcr\u00fcyor.<\/p>\r\n<p>28 May\u0131sta Sezon finali yapacak yeni sezonda yeni oyuncular\u0131 ile kald\u0131\u011f\u0131 yerden devam edecek.\u00a0<\/p>\r\n<p><br \/><strong>KANALLARA G\u00d6RE SIRALAMA:<\/strong><\/p>\r\n<p><strong>Total Grubunda: Total Grubunda<\/strong> ; Atv 4 dizi. Show Tv 2 dizi. TRT1, Fox Tv. Star Tv ve Kanal D birer dizi ile yer al\u0131yorlar.<\/p>\r\n<p><strong>AB&#8217;de<\/strong> ; ATV 3 dizi ile ba\u015fta. Fox Tv. ve TRT1. 2&#8217;er dizi ile yer al\u0131yor. Show Tv, Star Tv ve Kanal D de birer dizi ile yer alm\u0131\u015ft\u0131r.<\/p>\r\n<p>B<strong>u duruma g\u00f6re ge\u00e7en hafta oldu\u011fu gibi ; ATV. Total&#8217;de 4 ve AB&#8217;de 3 dizi ile haftan\u0131n kanal\u0131 olmu\u015ftur.<\/strong><\/p>\r\n<p>&nbsp;<\/p>\r\n<p><strong>B\u0130Z\u0130M H\u0130KAYE&#8217;DE SONA GEL\u0130ND\u0130<\/strong><\/p>\r\n<p><img loading=\"lazy\" decoding=\"async\" class=\"alignnone size-full wp-image-24615\" src=\"http:\/\/balcilar-blog.com\/wp-content\/uploads\/2019\/05\/bizim_hikaye_yeni_bolum_canli_izle_son_bolum_tek_parca_h670265_f6b50.jpg\" alt=\"\" width=\"640\" height=\"369\" srcset=\"https:\/\/balcilar-blog.com\/wp-content\/uploads\/2019\/05\/bizim_hikaye_yeni_bolum_canli_izle_son_bolum_tek_parca_h670265_f6b50.jpg 640w, https:\/\/balcilar-blog.com\/wp-content\/uploads\/2019\/05\/bizim_hikaye_yeni_bolum_canli_izle_son_bolum_tek_parca_h670265_f6b50-300x173.jpg 300w\" sizes=\"auto, (max-width: 640px) 100vw, 640px\" \/><\/p>\r\n<p>Hazal Kaya&#8217;n\u0131n sevilen dizisi 70.b\u00f6l\u00fcm\u00fcnde bu hafta final yap\u0131yor. Hazal Kaya ile Burak Deniz g\u00fczel bir ikili olu\u015fturmu\u015flard\u0131. Hazal Kaya \u015eubat ba\u015f\u0131nda evlenmi\u015fti. Bu evlilik neticesinde hamile oldu\u011fu s\u00f6z ediliyordu. Bu nedenle biraz da zorunluluktan bu g\u00fczel dizi bitiyor.\u00a0\u00a0<\/p>\r\n<p><!-- \/wp:post-content -->\r\n\r\n<!-- wp:paragraph --><\/p>\r\n<p>Sayg\u0131lar ve sevgiler.<\/p>\r\n<p><!-- \/wp:paragraph -->\r\n\r\n<!-- wp:paragraph --><\/p>\r\n<p>Abdurrahman Balc\u0131lar<\/p>\r\n<p><!-- \/wp:paragraph -->\r\n\r\n<!-- wp:paragraph --><\/p>\r\n<p>Twitter : <a href=\"https:\/\/twitter.com\/abbalcilar\">abdurrahman balc\u0131lar<\/a><a href=\"https:\/\/twitter.com\/abbalcilar\"><strong>@abbalcilar<\/strong><\/a><\/p>\r\n<p><!-- \/wp:paragraph -->\r\n\r\n<!-- wp:paragraph --><\/p>\r\n<p>Mail :\u00a0<a href=\"mailto:ab.balcilar@hotmail.com\">ab.balcilar@hotmail.com<\/a><\/p>\r\n<p><!-- \/wp:paragraph -->\r\n\r\n<!-- wp:paragraph --><\/p>\r\n<p>Blog:\u00a0<a href=\"http:\/\/t.co\/znqmIZgIqn\">blog.milliyet.com.tr\/cansever<\/a><\/p>\r\n<!-- \/wp:paragraph -->\r\n\r\n<!-- wp:paragraph -->\r\n<p>Sayg\u0131lar ve sevgiler.<\/p>\r\n<!-- \/wp:paragraph -->\r\n\r\n<!-- wp:paragraph -->\r\n<p>Abdurrahman Balc\u0131lar<\/p>\r\n<!-- \/wp:paragraph -->\r\n\r\n<!-- wp:paragraph -->\r\n<p>Twitter : <a href=\"https:\/\/twitter.com\/abbalcilar\">abdurrahman balc\u0131lar<\/a><a href=\"https:\/\/twitter.com\/abbalcilar\"><strong>@abbalcilar<\/strong><\/a><\/p>\r\n<!-- \/wp:paragraph -->\r\n\r\n<!-- wp:paragraph -->\r\n<p>Mail :\u00a0<a href=\"mailto:ab.balcilar@hotmail.com\">ab.balcilar@hotmail.com<\/a><\/p>\r\n<!-- \/wp:paragraph -->\r\n\r\n<!-- wp:paragraph -->\r\n<p>Blog:\u00a0<a href=\"http:\/\/t.co\/znqmIZgIqn\">blog.milliyet.com.tr\/cansever<\/a><\/p>","protected":false},"excerpt":{"rendered":"<p>TNS \u00f6l\u00e7\u00fcmlerine g\u00f6re haz\u0131rlad\u0131\u011f\u0131m\u00a006 &#8211; 12 May\u0131s 2019\u00a0Tarihleri\u00a0aras\u0131nda en \u00e7ok seyredilen alt\u0131 Ulusal kanallar\u0131m\u0131zda ekranlar\u0131m\u0131za gelen 29 dizi aras\u0131nda, Total\u2019de ve AB\u2019de ilk ona giren, \u00d6ne \u00e7\u0131kan dizilerin, haftan\u0131n dizi karnesini a\u015fa\u011f\u0131da bilgilerinize sunuyorum. GE\u00c7EN HAFTA G\u00d6STER\u0130MDEK\u0130 D\u0130Z\u0130LER :\u00a0 PAZARTES\u0130 (5 Dizi): \u00c7ukur (Show), S\u00f6z (Star), Yasak Elma (Fox), Vuslat (TRT1), Zalim \u0130stanbul (Kanal D) [&hellip;]<\/p>\n","protected":false},"author":3,"featured_media":24616,"comment_status":"open","ping_status":"open","sticky":false,"template":"","format":"standard","meta":{"footnotes":""},"categories":[2],"tags":[1901,1770,570,1902,801,1250,1899,1656,1657],"class_list":["post-24604","post","type-post","status-publish","format-standard","has-post-thumbnail","hentry","category-tv-programlari","tag-akin-akinozu","tag-bir-zamanlar-cukurova","tag-dirilis-ertugrul","tag-ebru-sahin","tag-eskiya-dunyaya-hukumdar-olmaz","tag-haftanin-dizileri","tag-hercai","tag-kadin","tag-tns-olcmleri"],"views":2773,"blog_post_layout_featured_media_urls":{"thumbnail":["https:\/\/balcilar-blog.com\/wp-content\/uploads\/2019\/05\/cats-150x150.jpg",150,150,true],"full":["https:\/\/balcilar-blog.com\/wp-content\/uploads\/2019\/05\/cats.jpg",640,351,false]},"categories_names":{"2":{"name":"TV Programlar\u0131","link":"https:\/\/balcilar-blog.com\/?cat=2"}},"tags_names":{"1901":{"name":"Ak\u0131n Ak\u0131n\u00f6z\u00fc","link":"https:\/\/balcilar-blog.com\/?tag=akin-akinozu"},"1770":{"name":"Bir Zamanlar \u00c7ukurova","link":"https:\/\/balcilar-blog.com\/?tag=bir-zamanlar-cukurova"},"570":{"name":"dirili\u015f Ertu\u011frul","link":"https:\/\/balcilar-blog.com\/?tag=dirilis-ertugrul"},"1902":{"name":"Ebru \u015eahin","link":"https:\/\/balcilar-blog.com\/?tag=ebru-sahin"},"801":{"name":"E\u015fk\u0131ya D\u00fcnya'ya H\u00fck\u00fcmdar Olmaz","link":"https:\/\/balcilar-blog.com\/?tag=eskiya-dunyaya-hukumdar-olmaz"},"1250":{"name":"Haftan\u0131n Dizileri","link":"https:\/\/balcilar-blog.com\/?tag=haftanin-dizileri"},"1899":{"name":"Hercai","link":"https:\/\/balcilar-blog.com\/?tag=hercai"},"1656":{"name":"Kad\u0131n","link":"https:\/\/balcilar-blog.com\/?tag=kadin"},"1657":{"name":"TNS \u00d6l\u00e7mleri","link":"https:\/\/balcilar-blog.com\/?tag=tns-olcmleri"}},"comments_number":"0","wpmagazine_modules_lite_featured_media_urls":{"thumbnail":["https:\/\/balcilar-blog.com\/wp-content\/uploads\/2019\/05\/cats-150x150.jpg",150,150,true],"cvmm-medium":["https:\/\/balcilar-blog.com\/wp-content\/uploads\/2019\/05\/cats.jpg",300,165,false],"cvmm-medium-plus":["https:\/\/balcilar-blog.com\/wp-content\/uploads\/2019\/05\/cats.jpg",305,167,false],"cvmm-portrait":["https:\/\/balcilar-blog.com\/wp-content\/uploads\/2019\/05\/cats.jpg",400,219,false],"cvmm-medium-square":["https:\/\/balcilar-blog.com\/wp-content\/uploads\/2019\/05\/cats.jpg",600,329,false],"cvmm-large":["https:\/\/balcilar-blog.com\/wp-content\/uploads\/2019\/05\/cats.jpg",640,351,false],"cvmm-small":["https:\/\/balcilar-blog.com\/wp-content\/uploads\/2019\/05\/cats.jpg",130,71,false],"full":["https:\/\/balcilar-blog.com\/wp-content\/uploads\/2019\/05\/cats.jpg",640,351,false]},"_links":{"self":[{"href":"https:\/\/balcilar-blog.com\/index.php?rest_route=\/wp\/v2\/posts\/24604","targetHints":{"allow":["GET"]}}],"collection":[{"href":"https:\/\/balcilar-blog.com\/index.php?rest_route=\/wp\/v2\/posts"}],"about":[{"href":"https:\/\/balcilar-blog.com\/index.php?rest_route=\/wp\/v2\/types\/post"}],"author":[{"embeddable":true,"href":"https:\/\/balcilar-blog.com\/index.php?rest_route=\/wp\/v2\/users\/3"}],"replies":[{"embeddable":true,"href":"https:\/\/balcilar-blog.com\/index.php?rest_route=%2Fwp%2Fv2%2Fcomments&post=24604"}],"version-history":[{"count":2,"href":"https:\/\/balcilar-blog.com\/index.php?rest_route=\/wp\/v2\/posts\/24604\/revisions"}],"predecessor-version":[{"id":24617,"href":"https:\/\/balcilar-blog.com\/index.php?rest_route=\/wp\/v2\/posts\/24604\/revisions\/24617"}],"wp:featuredmedia":[{"embeddable":true,"href":"https:\/\/balcilar-blog.com\/index.php?rest_route=\/wp\/v2\/media\/24616"}],"wp:attachment":[{"href":"https:\/\/balcilar-blog.com\/index.php?rest_route=%2Fwp%2Fv2%2Fmedia&parent=24604"}],"wp:term":[{"taxonomy":"category","embeddable":true,"href":"https:\/\/balcilar-blog.com\/index.php?rest_route=%2Fwp%2Fv2%2Fcategories&post=24604"},{"taxonomy":"post_tag","embeddable":true,"href":"https:\/\/balcilar-blog.com\/index.php?rest_route=%2Fwp%2Fv2%2Ftags&post=24604"}],"curies":[{"name":"wp","href":"https:\/\/api.w.org\/{rel}","templated":true}]}}