{"id":24565,"date":"2019-05-08T17:58:33","date_gmt":"2019-05-08T14:58:33","guid":{"rendered":"http:\/\/balcilar-blog.com\/?p=24565"},"modified":"2019-05-08T18:30:48","modified_gmt":"2019-05-08T15:30:48","slug":"kuzgun-13-bolumde-dila-kuzguna-ihanet-etti-mi","status":"publish","type":"post","link":"https:\/\/balcilar-blog.com\/?p=24565","title":{"rendered":"Kuzgun 13.B\u00f6l\u00fcm&#8217;de; Dila, Kuzgun&#8217;a \u0130hanet etti mi?"},"content":{"rendered":"<p><img loading=\"lazy\" decoding=\"async\" class=\"alignnone size-full wp-image-24566\" src=\"http:\/\/balcilar-blog.com\/wp-content\/uploads\/2019\/05\/81268.jpg\" alt=\"\" width=\"640\" height=\"436\" srcset=\"https:\/\/balcilar-blog.com\/wp-content\/uploads\/2019\/05\/81268.jpg 640w, https:\/\/balcilar-blog.com\/wp-content\/uploads\/2019\/05\/81268-300x204.jpg 300w\" sizes=\"auto, (max-width: 640px) 100vw, 640px\" \/><\/p>\n<p><strong>Dila, Kuzgun\u2019un g\u00fcven ve ihanet s\u0131nav\u0131nda!<\/strong><\/p>\n<p>Bayg\u0131n haldeki Kuzgun ve Dila, kendilerine geldiklerinde polisler de Bora\u2019n\u0131n evine gelmi\u015ftir. Ortada, a\u00e7\u0131klamas\u0131 hem Kuzgun hem de Dila i\u00e7in \u00e7ok zor ve \u015fa\u015f\u0131rt\u0131c\u0131 bir durum vard\u0131r. Emniyete g\u00f6t\u00fcr\u00fcld\u00fcklerinde Kuzgun, Kudret ile ilk kez kar\u015f\u0131 kar\u015f\u0131ya gelir. \u00d6te yandan Bora\u2019n\u0131n \u00f6ld\u00fcr\u00fclmeden \u00f6nce Dila\u2019n\u0131n ihaneti ve b\u00fcy\u00fck s\u0131rr\u0131yla ilgili s\u00f6zleri Kuzgun\u2019un akl\u0131na tak\u0131lm\u0131\u015fken, Kartal da, Kuzgun\u2019un arabas\u0131ndaki takip cihaz\u0131n\u0131 bulur.<\/p>\n<p><img loading=\"lazy\" decoding=\"async\" class=\"alignnone size-full wp-image-24568\" src=\"http:\/\/balcilar-blog.com\/wp-content\/uploads\/2019\/05\/81271.jpg\" alt=\"\" width=\"640\" height=\"426\" srcset=\"https:\/\/balcilar-blog.com\/wp-content\/uploads\/2019\/05\/81271.jpg 640w, https:\/\/balcilar-blog.com\/wp-content\/uploads\/2019\/05\/81271-300x200.jpg 300w\" sizes=\"auto, (max-width: 640px) 100vw, 640px\" \/><\/p>\n<p>Kuzgun\u2019un i\u00e7ine Dila\u2019yla ilgili b\u00fcy\u00fck bir \u015f\u00fcphe de d\u00fc\u015fer. Hainin kim oldu\u011funu \u00f6\u011frenmek i\u00e7in bir oyun kurar. \u00d6te yandan Kuzgun, Dila\u2019n\u0131n kendisine do\u011fum g\u00fcn\u00fcnde verdi\u011fi \u201ckar\u0131\u015f\u0131k kaset\u201di aylar sonra ilk kez dinler. Kuzgun ve Dila\u2019y\u0131 en derin ac\u0131lar\u0131n\u0131n ve yaralar\u0131n\u0131n a\u00e7\u0131laca\u011f\u0131 \u00e7ok zorlu bir y\u00fczle\u015fme beklemektedir. \u00d6te yandan R\u0131fat\u2019\u0131n temyiz duru\u015fma tarihi belli olur. Bu geli\u015fme, Kuzgun ile Dila aras\u0131nda may\u0131nl\u0131 bir b\u00f6lge gibi durur. En ufak bir yanl\u0131\u015f ad\u0131mda, a\u015fklar\u0131nda geri d\u00f6n\u00fc\u015f\u00fc olmayan yaralara gebedir. \u015e\u00fcphelerin, y\u00fczle\u015fmelerin, varl\u0131\u011f\u0131n\u0131 koruyan s\u0131rlar\u0131n g\u00f6lgesinde, Dila\u2019n\u0131n do\u011fum g\u00fcn\u00fc tarihi gelir.<\/p>\n<p><img loading=\"lazy\" decoding=\"async\" class=\"alignnone size-full wp-image-24567\" src=\"http:\/\/balcilar-blog.com\/wp-content\/uploads\/2019\/05\/81270.jpg\" alt=\"\" width=\"640\" height=\"426\" srcset=\"https:\/\/balcilar-blog.com\/wp-content\/uploads\/2019\/05\/81270.jpg 640w, https:\/\/balcilar-blog.com\/wp-content\/uploads\/2019\/05\/81270-300x200.jpg 300w\" sizes=\"auto, (max-width: 640px) 100vw, 640px\" \/><\/p>\n<p>Kuzgun, Dila\u2019ya \u00e7ok \u00f6zel bir do\u011fum g\u00fcn\u00fc s\u00fcrprizi haz\u0131rlar. O gece Kuzgun ile Dila asla unutamayaca\u011f\u0131 bir gece ya\u015fayacakt\u0131r.<\/p>\n<p><img loading=\"lazy\" decoding=\"async\" class=\"alignnone size-full wp-image-24569\" src=\"http:\/\/balcilar-blog.com\/wp-content\/uploads\/2019\/05\/81279.jpg\" alt=\"\" width=\"640\" height=\"413\" srcset=\"https:\/\/balcilar-blog.com\/wp-content\/uploads\/2019\/05\/81279.jpg 640w, https:\/\/balcilar-blog.com\/wp-content\/uploads\/2019\/05\/81279-300x194.jpg 300w\" sizes=\"auto, (max-width: 640px) 100vw, 640px\" \/><\/p>\n<p>Kuzgun\u2019un Dila\u2019dan tek iste\u011fi, Dila\u2019ya g\u00fcvenmektir. Dila da sadece bu a\u015fkta kaybolmay\u0131 istemektedir. Ancak hayallerle, ger\u00e7ekler aras\u0131ndaki u\u00e7urum yeni g\u00fcnle birlikte kendini g\u00f6sterir. Kuzgun\u2019dan gizli Kudret\u2019le i\u015fbirli\u011fi yapan Dila, Behram\u2019la ilgili \u00e7ok de\u011ferli bir bilgi edinir. Dila\u2019n\u0131n \u00f6n\u00fcnde \u015fimdi, ya Kuzgun\u2019un yan\u0131nda yer alma \u015fans\u0131 vard\u0131r ya da Kuzgun\u2019a ihanet etme pahas\u0131na, babas\u0131n\u0131n \u00f6zg\u00fcrl\u00fc\u011f\u00fcne, ailesinin temiz bir hayata kavu\u015faca\u011f\u0131 keskin bir yol ayr\u0131m\u0131 vard\u0131r.<\/p>\n<p>Kuzgun\u00a0 13.B\u00f6l\u00fcm 1.Fargman\u0131<\/p>\n<p><iframe loading=\"lazy\" title=\"Kuzgun 13. B\u00f6l\u00fcm Fragman\" width=\"640\" height=\"360\" src=\"https:\/\/www.youtube.com\/embed\/HlJZ6aJ7OUc?feature=oembed\" frameborder=\"0\" allow=\"accelerometer; autoplay; clipboard-write; encrypted-media; gyroscope; picture-in-picture; web-share\" referrerpolicy=\"strict-origin-when-cross-origin\" allowfullscreen><\/iframe><\/p>\n<p>2.Fragman\u0131<\/p>\n<p><iframe loading=\"lazy\" title=\"Kuzgun 13. B\u00f6l\u00fcm 2. Fragman\" width=\"640\" height=\"360\" src=\"https:\/\/www.youtube.com\/embed\/tlNQfchfAeE?feature=oembed\" frameborder=\"0\" allow=\"accelerometer; autoplay; clipboard-write; encrypted-media; gyroscope; picture-in-picture; web-share\" referrerpolicy=\"strict-origin-when-cross-origin\" allowfullscreen><\/iframe><\/p>\n<p>Kuzgun yeni b\u00f6l\u00fcm\u00fcnde Dila, Kuzguna ihanet etti mi hep birlikte g\u00f6rece\u011fiz. 13.B\u00f6l\u00fcm bu ak\u015fam Saat:20.00&#8217;de Star Tv ekranlar\u0131nda&#8230;<\/p>\n<p>Keyifli Seyirler.<\/p>\n<p>Sayg\u0131lar ve sevgiler.<\/p>\n<p>Abdurrahman Balc\u0131lar<\/p>\n<p>Twitter : <a href=\"https:\/\/twitter.com\/abbalcilar\">abdurrahman balc\u0131lar<\/a><a href=\"https:\/\/twitter.com\/abbalcilar\"><strong>@abbalcilar<\/strong><\/a><\/p>\n<p>Mail :\u00a0<a href=\"mailto:ab.balcilar@hotmail.com\">ab.balcilar@hotmail.com<\/a><\/p>\n<p>Blog:\u00a0<a href=\"http:\/\/t.co\/znqmIZgIqn\">blog.milliyet.com.tr\/cansever<\/a><\/p>\n<p>\u015eahsi Blog:\u00a0<a href=\"http:\/\/balcilar-blog.com\/\">Abdurrahman Balc\u0131lar Blog Sayfas\u0131<\/a><\/p>\n<p>&nbsp;<\/p>\n<p>&nbsp;<\/p>\n","protected":false},"excerpt":{"rendered":"<p>Dila, Kuzgun\u2019un g\u00fcven ve ihanet s\u0131nav\u0131nda! Bayg\u0131n haldeki Kuzgun ve Dila, kendilerine geldiklerinde polisler de Bora\u2019n\u0131n evine gelmi\u015ftir. Ortada, a\u00e7\u0131klamas\u0131 hem Kuzgun hem de Dila i\u00e7in \u00e7ok zor ve \u015fa\u015f\u0131rt\u0131c\u0131 bir durum vard\u0131r. Emniyete g\u00f6t\u00fcr\u00fcld\u00fcklerinde Kuzgun, Kudret ile ilk kez kar\u015f\u0131 kar\u015f\u0131ya gelir. \u00d6te yandan Bora\u2019n\u0131n \u00f6ld\u00fcr\u00fclmeden \u00f6nce Dila\u2019n\u0131n ihaneti ve b\u00fcy\u00fck s\u0131rr\u0131yla ilgili s\u00f6zleri [&hellip;]<\/p>\n","protected":false},"author":3,"featured_media":24566,"comment_status":"open","ping_status":"open","sticky":false,"template":"","format":"standard","meta":{"footnotes":""},"categories":[2],"tags":[1926,1927,1873,25],"class_list":["post-24565","post","type-post","status-publish","format-standard","has-post-thumbnail","hentry","category-tv-programlari","tag-dila","tag-ihanet-etti-mi","tag-kuzgun","tag-star-tv"],"views":6775,"blog_post_layout_featured_media_urls":{"thumbnail":["https:\/\/balcilar-blog.com\/wp-content\/uploads\/2019\/05\/81268-150x150.jpg",150,150,true],"full":["https:\/\/balcilar-blog.com\/wp-content\/uploads\/2019\/05\/81268.jpg",640,436,false]},"categories_names":{"2":{"name":"TV Programlar\u0131","link":"https:\/\/balcilar-blog.com\/?cat=2"}},"tags_names":{"1926":{"name":"Dila","link":"https:\/\/balcilar-blog.com\/?tag=dila"},"1927":{"name":"\u0130hanet etti mi","link":"https:\/\/balcilar-blog.com\/?tag=ihanet-etti-mi"},"1873":{"name":"Kuzgun","link":"https:\/\/balcilar-blog.com\/?tag=kuzgun"},"25":{"name":"Star Tv","link":"https:\/\/balcilar-blog.com\/?tag=star-tv"}},"comments_number":"0","wpmagazine_modules_lite_featured_media_urls":{"thumbnail":["https:\/\/balcilar-blog.com\/wp-content\/uploads\/2019\/05\/81268-150x150.jpg",150,150,true],"cvmm-medium":["https:\/\/balcilar-blog.com\/wp-content\/uploads\/2019\/05\/81268.jpg",300,204,false],"cvmm-medium-plus":["https:\/\/balcilar-blog.com\/wp-content\/uploads\/2019\/05\/81268.jpg",305,207,false],"cvmm-portrait":["https:\/\/balcilar-blog.com\/wp-content\/uploads\/2019\/05\/81268.jpg",400,273,false],"cvmm-medium-square":["https:\/\/balcilar-blog.com\/wp-content\/uploads\/2019\/05\/81268.jpg",600,409,false],"cvmm-large":["https:\/\/balcilar-blog.com\/wp-content\/uploads\/2019\/05\/81268.jpg",640,436,false],"cvmm-small":["https:\/\/balcilar-blog.com\/wp-content\/uploads\/2019\/05\/81268.jpg",130,89,false],"full":["https:\/\/balcilar-blog.com\/wp-content\/uploads\/2019\/05\/81268.jpg",640,436,false]},"_links":{"self":[{"href":"https:\/\/balcilar-blog.com\/index.php?rest_route=\/wp\/v2\/posts\/24565","targetHints":{"allow":["GET"]}}],"collection":[{"href":"https:\/\/balcilar-blog.com\/index.php?rest_route=\/wp\/v2\/posts"}],"about":[{"href":"https:\/\/balcilar-blog.com\/index.php?rest_route=\/wp\/v2\/types\/post"}],"author":[{"embeddable":true,"href":"https:\/\/balcilar-blog.com\/index.php?rest_route=\/wp\/v2\/users\/3"}],"replies":[{"embeddable":true,"href":"https:\/\/balcilar-blog.com\/index.php?rest_route=%2Fwp%2Fv2%2Fcomments&post=24565"}],"version-history":[{"count":2,"href":"https:\/\/balcilar-blog.com\/index.php?rest_route=\/wp\/v2\/posts\/24565\/revisions"}],"predecessor-version":[{"id":24571,"href":"https:\/\/balcilar-blog.com\/index.php?rest_route=\/wp\/v2\/posts\/24565\/revisions\/24571"}],"wp:featuredmedia":[{"embeddable":true,"href":"https:\/\/balcilar-blog.com\/index.php?rest_route=\/wp\/v2\/media\/24566"}],"wp:attachment":[{"href":"https:\/\/balcilar-blog.com\/index.php?rest_route=%2Fwp%2Fv2%2Fmedia&parent=24565"}],"wp:term":[{"taxonomy":"category","embeddable":true,"href":"https:\/\/balcilar-blog.com\/index.php?rest_route=%2Fwp%2Fv2%2Fcategories&post=24565"},{"taxonomy":"post_tag","embeddable":true,"href":"https:\/\/balcilar-blog.com\/index.php?rest_route=%2Fwp%2Fv2%2Ftags&post=24565"}],"curies":[{"name":"wp","href":"https:\/\/api.w.org\/{rel}","templated":true}]}}