{"id":24394,"date":"2019-04-05T17:24:54","date_gmt":"2019-04-05T14:24:54","guid":{"rendered":"http:\/\/balcilar-blog.com\/?p=24394"},"modified":"2019-04-05T17:26:13","modified_gmt":"2019-04-05T14:26:13","slug":"hakan-muhafiz-2-sezon-1-2-bolum-gala-gecesi","status":"publish","type":"post","link":"https:\/\/balcilar-blog.com\/?p=24394","title":{"rendered":"\u00c7a\u011fatay Ulusoy&#8217;un &#8220;Hakan: Muhaf\u0131z&#8221; 2.Sezon 1-2 B\u00f6l\u00fcm Gala Gecesi!"},"content":{"rendered":"<p><img loading=\"lazy\" decoding=\"async\" class=\"alignnone size-full wp-image-24395\" src=\"http:\/\/balcilar-blog.com\/wp-content\/uploads\/2019\/04\/hakan-2.sezon_.jpg\" alt=\"\" width=\"449\" height=\"640\" srcset=\"https:\/\/balcilar-blog.com\/wp-content\/uploads\/2019\/04\/hakan-2.sezon_.jpg 449w, https:\/\/balcilar-blog.com\/wp-content\/uploads\/2019\/04\/hakan-2.sezon_-210x300.jpg 210w\" sizes=\"auto, (max-width: 449px) 100vw, 449px\" \/><\/p>\n<p>\u0130stanbul K\u00fclt\u00fcr Sanat Vakf\u0131 (\u0130KSV) 38.\u0130stanbul Film Festivali kapsam\u0131nda Hakan: Muhaf\u0131z &#8216;\u0131n 2.Sezonuna ait 1 ve 2.b\u00f6l\u00fcmleri gala gecesinde g\u00f6sterime girecek. Bu g\u00f6sterimler <strong>11 Nisan 2019 Per\u015fembe gecesi 21,30&#8217;da<\/strong> Cinemaximum Zorlu Center da g\u00f6sterilecek. G\u00f6sterimi Film ekibi oyuncular\u0131 ba\u015fta \u00c7a\u011fatay Ulusoy ve Ay\u00e7a Ay\u015fin Turan&#8217;\u0131n kat\u0131l\u0131m\u0131yla g\u00f6sterimler olacak. Giri\u015f biletleri g\u00f6sterim merkez gi\u015felerinde sat\u0131\u015fa sunulmu\u015ftur.<\/p>\n<div class=\"row\">\n<div class=\"col-md-10 col-sm-10 col-md-push-1 col-sm-push-1 col-xs-12 text\">\n<h2><img loading=\"lazy\" decoding=\"async\" class=\"alignnone size-full wp-image-24397\" src=\"http:\/\/balcilar-blog.com\/wp-content\/uploads\/2019\/04\/hakan-muhafiz-2-sezon-fragmani-yayinlandi.jpg\" alt=\"\" width=\"640\" height=\"360\" srcset=\"https:\/\/balcilar-blog.com\/wp-content\/uploads\/2019\/04\/hakan-muhafiz-2-sezon-fragmani-yayinlandi.jpg 640w, https:\/\/balcilar-blog.com\/wp-content\/uploads\/2019\/04\/hakan-muhafiz-2-sezon-fragmani-yayinlandi-300x169.jpg 300w\" sizes=\"auto, (max-width: 640px) 100vw, 640px\" \/><\/h2>\n<h2>HAKAN: MUHAFIZ (SEZON 2 B\u00d6L\u00dcM 1-2)<br \/>\nTHE PROTECTOR<\/h2>\n<\/div>\n<div class=\"col-md-10 col-sm-10 col-md-push-1 col-sm-push-1 col-xs-12 text\">\n<ul class=\"listCast\">\n<li>Y\u00f6netmen: Umut Aral<\/li>\n<li>T\u00dcRK\u0130YE2018DCPRenkli80\u2019 \/ T\u00fcrk\u00e7e; \u0130ngilizce altyaz\u0131l\u0131<\/li>\n<\/ul>\n<ul class=\"list\">\n<li>Senarist: Cansu \u00c7oban (E1), Atasay Ko\u00e7 (E2)<\/li>\n<li>G\u00f6r\u00fcnt\u00fc Y\u00f6netmeni: G\u00f6khan Tiryaki<\/li>\n<li>Kurgucu: Aziz \u0130mamo\u011flu, \u00c7i\u00e7ek Kahraman<\/li>\n<li>\u00d6zg\u00fcn M\u00fczik: Tolga B\u00f6y\u00fck, E. Yasin Vural<\/li>\n<li><\/li>\n<li><strong>Oyuncular:<\/strong> \u00c7a\u011fatay Ulusoy, Okan Yalab\u0131k, Ay\u00e7a Ay\u015fin Turan, Hazar Erg\u00fc\u00e7l\u00fc, Mehmet Kurtulu\u015f, Bur\u00e7in Terzio\u011flu, Engin \u00d6zt\u00fcrk, Sayg\u0131n Soysal, Ay\u015fe Melike \u00c7erci, \u00c7i\u011fdem Sel\u0131\u015f\u0131k Onat, Kubilay Karsl\u0131o\u011flu, Boran Kuzum, Hakan Ummak, Eser Karabil, Helin Kandemir<\/li>\n<li><\/li>\n<li>Yap\u0131mc\u0131: Onur G\u00fcvenatam<\/li>\n<li>Yap\u0131m \u015eirketi: O3 Medya Turkey<\/li>\n<li>D\u00fcnya Haklar\u0131: Netflix<\/li>\n<li>T\u00fcrkiye Haklar\u0131: Netflix<\/li>\n<\/ul>\n<p>Netflix\u2019in ilk T\u00fcrk orijinal yap\u0131m\u0131 Hakan: Muhaf\u0131z\u2019\u0131n ikinci sezonunda da Hakan, \u0130stanbul\u2019u ve d\u00fcnyay\u0131 yok etmeye ant i\u00e7mi\u015f \u00d6l\u00fcms\u00fczlerle sava\u015f\u0131yor. K\u0131yas\u0131ya bir sava\u015fa girmek \u00fczere olan Hakan bir yandan Sad\u0131k Olanlar\u2019a liderlik etmeye bir yandan da Leyla ile olan a\u015fk\u0131n\u0131 ya\u015fatmaya \u00e7al\u0131\u015f\u0131r, fakat t\u00fcm bunlar ya\u015fan\u0131rken hi\u00e7 beklenmedik bir s\u00fcrprizle de ba\u015f etmesi gerekti\u011fini \u00f6\u011frenir: Hakan\u2019\u0131n kendini ger\u00e7ek Muhaf\u0131z olarak g\u00f6ren kay\u0131p a\u011fabeyi Levent arz-\u0131 endam eder. Leyla\u2019n\u0131n \u00f6l\u00fcmden uyanmas\u0131ndan itibaren, Sad\u0131k Olanlar\u2019\u0131n da da\u011f\u0131lmas\u0131yla Hakan\u2019\u0131n ya\u015fam\u0131 tepetaklak olur. T\u00fcm ya\u015fananlar\u0131n ard\u0131ndan Hakan\u2019\u0131n elinde tek kalan ise, Zeynep\u2019in a\u015fk\u0131&#8230; G\u00f6revinde ba\u015far\u0131s\u0131z olan Hakan kendine k\u0131zg\u0131n olsa da sald\u0131r\u0131ya susam\u0131\u015f \u00f6l\u00fcms\u00fczleri alt edebilmek i\u00e7in \u00f6fkesini kontrol alt\u0131na almak zorunda oldu\u011funun fark\u0131na var\u0131r. Art\u0131k saklamba\u00e7 de\u011fil, sava\u015f zaman\u0131&#8230;<\/p>\n<p>Zevkle seyretti\u011fimiz ilk sezon (1-10) b\u00f6l\u00fcmlerin devam\u0131 olan 2.sezon b\u00f6l\u00fcmlerini 26 Nisan Cuma g\u00fcn\u00fcnden itibaren Netflix internet sitesinde seyredebilece\u011fiz.<\/p>\n<p>Keyifli Seyirler.<\/p>\n<p>Sayg\u0131lar ve sevgiler.<\/p>\n<p>Abdurrahman Balc\u0131lar<\/p>\n<p>Twitter : <a href=\"https:\/\/twitter.com\/abbalcilar\">abdurrahman balc\u0131lar<\/a><a href=\"https:\/\/twitter.com\/abbalcilar\"><strong>@abbalcilar<\/strong><\/a><\/p>\n<p>Mail :\u00a0<a href=\"mailto:ab.balcilar@hotmail.com\">ab.balcilar@hotmail.com<\/a><\/p>\n<p>Blog:\u00a0<a href=\"http:\/\/t.co\/znqmIZgIqn\">blog.milliyet.com.tr\/cansever<\/a><\/p>\n<p>\u015eahsi Blog:\u00a0<a href=\"http:\/\/balcilar-blog.com\/\">Abdurrahman Balc\u0131lar Blog Sayfas\u0131<\/a><\/p>\n<p>Kaynak: \u0130KSV tan\u0131t\u0131m bro\u015f\u00fcr\u00fc.<\/p>\n<\/div>\n<p>&nbsp;<\/p>\n<div class=\"col-md-10 col-sm-10 col-md-push-1 col-sm-push-1 col-xs-12 text\">\n<div class=\"videoContent\">\n<div class=\"videoRow\"><\/div>\n<\/div>\n<\/div>\n<\/div>\n","protected":false},"excerpt":{"rendered":"<p>\u0130stanbul K\u00fclt\u00fcr Sanat Vakf\u0131 (\u0130KSV) 38.\u0130stanbul Film Festivali kapsam\u0131nda Hakan: Muhaf\u0131z &#8216;\u0131n 2.Sezonuna ait 1 ve 2.b\u00f6l\u00fcmleri gala gecesinde g\u00f6sterime girecek. Bu g\u00f6sterimler 11 Nisan 2019 Per\u015fembe gecesi 21,30&#8217;da Cinemaximum Zorlu Center da g\u00f6sterilecek. G\u00f6sterimi Film ekibi oyuncular\u0131 ba\u015fta \u00c7a\u011fatay Ulusoy ve Ay\u00e7a Ay\u015fin Turan&#8217;\u0131n kat\u0131l\u0131m\u0131yla g\u00f6sterimler olacak. Giri\u015f biletleri g\u00f6sterim merkez gi\u015felerinde sat\u0131\u015fa sunulmu\u015ftur. [&hellip;]<\/p>\n","protected":false},"author":3,"featured_media":24395,"comment_status":"open","ping_status":"open","sticky":false,"template":"","format":"standard","meta":{"footnotes":""},"categories":[918],"tags":[607,15,1843,30,1911,797,1813,1912],"class_list":["post-24394","post","type-post","status-publish","format-standard","has-post-thumbnail","hentry","category-kultur-sanat","tag-ayca-aysin-turan","tag-cagatay-ulusoy","tag-hakan-muhafiz","tag-hazar-erguclu","tag-iksv","tag-okan-yalabik","tag-onur-guvenatam","tag-zorlu-center"],"views":5117,"blog_post_layout_featured_media_urls":{"thumbnail":["https:\/\/balcilar-blog.com\/wp-content\/uploads\/2019\/04\/hakan-2.sezon_-150x150.jpg",150,150,true],"full":["https:\/\/balcilar-blog.com\/wp-content\/uploads\/2019\/04\/hakan-2.sezon_.jpg",449,640,false]},"categories_names":{"918":{"name":"K\u00fclt\u00fcr - Sanat","link":"https:\/\/balcilar-blog.com\/?cat=918"}},"tags_names":{"607":{"name":"Ay\u00e7a Ay\u015fin Turan","link":"https:\/\/balcilar-blog.com\/?tag=ayca-aysin-turan"},"15":{"name":"\u00e7a\u011fatay ulusoy","link":"https:\/\/balcilar-blog.com\/?tag=cagatay-ulusoy"},"1843":{"name":"Hakan: Muhaf\u0131z","link":"https:\/\/balcilar-blog.com\/?tag=hakan-muhafiz"},"30":{"name":"Hazar Erg\u00fc\u00e7l\u00fc","link":"https:\/\/balcilar-blog.com\/?tag=hazar-erguclu"},"1911":{"name":"\u0130KSV","link":"https:\/\/balcilar-blog.com\/?tag=iksv"},"797":{"name":"Okan Yalab\u0131k","link":"https:\/\/balcilar-blog.com\/?tag=okan-yalabik"},"1813":{"name":"Onur G\u00fcvenatam","link":"https:\/\/balcilar-blog.com\/?tag=onur-guvenatam"},"1912":{"name":"Zorlu Center","link":"https:\/\/balcilar-blog.com\/?tag=zorlu-center"}},"comments_number":"0","wpmagazine_modules_lite_featured_media_urls":{"thumbnail":["https:\/\/balcilar-blog.com\/wp-content\/uploads\/2019\/04\/hakan-2.sezon_-150x150.jpg",150,150,true],"cvmm-medium":["https:\/\/balcilar-blog.com\/wp-content\/uploads\/2019\/04\/hakan-2.sezon_.jpg",210,300,false],"cvmm-medium-plus":["https:\/\/balcilar-blog.com\/wp-content\/uploads\/2019\/04\/hakan-2.sezon_.jpg",145,207,false],"cvmm-portrait":["https:\/\/balcilar-blog.com\/wp-content\/uploads\/2019\/04\/hakan-2.sezon_.jpg",400,570,false],"cvmm-medium-square":["https:\/\/balcilar-blog.com\/wp-content\/uploads\/2019\/04\/hakan-2.sezon_.jpg",421,600,false],"cvmm-large":["https:\/\/balcilar-blog.com\/wp-content\/uploads\/2019\/04\/hakan-2.sezon_.jpg",449,640,false],"cvmm-small":["https:\/\/balcilar-blog.com\/wp-content\/uploads\/2019\/04\/hakan-2.sezon_.jpg",67,95,false],"full":["https:\/\/balcilar-blog.com\/wp-content\/uploads\/2019\/04\/hakan-2.sezon_.jpg",449,640,false]},"_links":{"self":[{"href":"https:\/\/balcilar-blog.com\/index.php?rest_route=\/wp\/v2\/posts\/24394","targetHints":{"allow":["GET"]}}],"collection":[{"href":"https:\/\/balcilar-blog.com\/index.php?rest_route=\/wp\/v2\/posts"}],"about":[{"href":"https:\/\/balcilar-blog.com\/index.php?rest_route=\/wp\/v2\/types\/post"}],"author":[{"embeddable":true,"href":"https:\/\/balcilar-blog.com\/index.php?rest_route=\/wp\/v2\/users\/3"}],"replies":[{"embeddable":true,"href":"https:\/\/balcilar-blog.com\/index.php?rest_route=%2Fwp%2Fv2%2Fcomments&post=24394"}],"version-history":[{"count":3,"href":"https:\/\/balcilar-blog.com\/index.php?rest_route=\/wp\/v2\/posts\/24394\/revisions"}],"predecessor-version":[{"id":24400,"href":"https:\/\/balcilar-blog.com\/index.php?rest_route=\/wp\/v2\/posts\/24394\/revisions\/24400"}],"wp:featuredmedia":[{"embeddable":true,"href":"https:\/\/balcilar-blog.com\/index.php?rest_route=\/wp\/v2\/media\/24395"}],"wp:attachment":[{"href":"https:\/\/balcilar-blog.com\/index.php?rest_route=%2Fwp%2Fv2%2Fmedia&parent=24394"}],"wp:term":[{"taxonomy":"category","embeddable":true,"href":"https:\/\/balcilar-blog.com\/index.php?rest_route=%2Fwp%2Fv2%2Fcategories&post=24394"},{"taxonomy":"post_tag","embeddable":true,"href":"https:\/\/balcilar-blog.com\/index.php?rest_route=%2Fwp%2Fv2%2Ftags&post=24394"}],"curies":[{"name":"wp","href":"https:\/\/api.w.org\/{rel}","templated":true}]}}