{"id":24361,"date":"2019-03-31T16:37:04","date_gmt":"2019-03-31T13:37:04","guid":{"rendered":"http:\/\/balcilar-blog.com\/?p=24361"},"modified":"2019-04-01T14:51:51","modified_gmt":"2019-04-01T11:51:51","slug":"gecen-haftanin-25-31-mart-2019-en-cok-izlenen-dizileri","status":"publish","type":"post","link":"https:\/\/balcilar-blog.com\/?p=24361","title":{"rendered":"Ge\u00e7en Haftan\u0131n (25 &#8211; 31 Mart 2019) En \u00c7ok \u0130zlenen Dizileri!"},"content":{"rendered":"<p><img loading=\"lazy\" decoding=\"async\" class=\"alignnone size-full wp-image-24372\" src=\"http:\/\/balcilar-blog.com\/wp-content\/uploads\/2019\/03\/31-MART.jpg\" alt=\"\" width=\"640\" height=\"325\" srcset=\"https:\/\/balcilar-blog.com\/wp-content\/uploads\/2019\/03\/31-MART.jpg 640w, https:\/\/balcilar-blog.com\/wp-content\/uploads\/2019\/03\/31-MART-300x152.jpg 300w\" sizes=\"auto, (max-width: 640px) 100vw, 640px\" \/><\/p>\r\n<p><strong>TNS \u00f6l\u00e7\u00fcmlerine<\/strong> g\u00f6re haz\u0131rlad\u0131\u011f\u0131m <strong>25\u00a0&#8211; 31 Mart 2019\u00a0Tarihleri\u00a0<\/strong>aras\u0131nda en \u00e7ok seyredilen alt\u0131 Ulusal kanallar\u0131m\u0131zda ekranlar\u0131m\u0131za gelen 26 dizi (6 g\u00fcnde) aras\u0131nda, Total\u2019de ve AB\u2019de ilk ona giren, \u00d6ne \u00e7\u0131kan dizilerin, haftan\u0131n dizi karnesini a\u015fa\u011f\u0131da bilgilerinize sunuyorum. Ge\u00e7en Hafta sadece 6 g\u00fcnde dizilerin yeni b\u00f6l\u00fcmleri vard\u0131. 31 Mart Se\u00e7imler nedeniyle hi\u00e7 bir dizinin yeni b\u00f6l\u00fcm\u00fc yoktu. B\u00fct\u00fcn kanallar\u0131m\u0131z se\u00e7im sonu\u00e7lar\u0131na odakland\u0131.<\/p>\r\n<p><strong>GE\u00c7EN HAFTA G\u00d6STER\u0130MDEK\u0130 D\u0130Z\u0130LER :\u00a0<\/strong><\/p>\r\n<p><strong>PAZARTES\u0130<\/strong> (3 Dizi): \u00c7ukur (Show), S\u00f6z (Star), Yasak Elma (Fox)\u00a0<\/p>\r\n<p><strong>SALI<\/strong> (4 Dizi)\u00a0: Kad\u0131n (Fox), E\u015fkiya D\u00fcnyaya H\u00fck\u00fcmdar Olmaz (Atv),\u00a0Halka (TRT1), Y\u00fczle\u015fme (Kanal D)<\/p>\r\n<p><strong>\u00c7AR\u015eAMBA<\/strong> (2 Dizi): Dirili\u015f Ertu\u011frul (TRT1), Kuzgun (Star Tv)<\/p>\r\n<p>\u00a0<strong>PER\u015eEMBE<\/strong> (7 Dizi): Bizim Hikaye (Fox), Avlu (Star), Bir Zamanlar \u00c7ukurova (Atv), Jet Sosyete (Tv8), \u00c7ocuklar Duymas\u0131n (Kanal D) \u00c7arp\u0131\u015fma (Show), Tek Y\u00fcrek (TRT1)<\/p>\r\n<p><strong>CUMA<\/strong> (6 Dizi) : Arka Sokaklar (Kanal D), G\u00fclperi (Show Tv), K\u0131z\u0131m (Tv8), \u0130stanbullu Gelin (Star), Payitaht Abd\u00fclhamid (TRT1), Hercai (Atv)<\/p>\r\n<p><strong>CUMARTES\u0130<\/strong> (4 Dizi): Erkenci Ku\u015f (Star Tv), Kalk Gidelim (TRT1), Bir Aile Hikayesi (Fox), \u0130kizler Memo (Kanal <strong>D).<\/strong><\/p>\r\n<p><strong>PAZAR<\/strong> : Diziler yok. Se\u00e7im sonu\u00e7lar\u0131.<\/p>\r\n<p>&nbsp;<\/p>\r\n<p><strong>Total\u2019in ilk s\u0131ras\u0131nda<\/strong>\u00a0bu hafta\u00a0; TRT1&#8217;in rekortmen dizisi Dirili\u015f Ertu\u011frul ge\u00e7en hafta oldu\u011fu gibi bu hafta da Total&#8217;de ald\u0131\u011f\u0131 14,67 puan ile birinci s\u0131rada yer al\u0131yor. Total&#8217;in 10.s\u0131ras\u0131nda Fox Tv&#8217;nin &#8220;Bizim Hikaye&#8221; dizisi 5,56 puan ile yer al\u0131yor.<\/p>\r\n<p><strong>AB\u2019nin ilk s\u0131ras\u0131nda<\/strong>;\u00a0 Total&#8217;de TRT1&#8217;in Dirili\u015f Ertu\u011frul dizisi, AB&#8217;nin ilk s\u0131ras\u0131nda 15,85 puanla yer al\u0131yor. AB&#8217;nin 10.s\u0131ras\u0131nda Kanal D&#8217;nin &#8220;Arka Sokaklar&#8221; AB&#8217;de ald\u0131\u011f\u0131 5,23 puan ile yer al\u0131yor.<\/p>\r\n<p>&nbsp;<\/p>\r\n<p><strong>BU HAFTA EN \u00c7OK \u0130ZLENEN \u0130LK ONA G\u0130REN D\u0130Z\u0130LERE G\u00d6Z ATALIM!<\/strong><\/p>\r\n<p>Bu s\u0131ralama sadece dizilerin reytingler y\u00fczdesine g\u00f6re en \u00e7ok izlenen dizilerin ilk 10\u2019da yer alanlar\u0131n\u0131 s\u0131ralamaya koyuyorum. Yar\u0131\u015fma, e\u011flence ve haber programlar\u0131 y\u00fczdeleri y\u00fcksek olsa da bu s\u0131ralamaya koymuyorum. Bu sadece dizilerin yar\u0131\u015f\u0131d\u0131r, en \u00e7ok izlenen dizilerin s\u0131ralamas\u0131d\u0131r. Bir nevi dizilerin karnesidir. Art\u0131k, Haftan\u0131n dizileri s\u0131ralamas\u0131nda bir yenilik yaparak, Hem Total\u2019de hem de AB grubunda 5 puan\u0131n \u00fcst\u00fcnde reyting alanlar\u0131 s\u0131ralamada yer veriyorum.<\/p>\r\n<p>&nbsp;<\/p>\r\n<p><strong>GE\u00c7EN HAFTA EN \u00c7OK \u0130ZLENEN D\u0130Z\u0130LER\u0130NDE:<\/strong><\/p>\r\n<p><strong>Total ilk 10 Girenler ve 5 puan\u0131n \u00fczerinde reyting alanlar :<\/strong><\/p>\r\n<p>1.Dirili\u015f Ertu\u011frul 141.B\u00f6l\u00fcm (TRT1)\u2026\u2026\u2026\u2026\u2026\u2026\u2026\u2026&#8230;&#8230;14,67<\/p>\r\n<p>2.Bir Zamanlar \u00c7ukurova 26.B\u00f6l\u00fcm (Atv)\u2026\u2026\u2026\u2026\u2026&#8230;..13,69<\/p>\r\n<p>3.Hercai 3.B\u00f6l\u00fcm (Atv)&#8230;&#8230;&#8230;&#8230;&#8230;&#8230;&#8230;&#8230;&#8230;&#8230;&#8230;&#8230;&#8230;&#8230;&#8230;&#8230;.13,33<\/p>\r\n<p>4.Kad\u0131n 55.B\u00f6l\u00fcm (Fox Tv)\u2026\u2026\u2026\u2026\u2026\u2026\u2026\u2026\u2026\u2026\u2026\u2026\u2026&#8230;.11,58<\/p>\r\n<p>5.\u00c7ukur 58.B\u00f6l\u00fcm (Show Tv)\u2026\u2026\u2026\u2026\u2026\u2026\u2026\u2026\u2026\u2026\u2026\u2026&#8230;..8,91<\/p>\r\n<p>6.E\u015fk\u0131ya D\u00fcnyaya H\u00fck\u00fcmdar Olmaz 130.B\u00f6l\u00fcm (Atv).8,72<\/p>\r\n<p>7.Arka Sokaklar 511.B\u00f6l\u00fcm (Kanal D)\u2026\u2026\u2026\u2026\u2026\u2026\u2026&#8230;&#8230;.8,55<\/p>\r\n<p>8.S\u00f6z 75.B\u00f6l\u00fcm (Star Tv)\u2026\u2026\u2026\u2026\u2026\u2026\u2026\u2026\u2026\u2026\u2026\u2026\u2026\u2026&#8230;&#8230;7,82<\/p>\r\n<p>9.Yasak Elma 38.B\u00f6l\u00fcm (Fox Tv)&#8230;&#8230;&#8230;&#8230;&#8230;&#8230;&#8230;&#8230;&#8230;&#8230;&#8230;..5,83<\/p>\r\n<p>10.Bizim Hikaye 63.B\u00f6l\u00fcm (Fox Tv)&#8230;&#8230;&#8230;&#8230;&#8230;&#8230;&#8230;&#8230;&#8230;&#8230;.5,56<\/p>\r\n<p>__________________________________________<\/p>\r\n<p>11.\u0130kizler Memocan 19.B\u00f6l\u00fcm (Kanal D)&#8230;&#8230;&#8230;&#8230;&#8230;&#8230;&#8230;&#8230;.5,34<\/p>\r\n<p>12.Avlu 36.B\u00f6l\u00fcm (Star Tv)\u2026\u2026\u2026\u2026\u2026\u2026\u2026\u2026\u2026\u2026\u2026\u2026\u2026&#8230;&#8230;.5,05<\/p>\r\n<p>13.Kuzgun 7.B\u00f6l\u00fcm (Star Tv)&#8230;&#8230;&#8230;&#8230;&#8230;&#8230;&#8230;&#8230;&#8230;&#8230;&#8230;&#8230;&#8230;&#8230;.5,03<\/p>\r\n<p>14.Bir Aile Hikayesi\u00a0 4.B\u00f6l\u00fcm (Fox Tv)&#8230;&#8230;&#8230;&#8230;&#8230;&#8230;&#8230;&#8230;&#8230;.5,00<\/p>\r\n<p>&nbsp;<\/p>\r\n<p><strong>AB\u2019de ilk 10 ve 5 Puan\u0131n \u00fczerinde reyting alanlar:<\/strong><\/p>\r\n<p>1.Dirili\u015f Ertu\u011frul 141.B\u00f6l\u00fcm (TRT1)\u2026\u2026\u2026\u2026\u2026\u2026\u2026\u2026&#8230;..15,85<\/p>\r\n<p>2.Kad\u0131n 55.B\u00f6l\u00fcm (Fox Tv)\u2026\u2026\u2026\u2026\u2026\u2026\u2026\u2026\u2026\u2026\u2026\u2026\u2026\u2026.10,87<\/p>\r\n<p>3.Bir Zamanlar \u00c7ukurova 26.B\u00f6l\u00fcm (Atv)\u2026\u2026\u2026\u2026\u2026&#8230;..10,77<\/p>\r\n<p>4.\u00c7ukur 58.B\u00f6l\u00fcm (Show Tv)\u2026\u2026\u2026\u2026\u2026\u2026\u2026\u2026\u2026\u2026\u2026\u2026&#8230;&#8230;7,98<\/p>\r\n<p>5.E\u015fk\u0131ya D\u00fcnyaya H\u00fck\u00fcmdar Olmaz 130.B\u00f6l\u00fcm (Atv)..7,78<\/p>\r\n<p>6.Hercai 3.B\u00f6l\u00fcm (Atv)&#8230;&#8230;&#8230;&#8230;&#8230;&#8230;&#8230;&#8230;&#8230;&#8230;&#8230;&#8230;&#8230;&#8230;&#8230;&#8230;&#8230;.7,73<\/p>\r\n<p>7.\u0130stanbullu Gelin 78.B\u00f6l\u00fcm (Star Tv)\u2026\u2026\u2026\u2026\u2026\u2026\u2026&#8230;&#8230;..6,36<\/p>\r\n<p>8.Bir Aile Hikayesi\u00a0 4.B\u00f6l\u00fcm (Fox Tv)&#8230;&#8230;&#8230;&#8230;&#8230;&#8230;&#8230;&#8230;&#8230;..5,83<\/p>\r\n<p>9-Payitaht Abd\u00fclhamid 80.B\u00f6l\u00fcm (TRT1)\u2026\u2026\u2026\u2026\u2026&#8230;&#8230;.5,66<\/p>\r\n<p>10.Arka Sokaklar 511.B\u00f6l\u00fcm (Kanal D)\u2026\u2026\u2026\u2026\u2026\u2026\u2026&#8230;&#8230;.5,23<\/p>\r\n<p>___________________________________________<\/p>\r\n<p>&nbsp;<\/p>\r\n<p><strong>TOTAL ve AB Grubunda reytingleri en y\u00fcksek olan Haftan\u0131n ilk 5 s\u0131ralamas\u0131 :<\/strong><\/p>\r\n<p><strong>Bu hafta ilk 5\u2019in \u00fc\u00e7\u00fc Total Grubundan, ikisi ise AB grubu dizilerinden oldu\u011funu g\u00f6r\u00fcyoru<\/strong>z.\u00a0<\/p>\r\n<p><strong>1.D\u0130R\u0130L\u0130\u015e ERTU\u011eRUL (TRT1) :<\/strong> TRT 1&#8217;in uzun s\u00fcredir devam eden dizisi &#8220;Dirili\u015f Ertu\u011frul&#8221;, Haziran sonunda final yapaca\u011f\u0131 kesinle\u015fti. Dizi \u00c7ar\u015famba 141.b\u00f6l\u00fcm\u00fc ekranlara geldi. AB grubundan 15,85 puanla 1.s\u0131ras\u0131nda yer ald\u0131.<\/p>\r\n<p><img loading=\"lazy\" decoding=\"async\" class=\"alignnone size-full wp-image-24365\" src=\"http:\/\/balcilar-blog.com\/wp-content\/uploads\/2019\/03\/dirilis-ertugrul-141-bolum.jpg\" alt=\"\" width=\"640\" height=\"328\" srcset=\"https:\/\/balcilar-blog.com\/wp-content\/uploads\/2019\/03\/dirilis-ertugrul-141-bolum.jpg 640w, https:\/\/balcilar-blog.com\/wp-content\/uploads\/2019\/03\/dirilis-ertugrul-141-bolum-300x154.jpg 300w\" sizes=\"auto, (max-width: 640px) 100vw, 640px\" \/><\/p>\r\n<p>Ertu\u011frul Bey, Mergen\u2019in Al\u0131ncak taraf\u0131ndan yakaland\u0131\u011f\u0131n\u0131 \u00f6\u011frenir ve hem Mergen\u2019i kurtarmak hem de Al\u0131ncak ve Beybolat\u2019\u0131 bulup ye\u011feni S\u00fcleyman\u2019\u0131n intikam\u0131n\u0131 almak ister. Dragos \u00fczerinden bir oyun kurarak Al\u0131ncak\u2019a ula\u015fmak isteyen Ertu\u011frul Bey, daha \u00f6nce H\u00fclag\u00fc Han taraf\u0131ndan g\u00f6nderilmi\u015f ger\u00e7ek bir buyru\u011fu Uranos\u2019a vererek onlara i\u015f birli\u011fi teklif eder ve buyru\u011fu Al\u0131ncak\u2019a g\u00f6t\u00fcrmesini ister. Bunun kar\u015f\u0131l\u0131\u011f\u0131nda da Mo\u011follara kar\u015f\u0131 kalelerini koruyaca\u011f\u0131n\u0131 s\u00f6yler.<\/p>\r\n<p>&nbsp;<\/p>\r\n<p><strong>2. B\u0130R ZAMANLAR \u00c7UKUROVA :<\/strong> Atv&#8217;nin Ye\u015fil\u00e7am sinema tad\u0131ndaki dizisi &#8220;Bir Zamanlar \u00c7ukurova&#8221; Haftan\u0131n dizilerinde ge\u00e7en haftaki yerini korudu ve 2.s\u0131rada yer al\u0131yor. Total grubunda reyting puan\u0131 13,69 ile iddias\u0131n\u0131 devam ettiriyor.\u00a0<\/p>\r\n<p>\u00c7ukurova&#8217;da a\u015fk ile intikam duygular\u0131 y\u00fcz\u00fcnden silahlar \u00e7ekiliyor. Y\u0131lmaz&#8217;\u0131n manevi babas\u0131 olanlar\u0131n ve olacaklar\u0131n \u00f6n\u00fcne ge\u00e7mek i\u00e7in \u00e7aba g\u00f6sterir. Eski sevdi\u011fi kaderin onlar\u0131 ay\u0131rd\u0131\u011f\u0131 H\u00fcnkar Han\u0131m ile i\u015fbirli\u011fine gider ama her seferinde silahlar patlar. Bu defa de M\u00fcjgan&#8217;\u0131n annesinin g\u00f6z\u00fc \u00f6n\u00fcnde \u00e7ekilen silahlar y\u00fcz\u00fcnden M\u00fcjgan ile Y\u0131lmaz&#8217;\u0131n ni\u015fan y\u00fcz\u00fckleri tak\u0131lamaz. Doktorun annesi Adana&#8217;y\u0131 terk eder. Fekeli Y\u0131lmaz ile M\u00fcjgan&#8217;\u0131 aile aras\u0131nda y\u00fcz\u00fckleri takar ve ni\u015fan\u0131 ger\u00e7ekle\u015ftir.<\/p>\r\n<p><img loading=\"lazy\" decoding=\"async\" class=\"alignnone size-full wp-image-24371\" src=\"http:\/\/balcilar-blog.com\/wp-content\/uploads\/2019\/03\/\u00c7UKUROVA2.jpg\" alt=\"\" width=\"640\" height=\"327\" srcset=\"https:\/\/balcilar-blog.com\/wp-content\/uploads\/2019\/03\/\u00c7UKUROVA2.jpg 640w, https:\/\/balcilar-blog.com\/wp-content\/uploads\/2019\/03\/\u00c7UKUROVA2-300x153.jpg 300w\" sizes=\"auto, (max-width: 640px) 100vw, 640px\" \/><\/p>\r\n<p>Aile aras\u0131ndaki ni\u015fan merasimine Fekeli, M\u00fcjgan&#8217;\u0131n yak\u0131n arkada\u015f\u0131, Fekeli&#8217;lelerin \u015fof\u00f6r\u00fc ve hizmetkarlar\u0131 kat\u0131l\u0131r. Y\u00fcz\u00fckler tak\u0131l\u0131r, pastalar kesilir. S\u0131ra ilk dansa gelir.<\/p>\r\n<p><img loading=\"lazy\" decoding=\"async\" class=\"alignnone size-full wp-image-24368\" src=\"http:\/\/balcilar-blog.com\/wp-content\/uploads\/2019\/03\/632x314-bir-zamanlar-cukurova-26-yeni.jpg\" alt=\"\" width=\"632\" height=\"314\" srcset=\"https:\/\/balcilar-blog.com\/wp-content\/uploads\/2019\/03\/632x314-bir-zamanlar-cukurova-26-yeni.jpg 632w, https:\/\/balcilar-blog.com\/wp-content\/uploads\/2019\/03\/632x314-bir-zamanlar-cukurova-26-yeni-300x149.jpg 300w\" sizes=\"auto, (max-width: 632px) 100vw, 632px\" \/><\/p>\r\n<p>Di\u011fer tarafta, kazay\u0131 ge\u00e7irdikleri araban\u0131n frenlerini Demir&#8217;in kestirdi\u011fini \u00f6\u011frenen Z\u00fcleyha kocas\u0131\u00a0 Demir&#8217;i ve evi terk eder. Kuca\u011f\u0131nda \u00e7ocu\u011fu ile Y\u0131lmaz&#8217;\u0131n evinin kap\u0131s\u0131na dayan\u0131r. Kap\u0131y\u0131 a\u00e7an Y\u0131lmaz \u00e7ocu\u011fu ile Z\u00fcleyha&#8217;y\u0131 g\u00f6r\u00fcnce \u015fa\u015f\u0131r\u0131r. Parma\u011f\u0131nda kurdelas\u0131 yeni kesilen y\u00fcz\u00fc\u011f\u00fc ile ne diyece\u011fini \u015fa\u015f\u0131r\u0131r. Ve 26.b\u00f6l\u00fcm sonu gelir.<\/p>\r\n<p><img loading=\"lazy\" decoding=\"async\" class=\"alignnone size-full wp-image-24370\" src=\"http:\/\/balcilar-blog.com\/wp-content\/uploads\/2019\/03\/\u00c7UKUROVA-1.jpg\" alt=\"\" width=\"640\" height=\"323\" srcset=\"https:\/\/balcilar-blog.com\/wp-content\/uploads\/2019\/03\/\u00c7UKUROVA-1.jpg 640w, https:\/\/balcilar-blog.com\/wp-content\/uploads\/2019\/03\/\u00c7UKUROVA-1-300x151.jpg 300w\" sizes=\"auto, (max-width: 640px) 100vw, 640px\" \/><\/p>\r\n<p>&nbsp;<\/p>\r\n<p><strong>3.HERCA\u0130 (ATV)<\/strong> :\u00a0 Atv&#8217;de \u00e7ok izlenen bir dizi daha&#8230; Hercai&#8230; Rekorlara devam ediyor. Ge\u00e7en hafta ekranlara gelen 3.b\u00f6l\u00fcm\u00fc ile rekorlar\u0131na devam ediyor. Total Grubunda ald\u0131\u011f\u0131 13,33 gibi y\u00fcksek puanla 3.s\u0131raya y\u00fckseldi.<\/p>\r\n<p><img loading=\"lazy\" decoding=\"async\" class=\"alignnone size-full wp-image-24367\" src=\"http:\/\/balcilar-blog.com\/wp-content\/uploads\/2019\/03\/hercai-dizisinin-ikinci-tanitimi-.png\" alt=\"\" width=\"640\" height=\"331\" srcset=\"https:\/\/balcilar-blog.com\/wp-content\/uploads\/2019\/03\/hercai-dizisinin-ikinci-tanitimi-.png 640w, https:\/\/balcilar-blog.com\/wp-content\/uploads\/2019\/03\/hercai-dizisinin-ikinci-tanitimi--300x155.png 300w\" sizes=\"auto, (max-width: 640px) 100vw, 640px\" \/><\/p>\r\n<p>Mia Yap\u0131m&#8217;\u0131n yap\u0131mc\u0131l\u0131\u011f\u0131n\u0131 \u00fcstlendi\u011fi, Midyat&#8217;\u0131n en g\u00fc\u00e7l\u00fc ailelerinden \u015eado\u011fullar\u0131n\u0131n torunlar\u0131ndan biri olan Reyyan (Ebru \u015eahin) ile y\u0131llar \u00f6nce \u00f6ld\u00fcr\u00fclen anne babas\u0131n\u0131n intikam\u0131n\u0131 almak isteyen Miran&#8217;\u0131n (Ak\u0131n Ak\u0131n\u00f6z\u00fc) imkans\u0131z a\u015fk hikayesini anlat\u0131yor. Dizide t\u00f6re kurallar\u0131 ile namus kurallar\u0131 \u00f6ne \u00e7\u0131k\u0131yor. Miran taraf\u0131ndan d\u00fc\u011f\u00fcn gecesinde kirletilen Reyhan, az kals\u0131n t\u00f6re cinayetine kurban gidiyordu. Amcao\u011flu Azat taraf\u0131ndan \u00f6l\u00fcme g\u00f6t\u00fcr\u00fcl\u00fcrken Miran pe\u015flerinden gider, Midyat \u015fehir \u00e7\u0131k\u0131s\u0131nda k\u00f6pr\u00fc \u00fcst\u00fcnde yollar\u0131n\u0131 keser. Azat da Reyyan&#8217;\u0131 seviyordur. Dedesi Nasuh A\u011fan\u0131n emriyle \u00f6l\u00fcme g\u00f6t\u00fcr\u00fcyordu. Tabancalar \u00e7ekilir. Reyhan Azat&#8217;a &#8220;Seninle gelmiyorum&#8221; der. Miran&#8217;a; &#8220;Seninle de cennete bile girmem&#8221; diyerek tercihini yapar. K\u00f6pr\u00fcden nehrin derin sular\u0131na kendini b\u0131rak\u0131r. Miran k\u0131za a\u015f\u0131kt\u0131r, seninle \u00f6l\u00fcme bile gelirim demi\u015fti, pe\u015finden o da kendini pe\u015finden sulara b\u0131rak\u0131r. Azat ve Miran&#8217;\u0131n adam\u0131 ne yapaca\u011f\u0131n\u0131 \u015fa\u015f\u0131r\u0131r. Bu heyecan dolu 3.b\u00f6l\u00fcm\u00fcn bu final sahnesi ile dizi biter.<\/p>\r\n<p><img loading=\"lazy\" decoding=\"async\" class=\"alignnone size-full wp-image-24366\" src=\"http:\/\/balcilar-blog.com\/wp-content\/uploads\/2019\/03\/HERCA\u0130-F\u0130NAL.jpg\" alt=\"\" width=\"640\" height=\"367\" srcset=\"https:\/\/balcilar-blog.com\/wp-content\/uploads\/2019\/03\/HERCA\u0130-F\u0130NAL.jpg 640w, https:\/\/balcilar-blog.com\/wp-content\/uploads\/2019\/03\/HERCA\u0130-F\u0130NAL-300x172.jpg 300w\" sizes=\"auto, (max-width: 640px) 100vw, 640px\" \/><\/p>\r\n<p>&nbsp;<\/p>\r\n<p><strong>4.KADIN (FOX Tv)<\/strong> : Fox Tv&#8217;nin\u00a0 sevilen dizisi &#8220;Kad\u0131n&#8221; ge\u00e7en haftaya g\u00f6re bir basamak d\u00fc\u015ferek 4.s\u0131raya geriledi. Total&#8217;de 11,58 puan ald\u0131.<\/p>\r\n<p><img loading=\"lazy\" decoding=\"async\" class=\"alignnone size-full wp-image-24373\" src=\"http:\/\/balcilar-blog.com\/wp-content\/uploads\/2019\/03\/Kadin-4771-galeri-resim-67.jpg\" alt=\"\" width=\"640\" height=\"360\" srcset=\"https:\/\/balcilar-blog.com\/wp-content\/uploads\/2019\/03\/Kadin-4771-galeri-resim-67.jpg 640w, https:\/\/balcilar-blog.com\/wp-content\/uploads\/2019\/03\/Kadin-4771-galeri-resim-67-300x169.jpg 300w\" sizes=\"auto, (max-width: 640px) 100vw, 640px\" \/><\/p>\r\n<p>Karde\u015finin avukat\u0131 oldu\u011funu \u00f6\u011frenmesiyle kafas\u0131 kar\u0131\u015fan Arif\u2019in bu s\u00fcre\u00e7teki en b\u00fcy\u00fck \u015fanslar\u0131ndan biri K\u0131smet\u2019tir. Olay\u0131 en ince detaylar\u0131na kadar inceleyen K\u0131smet, abisine at\u0131lan iftiray\u0131 \u00e7\u00f6zene kadar bu i\u015fin pe\u015fini b\u0131rakmayacakt\u0131r. Ara\u015ft\u0131rmalar\u0131 sonucunda da Arif\u2019in s\u0131rr\u0131na \u00e7ok yakla\u015fan K\u0131smet, Arif\u2019i hapishaneden kurtarabilecek midir?<\/p>\r\n<p><img loading=\"lazy\" decoding=\"async\" class=\"alignnone size-full wp-image-24374\" src=\"http:\/\/balcilar-blog.com\/wp-content\/uploads\/2019\/03\/Kadin-4771-galeri-resim-ceeb5f.jpg\" alt=\"\" width=\"640\" height=\"360\" srcset=\"https:\/\/balcilar-blog.com\/wp-content\/uploads\/2019\/03\/Kadin-4771-galeri-resim-ceeb5f.jpg 640w, https:\/\/balcilar-blog.com\/wp-content\/uploads\/2019\/03\/Kadin-4771-galeri-resim-ceeb5f-300x169.jpg 300w\" sizes=\"auto, (max-width: 640px) 100vw, 640px\" \/><br \/>Eli kolu ba\u011fl\u0131 olan Sarp, t\u00fcm olanlar\u0131n kendi su\u00e7u oldu\u011funu d\u00fc\u015f\u00fcnd\u00fc\u011f\u00fc i\u00e7in her ge\u00e7en g\u00fcn kendinden daha \u00e7ok nefret eder. Bahar, Nisan ve Doruk\u2019a belli etmemeye \u00e7al\u0131\u015fsa da, Sarp\u2019a bir zarar verilmesinden \u00e7ok korkmaktad\u0131r. Sarp ile bir oyun oynayan ve bir se\u00e7im yapmas\u0131n\u0131 isteyen Nezir ise, onun can\u0131n\u0131 yakmak i\u00e7in birine zarar vermekte kararl\u0131d\u0131r.<\/p>\r\n<p>&nbsp;<\/p>\r\n<p><strong>5.\u00c7UKUR (SHOW TV)<\/strong> : \u0130ki haftal\u0131k aradan sonra bu hafta 5.s\u0131radan haftan\u0131n dizileri aras\u0131na girdi.\u00a0 AB grubunda 8,91 puan ald\u0131.<\/p>\r\n<p><img loading=\"lazy\" decoding=\"async\" class=\"alignnone size-full wp-image-24341\" src=\"http:\/\/balcilar-blog.com\/wp-content\/uploads\/2019\/03\/Ekran-Al\u0131nt\u0131s\u0131MAHSUN.jpg\" alt=\"\" width=\"640\" height=\"367\" srcset=\"https:\/\/balcilar-blog.com\/wp-content\/uploads\/2019\/03\/Ekran-Al\u0131nt\u0131s\u0131MAHSUN.jpg 640w, https:\/\/balcilar-blog.com\/wp-content\/uploads\/2019\/03\/Ekran-Al\u0131nt\u0131s\u0131MAHSUN-300x172.jpg 300w\" sizes=\"auto, (max-width: 640px) 100vw, 640px\" \/><\/p>\r\n<p>\u00c7ukur 2. Sezon 25. B\u00f6l\u00fcm\u00fcnde (\u00c7ukur 58. B\u00f6l\u00fcm);\u00a0Karakuzular ve Ko\u00e7oval\u0131lar aras\u0131ndaki m\u00fccadelede son perde ya\u015fan\u0131yor.\u00a0 Aksiyonun bir an bile d\u00fc\u015fmeyece\u011fi, her an\u0131n ekran ba\u015f\u0131ndakileri \u015fa\u015f\u0131rtaca\u011f\u0131 b\u00f6l\u00fcmde \u00c7eto, Ko\u00e7oval\u0131lar\u0131 yok etmek pahas\u0131na her \u015feyi yapacak. Mahsun ise hem \u00c7eto\u2019dan hem de Ko\u00e7oval\u0131lar\u2019dan intikam almak i\u00e7in harekete ge\u00e7ecek. Ko\u00e7oval\u0131lar\u2019da herkesin tehlikeye d\u00fc\u015ft\u00fc\u011f\u00fc b\u00f6l\u00fcmde izleyicileri \u015foke edici bir veda da bekleyor.\u00a0Mahsun kader birli\u011fi yapt\u0131\u011f\u0131 \u00c7eto&#8217;yu g\u00f6\u011fs\u00fcnden kur\u015funlayarak \u00f6ld\u00fcr\u00fcyor.<\/p>\r\n<p>&nbsp;<\/p>\r\n<p><strong>KANALLARA G\u00d6RE SIRALAMA:<\/strong><\/p>\r\n<p>Total Grubunda: Atv ve Fox Tv 3&#8217;er dizi. TRT1, Kanal D, Star Tv ve Show Tv\u00a0 birer dizi ile yer al\u0131yor.<\/p>\r\n<p>AB&#8217;de ; ATV 3 dizi. TRT1 ve Fox\u00a0 2 dizi. Show Tv, Kanal D ve Star Tv. birer dizi yer al\u0131yor.<\/p>\r\n<p>Bu hafta Atv\u00a0 Total&#8217;de 3 dizi, AB&#8217;de 3 dizi ile haftan\u0131n dizisi olmu\u015ftur.<\/p>\r\n<p>&nbsp;<\/p>\r\n<!-- \/wp:post-content -->\r\n\r\n<!-- wp:paragraph -->\r\n<p>Sayg\u0131lar ve sevgiler.<\/p>\r\n<!-- \/wp:paragraph -->\r\n\r\n<!-- wp:paragraph -->\r\n<p>Abdurrahman Balc\u0131lar<\/p>\r\n<!-- \/wp:paragraph -->\r\n\r\n<!-- wp:paragraph -->\r\n<p>Twitter : <a href=\"https:\/\/twitter.com\/abbalcilar\">abdurrahman balc\u0131lar<\/a><a href=\"https:\/\/twitter.com\/abbalcilar\"><strong>@abbalcilar<\/strong><\/a><\/p>\r\n<!-- \/wp:paragraph -->\r\n\r\n<!-- wp:paragraph -->\r\n<p>Mail :\u00a0<a href=\"mailto:ab.balcilar@hotmail.com\">ab.balcilar@hotmail.com<\/a><\/p>\r\n<!-- \/wp:paragraph -->\r\n\r\n<!-- wp:paragraph -->\r\n<p>Blog:\u00a0<a href=\"http:\/\/t.co\/znqmIZgIqn\">blog.milliyet.com.tr\/cansever<\/a><\/p>\r\n<!-- \/wp:paragraph -->\r\n\r\n<!-- wp:paragraph -->\r\n<p><strong>*\u015eahsi Blog sayfamda ve Milliyet Blog\u2019da yay\u0131nlanan blog yaz\u0131lar\u0131 b\u00fcy\u00fck bir \u00e7al\u0131\u015fman\u0131n \u00fcr\u00fcn\u00fc olup, izinsiz ya da kaynak g\u00f6stermeden al\u0131nt\u0131 yap\u0131lamaz. Aksi halde kanuni i\u015flem yap\u0131l\u0131r.<\/strong><\/p>\r\n<!-- \/wp:paragraph -->\r\n<p>&nbsp;<\/p>","protected":false},"excerpt":{"rendered":"<p>TNS \u00f6l\u00e7\u00fcmlerine g\u00f6re haz\u0131rlad\u0131\u011f\u0131m 25\u00a0&#8211; 31 Mart 2019\u00a0Tarihleri\u00a0aras\u0131nda en \u00e7ok seyredilen alt\u0131 Ulusal kanallar\u0131m\u0131zda ekranlar\u0131m\u0131za gelen 26 dizi (6 g\u00fcnde) aras\u0131nda, Total\u2019de ve AB\u2019de ilk ona giren, \u00d6ne \u00e7\u0131kan dizilerin, haftan\u0131n dizi karnesini a\u015fa\u011f\u0131da bilgilerinize sunuyorum. Ge\u00e7en Hafta sadece 6 g\u00fcnde dizilerin yeni b\u00f6l\u00fcmleri vard\u0131. 31 Mart Se\u00e7imler nedeniyle hi\u00e7 bir dizinin yeni b\u00f6l\u00fcm\u00fc yoktu. [&hellip;]<\/p>\n","protected":false},"author":3,"featured_media":24372,"comment_status":"open","ping_status":"open","sticky":false,"template":"","format":"standard","meta":{"footnotes":""},"categories":[2],"tags":[1901,1770,1555,570,1902,1250,1899,1656,530],"class_list":["post-24361","post","type-post","status-publish","format-standard","has-post-thumbnail","hentry","category-tv-programlari","tag-akin-akinozu","tag-bir-zamanlar-cukurova","tag-cukur","tag-dirilis-ertugrul","tag-ebru-sahin","tag-haftanin-dizileri","tag-hercai","tag-kadin","tag-tns-olcumleri"],"views":4352,"blog_post_layout_featured_media_urls":{"thumbnail":["https:\/\/balcilar-blog.com\/wp-content\/uploads\/2019\/03\/31-MART-150x150.jpg",150,150,true],"full":["https:\/\/balcilar-blog.com\/wp-content\/uploads\/2019\/03\/31-MART.jpg",640,325,false]},"categories_names":{"2":{"name":"TV Programlar\u0131","link":"https:\/\/balcilar-blog.com\/?cat=2"}},"tags_names":{"1901":{"name":"Ak\u0131n Ak\u0131n\u00f6z\u00fc","link":"https:\/\/balcilar-blog.com\/?tag=akin-akinozu"},"1770":{"name":"Bir Zamanlar \u00c7ukurova","link":"https:\/\/balcilar-blog.com\/?tag=bir-zamanlar-cukurova"},"1555":{"name":"\u00c7ukur","link":"https:\/\/balcilar-blog.com\/?tag=cukur"},"570":{"name":"dirili\u015f Ertu\u011frul","link":"https:\/\/balcilar-blog.com\/?tag=dirilis-ertugrul"},"1902":{"name":"Ebru \u015eahin","link":"https:\/\/balcilar-blog.com\/?tag=ebru-sahin"},"1250":{"name":"Haftan\u0131n Dizileri","link":"https:\/\/balcilar-blog.com\/?tag=haftanin-dizileri"},"1899":{"name":"Hercai","link":"https:\/\/balcilar-blog.com\/?tag=hercai"},"1656":{"name":"Kad\u0131n","link":"https:\/\/balcilar-blog.com\/?tag=kadin"},"530":{"name":"TNS \u00f6l\u00e7\u00fcmleri","link":"https:\/\/balcilar-blog.com\/?tag=tns-olcumleri"}},"comments_number":"0","wpmagazine_modules_lite_featured_media_urls":{"thumbnail":["https:\/\/balcilar-blog.com\/wp-content\/uploads\/2019\/03\/31-MART-150x150.jpg",150,150,true],"cvmm-medium":["https:\/\/balcilar-blog.com\/wp-content\/uploads\/2019\/03\/31-MART.jpg",300,152,false],"cvmm-medium-plus":["https:\/\/balcilar-blog.com\/wp-content\/uploads\/2019\/03\/31-MART.jpg",305,155,false],"cvmm-portrait":["https:\/\/balcilar-blog.com\/wp-content\/uploads\/2019\/03\/31-MART.jpg",400,203,false],"cvmm-medium-square":["https:\/\/balcilar-blog.com\/wp-content\/uploads\/2019\/03\/31-MART.jpg",600,305,false],"cvmm-large":["https:\/\/balcilar-blog.com\/wp-content\/uploads\/2019\/03\/31-MART.jpg",640,325,false],"cvmm-small":["https:\/\/balcilar-blog.com\/wp-content\/uploads\/2019\/03\/31-MART.jpg",130,66,false],"full":["https:\/\/balcilar-blog.com\/wp-content\/uploads\/2019\/03\/31-MART.jpg",640,325,false]},"_links":{"self":[{"href":"https:\/\/balcilar-blog.com\/index.php?rest_route=\/wp\/v2\/posts\/24361","targetHints":{"allow":["GET"]}}],"collection":[{"href":"https:\/\/balcilar-blog.com\/index.php?rest_route=\/wp\/v2\/posts"}],"about":[{"href":"https:\/\/balcilar-blog.com\/index.php?rest_route=\/wp\/v2\/types\/post"}],"author":[{"embeddable":true,"href":"https:\/\/balcilar-blog.com\/index.php?rest_route=\/wp\/v2\/users\/3"}],"replies":[{"embeddable":true,"href":"https:\/\/balcilar-blog.com\/index.php?rest_route=%2Fwp%2Fv2%2Fcomments&post=24361"}],"version-history":[{"count":8,"href":"https:\/\/balcilar-blog.com\/index.php?rest_route=\/wp\/v2\/posts\/24361\/revisions"}],"predecessor-version":[{"id":24379,"href":"https:\/\/balcilar-blog.com\/index.php?rest_route=\/wp\/v2\/posts\/24361\/revisions\/24379"}],"wp:featuredmedia":[{"embeddable":true,"href":"https:\/\/balcilar-blog.com\/index.php?rest_route=\/wp\/v2\/media\/24372"}],"wp:attachment":[{"href":"https:\/\/balcilar-blog.com\/index.php?rest_route=%2Fwp%2Fv2%2Fmedia&parent=24361"}],"wp:term":[{"taxonomy":"category","embeddable":true,"href":"https:\/\/balcilar-blog.com\/index.php?rest_route=%2Fwp%2Fv2%2Fcategories&post=24361"},{"taxonomy":"post_tag","embeddable":true,"href":"https:\/\/balcilar-blog.com\/index.php?rest_route=%2Fwp%2Fv2%2Ftags&post=24361"}],"curies":[{"name":"wp","href":"https:\/\/api.w.org\/{rel}","templated":true}]}}