{"id":24348,"date":"2019-03-28T14:43:21","date_gmt":"2019-03-28T12:43:21","guid":{"rendered":"http:\/\/balcilar-blog.com\/?p=24348"},"modified":"2019-03-28T14:43:21","modified_gmt":"2019-03-28T12:43:21","slug":"hakan-muhafiz-2-sezonundan-ilk-fragman-nihayet-geldi","status":"publish","type":"post","link":"https:\/\/balcilar-blog.com\/?p=24348","title":{"rendered":"Hakan: Muhaf\u0131z 2.Sezon&#8217;undan \u0130lk Fragman Nihayet Geldi!"},"content":{"rendered":"<p><img loading=\"lazy\" decoding=\"async\" class=\"alignnone size-full wp-image-24355\" src=\"http:\/\/balcilar-blog.com\/wp-content\/uploads\/2019\/03\/Ekran-Al\u0131nt\u0131s\u0131muhf.2-6.jpg\" alt=\"\" width=\"640\" height=\"366\" srcset=\"https:\/\/balcilar-blog.com\/wp-content\/uploads\/2019\/03\/Ekran-Al\u0131nt\u0131s\u0131muhf.2-6.jpg 640w, https:\/\/balcilar-blog.com\/wp-content\/uploads\/2019\/03\/Ekran-Al\u0131nt\u0131s\u0131muhf.2-6-300x172.jpg 300w\" sizes=\"auto, (max-width: 640px) 100vw, 640px\" \/><\/p>\n<p>\u00c7a\u011fatay Ulusoy&#8217;un Hakan:\u00a0 Muhaf\u0131z Netfilix dizisinin 2.sezonun yeni b\u00f6l\u00fcmleri 26 Nisan&#8217;da \u0130nternet sitesinde olaca\u011f\u0131 a\u00e7\u0131klanm\u0131\u015ft\u0131. \u015eimdi bu b\u00f6l\u00fcmlerle ilgili tan\u0131t\u0131m fragman\u0131 yay\u0131nland\u0131.<\/p>\n<p><iframe loading=\"lazy\" title=\"Hakan: Muhaf\u0131z: 2. Sezon | Resmi Fragman | Netflix\" width=\"640\" height=\"360\" src=\"https:\/\/www.youtube.com\/embed\/NcReKJS5CUk?feature=oembed\" frameborder=\"0\" allow=\"accelerometer; autoplay; clipboard-write; encrypted-media; gyroscope; picture-in-picture; web-share\" referrerpolicy=\"strict-origin-when-cross-origin\" allowfullscreen><\/iframe><\/p>\n<div id=\"meta\" class=\"style-scope ytd-watch-flexy\">\n<div id=\"meta-contents\" class=\"style-scope ytd-watch-flexy\">\n<div id=\"container\" class=\"style-scope ytd-video-secondary-info-renderer\">\n<div id=\"content\" class=\"style-scope ytd-expander\">\n<div id=\"description\" class=\"style-scope ytd-video-secondary-info-renderer\">Yeniden dirilen \u00d6l\u00fcms\u00fczlere kar\u015f\u0131 zorlu bir m\u00fccadeleye giri\u015fen Hakan ve Sad\u0131k Olanlar, \u00d6l\u00fcms\u00fczler&#8217;in \u015fehri ve t\u00fcm insanl\u0131\u011f\u0131 yok etme planlar\u0131na engel olmaya \u00e7al\u0131\u015f\u0131r. Hakan tek ba\u015f\u0131na tekrar uyanan 7 \u00f6l\u00fcms\u00fczle sava\u015f\u0131n\u0131 anlat\u0131yor.<\/div>\n<div><\/div>\n<div><img loading=\"lazy\" decoding=\"async\" class=\"alignnone size-full wp-image-24353\" src=\"http:\/\/balcilar-blog.com\/wp-content\/uploads\/2019\/03\/Ekran-Al\u0131nt\u0131s\u0131muhaf\u0131z.jpg\" alt=\"\" width=\"640\" height=\"356\" srcset=\"https:\/\/balcilar-blog.com\/wp-content\/uploads\/2019\/03\/Ekran-Al\u0131nt\u0131s\u0131muhaf\u0131z.jpg 640w, https:\/\/balcilar-blog.com\/wp-content\/uploads\/2019\/03\/Ekran-Al\u0131nt\u0131s\u0131muhaf\u0131z-300x167.jpg 300w\" sizes=\"auto, (max-width: 640px) 100vw, 640px\" \/><\/div>\n<\/div>\n<\/div>\n<\/div>\n<\/div>\n<div><\/div>\n<div id=\"meta\" class=\"style-scope ytd-watch-flexy\">\n<div class=\"style-scope ytd-metadata-row-container-renderer\">Hakan&#8217;\u0131n en b\u00fcy\u00fck koruyucusu ve dostu Zeyneptir. Uyanan 7 \u00f6l\u00fcms\u00fcz \u0130stanbul&#8217;da cirit atmaktad\u0131r. Hakan tek ba\u015f\u0131na bu i\u015fi yapamayaca\u011f\u0131n\u0131, ona ihtiyac\u0131 oldu\u011funu s\u00f6yler.<\/div>\n<div><\/div>\n<div><img loading=\"lazy\" decoding=\"async\" class=\"alignnone size-full wp-image-24356\" src=\"http:\/\/balcilar-blog.com\/wp-content\/uploads\/2019\/03\/muhaf\u0131z-3.jpg\" alt=\"\" width=\"640\" height=\"355\" srcset=\"https:\/\/balcilar-blog.com\/wp-content\/uploads\/2019\/03\/muhaf\u0131z-3.jpg 640w, https:\/\/balcilar-blog.com\/wp-content\/uploads\/2019\/03\/muhaf\u0131z-3-300x166.jpg 300w\" sizes=\"auto, (max-width: 640px) 100vw, 640px\" \/><\/div>\n<div><\/div>\n<div>\u00d6l\u00fcms\u00fczlerin sald\u0131r\u0131lar\u0131n\u0131 Hakan tek ba\u015f\u0131na \u00f6nleyebilecek mi? Hakan sava\u015f\u0131n ba\u015flad\u0131\u011f\u0131n\u0131 kabul eder ve bu sava\u015f\u0131 mutlaka kazanaca\u011f\u0131n\u0131 s\u00f6yler.<\/div>\n<div><\/div>\n<div><img loading=\"lazy\" decoding=\"async\" class=\"alignnone size-full wp-image-24354\" src=\"http:\/\/balcilar-blog.com\/wp-content\/uploads\/2019\/03\/Ekran-Al\u0131nt\u0131s\u0131muhaf\u0131z2-1.jpg\" alt=\"\" width=\"640\" height=\"358\" srcset=\"https:\/\/balcilar-blog.com\/wp-content\/uploads\/2019\/03\/Ekran-Al\u0131nt\u0131s\u0131muhaf\u0131z2-1.jpg 640w, https:\/\/balcilar-blog.com\/wp-content\/uploads\/2019\/03\/Ekran-Al\u0131nt\u0131s\u0131muhaf\u0131z2-1-300x168.jpg 300w\" sizes=\"auto, (max-width: 640px) 100vw, 640px\" \/><\/div>\n<div id=\"offer-module\" class=\"style-scope ytd-watch-flexy\"><\/div>\n<\/div>\n<div id=\"ticket-shelf\" class=\"style-scope ytd-watch-flexy\">D\u00fc\u015fman\u0131 olan \u00d6l\u00fcms\u00fczlerden hangileri Hakan&#8217;\u0131n yard\u0131mc\u0131s\u0131, hangileri d\u00fc\u015fman\u0131d\u0131r.<\/div>\n<div><img loading=\"lazy\" decoding=\"async\" class=\"alignnone size-full wp-image-24358\" src=\"http:\/\/balcilar-blog.com\/wp-content\/uploads\/2019\/03\/12336_hakan-muhafizin-2-sezon-fragmani-yayinlandi2_461.png\" alt=\"\" width=\"640\" height=\"320\" srcset=\"https:\/\/balcilar-blog.com\/wp-content\/uploads\/2019\/03\/12336_hakan-muhafizin-2-sezon-fragmani-yayinlandi2_461.png 640w, https:\/\/balcilar-blog.com\/wp-content\/uploads\/2019\/03\/12336_hakan-muhafizin-2-sezon-fragmani-yayinlandi2_461-300x150.png 300w\" sizes=\"auto, (max-width: 640px) 100vw, 640px\" \/><\/div>\n<div id=\"merch-shelf\" class=\"style-scope ytd-watch-flexy\"><\/div>\n<div>Hakan: Muhaf\u0131z 2.sezon yeni b\u00f6l\u00fcmleri 26 Nisan&#8217;dan itibaren Netflix internet sayfas\u0131nda olacakt\u0131r. Heyecan dolu yeni b\u00f6l\u00fcmlerini tekrar tekrar izlemeye doyamayacaks\u0131n\u0131z!<\/div>\n<div><\/div>\n<div><img loading=\"lazy\" decoding=\"async\" class=\"alignnone size-full wp-image-24357\" src=\"http:\/\/balcilar-blog.com\/wp-content\/uploads\/2019\/03\/43ce7098-f358-4266-a796-ae30b3fa4541.jpg\" alt=\"\" width=\"640\" height=\"425\" srcset=\"https:\/\/balcilar-blog.com\/wp-content\/uploads\/2019\/03\/43ce7098-f358-4266-a796-ae30b3fa4541.jpg 640w, https:\/\/balcilar-blog.com\/wp-content\/uploads\/2019\/03\/43ce7098-f358-4266-a796-ae30b3fa4541-300x199.jpg 300w\" sizes=\"auto, (max-width: 640px) 100vw, 640px\" \/><\/div>\n<div><\/div>\n<div>The Protector Hakan: Muhaf\u0131z&#8217;\u0131n ba\u015fl\u0131ca rollerinde; \u00c7a\u011fatay Ulusoy, Ay\u00e7a Ay\u015fin Turan, Harar Erg\u00fc\u00e7l\u00fc, Okan Yalab\u0131k, Bur\u00e7in Terzio\u011flu, Sayg\u0131n Soysal ve Engin \u00d6zt\u00fcrk rol al\u0131yorlar.<\/div>\n<div><\/div>\n<div>\u0130yi Seyirler<\/div>\n<div>\n<p>Sayg\u0131lar ve sevgiler.<\/p>\n<p>Abdurrahman Balc\u0131lar<\/p>\n<p>Twitter : <a href=\"https:\/\/twitter.com\/abbalcilar\">abdurrahman balc\u0131lar<\/a><a href=\"https:\/\/twitter.com\/abbalcilar\"><strong>@abbalcilar<\/strong><\/a><\/p>\n<p>Mail :\u00a0<a href=\"mailto:ab.balcilar@hotmail.com\">ab.balcilar@hotmail.com<\/a><\/p>\n<p>Blog:\u00a0<a href=\"http:\/\/t.co\/znqmIZgIqn\">blog.milliyet.com.tr\/cansever<\/a><\/p>\n<p>\u015eahsi Blog:\u00a0<a href=\"http:\/\/balcilar-blog.com\/\">Abdurrahman Balc\u0131lar Blog Sayfas\u0131<\/a><\/p>\n<\/div>\n<div id=\"header\" class=\"style-scope ytd-item-section-renderer\">\n<div id=\"title\" class=\"style-scope ytd-comments-header-renderer\"><\/div>\n<\/div>\n","protected":false},"excerpt":{"rendered":"<p>\u00c7a\u011fatay Ulusoy&#8217;un Hakan:\u00a0 Muhaf\u0131z Netfilix dizisinin 2.sezonun yeni b\u00f6l\u00fcmleri 26 Nisan&#8217;da \u0130nternet sitesinde olaca\u011f\u0131 a\u00e7\u0131klanm\u0131\u015ft\u0131. \u015eimdi bu b\u00f6l\u00fcmlerle ilgili tan\u0131t\u0131m fragman\u0131 yay\u0131nland\u0131. Yeniden dirilen \u00d6l\u00fcms\u00fczlere kar\u015f\u0131 zorlu bir m\u00fccadeleye giri\u015fen Hakan ve Sad\u0131k Olanlar, \u00d6l\u00fcms\u00fczler&#8217;in \u015fehri ve t\u00fcm insanl\u0131\u011f\u0131 yok etme planlar\u0131na engel olmaya \u00e7al\u0131\u015f\u0131r. Hakan tek ba\u015f\u0131na tekrar uyanan 7 \u00f6l\u00fcms\u00fczle sava\u015f\u0131n\u0131 anlat\u0131yor. Hakan&#8217;\u0131n [&hellip;]<\/p>\n","protected":false},"author":3,"featured_media":24355,"comment_status":"open","ping_status":"open","sticky":false,"template":"","format":"standard","meta":{"footnotes":""},"categories":[2],"tags":[1910,607,96,15,1139,1843,30,797],"class_list":["post-24348","post","type-post","status-publish","format-standard","has-post-thumbnail","hentry","category-tv-programlari","tag-2-sezon","tag-ayca-aysin-turan","tag-burcin-terzioglu","tag-cagatay-ulusoy","tag-engin-ozturk","tag-hakan-muhafiz","tag-hazar-erguclu","tag-okan-yalabik"],"views":3055,"blog_post_layout_featured_media_urls":{"thumbnail":["https:\/\/balcilar-blog.com\/wp-content\/uploads\/2019\/03\/Ekran-Al\u0131nt\u0131s\u0131muhf.2-6-150x150.jpg",150,150,true],"full":["https:\/\/balcilar-blog.com\/wp-content\/uploads\/2019\/03\/Ekran-Al\u0131nt\u0131s\u0131muhf.2-6.jpg",640,366,false]},"categories_names":{"2":{"name":"TV Programlar\u0131","link":"https:\/\/balcilar-blog.com\/?cat=2"}},"tags_names":{"1910":{"name":"2.Sezon","link":"https:\/\/balcilar-blog.com\/?tag=2-sezon"},"607":{"name":"Ay\u00e7a Ay\u015fin Turan","link":"https:\/\/balcilar-blog.com\/?tag=ayca-aysin-turan"},"96":{"name":"Bur\u00e7in Terzio\u011flu","link":"https:\/\/balcilar-blog.com\/?tag=burcin-terzioglu"},"15":{"name":"\u00e7a\u011fatay ulusoy","link":"https:\/\/balcilar-blog.com\/?tag=cagatay-ulusoy"},"1139":{"name":"Engin \u00d6zt\u00fcrk","link":"https:\/\/balcilar-blog.com\/?tag=engin-ozturk"},"1843":{"name":"Hakan: Muhaf\u0131z","link":"https:\/\/balcilar-blog.com\/?tag=hakan-muhafiz"},"30":{"name":"Hazar Erg\u00fc\u00e7l\u00fc","link":"https:\/\/balcilar-blog.com\/?tag=hazar-erguclu"},"797":{"name":"Okan Yalab\u0131k","link":"https:\/\/balcilar-blog.com\/?tag=okan-yalabik"}},"comments_number":"0","wpmagazine_modules_lite_featured_media_urls":{"thumbnail":["https:\/\/balcilar-blog.com\/wp-content\/uploads\/2019\/03\/Ekran-Al\u0131nt\u0131s\u0131muhf.2-6-150x150.jpg",150,150,true],"cvmm-medium":["https:\/\/balcilar-blog.com\/wp-content\/uploads\/2019\/03\/Ekran-Al\u0131nt\u0131s\u0131muhf.2-6.jpg",300,172,false],"cvmm-medium-plus":["https:\/\/balcilar-blog.com\/wp-content\/uploads\/2019\/03\/Ekran-Al\u0131nt\u0131s\u0131muhf.2-6.jpg",305,174,false],"cvmm-portrait":["https:\/\/balcilar-blog.com\/wp-content\/uploads\/2019\/03\/Ekran-Al\u0131nt\u0131s\u0131muhf.2-6.jpg",400,229,false],"cvmm-medium-square":["https:\/\/balcilar-blog.com\/wp-content\/uploads\/2019\/03\/Ekran-Al\u0131nt\u0131s\u0131muhf.2-6.jpg",600,343,false],"cvmm-large":["https:\/\/balcilar-blog.com\/wp-content\/uploads\/2019\/03\/Ekran-Al\u0131nt\u0131s\u0131muhf.2-6.jpg",640,366,false],"cvmm-small":["https:\/\/balcilar-blog.com\/wp-content\/uploads\/2019\/03\/Ekran-Al\u0131nt\u0131s\u0131muhf.2-6.jpg",130,74,false],"full":["https:\/\/balcilar-blog.com\/wp-content\/uploads\/2019\/03\/Ekran-Al\u0131nt\u0131s\u0131muhf.2-6.jpg",640,366,false]},"_links":{"self":[{"href":"https:\/\/balcilar-blog.com\/index.php?rest_route=\/wp\/v2\/posts\/24348","targetHints":{"allow":["GET"]}}],"collection":[{"href":"https:\/\/balcilar-blog.com\/index.php?rest_route=\/wp\/v2\/posts"}],"about":[{"href":"https:\/\/balcilar-blog.com\/index.php?rest_route=\/wp\/v2\/types\/post"}],"author":[{"embeddable":true,"href":"https:\/\/balcilar-blog.com\/index.php?rest_route=\/wp\/v2\/users\/3"}],"replies":[{"embeddable":true,"href":"https:\/\/balcilar-blog.com\/index.php?rest_route=%2Fwp%2Fv2%2Fcomments&post=24348"}],"version-history":[{"count":4,"href":"https:\/\/balcilar-blog.com\/index.php?rest_route=\/wp\/v2\/posts\/24348\/revisions"}],"predecessor-version":[{"id":24359,"href":"https:\/\/balcilar-blog.com\/index.php?rest_route=\/wp\/v2\/posts\/24348\/revisions\/24359"}],"wp:featuredmedia":[{"embeddable":true,"href":"https:\/\/balcilar-blog.com\/index.php?rest_route=\/wp\/v2\/media\/24355"}],"wp:attachment":[{"href":"https:\/\/balcilar-blog.com\/index.php?rest_route=%2Fwp%2Fv2%2Fmedia&parent=24348"}],"wp:term":[{"taxonomy":"category","embeddable":true,"href":"https:\/\/balcilar-blog.com\/index.php?rest_route=%2Fwp%2Fv2%2Fcategories&post=24348"},{"taxonomy":"post_tag","embeddable":true,"href":"https:\/\/balcilar-blog.com\/index.php?rest_route=%2Fwp%2Fv2%2Ftags&post=24348"}],"curies":[{"name":"wp","href":"https:\/\/api.w.org\/{rel}","templated":true}]}}