{"id":24343,"date":"2019-03-28T10:51:39","date_gmt":"2019-03-28T08:51:39","guid":{"rendered":"http:\/\/balcilar-blog.com\/?p=24343"},"modified":"2019-03-28T14:48:33","modified_gmt":"2019-03-28T12:48:33","slug":"gorkemli-bir-tiyatro-gece-sempozyumu-istanbul-anadolu-yakasinda-gosterimde","status":"publish","type":"post","link":"https:\/\/balcilar-blog.com\/?p=24343","title":{"rendered":"G\u00f6rkemli Bir Tiyatro &#8220;Gece Sempozyumu&#8221;; \u0130stanbul Anadolu Yakas\u0131&#8217;nda G\u00f6sterimde!"},"content":{"rendered":"<div>\n<div dir=\"ltr\">\n<div dir=\"ltr\">\n<p><img loading=\"lazy\" decoding=\"async\" class=\"alignnone size-full wp-image-24344\" src=\"http:\/\/balcilar-blog.com\/wp-content\/uploads\/2019\/03\/dasdas-mert-firat-muzaffer-.jpg\" alt=\"\" width=\"640\" height=\"478\" srcset=\"https:\/\/balcilar-blog.com\/wp-content\/uploads\/2019\/03\/dasdas-mert-firat-muzaffer-.jpg 640w, https:\/\/balcilar-blog.com\/wp-content\/uploads\/2019\/03\/dasdas-mert-firat-muzaffer--300x224.jpg 300w\" sizes=\"auto, (max-width: 640px) 100vw, 640px\" \/><\/p>\n<p>Mert F\u0131rat, Muzaffer Y\u0131ld\u0131r\u0131m, Koray Candemir, Didem Bal\u00e7\u0131n ve Harun Tekin bug\u00fcnlerde oyunbozanl\u0131k pe\u015finde. Bunu da, \u201ckitlelerin de\u011fil \u00fcretenlerin zevki\u201dni esas alan, sanatsal giri\u015fimlerin ekonomisini sa\u011flayacak ve onlara alan yaratacak bir mek\u00e2nla, DasDas\u2019la yapacaklar. Tiyatro, m\u00fczik, standup, at\u00f6lyeler ve yemek sanatlar\u0131\u2026 T\u00fcm bu bile\u015fenlerin k\u00fclt\u00fcrsanat alan\u0131nda nas\u0131l bir marka yarataca\u011f\u0131n\u0131 sormak i\u00e7in bir araya gelen sanat\u00e7\u0131lar \u015fimdi de \u0130stanbul Anadolu yakas\u0131nda g\u00f6sterimlerine ba\u015fl\u0131yorlar.<\/p>\n<p><strong>\u2018GECE SEMPOZYUMU\u2019, ANADOLU YAKASI\u2019NDA \u0130LK KEZ DasDas\u2019TA!\u00a0\u00a0<\/strong><\/p>\n<p>Arena d\u00fczenindeki sahne tasar\u0131m\u0131yla \u00e7a\u011fda\u015f tiyatroya farkl\u0131 bir yorum getiren \u2018Gece Sempozyumu\u2019, Anadolu Yakas\u0131\u2019nda ilk kez DasDas\u2019a konuk oluyor. 29 Mart\u2019ta DasDas Sahne\u2019de sahnelenecek oyunda G\u00fcven K\u0131ra\u00e7, Derya Alabora, Mert F\u0131rat ve Serhat K\u0131l\u0131\u00e7 gibi \u00f6nemli isimler rol al\u0131yor.<\/p>\n<p><img loading=\"lazy\" decoding=\"async\" class=\"alignnone size-full wp-image-24347\" src=\"http:\/\/balcilar-blog.com\/wp-content\/uploads\/2019\/03\/Gece-Sempozyumu-3.jpg\" alt=\"\" width=\"640\" height=\"427\" srcset=\"https:\/\/balcilar-blog.com\/wp-content\/uploads\/2019\/03\/Gece-Sempozyumu-3.jpg 640w, https:\/\/balcilar-blog.com\/wp-content\/uploads\/2019\/03\/Gece-Sempozyumu-3-300x200.jpg 300w\" sizes=\"auto, (max-width: 640px) 100vw, 640px\" \/><\/p>\n<p>Sahne tasar\u0131m\u0131, seyirciyle kurdu\u011fu ili\u015fki ve anlat\u0131s\u0131yla \u00f6ne \u00e7\u0131kan \u2018Gece Sempozyumu\u2019, Anadolu Yakas\u0131\u2019nda ilk kez 29 Mart ak\u015fam\u0131 DasDas\u2019ta tiyatroseverlerle bulu\u015fmaya haz\u0131rlan\u0131yor. Ge\u00e7ti\u011fimiz sezon \u0130stanbul Tiyatro Festivali, uluslararas\u0131 ve disiplinleraras\u0131 bir \u00e7al\u0131\u015fma alan\u0131 olan Bel\u00e7ika merkezli Platform 0090 ve Br\u00fcksel KVS Flaman Kraliyet Tiyatrosu i\u015fbirli\u011fiyle sahnelenen oyun, bir anne, \u00fc\u00e7 o\u011flu ve ortada olmayan bir babay\u0131 merkezine koyuyor.<\/p>\n<p><img loading=\"lazy\" decoding=\"async\" class=\"alignnone size-full wp-image-24346\" src=\"http:\/\/balcilar-blog.com\/wp-content\/uploads\/2019\/03\/Gece-Sempozyumu-2-1.jpg\" alt=\"\" width=\"640\" height=\"427\" srcset=\"https:\/\/balcilar-blog.com\/wp-content\/uploads\/2019\/03\/Gece-Sempozyumu-2-1.jpg 640w, https:\/\/balcilar-blog.com\/wp-content\/uploads\/2019\/03\/Gece-Sempozyumu-2-1-300x200.jpg 300w\" sizes=\"auto, (max-width: 640px) 100vw, 640px\" \/><\/p>\n<p>Eric De Volder\u2019in oyunundan sahneye uyarlanan, y\u00f6netmenli\u011fini ise Mesut Arslan\u2019\u0131n \u00fcstlendi\u011fi \u2018Gece Sempozyumu\u2019nda hikayenin kahramanlar\u0131, plastik sanat\u00e7\u0131s\u0131 Lawrence Malstaf ve Meryem Bayram\u2019\u0131n tasarlad\u0131\u011f\u0131 kusursuz arenada, topa\u00e7lar ile birlikte hareket ederek ileti\u015fimin s\u0131n\u0131rlar\u0131n\u0131 ke\u015ffediyor. D\u00f6rt yan\u0131 izleyicilerle ku\u015fat\u0131lan oyunun karakterleri, tarih boyunca sistemlerin insanlara birbirlerinden daha fazla zarar verdiklerini g\u00f6zler \u00f6n\u00fcne serecek.<\/p>\n<p><img loading=\"lazy\" decoding=\"async\" class=\"alignnone size-full wp-image-24345\" src=\"http:\/\/balcilar-blog.com\/wp-content\/uploads\/2019\/03\/Gece-Sempozyumu-1.jpg\" alt=\"\" width=\"640\" height=\"427\" srcset=\"https:\/\/balcilar-blog.com\/wp-content\/uploads\/2019\/03\/Gece-Sempozyumu-1.jpg 640w, https:\/\/balcilar-blog.com\/wp-content\/uploads\/2019\/03\/Gece-Sempozyumu-1-300x200.jpg 300w\" sizes=\"auto, (max-width: 640px) 100vw, 640px\" \/><\/p>\n<p>G\u00fcven K\u0131ra\u00e7, Derya Alabora, Serhat K\u0131l\u0131\u00e7, Mert F\u0131rat (Ersin Umut G\u00fcler ile d\u00f6n\u00fc\u015f\u00fcml\u00fc), Ya\u015far Bayram G\u00fcl (G\u00f6khan Girginol ile d\u00f6n\u00fc\u015f\u00fcml\u00fc) ve Pervin Ba\u011fdat\u2019\u0131n rol ald\u0131\u011f\u0131 \u2018Gece Sempozyumu\u2019, s\u0131ra d\u0131\u015f\u0131 anlat\u0131s\u0131 ile bir aile trajedisini g\u00fcnl\u00fck bir rit\u00fcele \u00e7evirecek ve bireyler aras\u0131 ili\u015fki ile onlar\u0131n sistemle olan ili\u015fkisini masaya yat\u0131racak.<\/p>\n<p>\u2018Gece Sempozyumu\u2019, 29 Mart ak\u015fam\u0131 DasDas Sahne\u2019de arenas\u0131n\u0131 seyircilere a\u00e7acak.<\/p>\n<p>\u0130yi Seyirler<\/p>\n<p>Sayg\u0131lar ve sevgiler.<\/p>\n<p>Abdurrahman Balc\u0131lar<\/p>\n<p>Twitter : <a href=\"https:\/\/twitter.com\/abbalcilar\">abdurrahman balc\u0131lar<\/a><a href=\"https:\/\/twitter.com\/abbalcilar\"><strong>@abbalcilar<\/strong><\/a><\/p>\n<p>Mail :\u00a0<a href=\"mailto:ab.balcilar@hotmail.com\">ab.balcilar@hotmail.com<\/a><\/p>\n<p>Blog:\u00a0<a href=\"http:\/\/t.co\/znqmIZgIqn\">blog.milliyet.com.tr\/cansever<\/a><\/p>\n<p>\u015eahsi Blog:\u00a0<a href=\"http:\/\/balcilar-blog.com\/\">Abdurrahman Balc\u0131lar Blog Sayfas\u0131<\/a><\/p>\n<p>&nbsp;<\/p>\n<p class=\"x_MsoNormal\"><span class=\"x_m_7038683362355040543m_1649987234118992936gmail-None\"><b>Not: Kaynak Haber ve G\u00f6rseller ; Bas\u0131n \u0130leti\u015fim\u00a0<\/b><\/span><span class=\"x_m_7038683362355040543m_1649987234118992936gmail-None\"><b>Deposu\u00a0<\/b><\/span><span class=\"x_m_7038683362355040543m_1649987234118992936gmail-None\">Z\u00fcmr\u00fct Burul &#8211; \u0130rem T\u00fcmer<\/span><\/p>\n<\/div>\n<\/div>\n<\/div>\n<div>\n<div dir=\"ltr\">\n<div dir=\"ltr\">\n<div><\/div>\n<\/div>\n<\/div>\n<\/div>\n","protected":false},"excerpt":{"rendered":"<p>Mert F\u0131rat, Muzaffer Y\u0131ld\u0131r\u0131m, Koray Candemir, Didem Bal\u00e7\u0131n ve Harun Tekin bug\u00fcnlerde oyunbozanl\u0131k pe\u015finde. Bunu da, \u201ckitlelerin de\u011fil \u00fcretenlerin zevki\u201dni esas alan, sanatsal giri\u015fimlerin ekonomisini sa\u011flayacak ve onlara alan yaratacak bir mek\u00e2nla, DasDas\u2019la yapacaklar. Tiyatro, m\u00fczik, standup, at\u00f6lyeler ve yemek sanatlar\u0131\u2026 T\u00fcm bu bile\u015fenlerin k\u00fclt\u00fcrsanat alan\u0131nda nas\u0131l bir marka yarataca\u011f\u0131n\u0131 sormak i\u00e7in bir araya gelen [&hellip;]<\/p>\n","protected":false},"author":3,"featured_media":24344,"comment_status":"open","ping_status":"open","sticky":false,"template":"","format":"standard","meta":{"footnotes":""},"categories":[908],"tags":[1909,1906,1908,1907,678,1365,631],"class_list":["post-24343","post","type-post","status-publish","format-standard","has-post-thumbnail","hentry","category-tiyatro","tag-dasdas","tag-didem-barcin","tag-gece-sempozyumu","tag-harun-tekin","tag-koray-candemir","tag-mert-firat","tag-muzaffer-yildirim"],"views":4871,"blog_post_layout_featured_media_urls":{"thumbnail":["https:\/\/balcilar-blog.com\/wp-content\/uploads\/2019\/03\/dasdas-mert-firat-muzaffer--150x150.jpg",150,150,true],"full":["https:\/\/balcilar-blog.com\/wp-content\/uploads\/2019\/03\/dasdas-mert-firat-muzaffer-.jpg",640,478,false]},"categories_names":{"908":{"name":"Tiyatro","link":"https:\/\/balcilar-blog.com\/?cat=908"}},"tags_names":{"1909":{"name":"DasDas","link":"https:\/\/balcilar-blog.com\/?tag=dasdas"},"1906":{"name":"Didem Bar\u00e7\u0131n","link":"https:\/\/balcilar-blog.com\/?tag=didem-barcin"},"1908":{"name":"Gece Sempozyumu","link":"https:\/\/balcilar-blog.com\/?tag=gece-sempozyumu"},"1907":{"name":"Harun Tekin","link":"https:\/\/balcilar-blog.com\/?tag=harun-tekin"},"678":{"name":"Koray Candemir","link":"https:\/\/balcilar-blog.com\/?tag=koray-candemir"},"1365":{"name":"Mert F\u0131rat","link":"https:\/\/balcilar-blog.com\/?tag=mert-firat"},"631":{"name":"Muzaffer Y\u0131ld\u0131r\u0131m","link":"https:\/\/balcilar-blog.com\/?tag=muzaffer-yildirim"}},"comments_number":"1","wpmagazine_modules_lite_featured_media_urls":{"thumbnail":["https:\/\/balcilar-blog.com\/wp-content\/uploads\/2019\/03\/dasdas-mert-firat-muzaffer--150x150.jpg",150,150,true],"cvmm-medium":["https:\/\/balcilar-blog.com\/wp-content\/uploads\/2019\/03\/dasdas-mert-firat-muzaffer-.jpg",300,224,false],"cvmm-medium-plus":["https:\/\/balcilar-blog.com\/wp-content\/uploads\/2019\/03\/dasdas-mert-firat-muzaffer-.jpg",277,207,false],"cvmm-portrait":["https:\/\/balcilar-blog.com\/wp-content\/uploads\/2019\/03\/dasdas-mert-firat-muzaffer-.jpg",400,299,false],"cvmm-medium-square":["https:\/\/balcilar-blog.com\/wp-content\/uploads\/2019\/03\/dasdas-mert-firat-muzaffer-.jpg",600,448,false],"cvmm-large":["https:\/\/balcilar-blog.com\/wp-content\/uploads\/2019\/03\/dasdas-mert-firat-muzaffer-.jpg",640,478,false],"cvmm-small":["https:\/\/balcilar-blog.com\/wp-content\/uploads\/2019\/03\/dasdas-mert-firat-muzaffer-.jpg",127,95,false],"full":["https:\/\/balcilar-blog.com\/wp-content\/uploads\/2019\/03\/dasdas-mert-firat-muzaffer-.jpg",640,478,false]},"_links":{"self":[{"href":"https:\/\/balcilar-blog.com\/index.php?rest_route=\/wp\/v2\/posts\/24343","targetHints":{"allow":["GET"]}}],"collection":[{"href":"https:\/\/balcilar-blog.com\/index.php?rest_route=\/wp\/v2\/posts"}],"about":[{"href":"https:\/\/balcilar-blog.com\/index.php?rest_route=\/wp\/v2\/types\/post"}],"author":[{"embeddable":true,"href":"https:\/\/balcilar-blog.com\/index.php?rest_route=\/wp\/v2\/users\/3"}],"replies":[{"embeddable":true,"href":"https:\/\/balcilar-blog.com\/index.php?rest_route=%2Fwp%2Fv2%2Fcomments&post=24343"}],"version-history":[{"count":1,"href":"https:\/\/balcilar-blog.com\/index.php?rest_route=\/wp\/v2\/posts\/24343\/revisions"}],"predecessor-version":[{"id":24350,"href":"https:\/\/balcilar-blog.com\/index.php?rest_route=\/wp\/v2\/posts\/24343\/revisions\/24350"}],"wp:featuredmedia":[{"embeddable":true,"href":"https:\/\/balcilar-blog.com\/index.php?rest_route=\/wp\/v2\/media\/24344"}],"wp:attachment":[{"href":"https:\/\/balcilar-blog.com\/index.php?rest_route=%2Fwp%2Fv2%2Fmedia&parent=24343"}],"wp:term":[{"taxonomy":"category","embeddable":true,"href":"https:\/\/balcilar-blog.com\/index.php?rest_route=%2Fwp%2Fv2%2Fcategories&post=24343"},{"taxonomy":"post_tag","embeddable":true,"href":"https:\/\/balcilar-blog.com\/index.php?rest_route=%2Fwp%2Fv2%2Ftags&post=24343"}],"curies":[{"name":"wp","href":"https:\/\/api.w.org\/{rel}","templated":true}]}}