{"id":24320,"date":"2019-03-25T17:04:50","date_gmt":"2019-03-25T15:04:50","guid":{"rendered":"http:\/\/balcilar-blog.com\/?p=24320"},"modified":"2019-03-25T18:24:21","modified_gmt":"2019-03-25T16:24:21","slug":"cagatay-ulusoydan-bir-sevindirici-bir-uzucu-haber","status":"publish","type":"post","link":"https:\/\/balcilar-blog.com\/?p=24320","title":{"rendered":"\u00c7a\u011fatay Ulusoy&#8217;dan Bir Sevindirici, Bir \u00dcz\u00fcc\u00fc Haber!"},"content":{"rendered":"<p><img loading=\"lazy\" decoding=\"async\" class=\"alignnone size-full wp-image-24326\" src=\"http:\/\/balcilar-blog.com\/wp-content\/uploads\/2019\/03\/Dw9oF7eWoAAnVAw.jpg\" alt=\"\" width=\"619\" height=\"480\" srcset=\"https:\/\/balcilar-blog.com\/wp-content\/uploads\/2019\/03\/Dw9oF7eWoAAnVAw.jpg 619w, https:\/\/balcilar-blog.com\/wp-content\/uploads\/2019\/03\/Dw9oF7eWoAAnVAw-300x233.jpg 300w\" sizes=\"auto, (max-width: 619px) 100vw, 619px\" \/><\/p>\n<p>\u00c7a\u011fatay Ulusoydan bir sevindirici, bir \u00fcz\u00fcc\u00fc haber. Bildi\u011finiz gibi Ulusoy, Neflix&#8217;in \u0130nternet dizisi Hakan: Muhaf\u0131z&#8217;da ba\u015f rol oynuyor. Bu Hakan: Muhaf\u0131z dizisinin ilk sezonuna ait 10 b\u00f6l\u00fcm\u00fc yay\u0131nland\u0131. \u0130kinci sezona ait b\u00f6l\u00fcmler ge\u00e7ti\u011fimiz yaz \u00e7ekildi ve \u015fimdi de 26 Nisanda bu b\u00f6l\u00fcmler yay\u0131na verilecek. 3-4.sezonlar i\u00e7in de onay al\u0131nd\u0131. \u00dc\u00e7\u00fcnc\u00fc sezon \u00e7ekimlerine de May\u0131s ay\u0131 i\u00e7inde ba\u015flanacak ve sonra da 4.sezon \u00e7ekimlerine s\u0131ra gelecek.<\/p>\n<p>Ben hep ondan yeni bir sinema filmi bekliyorum. Dikkat ederseniz (onu ate\u015flemek i\u00e7in) \u00f6nerimi; Blog yaz\u0131lar\u0131mda yaz\u0131yorum.<\/p>\n<p>\u00d6nce sevindirici haberden bahsedelim. Okudu\u011fum bir habere g\u00f6re;<\/p>\n<div class=\"js-tweet-text-container\">\n<p class=\"TweetTextSize js-tweet-text tweet-text\" lang=\"tr\" data-aria-label-part=\"0\">\u00dcnl\u00fc y\u00f6netmen Tarantino merakla beklenen yeni filminde \u00c7a\u011fatay Ulusoy&#8217;a rol verece\u011fini a\u00e7\u0131klam\u0131\u015f. Konu\u015fmas\u0131n\u0131 \u015f\u00f6yle devam etmi\u015ftir. &#8220;The Protector&#8217;da \u00c7a\u011fatay&#8217;\u0131 \u00e7ok be\u011fenmi\u015ftim. \u00c7ok \u00e7al\u0131\u015fkan bir oyuncu. Onunla \u00e7al\u0131\u015fmak \u00e7ok keyif verici olacak.&#8221; demi\u015f. 5 Aral\u0131k Hakan: Muhaf\u0131z gala gecesinde \u00e7ok yak\u0131n olmu\u015flard\u0131.<\/p>\n<p lang=\"tr\" data-aria-label-part=\"0\"><img loading=\"lazy\" decoding=\"async\" class=\"alignnone size-full wp-image-24321\" src=\"http:\/\/balcilar-blog.com\/wp-content\/uploads\/2019\/03\/D2WTrUZXgAEgu2y.jpg\" alt=\"\" width=\"640\" height=\"479\" srcset=\"https:\/\/balcilar-blog.com\/wp-content\/uploads\/2019\/03\/D2WTrUZXgAEgu2y.jpg 640w, https:\/\/balcilar-blog.com\/wp-content\/uploads\/2019\/03\/D2WTrUZXgAEgu2y-300x225.jpg 300w\" sizes=\"auto, (max-width: 640px) 100vw, 640px\" \/><\/p>\n<p lang=\"tr\" data-aria-label-part=\"0\">Di\u011fer taraftan ge\u00e7ti\u011fimiz aylarda Los Angeles&#8217;teki United Talent Agency ajans\u0131 ile bir anla\u015fma imzalam\u0131\u015ft\u0131. Bir Hollywood yap\u0131mc\u0131n\u0131n sinema filminde k\u0131sa da olsa bir rol almas\u0131n\u0131 bekliyorum. Art\u0131k zaman\u0131 \u00e7oktan geldi.<\/p>\n<\/div>\n<p lang=\"tr\" data-aria-label-part=\"0\"><img loading=\"lazy\" decoding=\"async\" class=\"alignnone size-full wp-image-24327\" src=\"http:\/\/balcilar-blog.com\/wp-content\/uploads\/2019\/03\/D2ffJ5EX0AEgy8m.jpg\" alt=\"\" width=\"602\" height=\"480\" srcset=\"https:\/\/balcilar-blog.com\/wp-content\/uploads\/2019\/03\/D2ffJ5EX0AEgy8m.jpg 602w, https:\/\/balcilar-blog.com\/wp-content\/uploads\/2019\/03\/D2ffJ5EX0AEgy8m-300x239.jpg 300w\" sizes=\"auto, (max-width: 602px) 100vw, 602px\" \/><\/p>\n<div class=\"js-tweet-text-container\">\n<p lang=\"tr\" data-aria-label-part=\"0\">Gelelim beni hi\u00e7 memnun etmeyen k\u00f6t\u00fc habere&#8230; Bir magazin gazetesinde \u00c7a\u011fatay Ulusoy&#8217;un ticarete at\u0131laca\u011f\u0131n\u0131 yaz\u0131yordu. Los Angeles&#8217;te T\u00fcrk yemeklerinden Mant\u0131, \u00e7ay, kahve ve T\u00fcrk Lokumu gibi lezzetleri satacakm\u0131\u015f. Herkes biliyor Ulusoy&#8217;un on parma\u011f\u0131nda on marifet var. Yapar ama, bu i\u015fler onun i\u015fi de\u011fil, b\u0131rak\u0131n bu i\u015fleri ba\u015fkalar\u0131 yaps\u0131n, yapt\u0131rs\u0131n. O sanat\u0131n\u0131 icra etmeli, herkes bildi\u011fi i\u015fi yaps\u0131n&#8230; T\u00fcrk seyircisi, D\u00fcnya Seyircisi onu oyunculu\u011fu ile tan\u0131d\u0131. Ondan beklentileri \u00e7ok daha b\u00fcy\u00fck. \u00c7a\u011fatay&#8217;da kameralar\u0131n \u00e7ok sevdi\u011fi bir ekran y\u00fcz\u00fc, tipi ve oyunculu\u011fu var. \u015eu yapt\u0131\u011f\u0131 5-6 dizi ya da sinema filminden \u00e7ok daha kaliteli, onu Hollywood&#8217;a ta\u015f\u0131yacak yap\u0131mlara y\u00f6nelmeli. \u00c7a\u011fatay&#8217;\u0131n y\u00fcz\u00fcne de s\u00f6yledim, ben kendisini o\u011flum gibi severim, y\u0131llarca ticaret yapt\u0131m. O i\u015fler ekip i\u015fi, adam \u00e7al\u0131\u015ft\u0131rmak \u00e7ok zor ve zahmetli i\u015f ve kafa yorar, sanat\u0131n\u0131 sekteye vurur.<\/p>\n<p lang=\"tr\" data-aria-label-part=\"0\"><img loading=\"lazy\" decoding=\"async\" class=\"alignnone size-full wp-image-24324\" src=\"http:\/\/balcilar-blog.com\/wp-content\/uploads\/2019\/03\/D0A3PCkW0AANYEq.jpg\" alt=\"\" width=\"480\" height=\"604\" srcset=\"https:\/\/balcilar-blog.com\/wp-content\/uploads\/2019\/03\/D0A3PCkW0AANYEq.jpg 480w, https:\/\/balcilar-blog.com\/wp-content\/uploads\/2019\/03\/D0A3PCkW0AANYEq-238x300.jpg 238w\" sizes=\"auto, (max-width: 480px) 100vw, 480px\" \/><\/p>\n<p lang=\"tr\" data-aria-label-part=\"0\">Haz\u0131r ABD&#8217;de sanat d\u00fcnyas\u0131 ve Hollywood&#8217;a \u00e7ok yak\u0131nken o oyunculu\u011fa, b\u00fct\u00fcn enerjisini o y\u00f6nde harcamal\u0131. D\u00fcnya Sanat\u00e7\u0131s\u0131 olma yolunda, daha yolun ba\u015f\u0131nda \u00e7ok daha ba\u015far\u0131l\u0131 olaca\u011f\u0131, b\u0131rak\u0131n para kazanaca\u011f\u0131 onu \u00e7ok daha mutlu edecek sanat\u0131 var. Hep s\u00f6yler, hisleri onu do\u011fru yolu bulduracak iki defa d\u00fc\u015f\u00fcn\u00fcp karar vermesini diler ve beklerim.<\/p>\n<\/div>\n<p lang=\"tr\" data-aria-label-part=\"0\"><img loading=\"lazy\" decoding=\"async\" class=\"alignnone size-full wp-image-24323\" src=\"http:\/\/balcilar-blog.com\/wp-content\/uploads\/2019\/03\/DyzAyaaWkAAhcaG.jpg\" alt=\"\" width=\"607\" height=\"480\" srcset=\"https:\/\/balcilar-blog.com\/wp-content\/uploads\/2019\/03\/DyzAyaaWkAAhcaG.jpg 607w, https:\/\/balcilar-blog.com\/wp-content\/uploads\/2019\/03\/DyzAyaaWkAAhcaG-300x237.jpg 300w\" sizes=\"auto, (max-width: 607px) 100vw, 607px\" \/><\/p>\n<div class=\"js-tweet-text-container\">\n<p lang=\"tr\" data-aria-label-part=\"0\">\u00c7a\u011fatay Ulusoy&#8217;un ya\u015f\u0131 hen\u00fcz \u00e7ok gen\u00e7, d\u00fc\u015f\u00fcnd\u00fc\u011f\u00fc i\u015fleri yapacak daha \u00e7ok zaman\u0131 olacakt\u0131r. Milyonlarca D\u00fcnya seyircisi onu \u00e7ok daha kaliteli yap\u0131mlarda oyunculu\u011funu g\u00f6rmek istiyor.<\/p>\n<p lang=\"tr\" data-aria-label-part=\"0\">\u00c7a\u011fatay&#8217;a son s\u00f6z\u00fcm; Bir koltu\u011fa iki karpuz s\u0131\u011fmaz. Biri mutlaka d\u00fc\u015fer, par\u00e7alan\u0131r. Yine de her \u015feyin do\u011frusunu kendisi bilir.\u00a0 Ona en yak\u0131n menajeri Engin Aykanat var. Birlikte en do\u011fru karar\u0131 vereceklerdir.<\/p>\n<p lang=\"tr\" data-aria-label-part=\"0\">Yolun a\u00e7\u0131k olsun \u00c7a\u011fatay&#8230; Milyonlar seni ekranlarda g\u00f6rmek, sinema perdesinde izlemek istiyor, Unutma&#8230;<\/p>\n<p>Sayg\u0131lar ve sevgiler.<\/p>\n<p>Abdurrahman Balc\u0131lar<\/p>\n<p>Twitter : <a href=\"https:\/\/twitter.com\/abbalcilar\">abdurrahman balc\u0131lar<\/a><a href=\"https:\/\/twitter.com\/abbalcilar\"><strong>@abbalcilar<\/strong><\/a><\/p>\n<p>Mail :\u00a0<a href=\"mailto:ab.balcilar@hotmail.com\">ab.balcilar@hotmail.com<\/a><\/p>\n<p>Blog:\u00a0<a href=\"http:\/\/t.co\/znqmIZgIqn\">blog.milliyet.com.tr\/cansever<\/a><\/p>\n<p>\u015eahsi Blog:\u00a0<a href=\"http:\/\/balcilar-blog.com\/\">Abdurrahman Balc\u0131lar Blog Sayfas\u0131<\/a><\/p>\n<div class=\"AdaptiveMediaOuterContainer\">\n<div class=\"AdaptiveMedia is-square \">\n<div class=\"AdaptiveMedia-container\">\n<div class=\"AdaptiveMedia-singlePhoto\"><\/div>\n<\/div>\n<\/div>\n<\/div>\n<\/div>\n","protected":false},"excerpt":{"rendered":"<p>\u00c7a\u011fatay Ulusoydan bir sevindirici, bir \u00fcz\u00fcc\u00fc haber. Bildi\u011finiz gibi Ulusoy, Neflix&#8217;in \u0130nternet dizisi Hakan: Muhaf\u0131z&#8217;da ba\u015f rol oynuyor. Bu Hakan: Muhaf\u0131z dizisinin ilk sezonuna ait 10 b\u00f6l\u00fcm\u00fc yay\u0131nland\u0131. \u0130kinci sezona ait b\u00f6l\u00fcmler ge\u00e7ti\u011fimiz yaz \u00e7ekildi ve \u015fimdi de 26 Nisanda bu b\u00f6l\u00fcmler yay\u0131na verilecek. 3-4.sezonlar i\u00e7in de onay al\u0131nd\u0131. \u00dc\u00e7\u00fcnc\u00fc sezon \u00e7ekimlerine de May\u0131s ay\u0131 [&hellip;]<\/p>\n","protected":false},"author":3,"featured_media":24326,"comment_status":"open","ping_status":"open","sticky":false,"template":"","format":"standard","meta":{"footnotes":""},"categories":[7],"tags":[15,1843,809,835,1478,1660],"class_list":["post-24320","post","type-post","status-publish","format-standard","has-post-thumbnail","hentry","category-magazin","tag-cagatay-ulusoy","tag-hakan-muhafiz","tag-hollywood","tag-los-angeles","tag-netflix","tag-the-protector"],"views":7299,"blog_post_layout_featured_media_urls":{"thumbnail":["https:\/\/balcilar-blog.com\/wp-content\/uploads\/2019\/03\/Dw9oF7eWoAAnVAw-150x150.jpg",150,150,true],"full":["https:\/\/balcilar-blog.com\/wp-content\/uploads\/2019\/03\/Dw9oF7eWoAAnVAw.jpg",619,480,false]},"categories_names":{"7":{"name":"Magazin","link":"https:\/\/balcilar-blog.com\/?cat=7"}},"tags_names":{"15":{"name":"\u00e7a\u011fatay ulusoy","link":"https:\/\/balcilar-blog.com\/?tag=cagatay-ulusoy"},"1843":{"name":"Hakan: Muhaf\u0131z","link":"https:\/\/balcilar-blog.com\/?tag=hakan-muhafiz"},"809":{"name":"Hollywood","link":"https:\/\/balcilar-blog.com\/?tag=hollywood"},"835":{"name":"Los Angeles","link":"https:\/\/balcilar-blog.com\/?tag=los-angeles"},"1478":{"name":"Netflix","link":"https:\/\/balcilar-blog.com\/?tag=netflix"},"1660":{"name":"The Protector","link":"https:\/\/balcilar-blog.com\/?tag=the-protector"}},"comments_number":"1","wpmagazine_modules_lite_featured_media_urls":{"thumbnail":["https:\/\/balcilar-blog.com\/wp-content\/uploads\/2019\/03\/Dw9oF7eWoAAnVAw-150x150.jpg",150,150,true],"cvmm-medium":["https:\/\/balcilar-blog.com\/wp-content\/uploads\/2019\/03\/Dw9oF7eWoAAnVAw.jpg",300,233,false],"cvmm-medium-plus":["https:\/\/balcilar-blog.com\/wp-content\/uploads\/2019\/03\/Dw9oF7eWoAAnVAw.jpg",267,207,false],"cvmm-portrait":["https:\/\/balcilar-blog.com\/wp-content\/uploads\/2019\/03\/Dw9oF7eWoAAnVAw.jpg",400,310,false],"cvmm-medium-square":["https:\/\/balcilar-blog.com\/wp-content\/uploads\/2019\/03\/Dw9oF7eWoAAnVAw.jpg",600,465,false],"cvmm-large":["https:\/\/balcilar-blog.com\/wp-content\/uploads\/2019\/03\/Dw9oF7eWoAAnVAw.jpg",619,480,false],"cvmm-small":["https:\/\/balcilar-blog.com\/wp-content\/uploads\/2019\/03\/Dw9oF7eWoAAnVAw.jpg",123,95,false],"full":["https:\/\/balcilar-blog.com\/wp-content\/uploads\/2019\/03\/Dw9oF7eWoAAnVAw.jpg",619,480,false]},"_links":{"self":[{"href":"https:\/\/balcilar-blog.com\/index.php?rest_route=\/wp\/v2\/posts\/24320","targetHints":{"allow":["GET"]}}],"collection":[{"href":"https:\/\/balcilar-blog.com\/index.php?rest_route=\/wp\/v2\/posts"}],"about":[{"href":"https:\/\/balcilar-blog.com\/index.php?rest_route=\/wp\/v2\/types\/post"}],"author":[{"embeddable":true,"href":"https:\/\/balcilar-blog.com\/index.php?rest_route=\/wp\/v2\/users\/3"}],"replies":[{"embeddable":true,"href":"https:\/\/balcilar-blog.com\/index.php?rest_route=%2Fwp%2Fv2%2Fcomments&post=24320"}],"version-history":[{"count":6,"href":"https:\/\/balcilar-blog.com\/index.php?rest_route=\/wp\/v2\/posts\/24320\/revisions"}],"predecessor-version":[{"id":24333,"href":"https:\/\/balcilar-blog.com\/index.php?rest_route=\/wp\/v2\/posts\/24320\/revisions\/24333"}],"wp:featuredmedia":[{"embeddable":true,"href":"https:\/\/balcilar-blog.com\/index.php?rest_route=\/wp\/v2\/media\/24326"}],"wp:attachment":[{"href":"https:\/\/balcilar-blog.com\/index.php?rest_route=%2Fwp%2Fv2%2Fmedia&parent=24320"}],"wp:term":[{"taxonomy":"category","embeddable":true,"href":"https:\/\/balcilar-blog.com\/index.php?rest_route=%2Fwp%2Fv2%2Fcategories&post=24320"},{"taxonomy":"post_tag","embeddable":true,"href":"https:\/\/balcilar-blog.com\/index.php?rest_route=%2Fwp%2Fv2%2Ftags&post=24320"}],"curies":[{"name":"wp","href":"https:\/\/api.w.org\/{rel}","templated":true}]}}