{"id":24291,"date":"2019-03-24T19:10:12","date_gmt":"2019-03-24T17:10:12","guid":{"rendered":"http:\/\/balcilar-blog.com\/?p=24291"},"modified":"2019-03-24T21:24:21","modified_gmt":"2019-03-24T19:24:21","slug":"hercai-10-numara-bir-dizi","status":"publish","type":"post","link":"https:\/\/balcilar-blog.com\/?p=24291","title":{"rendered":"&#8220;Hercai&#8221; 10 Numara Bir Dizi!"},"content":{"rendered":"<p><img loading=\"lazy\" decoding=\"async\" class=\"alignnone size-full wp-image-24301\" src=\"http:\/\/balcilar-blog.com\/wp-content\/uploads\/2019\/03\/Hercai-konusu-nedir-Herc.jpg\" alt=\"\" width=\"640\" height=\"377\" srcset=\"https:\/\/balcilar-blog.com\/wp-content\/uploads\/2019\/03\/Hercai-konusu-nedir-Herc.jpg 640w, https:\/\/balcilar-blog.com\/wp-content\/uploads\/2019\/03\/Hercai-konusu-nedir-Herc-300x177.jpg 300w\" sizes=\"auto, (max-width: 640px) 100vw, 640px\" \/><\/p>\n<p>Mia Yap\u0131m&#8217;\u0131n &#8220;Hercai&#8221; dizisi \u00e7ok iyi bir ba\u015flang\u0131\u00e7 yapt\u0131. Y\u00f6netmenli\u011fini Cem Karc\u0131&#8217;n\u0131n yapt\u0131\u011f\u0131, senaryosunu Eda Tezcan ve Feraye \u015eahin&#8217;\u0131n yazd\u0131\u011f\u0131 dizinin d\u00fcn ak\u015fam 2.b\u00f6l\u00fcm\u00fc ekranlara geldi.<\/p>\n<p>Hercai&#8217;nin oyuncu kadrosu: Ak\u0131n Ak\u0131n\u00f6z\u00fc (Miran Aslanbey), Ebru \u015eahin (Reyyan \u015eado\u011flu), Ayda Aksel (Azize Aslanbey), Serhat Tutumluer (Hazar \u015eado\u011flu), Macit Sonkan (Nasuh \u015eado\u011flu), G\u00fcl\u00e7in Sant\u0131rc\u0131o\u011flu (Sultan Aslanbey), Oya Unustas\u0131 (G\u00f6n\u00fcl Aslanbey), \u0130lay Erk\u00f6k (Yaren \u015eado\u011flu) ve Tansu Ta\u015fanlar (Azad \u015eado\u011flu)<\/p>\n<p><strong>K\u0131saca Konusu:<\/strong><\/p>\n<p>Midyat&#8217;a, \u0130stanbullu bir i\u015f adam\u0131 olarak gelen Miran Aslanbey, Nasuh \u015eado\u011flu&#8217;na ortakl\u0131ktan fazlas\u0131n\u0131 teklif eder ve torunu Reyyan&#8217;\u0131 da ister. Ancak y\u00f6renin en g\u00fc\u00e7l\u00fc aile reisi Nasuh&#8217;un \u00e7ok iyi bir k\u0131smet dedi\u011fi Miran i\u00e7in farkl\u0131 planlar\u0131 vard\u0131r. Ona bir torun verecektir ama istedi\u011fi torunu de\u011fil. Nasuh, Miran&#8217;\u0131 kendi plan\u0131na ikna etmeye \u00e7al\u0131\u015f\u0131rken, Miran&#8217;\u0131n planlar\u0131ndan habersizdir. \u0130ki erkek aras\u0131ndaki verilecek karar merakla beklenirken, gelen haber Reyyan ve Yaren&#8217;in hayat\u0131n\u0131 derinden etkileyecektir. Midyat&#8217;\u0131n binlerce y\u0131ll\u0131k ge\u00e7mi\u015finin izleri \u00fczerinde ye\u015feren bir a\u015fk hikayesi, iki ailenin kaderini nas\u0131l etkileyecek? \u0130stanbullu yak\u0131\u015f\u0131kl\u0131 i\u015f adam\u0131 ile Midyat&#8217;\u0131n g\u00fczelli\u011fi dillere destan Reyyan ile evlenmek ister.<\/p>\n<p>Hercai Mardin&#8217;in Midyat il\u00e7esinde &#8220;Midyat Konuk Evi M\u00fczesi&#8221; olarak bilinen Mardin Midyat S\u0131la Kona\u011f\u0131&#8217;nda \u00e7ekiliyormu\u015f. S\u0131la Kona\u011f\u0131&#8217;n\u0131n ismi ge\u00e7mi\u015fte \u00e7ok ba\u015far\u0131l\u0131 bir yap\u0131t olan &#8216;S\u0131la&#8217; dizisinden geliyor. Konak, gerek mimari yap\u0131s\u0131, gerekse tarihi havas\u0131 ve g\u00f6rkemi ile dikkati \u00e7ekiyor.<\/p>\n<p><img loading=\"lazy\" decoding=\"async\" class=\"alignnone size-full wp-image-24297\" src=\"http:\/\/balcilar-blog.com\/wp-content\/uploads\/2019\/03\/hercai-da.jpg\" alt=\"\" width=\"640\" height=\"354\" srcset=\"https:\/\/balcilar-blog.com\/wp-content\/uploads\/2019\/03\/hercai-da.jpg 640w, https:\/\/balcilar-blog.com\/wp-content\/uploads\/2019\/03\/hercai-da-300x166.jpg 300w\" sizes=\"auto, (max-width: 640px) 100vw, 640px\" \/><\/p>\n<p>\u0130lk b\u00f6l\u00fcm\u00fc 15 Mart Cuma ak\u015fam\u0131 yay\u0131nlanan dizi, daha ilk b\u00f6l\u00fcmde ald\u0131\u011f\u0131 reyting puan\u0131 ile kendini g\u00f6stermi\u015ftir. Total grubunda; 5,85, AB grubunda 3,56 puan alm\u0131\u015ft\u0131r. Cuma ak\u015fam\u0131 ekranlara gelen 2.b\u00f6l\u00fcm\u00fc ile Totalde ald\u0131\u011f\u0131 9,92 puanla gecenin birincisi olmu\u015ftur. AB&#8217;de de k\u00fc\u00e7\u00fcmsenmeyecek 6,79 puan alm\u0131\u015ft\u0131r. Atv ekranlar\u0131nda yay\u0131nlanan bu G\u00fcneydo\u011fu Anadolu dizisi\u00a0 tuttu demektir.<\/p>\n<p>&nbsp;<\/p>\n<p><img loading=\"lazy\" decoding=\"async\" class=\"alignnone size-full wp-image-24298\" src=\"http:\/\/balcilar-blog.com\/wp-content\/uploads\/2019\/03\/632x314-hercai-dizisi-bu-aksam-b.jpg\" alt=\"\" width=\"640\" height=\"318\" srcset=\"https:\/\/balcilar-blog.com\/wp-content\/uploads\/2019\/03\/632x314-hercai-dizisi-bu-aksam-b.jpg 640w, https:\/\/balcilar-blog.com\/wp-content\/uploads\/2019\/03\/632x314-hercai-dizisi-bu-aksam-b-300x149.jpg 300w\" sizes=\"auto, (max-width: 640px) 100vw, 640px\" \/><\/p>\n<p>Mardin y\u00f6re d\u00fc\u011f\u00fcnlerine \u00f6zg\u00fc gelenekler \u00e7er\u00e7evesinde ger\u00e7ekle\u015ftirilen d\u00fc\u011f\u00fcn y\u00f6reni, hem g\u00f6rsel, hem m\u00fczik ve y\u00f6re oyunlar\u0131 olarak g\u00f6r\u00fclmeye de\u011ferdi.<\/p>\n<p>Miran&#8217;\u0131n Reyyan&#8217;a sal\u0131ncak testi \u00e7ok cesurcayd\u0131. Tepedeki bu testi Reyyan da ge\u00e7ti. Benim bile seyrederken y\u00fcre\u011fim a\u011fz\u0131ma geldi. Miran Reyyan&#8217;\u0131 \u00e7ok sevmi\u015f olacak ki, &#8220;Ne kadar uza\u011fa gidersen git hep bulaca\u011f\u0131m seni, ne zaman d\u00fc\u015fecek olsan tutaca\u011f\u0131m seni, i\u015fte b\u00f6yle s\u0131r\u0131ls\u0131klam.&#8221;<\/p>\n<p>Reyyan: &#8220;Ya tutamazsan, ya d\u00fc\u015fersem.&#8221;<\/p>\n<p>Miran; &#8220;O zaman ben de atlar\u0131m arkandan, ben de d\u00fc\u015ferim seninle.&#8221;<\/p>\n<p>Ve Reyyan kendisini sevdi\u011fini anlar.<\/p>\n<p><img loading=\"lazy\" decoding=\"async\" class=\"alignnone size-full wp-image-24296\" src=\"http:\/\/balcilar-blog.com\/wp-content\/uploads\/2019\/03\/herca.jpg\" alt=\"\" width=\"640\" height=\"366\" srcset=\"https:\/\/balcilar-blog.com\/wp-content\/uploads\/2019\/03\/herca.jpg 640w, https:\/\/balcilar-blog.com\/wp-content\/uploads\/2019\/03\/herca-300x172.jpg 300w\" sizes=\"auto, (max-width: 640px) 100vw, 640px\" \/><\/p>\n<p>Kan, kin, intikam duygular\u0131 ile depre\u015fmi\u015f bir dizi&#8230; Karde\u015f, ye\u011fen, akraba ve h\u0131s\u0131ml\u0131\u011f\u0131n hi\u00e7 \u00f6nemi yok. \u00d6fke var, kan var, intikam duygular\u0131 var.<\/p>\n<p>\u0130lk iki b\u00f6l\u00fcmde olanlar, gelecekte olacaklar\u0131n aynas\u0131 gibiydi. Her \u015fey vard\u0131, \u00d6fke, kin, intikam ve kan&#8230;<\/p>\n<p>Miran, Reyyan&#8217;a yapt\u0131\u011f\u0131 k\u00f6t\u00fcl\u00fc\u011f\u00fcn cezas\u0131n\u0131 \u00e7ekecek mi? Reyyan intikam\u0131n\u0131 nas\u0131l alacak! Amca k\u0131z\u0131 Yaren&#8217;\u0131n ah\u0131 tutacak m\u0131?<\/p>\n<p>G\u00fcneydo\u011fu t\u00f6re yasas\u0131 o kadar kat\u0131 ki&#8230; Seven kalpleri bile ta\u015fla\u015ft\u0131r\u0131yor. Miran Reyhan&#8217;\u0131 \u00e7ok sevmi\u015fti ama; nafile .. T\u00f6re yasas\u0131, intikam u\u011fruna, kirli bir \u00e7ama\u015f\u0131r gibi arkas\u0131nda b\u0131rak\u0131yor, g\u00f6zya\u015flar\u0131 i\u00e7inde terk etmek zorunda kal\u0131yor. Ve 2.b\u00f6l\u00fcm burada sona eriyor.<\/p>\n<p><img loading=\"lazy\" decoding=\"async\" class=\"alignnone size-full wp-image-24300\" src=\"http:\/\/balcilar-blog.com\/wp-content\/uploads\/2019\/03\/cats-2-1.jpg\" alt=\"\" width=\"640\" height=\"279\" srcset=\"https:\/\/balcilar-blog.com\/wp-content\/uploads\/2019\/03\/cats-2-1.jpg 640w, https:\/\/balcilar-blog.com\/wp-content\/uploads\/2019\/03\/cats-2-1-300x131.jpg 300w\" sizes=\"auto, (max-width: 640px) 100vw, 640px\" \/><\/p>\n<p>Neler olacak \u00f6n\u00fcm\u00fczdeki 29 Mart Cuma ak\u015fam\u0131 3.b\u00f6l\u00fcmde g\u00f6rece\u011fiz. Yine izleyici be\u011fenileri do\u011frultusunda reytinglerin tepesinde yer alacak bir yap\u0131m olarak g\u00f6z\u00fck\u00fcyor. Parantez i\u00e7inde s\u00f6yl\u00fcyorum bana g\u00f6re 10 numara bir dizi&#8230;<\/p>\n<p>Sayg\u0131lar ve sevgiler.<\/p>\n<p>Abdurrahman Balc\u0131lar<\/p>\n<p>Twitter : <a href=\"https:\/\/twitter.com\/abbalcilar\">abdurrahman balc\u0131lar<\/a><a href=\"https:\/\/twitter.com\/abbalcilar\"><strong>@abbalcilar<\/strong><\/a><\/p>\n<p>Mail :\u00a0<a href=\"mailto:ab.balcilar@hotmail.com\">ab.balcilar@hotmail.com<\/a><\/p>\n<p>Blog:\u00a0<a href=\"http:\/\/t.co\/znqmIZgIqn\">blog.milliyet.com.tr\/cansever<\/a><\/p>\n<p>\u015eahsi Blog:\u00a0<a href=\"http:\/\/balcilar-blog.com\/\">Abdurrahman Balc\u0131lar Blog Sayfas\u0131<\/a><\/p>\n","protected":false},"excerpt":{"rendered":"<p>Mia Yap\u0131m&#8217;\u0131n &#8220;Hercai&#8221; dizisi \u00e7ok iyi bir ba\u015flang\u0131\u00e7 yapt\u0131. Y\u00f6netmenli\u011fini Cem Karc\u0131&#8217;n\u0131n yapt\u0131\u011f\u0131, senaryosunu Eda Tezcan ve Feraye \u015eahin&#8217;\u0131n yazd\u0131\u011f\u0131 dizinin d\u00fcn ak\u015fam 2.b\u00f6l\u00fcm\u00fc ekranlara geldi. Hercai&#8217;nin oyuncu kadrosu: Ak\u0131n Ak\u0131n\u00f6z\u00fc (Miran Aslanbey), Ebru \u015eahin (Reyyan \u015eado\u011flu), Ayda Aksel (Azize Aslanbey), Serhat Tutumluer (Hazar \u015eado\u011flu), Macit Sonkan (Nasuh \u015eado\u011flu), G\u00fcl\u00e7in Sant\u0131rc\u0131o\u011flu (Sultan Aslanbey), Oya Unustas\u0131 [&hellip;]<\/p>\n","protected":false},"author":3,"featured_media":24301,"comment_status":"open","ping_status":"open","sticky":false,"template":"","format":"standard","meta":{"footnotes":""},"categories":[2],"tags":[1901,1902,1899,1900],"class_list":["post-24291","post","type-post","status-publish","format-standard","has-post-thumbnail","hentry","category-tv-programlari","tag-akin-akinozu","tag-ebru-sahin","tag-hercai","tag-mia-yapim"],"views":2804,"blog_post_layout_featured_media_urls":{"thumbnail":["https:\/\/balcilar-blog.com\/wp-content\/uploads\/2019\/03\/Hercai-konusu-nedir-Herc-150x150.jpg",150,150,true],"full":["https:\/\/balcilar-blog.com\/wp-content\/uploads\/2019\/03\/Hercai-konusu-nedir-Herc.jpg",640,377,false]},"categories_names":{"2":{"name":"TV Programlar\u0131","link":"https:\/\/balcilar-blog.com\/?cat=2"}},"tags_names":{"1901":{"name":"Ak\u0131n Ak\u0131n\u00f6z\u00fc","link":"https:\/\/balcilar-blog.com\/?tag=akin-akinozu"},"1902":{"name":"Ebru \u015eahin","link":"https:\/\/balcilar-blog.com\/?tag=ebru-sahin"},"1899":{"name":"Hercai","link":"https:\/\/balcilar-blog.com\/?tag=hercai"},"1900":{"name":"Mia Yap\u0131m","link":"https:\/\/balcilar-blog.com\/?tag=mia-yapim"}},"comments_number":"0","wpmagazine_modules_lite_featured_media_urls":{"thumbnail":["https:\/\/balcilar-blog.com\/wp-content\/uploads\/2019\/03\/Hercai-konusu-nedir-Herc-150x150.jpg",150,150,true],"cvmm-medium":["https:\/\/balcilar-blog.com\/wp-content\/uploads\/2019\/03\/Hercai-konusu-nedir-Herc.jpg",300,177,false],"cvmm-medium-plus":["https:\/\/balcilar-blog.com\/wp-content\/uploads\/2019\/03\/Hercai-konusu-nedir-Herc.jpg",305,180,false],"cvmm-portrait":["https:\/\/balcilar-blog.com\/wp-content\/uploads\/2019\/03\/Hercai-konusu-nedir-Herc.jpg",400,236,false],"cvmm-medium-square":["https:\/\/balcilar-blog.com\/wp-content\/uploads\/2019\/03\/Hercai-konusu-nedir-Herc.jpg",600,353,false],"cvmm-large":["https:\/\/balcilar-blog.com\/wp-content\/uploads\/2019\/03\/Hercai-konusu-nedir-Herc.jpg",640,377,false],"cvmm-small":["https:\/\/balcilar-blog.com\/wp-content\/uploads\/2019\/03\/Hercai-konusu-nedir-Herc.jpg",130,77,false],"full":["https:\/\/balcilar-blog.com\/wp-content\/uploads\/2019\/03\/Hercai-konusu-nedir-Herc.jpg",640,377,false]},"_links":{"self":[{"href":"https:\/\/balcilar-blog.com\/index.php?rest_route=\/wp\/v2\/posts\/24291","targetHints":{"allow":["GET"]}}],"collection":[{"href":"https:\/\/balcilar-blog.com\/index.php?rest_route=\/wp\/v2\/posts"}],"about":[{"href":"https:\/\/balcilar-blog.com\/index.php?rest_route=\/wp\/v2\/types\/post"}],"author":[{"embeddable":true,"href":"https:\/\/balcilar-blog.com\/index.php?rest_route=\/wp\/v2\/users\/3"}],"replies":[{"embeddable":true,"href":"https:\/\/balcilar-blog.com\/index.php?rest_route=%2Fwp%2Fv2%2Fcomments&post=24291"}],"version-history":[{"count":10,"href":"https:\/\/balcilar-blog.com\/index.php?rest_route=\/wp\/v2\/posts\/24291\/revisions"}],"predecessor-version":[{"id":24309,"href":"https:\/\/balcilar-blog.com\/index.php?rest_route=\/wp\/v2\/posts\/24291\/revisions\/24309"}],"wp:featuredmedia":[{"embeddable":true,"href":"https:\/\/balcilar-blog.com\/index.php?rest_route=\/wp\/v2\/media\/24301"}],"wp:attachment":[{"href":"https:\/\/balcilar-blog.com\/index.php?rest_route=%2Fwp%2Fv2%2Fmedia&parent=24291"}],"wp:term":[{"taxonomy":"category","embeddable":true,"href":"https:\/\/balcilar-blog.com\/index.php?rest_route=%2Fwp%2Fv2%2Fcategories&post=24291"},{"taxonomy":"post_tag","embeddable":true,"href":"https:\/\/balcilar-blog.com\/index.php?rest_route=%2Fwp%2Fv2%2Ftags&post=24291"}],"curies":[{"name":"wp","href":"https:\/\/api.w.org\/{rel}","templated":true}]}}