{"id":24269,"date":"2019-03-20T17:34:36","date_gmt":"2019-03-20T15:34:36","guid":{"rendered":"http:\/\/balcilar-blog.com\/?p=24269"},"modified":"2019-03-20T17:34:36","modified_gmt":"2019-03-20T15:34:36","slug":"kuzgun-dila-ile-kuzgun-cocukluk-aski-yasarlar-intikam-atesi-ile-yanan-2-gencin-ask-hikayesi","status":"publish","type":"post","link":"https:\/\/balcilar-blog.com\/?p=24269","title":{"rendered":"Kuzgun; Dila ile Kuzgun \u00c7ocukluk A\u015fk\u0131 Ya\u015farlar &#8211; \u0130ntikam Ate\u015fi ile Yanan 2 Gencin A\u015fk Hikayesi!"},"content":{"rendered":"<p><img loading=\"lazy\" decoding=\"async\" class=\"alignnone size-full wp-image-24271\" src=\"http:\/\/balcilar-blog.com\/wp-content\/uploads\/2019\/03\/52d3b38e-ca7.jpg\" alt=\"\" width=\"640\" height=\"359\" srcset=\"https:\/\/balcilar-blog.com\/wp-content\/uploads\/2019\/03\/52d3b38e-ca7.jpg 640w, https:\/\/balcilar-blog.com\/wp-content\/uploads\/2019\/03\/52d3b38e-ca7-300x168.jpg 300w\" sizes=\"auto, (max-width: 640px) 100vw, 640px\" \/><\/p>\n<p>Ay Yap\u0131m&#8217;\u0131n yap\u0131mc\u0131l\u0131\u011f\u0131n\u0131 \u00fcstlendi\u011fi, y\u00f6netmenli\u011fini Bahad\u0131r \u0130nce&#8217;nin yapt\u0131\u011f\u0131 ve Senaryosunu\u00a0Burcu G\u00f6rg\u00fcn Topta\u015f &#8211; \u00d6zlem Y\u0131lmaz&#8217;\u0131n yapt\u0131\u011f\u0131 Kuzgun&#8217;un bu ak\u015fam 6.b\u00f6l\u00fcm\u00fc ekranlara geliyor.<\/p>\n<p>Ba\u015fl\u0131ca Rollerini; Bar\u0131\u015f Ardu\u00e7 (Kuzgun), Burcu Biricik (Dila), Hatice Aslan (Meryem), Settar Tanr\u0131 \u00d6ven (Dervi\u015f), Levent \u00dclgen (R\u0131fat) ve Caner \u015eahin (Kartal) rol al\u0131yor.<\/p>\n<p>Kuzgun ile Bora aras\u0131ndaki b\u00fcy\u00fck sava\u015fta bundan sonra neler ya\u015fanacak ?<\/p>\n<p><img loading=\"lazy\" decoding=\"async\" class=\"alignnone size-full wp-image-24274\" src=\"http:\/\/balcilar-blog.com\/wp-content\/uploads\/2019\/03\/80679.jpg\" alt=\"\" width=\"625\" height=\"480\" srcset=\"https:\/\/balcilar-blog.com\/wp-content\/uploads\/2019\/03\/80679.jpg 625w, https:\/\/balcilar-blog.com\/wp-content\/uploads\/2019\/03\/80679-300x230.jpg 300w\" sizes=\"auto, (max-width: 625px) 100vw, 625px\" \/><\/p>\n<p>Dila, Kuzgun\u2019u mu yoksa adaleti mi se\u00e7ecek? Kuzgun, \u00f6l\u00fcmden d\u00f6nen Meryem\u2019i art\u0131k affedecek mi? Kuzgun ve R\u0131fat cephesinde neler olacak? T\u00fcm bu sorular ve daha fazlas\u0131 \u2018Kuzgun\u2019un 20 Mart \u00c7ar\u015famba ak\u015fam\u0131 saat\u00a020.00\u2019de Star\u2019da ekrana gelecek. Heyecan\u0131n daha da artaca\u011f\u0131 ve yine nefeslerin tutularak izlenece\u011fi yeni b\u00f6l\u00fcmde, birbirinden \u00e7arp\u0131c\u0131 geli\u015fmeler ya\u015fanacak.<\/p>\n<p><strong>Kuzgun\u2019un hedefinde R\u0131fat var!<\/strong><\/p>\n<p><strong><img loading=\"lazy\" decoding=\"async\" class=\"alignnone size-full wp-image-24275\" src=\"http:\/\/balcilar-blog.com\/wp-content\/uploads\/2019\/03\/80682.jpg\" alt=\"\" width=\"640\" height=\"426\" srcset=\"https:\/\/balcilar-blog.com\/wp-content\/uploads\/2019\/03\/80682.jpg 640w, https:\/\/balcilar-blog.com\/wp-content\/uploads\/2019\/03\/80682-300x200.jpg 300w\" sizes=\"auto, (max-width: 640px) 100vw, 640px\" \/><\/p>\n<p><\/strong>Meryem, Kumru ve Kartal\u2019\u0131n anlatt\u0131klar\u0131ndan, Bora\u2019n\u0131n elinden kendisini Kuzgun\u2019un kurtard\u0131\u011f\u0131n\u0131 anlar. Kuzgun\u2019un, Bora\u2019y\u0131 nas\u0131l dize getirdi\u011fini kendince sorgulayan Meryem, al\u0131konuldu\u011fu anlarda Bora\u2019dan \u00f6\u011frendikleriyle, ya\u015fad\u0131klar\u0131n\u0131 birle\u015ftirince, Kuzgun i\u00e7in b\u00fcy\u00fck bir endi\u015feye kap\u0131l\u0131r.<\/p>\n<p><img loading=\"lazy\" decoding=\"async\" class=\"alignnone size-full wp-image-24272\" src=\"http:\/\/balcilar-blog.com\/wp-content\/uploads\/2019\/03\/80676.jpg\" alt=\"\" width=\"640\" height=\"426\" srcset=\"https:\/\/balcilar-blog.com\/wp-content\/uploads\/2019\/03\/80676.jpg 640w, https:\/\/balcilar-blog.com\/wp-content\/uploads\/2019\/03\/80676-300x200.jpg 300w\" sizes=\"auto, (max-width: 640px) 100vw, 640px\" \/><\/p>\n<p>Meryem, Kuzgun\u2019u i\u00e7ine girdi\u011fi karanl\u0131k d\u00fcnyadan kurtarmak i\u00e7in her yolu deneyecek, d\u00fc\u015fman\u0131 bile olsa her kap\u0131y\u0131 \u00e7alacakt\u0131r. Bu kap\u0131lardan biri Meryem\u2019in yeni tan\u0131yaca\u011f\u0131 s\u00fcrpriz bir isme, di\u011feri de Dila\u2019ya a\u00e7\u0131l\u0131r. Dila, Meryem\u2019in her bir s\u00f6z\u00fcn\u00fc y\u00fcre\u011fi s\u0131zlayarak dinler, hakl\u0131l\u0131\u011f\u0131n\u0131 tasdikler. Dila, a\u015f\u0131k oldu\u011fu adama, Kuzgun\u2019a, hayat\u0131ndan \u00e7\u0131kmas\u0131, buralardan \u00e7ekip gitmesi i\u00e7in \u00e7arp\u0131c\u0131 bir teklifte bulunur. Meryem, Kuzgun\u2019un da kar\u015f\u0131s\u0131na \u00e7\u0131kar. Kuzgun, Meryem\u2019in can ac\u0131tabilecek laflar\u0131ndan ziyade, ge\u00e7mi\u015fiyle ilgili ilk kez duyaca\u011f\u0131 s\u00f6zlerine dikkat kesilir. Yapmay\u0131 \u00e7ok istedi\u011fi tohum i\u015fini R\u0131fat\u2019\u0131n, kendisine de\u011fil de, Kuzgun\u2019a verdi\u011fini \u00f6\u011frenen Ali\u2019nin, Kuzgun\u2019a olan nefreti katlan\u0131r. Kuzgun ile Ali aras\u0131nda ya\u015fanacak b\u00fcy\u00fck hesapla\u015fma ad\u0131m ad\u0131m yakla\u015fmaktad\u0131r. Kuzgun, sevkiyat i\u015finin inceliklerini \u00f6\u011frenmek i\u00e7in R\u0131fat\u2019\u0131n depolar\u0131na gider. As\u0131l amac\u0131, babas\u0131n\u0131n ya\u015fad\u0131klar\u0131n\u0131n ayn\u0131s\u0131n\u0131 R\u0131fat\u2019a da ya\u015fatmak olan Kuzgun, depolarda d\u00f6nen dolaplar\u0131 dikkatle g\u00f6zlemler. Kuzgun i\u00e7in art\u0131k, R\u0131fat\u2019a \u00f6ld\u00fcr\u00fcc\u00fc darbeyi vurman\u0131n ve ondan da intikam\u0131n\u0131 alman\u0131n vakti gelmi\u015ftir.<\/p>\n<p><img loading=\"lazy\" decoding=\"async\" class=\"alignnone size-full wp-image-24270\" src=\"http:\/\/balcilar-blog.com\/wp-content\/uploads\/2019\/03\/80684.jpg\" alt=\"\" width=\"640\" height=\"480\" srcset=\"https:\/\/balcilar-blog.com\/wp-content\/uploads\/2019\/03\/80684.jpg 640w, https:\/\/balcilar-blog.com\/wp-content\/uploads\/2019\/03\/80684-300x225.jpg 300w\" sizes=\"auto, (max-width: 640px) 100vw, 640px\" \/><\/p>\n<p>Dila&#8217;n\u0131n babas\u0131 R\u0131fat&#8217;\u0131n hapse girecek olmas\u0131, Dila&#8217;y\u0131 peri\u015fan eder.<\/p>\n<p><img loading=\"lazy\" decoding=\"async\" class=\"alignnone size-full wp-image-24273\" src=\"http:\/\/balcilar-blog.com\/wp-content\/uploads\/2019\/03\/80677.jpg\" alt=\"\" width=\"640\" height=\"440\" srcset=\"https:\/\/balcilar-blog.com\/wp-content\/uploads\/2019\/03\/80677.jpg 640w, https:\/\/balcilar-blog.com\/wp-content\/uploads\/2019\/03\/80677-300x206.jpg 300w\" sizes=\"auto, (max-width: 640px) 100vw, 640px\" \/><\/p>\n<p>Bora ise Dila&#8217;n\u0131n pe\u015findedir. Onu Kuzgun&#8217;un elinden almak ister.<\/p>\n<p class=\"disable-selection\">Hesapla\u015fma, intikam ve dillere destan bir a\u015fk hikayesini konu alan \u2018Kuzgun\u2019, heyecan ve duygu dolu yeni b\u00f6l\u00fcm\u00fc ile 20 Mart \u00c7ar\u015famba ak\u015fam\u0131 saat 20.00\u2019de Star\u2019da!<\/p>\n<p class=\"disable-selection\">Bu dizi seyredilir.<\/p>\n<p>Keyifli Seyirler<\/p>\n<p>Sayg\u0131lar ve sevgiler.<\/p>\n<p>Abdurrahman Balc\u0131lar<\/p>\n<p>Twitter : <a href=\"https:\/\/twitter.com\/abbalcilar\">abdurrahman balc\u0131lar<\/a><a href=\"https:\/\/twitter.com\/abbalcilar\"><strong>@abbalcilar<\/strong><\/a><\/p>\n<p>Mail :\u00a0<a href=\"mailto:ab.balcilar@hotmail.com\">ab.balcilar@hotmail.com<\/a><\/p>\n<p>Blog:\u00a0<a href=\"http:\/\/t.co\/znqmIZgIqn\">blog.milliyet.com.tr\/cansever<\/a><\/p>\n<p>\u015eahsi Blog:\u00a0<a href=\"http:\/\/balcilar-blog.com\/\">Abdurrahman Balc\u0131lar Blog Sayfas\u0131<\/a><\/p>\n<p><strong>\u00a0<\/strong><\/p>\n","protected":false},"excerpt":{"rendered":"<p>Ay Yap\u0131m&#8217;\u0131n yap\u0131mc\u0131l\u0131\u011f\u0131n\u0131 \u00fcstlendi\u011fi, y\u00f6netmenli\u011fini Bahad\u0131r \u0130nce&#8217;nin yapt\u0131\u011f\u0131 ve Senaryosunu\u00a0Burcu G\u00f6rg\u00fcn Topta\u015f &#8211; \u00d6zlem Y\u0131lmaz&#8217;\u0131n yapt\u0131\u011f\u0131 Kuzgun&#8217;un bu ak\u015fam 6.b\u00f6l\u00fcm\u00fc ekranlara geliyor. Ba\u015fl\u0131ca Rollerini; Bar\u0131\u015f Ardu\u00e7 (Kuzgun), Burcu Biricik (Dila), Hatice Aslan (Meryem), Settar Tanr\u0131 \u00d6ven (Dervi\u015f), Levent \u00dclgen (R\u0131fat) ve Caner \u015eahin (Kartal) rol al\u0131yor. Kuzgun ile Bora aras\u0131ndaki b\u00fcy\u00fck sava\u015fta bundan sonra neler [&hellip;]<\/p>\n","protected":false},"author":3,"featured_media":24271,"comment_status":"open","ping_status":"open","sticky":false,"template":"","format":"standard","meta":{"footnotes":""},"categories":[2],"tags":[744,1608,1891,1889,1873,1890,25],"class_list":["post-24269","post","type-post","status-publish","format-standard","has-post-thumbnail","hentry","category-tv-programlari","tag-baris-arduc","tag-burcu-biricik","tag-caner-sahin","tag-hatice-aslan","tag-kuzgun","tag-levent-ulgen","tag-star-tv"],"views":2979,"blog_post_layout_featured_media_urls":{"thumbnail":["https:\/\/balcilar-blog.com\/wp-content\/uploads\/2019\/03\/52d3b38e-ca7-150x150.jpg",150,150,true],"full":["https:\/\/balcilar-blog.com\/wp-content\/uploads\/2019\/03\/52d3b38e-ca7.jpg",640,359,false]},"categories_names":{"2":{"name":"TV Programlar\u0131","link":"https:\/\/balcilar-blog.com\/?cat=2"}},"tags_names":{"744":{"name":"Bar\u0131\u015f Ardu\u00e7","link":"https:\/\/balcilar-blog.com\/?tag=baris-arduc"},"1608":{"name":"Burcu Biricik","link":"https:\/\/balcilar-blog.com\/?tag=burcu-biricik"},"1891":{"name":"Caner \u015eahin","link":"https:\/\/balcilar-blog.com\/?tag=caner-sahin"},"1889":{"name":"Hatice Aslan","link":"https:\/\/balcilar-blog.com\/?tag=hatice-aslan"},"1873":{"name":"Kuzgun","link":"https:\/\/balcilar-blog.com\/?tag=kuzgun"},"1890":{"name":"Levent \u00dclgen","link":"https:\/\/balcilar-blog.com\/?tag=levent-ulgen"},"25":{"name":"Star Tv","link":"https:\/\/balcilar-blog.com\/?tag=star-tv"}},"comments_number":"0","wpmagazine_modules_lite_featured_media_urls":{"thumbnail":["https:\/\/balcilar-blog.com\/wp-content\/uploads\/2019\/03\/52d3b38e-ca7-150x150.jpg",150,150,true],"cvmm-medium":["https:\/\/balcilar-blog.com\/wp-content\/uploads\/2019\/03\/52d3b38e-ca7.jpg",300,168,false],"cvmm-medium-plus":["https:\/\/balcilar-blog.com\/wp-content\/uploads\/2019\/03\/52d3b38e-ca7.jpg",305,171,false],"cvmm-portrait":["https:\/\/balcilar-blog.com\/wp-content\/uploads\/2019\/03\/52d3b38e-ca7.jpg",400,224,false],"cvmm-medium-square":["https:\/\/balcilar-blog.com\/wp-content\/uploads\/2019\/03\/52d3b38e-ca7.jpg",600,337,false],"cvmm-large":["https:\/\/balcilar-blog.com\/wp-content\/uploads\/2019\/03\/52d3b38e-ca7.jpg",640,359,false],"cvmm-small":["https:\/\/balcilar-blog.com\/wp-content\/uploads\/2019\/03\/52d3b38e-ca7.jpg",130,73,false],"full":["https:\/\/balcilar-blog.com\/wp-content\/uploads\/2019\/03\/52d3b38e-ca7.jpg",640,359,false]},"_links":{"self":[{"href":"https:\/\/balcilar-blog.com\/index.php?rest_route=\/wp\/v2\/posts\/24269","targetHints":{"allow":["GET"]}}],"collection":[{"href":"https:\/\/balcilar-blog.com\/index.php?rest_route=\/wp\/v2\/posts"}],"about":[{"href":"https:\/\/balcilar-blog.com\/index.php?rest_route=\/wp\/v2\/types\/post"}],"author":[{"embeddable":true,"href":"https:\/\/balcilar-blog.com\/index.php?rest_route=\/wp\/v2\/users\/3"}],"replies":[{"embeddable":true,"href":"https:\/\/balcilar-blog.com\/index.php?rest_route=%2Fwp%2Fv2%2Fcomments&post=24269"}],"version-history":[{"count":1,"href":"https:\/\/balcilar-blog.com\/index.php?rest_route=\/wp\/v2\/posts\/24269\/revisions"}],"predecessor-version":[{"id":24277,"href":"https:\/\/balcilar-blog.com\/index.php?rest_route=\/wp\/v2\/posts\/24269\/revisions\/24277"}],"wp:featuredmedia":[{"embeddable":true,"href":"https:\/\/balcilar-blog.com\/index.php?rest_route=\/wp\/v2\/media\/24271"}],"wp:attachment":[{"href":"https:\/\/balcilar-blog.com\/index.php?rest_route=%2Fwp%2Fv2%2Fmedia&parent=24269"}],"wp:term":[{"taxonomy":"category","embeddable":true,"href":"https:\/\/balcilar-blog.com\/index.php?rest_route=%2Fwp%2Fv2%2Fcategories&post=24269"},{"taxonomy":"post_tag","embeddable":true,"href":"https:\/\/balcilar-blog.com\/index.php?rest_route=%2Fwp%2Fv2%2Ftags&post=24269"}],"curies":[{"name":"wp","href":"https:\/\/api.w.org\/{rel}","templated":true}]}}