{"id":2422,"date":"2014-06-19T16:23:54","date_gmt":"2014-06-19T13:23:54","guid":{"rendered":"http:\/\/balcilar-blog.com\/?p=2422"},"modified":"2014-06-19T20:02:07","modified_gmt":"2014-06-19T17:02:07","slug":"kara-para-ask-beklenmeyen-katil-surpriz-final","status":"publish","type":"post","link":"https:\/\/balcilar-blog.com\/?p=2422","title":{"rendered":"Kara Para A\u015fk \/ Beklenmeyen katil, s\u00fcrpriz final!"},"content":{"rendered":"<p>&nbsp;<\/p>\n<p><a href=\"http:\/\/balcilar-blog.com\/wp-content\/uploads\/2014\/06\/Ekran-Al\u0131nt\u0131s\u0131.PNGkp13.10.png\"><img loading=\"lazy\" decoding=\"async\" class=\"alignnone size-medium wp-image-2435\" src=\"http:\/\/balcilar-blog.com\/wp-content\/uploads\/2014\/06\/Ekran-Al\u0131nt\u0131s\u0131.PNGkp13.10-300x171.png\" alt=\"Ekran Al\u0131nt\u0131s\u0131.PNGkp13.10\" width=\"300\" height=\"171\" srcset=\"https:\/\/balcilar-blog.com\/wp-content\/uploads\/2014\/06\/Ekran-Al\u0131nt\u0131s\u0131.PNGkp13.10-300x171.png 300w, https:\/\/balcilar-blog.com\/wp-content\/uploads\/2014\/06\/Ekran-Al\u0131nt\u0131s\u0131.PNGkp13.10.png 723w\" sizes=\"auto, (max-width: 300px) 100vw, 300px\" \/><\/a><\/p>\n<p>Atv.in a\u015fk ve macera dizisi \u201cKara Para A\u015fk\u201d da beklenmedik s\u00fcrpriz Sezon Finali ya\u015fand\u0131. \u00d6mer, Elif\u2019in aile fertlerini didik, didik, sorgularken, bir laf vard\u0131r ya, \u201cTencere dibi kara, seninki benden kara.\u201d Aynen \u00f6yle oldu. \u00d6ld\u00fcr\u00fclen ni\u015fanl\u0131s\u0131 Sibel\u2019in kirli i\u015flerinden sonra, polis komiseri a\u011fabeyi H\u00fcseyin de katil \u00e7\u0131kt\u0131. \u00d6mer hen\u00fcz a\u011fabeyinin katil oldu\u011funu \u00f6\u011frenmedi. Bahar\u2019\u0131n kocas\u0131 Taner\u2019i katil zanl\u0131s\u0131 olarak hapse g\u00f6nderdiler. \u00d6mer, a\u011fabeyinin katil oldu\u011funu \u00f6\u011frenince neler olacak? Ay\u0131kla pirincin ta\u015f\u0131n\u0131.<\/p>\n<p>D\u00fcn ak\u015famki reytinglerine bakarsak, her iki kategoride 3.s\u0131rada yer alm\u0131\u015f.<\/p>\n<p>Ge\u00e7en b\u00f6l\u00fcm sonunda, \u00d6mer Elif\u2019in a\u015fk\u0131 alt\u0131nda ezilmi\u015f, kendisini k\u00fc\u00e7\u00fck g\u00f6rm\u00fc\u015f ve yeme\u011fe gitmemi\u015fti. Elif, saatlerce masada tek ba\u015f\u0131na beklemi\u015f, i\u00e7kisini yaln\u0131z i\u00e7mek zorunda kalm\u0131\u015ft\u0131.<\/p>\n<p><a href=\"http:\/\/balcilar-blog.com\/wp-content\/uploads\/2014\/06\/Ekran-Al\u0131nt\u0131s\u0131.PNGkp13.1.png\"><img loading=\"lazy\" decoding=\"async\" class=\"alignnone size-medium wp-image-2426\" src=\"http:\/\/balcilar-blog.com\/wp-content\/uploads\/2014\/06\/Ekran-Al\u0131nt\u0131s\u0131.PNGkp13.1-300x164.png\" alt=\"Ekran Al\u0131nt\u0131s\u0131.PNGkp13.1\" width=\"300\" height=\"164\" srcset=\"https:\/\/balcilar-blog.com\/wp-content\/uploads\/2014\/06\/Ekran-Al\u0131nt\u0131s\u0131.PNGkp13.1-300x164.png 300w, https:\/\/balcilar-blog.com\/wp-content\/uploads\/2014\/06\/Ekran-Al\u0131nt\u0131s\u0131.PNGkp13.1.png 733w\" sizes=\"auto, (max-width: 300px) 100vw, 300px\" \/><\/a><\/p>\n<p>\u00d6mer sinirini \u00e7akma\u011f\u0131 ile oynayarak ge\u00e7irmek ister. Arda, \u00d6mer\u2019e bu ne demek biz ayr\u0131 d\u00fcnyalar\u0131n insan\u0131y\u0131z ya\u2026 Niye sorun ediyorsun bunu, o k\u0131z sana kar\u015f\u0131 bo\u015f de\u011fil. B\u00f6yle giderse o kafan\u0131 ta\u015flara \u00e7ok vurucan abi.<\/p>\n<p>Tayyar Beyin adamlar\u0131 Taner\u2019i k\u00f6\u015fede s\u0131k\u0131\u015ft\u0131r\u0131p bir g\u00fczel pataklarlar. Tayyar beyin metresi ve Taner\u2019in gizli a\u015fk\u0131 P\u0131nar g\u00f6r\u00fcr, sizi polise \u015fikayet ederim diyerek ellerinden kurtar\u0131r.<\/p>\n<p>\u00d6mer\u2019i Elif\u2019e cep telefonundan arar. Trafik mi var, ge\u00e7 kald\u0131n diye sorar. \u00d6mer, Elif ben gelmesem daha iyi, bo\u015f ver sonra g\u00f6r\u00fc\u015f\u00fcr\u00fcz, der. Elif \u00e7ok bozulur. Arkada\u015f\u0131 Bahar\u2019\u0131 arar, m\u00fcsait misin konu\u015fal\u0131m. Bahar ile konu\u015fup, dertle\u015firler. Omzuna ba\u015f\u0131m\u0131 koydu\u011fum adam bunu bana nas\u0131l yapar.<\/p>\n<p>Tayyar Beyin hastanesinde Bahar\u2019\u0131n bebe\u011fi a\u011f\u0131r narkozla al\u0131n\u0131r. Bahar, bebe\u011finin al\u0131nd\u0131\u011f\u0131n\u0131n fark\u0131nda de\u011fildir.<\/p>\n<p>Tayyar Bey, Taner\u2019in adamlar\u0131ndan P\u0131nar\u2019\u0131n kurtarmas\u0131n\u0131 \u00e7ok bozulur.<\/p>\n<p>H\u00fcseyin, \u00d6mer ve Arda\u2019y\u0131 arabas\u0131na al\u0131r. O s\u0131rada Elif lokantadan \u00e7\u0131km\u0131\u015f, eve gidiyordur. \u00d6mer ile g\u00f6z g\u00f6ze gelirler, konu\u015fmazlar.<\/p>\n<p>Sabah kahvalt\u0131s\u0131nda anne evinde birliktedirler. Arda da gelir, Taner\u2019in ka\u00e7t\u0131\u011f\u0131n\u0131 s\u00f6yler. H\u00fcseyin, Taner\u2019e damgay\u0131 vurur, bu adam katil. Kar\u0131s\u0131n\u0131 da aldat\u0131yor. Elmaslardan biri onda \u00e7\u0131kt\u0131. Ahmet Denizer\u2019i \u00f6ld\u00fcrd\u00fc, elmaslara \u00fczerine \u00e7\u00f6kt\u00fc. Olay \u00e7\u00f6z\u00fcld\u00fc.<\/p>\n<p><a href=\"http:\/\/balcilar-blog.com\/wp-content\/uploads\/2014\/06\/Ekran-Al\u0131nt\u0131s\u0131.PNGkp13.2.png\"><img loading=\"lazy\" decoding=\"async\" class=\"alignnone size-medium wp-image-2427\" src=\"http:\/\/balcilar-blog.com\/wp-content\/uploads\/2014\/06\/Ekran-Al\u0131nt\u0131s\u0131.PNGkp13.2-300x170.png\" alt=\"Ekran Al\u0131nt\u0131s\u0131.PNGkp13.2\" width=\"300\" height=\"170\" srcset=\"https:\/\/balcilar-blog.com\/wp-content\/uploads\/2014\/06\/Ekran-Al\u0131nt\u0131s\u0131.PNGkp13.2-300x170.png 300w, https:\/\/balcilar-blog.com\/wp-content\/uploads\/2014\/06\/Ekran-Al\u0131nt\u0131s\u0131.PNGkp13.2.png 729w\" sizes=\"auto, (max-width: 300px) 100vw, 300px\" \/><\/a><\/p>\n<p>Elif, o ge\u00e7e \u00e7ok \u00fczg\u00fcn ve d\u00fc\u015f\u00fcnceli yata\u011fa girer. Bir zaman uyuyamaz, gece uyan\u0131r, daha \u00f6nce \u00e7izdi\u011fi \u00d6mer\u2019in resmini b\u00fckerek \u00e7\u00f6pe atar. Sabah, Metin arar, \u00f6zlemiyorsun galiba beni. Elif, ne istiyorsun?\u00a0 Yar\u0131n sabah kuryemiz Roma\u2019ya gidiyor. Mallar\u0131n\u0131 da g\u00f6nderece\u011fiz.\u00a0 Cebin para g\u00f6r\u00fcnce y\u00fcz\u00fcn g\u00fcler, senin. Elif, sak\u0131n bana para getirme.<\/p>\n<p>Arda\u2019ya telefon gelir. H\u00fcseyin kar\u0131s\u0131 Melike\u2019den ceketini ile teflonunu ister, Damat Taner\u2019i yakalamak i\u00e7in evden \u00e7\u0131karlar.<\/p>\n<p><a href=\"http:\/\/balcilar-blog.com\/wp-content\/uploads\/2014\/06\/Ekran-Al\u0131nt\u0131s\u0131.PNGkp13.3.png\"><img loading=\"lazy\" decoding=\"async\" class=\"alignnone size-medium wp-image-2428\" src=\"http:\/\/balcilar-blog.com\/wp-content\/uploads\/2014\/06\/Ekran-Al\u0131nt\u0131s\u0131.PNGkp13.3-300x168.png\" alt=\"Ekran Al\u0131nt\u0131s\u0131.PNGkp13.3\" width=\"300\" height=\"168\" srcset=\"https:\/\/balcilar-blog.com\/wp-content\/uploads\/2014\/06\/Ekran-Al\u0131nt\u0131s\u0131.PNGkp13.3-300x168.png 300w, https:\/\/balcilar-blog.com\/wp-content\/uploads\/2014\/06\/Ekran-Al\u0131nt\u0131s\u0131.PNGkp13.3.png 729w\" sizes=\"auto, (max-width: 300px) 100vw, 300px\" \/><\/a><\/p>\n<p>Taner, pasaportunu da al\u0131p P\u0131nar ile yurtd\u0131\u015f\u0131na ka\u00e7may\u0131 planlarlar. Ama paralar\u0131 yoktur. Y\u00fcz\u00fc, g\u00f6z\u00fc yara bere i\u00e7indedir. P\u0131nar, Tayyar bunu yan\u0131m\u0131za b\u0131rakmaz, ka\u00e7maktan ba\u015fka \u00e7aremiz yok. G\u00f6z\u00fcn\u00fc k\u0131rpmadan \u00f6ld\u00fcr\u00fcr bizi. P\u0131nar a\u015fa\u011f\u0131dan gelen polisleri g\u00f6r\u00fcr, ka\u00e7maya \u00e7al\u0131\u015f\u0131rlar. O s\u0131rada Tayyar\u2019\u0131n adamlar\u0131 kar\u015f\u0131lar\u0131na \u00e7\u0131kar. Polislerin geldi\u011fini fark edince onlar da ka\u00e7arlar.<\/p>\n<p>Komiser H\u00fcseyin, Arda ve \u00d6mer Taner\u2019i al\u0131p, polis merkezine g\u00f6t\u00fcr\u00fcrler. Y\u00fcz\u00fcndeki yaralar i\u00e7in, d\u00fcn ka\u00e7 bir-iki serseri ile kavga ettiklerini s\u00f6yler. O s\u0131rda Elif de gelir. Ne oldu\u011funu sorar, \u00d6mer ile konu\u015fmaz, Pelin\u2019den bilgi almak ister. \u00d6mer, iyi misin? Diye sorunca, sen mi soruyorsun bunu bana\u2026 Elif\u2019e tam izahat edecekken, Arda \u00d6mer\u2019i \u00e7a\u011f\u0131r\u0131r.<\/p>\n<p><a href=\"http:\/\/balcilar-blog.com\/wp-content\/uploads\/2014\/06\/Ekran-Al\u0131nt\u0131s\u0131.PNGkp13.4.png\"><img loading=\"lazy\" decoding=\"async\" class=\"alignnone size-medium wp-image-2429\" src=\"http:\/\/balcilar-blog.com\/wp-content\/uploads\/2014\/06\/Ekran-Al\u0131nt\u0131s\u0131.PNGkp13.4-300x166.png\" alt=\"Ekran Al\u0131nt\u0131s\u0131.PNGkp13.4\" width=\"300\" height=\"166\" srcset=\"https:\/\/balcilar-blog.com\/wp-content\/uploads\/2014\/06\/Ekran-Al\u0131nt\u0131s\u0131.PNGkp13.4-300x166.png 300w, https:\/\/balcilar-blog.com\/wp-content\/uploads\/2014\/06\/Ekran-Al\u0131nt\u0131s\u0131.PNGkp13.4.png 727w\" sizes=\"auto, (max-width: 300px) 100vw, 300px\" \/><\/a><\/p>\n<p>Emniyette, Taner ile P\u0131nar ayr\u0131, ayr\u0131, sorguya al\u0131n\u0131r. Elif \u00d6mer\u2019e, neden benim aileme takt\u0131n, \u00f6zellikle mi yap\u0131yorsun? Benim ailemden hi\u00e7 kimse katil de\u011fil. \u00d6mer, soru\u015fturma yap\u0131yoruz. Elif, tam bir \u015feyler yoluna girdi diyoruz. Art\u0131k biz \u00d6mer\u2019le birbirimizi anlayabiliyoruz. Aram\u0131zda kapal\u0131 kap\u0131lar kalmad\u0131. Sen hop, birini tutukluyorsun?\u00a0 \u00d6mer, tutuklama yok. \u00d6mer, yeme\u011fe gelmedi\u011fim i\u00e7in mi bana bu kadar k\u0131z\u0131yorsun? Elif\u2019in g\u00f6zlerinin i\u00e7ine bakar.<\/p>\n<p>O s\u0131rada Levent ile Bahar gelir.\u00a0 \u00d6mer, seni yak\u0131nlar\u0131nla yaln\u0131z b\u0131rakay\u0131m der ve gider.<\/p>\n<p>Taner\u2019in ifadeleri birbirlerini tutmuyordur. H\u00fcseyin, Taner\u2019in arabas\u0131n\u0131n kontrol\u00fcn\u00fc ister. Taner, \u00d6mer\u2019e yemin ederim ben katil de\u011filim, kimseyi \u00f6ld\u00fcrmedim. Soru\u015fturma devam ediyor, Taner burada kalkacak, siz gidin. Levent, Elif gidelim buradan. \u00d6mer, Taner\u2019e g\u0131c\u0131k oldu\u011funu s\u00f6yler.<\/p>\n<p>P\u0131nar serbest b\u0131rak\u0131l\u0131r, eve g\u00f6nderilir. \u00c7\u0131k\u0131\u015fta onu Tayyar Bey kar\u015f\u0131lar. Al\u0131r arabas\u0131na bana anlatacaklar\u0131n var deyip, g\u00f6t\u00fcr\u00fcr. Tayyar Bey, Taner ile yat\u0131n m\u0131 diye sorar. Tabancas\u0131ndaki kur\u015funlar\u0131 \u00e7\u0131kart\u0131r. Tek bir kur\u015fun koyar, amac\u0131 Rus ruleti oynamakt\u0131r. \u0130ki denemede de ate\u015f almaz. \u00c7ok \u015fansl\u0131s\u0131n, der. Karyolan\u0131n demirine zincirler.<\/p>\n<p>Metin, Hatice\u2019ye her \u015feyin haz\u0131r, u\u00e7a\u011f\u0131n yar\u0131n sabah 11\u2019de der ve biletini verir. Sana valiz verecek, \u0130talya\u2019ya bir okul bakmaya gidiyorsun. Kurye k\u0131z, ya yakalan\u0131rsam, yakalan\u0131rsan yaln\u0131zs\u0131n. Metin, beni kimse tan\u0131maz.<\/p>\n<p><a href=\"http:\/\/balcilar-blog.com\/wp-content\/uploads\/2014\/06\/Ekran-Al\u0131nt\u0131s\u0131.PNGkp13.5.png\"><img loading=\"lazy\" decoding=\"async\" class=\"alignnone size-medium wp-image-2430\" src=\"http:\/\/balcilar-blog.com\/wp-content\/uploads\/2014\/06\/Ekran-Al\u0131nt\u0131s\u0131.PNGkp13.5-300x168.png\" alt=\"Ekran Al\u0131nt\u0131s\u0131.PNGkp13.5\" width=\"300\" height=\"168\" srcset=\"https:\/\/balcilar-blog.com\/wp-content\/uploads\/2014\/06\/Ekran-Al\u0131nt\u0131s\u0131.PNGkp13.5-300x168.png 300w, https:\/\/balcilar-blog.com\/wp-content\/uploads\/2014\/06\/Ekran-Al\u0131nt\u0131s\u0131.PNGkp13.5.png 726w\" sizes=\"auto, (max-width: 300px) 100vw, 300px\" \/><\/a><\/p>\n<p>Zerrin Han\u0131m, k\u0131z\u0131n\u0131 teselliye \u00e7al\u0131\u015f\u0131r, a\u011f\u0131r bir atak atlatt\u0131n. \u015eimdi iyisin, annen yan\u0131nda. Asl\u0131, hem\u015fireye hamile oldu\u011funu, kanamam var, beni ultrasona g\u00f6t\u00fcr, der.<\/p>\n<p>Taner Beyin arabas\u0131 Denizer\u2019lerin garaj\u0131ndan al\u0131n\u0131r, g\u00f6t\u00fcr\u00fcl\u00fcr. Elif, \u00d6mer ile gene konu\u015fmaz. P\u0131nar, bunlar gene birbirlerine girmi\u015f. Arda, b\u00fcy\u00fck a\u015fklar kavga ile ba\u015flar. \u00d6mer, Elif\u2019in pe\u015finden gider, konu\u015fal\u0131m. Elif, istemiyorum.\u00a0 \u00d6mer, tamam, yeme\u011fe gelmedim, \u00f6z\u00fcr dilerim. Bir ara niye gelmedi\u011fimi anlat\u0131r\u0131m sana. Elif, \u00d6mer s\u00f6zlerin ile davran\u0131\u015flar\u0131n birbirini tutmuyor. \u00d6mer, ne olursa olsun biz arkada\u015f\u0131z. Elif, art\u0131k biz arkada\u015f de\u011filiz.<\/p>\n<p>Elif, odas\u0131ndaki e\u015fyalar\u0131 toparlar. Bahar, Levent\u2019e haber verir. Levent gelir, sinemaya gitmeyi teklif eder. O s\u0131rada \u00d6mer gelir, konu\u015fmam\u0131z laz\u0131m. Elif, tam da Levent ile \u00e7\u0131k\u0131yorduk. \u00d6mer onlar\u0131 takip eder, arkalar\u0131nda o da ayn\u0131 filme girer. Elif, arka koltukta onu fark eder, g\u00fcler. \u00d6mer\u2019in kendisini Levent\u2019ten k\u0131skanmas\u0131n\u0131 baya\u011f\u0131 ho\u015funa gitmi\u015ftir.<\/p>\n<p><a href=\"http:\/\/balcilar-blog.com\/wp-content\/uploads\/2014\/06\/Ekran-Al\u0131nt\u0131s\u0131.PNGkp13.6.png\"><img loading=\"lazy\" decoding=\"async\" class=\"alignnone size-medium wp-image-2431\" src=\"http:\/\/balcilar-blog.com\/wp-content\/uploads\/2014\/06\/Ekran-Al\u0131nt\u0131s\u0131.PNGkp13.6-300x167.png\" alt=\"Ekran Al\u0131nt\u0131s\u0131.PNGkp13.6\" width=\"300\" height=\"167\" srcset=\"https:\/\/balcilar-blog.com\/wp-content\/uploads\/2014\/06\/Ekran-Al\u0131nt\u0131s\u0131.PNGkp13.6-300x167.png 300w, https:\/\/balcilar-blog.com\/wp-content\/uploads\/2014\/06\/Ekran-Al\u0131nt\u0131s\u0131.PNGkp13.6.png 728w\" sizes=\"auto, (max-width: 300px) 100vw, 300px\" \/><\/a><\/p>\n<p>Sinema \u00e7\u0131k\u0131\u015f\u0131 Levent Elif\u2019i yeme\u011fe g\u00f6t\u00fcr\u00fcr. Ayn\u0131 yere arka masaya \u00d6mer de gelir, oturur. Levent bu hareketi \u00e7ok bozulur. Elif, lavaboya gider. \u00d6mer pe\u015finden gider ve i\u00e7eri girer. Kap\u0131y\u0131 kilitler, ne i\u015fin var bu herifle. Elif gitmek ister, \u00d6mer bir yere gidemezsin diyerek, tutar elinden \u00e7\u0131kart\u0131r. Levent day\u0131lan\u0131r, hi\u00e7bir yere g\u00f6t\u00fcremezsin. \u00d6mer, Levent\u2019i itekler, otur delikanl\u0131 gibi yeme\u011fini ye.<\/p>\n<p>Asl\u0131, hem\u015fireye zorlar, Ultrasona g\u00f6t\u00fcr\u00fcr. Hem\u015fire, ben g\u00f6remiyorum. hamile olmad\u0131\u011f\u0131n\u0131 s\u00f6yler. Hemen bana bir doktor \u00e7a\u011f\u0131r. Doktor, siz hamile de\u011filsiniz, k\u00fcrtaj oldunuz. Asl\u0131 \u00e7\u0131lg\u0131na d\u00f6ner, sakinle\u015ftirici i\u011fne vurulur.<\/p>\n<p><img decoding=\"async\" src=\"https:\/\/pbs.twimg.com\/media\/BqbhKbyIMAEt5fg.jpg\" alt=\"G\u00f6m\u00fcl\u00fc resim i\u00e7in kal\u0131c\u0131 ba\u011flant\u0131\" \/><\/p>\n<p>\u00d6mer ile Elif sokakta tart\u0131\u015fmaya devam ederler. Elif h\u0131zl\u0131, h\u0131zl\u0131, y\u00fcr\u00fcr. \u00d6mer pe\u015finden ko\u015fmaktan yorulur. Elif durup sorar, d\u00fcn ak\u015famki yeme\u011fe neden gelmedin. \u00d6mer, sen benimle oyun mu oynuyorsun?\u00a0 \u00d6mer, Elif\u2019in \u00e7ok konu\u015fmas\u0131n\u0131 dayanamaz, \u00e7eker belinden onu \u00f6perek susturur.<\/p>\n<p><a href=\"http:\/\/balcilar-blog.com\/wp-content\/uploads\/2014\/06\/Ekran-Al\u0131nt\u0131s\u0131.PNGkp13.8.png\"><img loading=\"lazy\" decoding=\"async\" class=\"alignnone size-medium wp-image-2433\" src=\"http:\/\/balcilar-blog.com\/wp-content\/uploads\/2014\/06\/Ekran-Al\u0131nt\u0131s\u0131.PNGkp13.8-300x167.png\" alt=\"Ekran Al\u0131nt\u0131s\u0131.PNGkp13.8\" width=\"300\" height=\"167\" srcset=\"https:\/\/balcilar-blog.com\/wp-content\/uploads\/2014\/06\/Ekran-Al\u0131nt\u0131s\u0131.PNGkp13.8-300x167.png 300w, https:\/\/balcilar-blog.com\/wp-content\/uploads\/2014\/06\/Ekran-Al\u0131nt\u0131s\u0131.PNGkp13.8.png 729w\" sizes=\"auto, (max-width: 300px) 100vw, 300px\" \/><\/a><\/p>\n<p>Her ikisinin de nefesi kesilir. \u00d6mer, ald\u0131n m\u0131 cevab\u0131? Yeterli olmad\u0131 galiba diyerek bir daha \u00f6per. Bu \u00f6p\u00fc\u015fme olduk\u00e7a ihtirasl\u0131 olmu\u015ftur. Her ikisi de mutluluk hormonundan gev\u015ferler, sinirleri yat\u0131\u015f\u0131r. K\u00fcsl\u00fck bitmi\u015f, yar\u0131m kalan a\u015fk kald\u0131\u011f\u0131 yerden devam eder. \u00d6mer, iki adet ci\u011ferli d\u00fcr\u00fcm yapt\u0131r\u0131r. Elif hi\u00e7 yemedim deyince, \u00d6mer de ben de \u00e7i\u011f bal\u0131k yemedim, der. Sen bunu ye, ben de yar\u0131n su\u015fi yiyece\u011fim, ama pi\u015fmi\u015f olan\u0131ndan. Elif, Taner ne olacak diye sorar? \u00d6mer, sen Taner\u2019i ger\u00e7ekten tan\u0131yor musun? Taner\u2019in ili\u015fkisi var, P\u0131nar ile birlikte. Elif, \u00e7ok \u015fa\u015f\u0131r\u0131r. Asl\u0131 maf olur, kocas\u0131n\u0131 \u00e7ok seviyor. Taner \u00e7\u0131karlar\u0131 i\u00e7in ablanla evli. Asl\u0131\u2019y\u0131 sevmiyor. Ailen ile ilgili bilmedi\u011fin \u00e7ok \u015fey var. Ben senin ailen ile ilgili b\u00f6yle \u015feyler s\u00f6ylesem k\u0131r\u0131lmaz m\u0131s\u0131n? \u00d6mer, benim ailemde b\u00f6yle \u00e7at\u0131\u015fmalar olmaz. O para var ya o para, hayattaki en b\u00fcy\u00fck zaaflar\u0131m\u0131zdan biri. Ne yalan s\u00f6yleniyorsa o para y\u00fcz\u00fcnden s\u00f6yleniyor.<\/p>\n<p>Levent eve erken d\u00f6ner. Bahar, niye erken geldi\u011fini sorar. Levent, git ba\u015f\u0131mdan Bahar, kalbini k\u0131rmayay\u0131m.<\/p>\n<p>Melike, yatak odas\u0131n\u0131 toplarken ko\u015fac\u0131n\u0131n cebinden d\u00fc\u015fen banka c\u00fczdan\u0131n\u0131 g\u00f6r\u00fcr. K\u0131z\u0131 Demet Demir ad\u0131na, hesap c\u00fczdan\u0131nda 20 bin lira para g\u00f6r\u00fcr. K\u0131z\u0131n\u0131 \u00e7a\u011f\u0131r\u0131r, ger\u00e7ekten bilgisi yoktur.<\/p>\n<p><a href=\"http:\/\/balcilar-blog.com\/wp-content\/uploads\/2014\/06\/Ekran-Al\u0131nt\u0131s\u0131.PNGkp13.9.png\"><img loading=\"lazy\" decoding=\"async\" class=\"alignnone size-medium wp-image-2434\" src=\"http:\/\/balcilar-blog.com\/wp-content\/uploads\/2014\/06\/Ekran-Al\u0131nt\u0131s\u0131.PNGkp13.9-300x167.png\" alt=\"Ekran Al\u0131nt\u0131s\u0131.PNGkp13.9\" width=\"300\" height=\"167\" srcset=\"https:\/\/balcilar-blog.com\/wp-content\/uploads\/2014\/06\/Ekran-Al\u0131nt\u0131s\u0131.PNGkp13.9-300x167.png 300w, https:\/\/balcilar-blog.com\/wp-content\/uploads\/2014\/06\/Ekran-Al\u0131nt\u0131s\u0131.PNGkp13.9.png 731w\" sizes=\"auto, (max-width: 300px) 100vw, 300px\" \/><\/a><\/p>\n<p>\u00d6mer, Elif \u015funu bilmeni isterim ki, ben hep senden yanay\u0131m. \u201cSinyorina\u201d diyerek tak\u0131l\u0131r, \u015fu yar\u0131m kalan hayat hikayeni anlat da dinleyelim. Elif, ya\u011fma yok, bu sefer sen anlatacaks\u0131n. Hadi ba\u015ftan ba\u015fla bakal\u0131m. Aralar\u0131nda \u00e7ok g\u00fczel bir muhabbet ba\u015flar. Ge\u00e7 vakitlere kadar konu\u015furlar. \u00d6mer, g\u00f6zlerin, yanaklar\u0131n, dudaklar\u0131n, sabaha kadar seni izlerim. Sonra da \u00f6per. Elif, kendisi hakk\u0131nda Arda\u2019ya s\u00f6ylediklerini duydu\u011funu s\u00f6yler.<\/p>\n<p>Nil\u00fcfer, Mert ile konu\u015fur. Yak\u0131n bir arkada\u015f\u0131n\u0131n zor durumda oldu\u011funu, sevgilisi ile sevi\u015fme sahnelerini CD.e \u00e7ekmi\u015fler. Nedenini sorar, Mert bu senin ba\u015f\u0131na gelmedi in\u015fallah diyerek sorar. Halbuki, Metin\u2019in kendi sevi\u015fme sahnelerini kast ediyordur.<\/p>\n<p>O gece ge\u00e7 saatlere kadar kalm\u0131\u015flard\u0131r. Eve gitmezler, bir otele giderler. Oturup bir \u015feyler i\u00e7erler. \u00d6mer, \u00e7\u00f6zemedi\u011fi s\u0131rt\u0131ndaki damla d\u00f6vmeleri sorar. Elif, ko\u015fulsuz sevgi oldu\u011funu s\u00f6yler. \u00d6mer, Elif sen varsan ben sana ko\u015fulsuz teslim olurum. O gece ilk defa birlikte olurlar. Kalplerindeki o duygusal a\u015fk\u0131, bedenleri ile birle\u015ftirirler.<\/p>\n<p><a href=\"http:\/\/balcilar-blog.com\/wp-content\/uploads\/2014\/06\/Ekran-Al\u0131nt\u0131s\u0131.PNGkp13.13.png\"><img loading=\"lazy\" decoding=\"async\" class=\"alignnone size-medium wp-image-2437\" src=\"http:\/\/balcilar-blog.com\/wp-content\/uploads\/2014\/06\/Ekran-Al\u0131nt\u0131s\u0131.PNGkp13.13-300x166.png\" alt=\"Ekran Al\u0131nt\u0131s\u0131.PNGkp13.13\" width=\"300\" height=\"166\" srcset=\"https:\/\/balcilar-blog.com\/wp-content\/uploads\/2014\/06\/Ekran-Al\u0131nt\u0131s\u0131.PNGkp13.13-300x166.png 300w, https:\/\/balcilar-blog.com\/wp-content\/uploads\/2014\/06\/Ekran-Al\u0131nt\u0131s\u0131.PNGkp13.13.png 728w\" sizes=\"auto, (max-width: 300px) 100vw, 300px\" \/><\/a><\/p>\n<p>Tayyar Bey, Metin ile bulu\u015fur. Her \u015fey tamam, pazartesi sabah\u0131 y\u0131kanm\u0131\u015f olarak, 20 milyon hesab\u0131nda, der. Metin, kuryeyi sormayacak m\u0131s\u0131n? Birini temizlemeni istiyorum. Ahmet\u2019in damad\u0131 Taner\u2026\u00a0 Metin, sen yerini ve zaman\u0131 s\u00f6yle.\u00a0 Ali ile konu\u015ftum, her \u015feyi ayarlayacak. Yar\u0131n sabah sa\u011fl\u0131k kontrol\u00fc i\u00e7in hastaneye g\u00f6nderilecek. Sonra, Fatiha\u2019s\u0131n\u0131 okursunuz.<\/p>\n<p><a href=\"http:\/\/balcilar-blog.com\/wp-content\/uploads\/2014\/06\/Ekran-Al\u0131nt\u0131s\u0131.PNGkp13.11.png\"><img loading=\"lazy\" decoding=\"async\" class=\"alignnone size-medium wp-image-2436\" src=\"http:\/\/balcilar-blog.com\/wp-content\/uploads\/2014\/06\/Ekran-Al\u0131nt\u0131s\u0131.PNGkp13.11-300x167.png\" alt=\"Ekran Al\u0131nt\u0131s\u0131.PNGkp13.11\" width=\"300\" height=\"167\" srcset=\"https:\/\/balcilar-blog.com\/wp-content\/uploads\/2014\/06\/Ekran-Al\u0131nt\u0131s\u0131.PNGkp13.11-300x167.png 300w, https:\/\/balcilar-blog.com\/wp-content\/uploads\/2014\/06\/Ekran-Al\u0131nt\u0131s\u0131.PNGkp13.11.png 731w\" sizes=\"auto, (max-width: 300px) 100vw, 300px\" \/><\/a><\/p>\n<p>Mert, babas\u0131 Tayyar Beye gider, yard\u0131m ister. Mert, Nil\u00fcfer\u2019i ger\u00e7ekten seviyorum. Ba\u015fka bir sevgilisi varm\u0131\u015f, uygunsuz videoya \u00e7ekmi\u015f, ba\u015f\u0131 feci \u015fekilde belada\u2026 Bu konuda yard\u0131m\u0131n\u0131 ister.<\/p>\n<p>Malike, kocas\u0131 H\u00fcseyin\u2019e banka hesab\u0131n\u0131 sorar, s\u0131k\u0131\u015ft\u0131r\u0131r. K\u0131z\u0131n\u0131n \u00fcniversite masraflar\u0131 i\u00e7in biriktirdi\u011fini s\u00f6yleyerek ge\u00e7i\u015ftirir. Melike, k\u0131zma bana diyerek, \u00f6z\u00fcr diler.<\/p>\n<p>O sabah Elif ile \u00d6mer yataktan \u00e7ok mutlu bir \u015fekilde uyan\u0131rlar. \u00d6mer, ne olursa olsun her \u015fey ger\u00e7ek olacak. Benim arad\u0131\u011f\u0131m bu, samimiyet. Sen de bunu benden esirgeme, olur mu? \u00d6mer\u2019in cep telefonu \u00e7alar, Arda acil \u015fekilde \u00e7a\u011f\u0131r\u0131r. Elif\u2019in \u00d6mer sana bir \u015fey s\u00f6ylemem laz\u0131m, laf\u0131 a\u011fz\u0131nda kal\u0131r. \u00d6mer \u00e7\u0131kar gider.<\/p>\n<p>Nil\u00fcfer Metin\u2019e acil konu\u015fmam\u0131z laz\u0131m. CD izledim, ikimizin oldu\u011fu CD\u2019yi. Arabada tart\u0131\u015f\u0131rlar. Metin, ben sildim, k\u0131rd\u0131m o CD\u2019i\u2026<\/p>\n<p>Taner\u2019in arabas\u0131ndan bulunan bulgular\u0131 uzman, H\u00fcseyin, Pelin, Arda ve \u00d6mer\u2019e g\u00f6sterir. H\u00fcseyin, burnumuz hala koku al\u0131yor. Katil damat \u00e7\u0131kt\u0131.<\/p>\n<p>Bahar, Levent konusunda \u00fcz\u00fcnt\u00fcs\u00fcn\u00fc s\u00f6yler. Siz o ada Polis ile sevgili misiniz diye sorar? Elif, evet der. Bahar peki o zaman surat\u0131n niye as\u0131k. Elif, benim \u00d6mer\u2019den saklad\u0131\u011f\u0131m bir \u015fey var. Ona yalan s\u00f6yledim. \u00d6mer, yalandan nefret ediyor. Ne yap\u0131cam, ben ona koskoca bir yalan s\u00f6yledim. O zaman sen ger\u00e7e\u011fi s\u00f6yleyeceksin. Karar senin!<\/p>\n<p><a href=\"http:\/\/balcilar-blog.com\/wp-content\/uploads\/2014\/06\/Ekran-Al\u0131nt\u0131s\u0131.PNGkp1314.png\"><img loading=\"lazy\" decoding=\"async\" class=\"alignnone size-medium wp-image-2425\" src=\"http:\/\/balcilar-blog.com\/wp-content\/uploads\/2014\/06\/Ekran-Al\u0131nt\u0131s\u0131.PNGkp1314-300x169.png\" alt=\"Ekran Al\u0131nt\u0131s\u0131.PNGkp13,14\" width=\"300\" height=\"169\" srcset=\"https:\/\/balcilar-blog.com\/wp-content\/uploads\/2014\/06\/Ekran-Al\u0131nt\u0131s\u0131.PNGkp1314-300x169.png 300w, https:\/\/balcilar-blog.com\/wp-content\/uploads\/2014\/06\/Ekran-Al\u0131nt\u0131s\u0131.PNGkp1314.png 728w\" sizes=\"auto, (max-width: 300px) 100vw, 300px\" \/><\/a><\/p>\n<p>N\u00f6bet\u00e7i mahkeme, Taner\u2019i tutuklu yarg\u0131lanmas\u0131na karar verir. \u00a0\u00d6mer, ben Taner\u2019in katil oldu\u011funu inanm\u0131yorum. Hele bir arabadaki kan tahlilleri gelsin. H\u00fcseyin sinirlenir, sen bir \u015fey biliyorsan bul, s\u00f6yle\u2026 Bizim elimizdeki delillerin tamam\u0131 Taner Efendiyi g\u00f6steriyor. \u00d6mer, benim i\u00e7g\u00fcd\u00fclerim \u00f6yle de\u011fil abe\u2026 Taner mahkeme \u00e7\u0131k\u0131\u015f\u0131nda, \u00d6mer Bey masumum diyerek yalvar\u0131r. \u00d6mer, tedirgindir.<\/p>\n<p>Levent, Denizer Holding\u2019den istifa dilek\u00e7esini verir. Bahar \u00e7ok bozulur.<\/p>\n<p>Kurya Hatice\u2019ye emanet teslim edilir. Annesi dua ederek, onu yolcu eder. Hatice belli etmese de \u00e7ok huzursuzdur. Valiz kontrolden ge\u00e7er. Arkadan gelen polisler kuryeyi durdurur.<\/p>\n<p>Tayyar Bey, Metin\u2019 neredesin diye hesap sorar. Taner, hastaneden \u00e7\u0131km\u0131\u015f. Hapse g\u00f6nderilmi\u015f. Hapse mi girer adam\u0131 vurursun, birini mi tutars\u0131n, vurdun, vurdun, \u00e7ek kendini vur. Bu i\u015f bitmeden g\u00f6z\u00fcme g\u00f6z\u00fckme. Nil\u00fcfer, Fatih kimdi o? Fatih, babam.<\/p>\n<p><a href=\"http:\/\/balcilar-blog.com\/wp-content\/uploads\/2014\/06\/Ekran-Al\u0131nt\u0131s\u0131.PNGkp13.15.png\"><img loading=\"lazy\" decoding=\"async\" class=\"alignnone size-medium wp-image-2438\" src=\"http:\/\/balcilar-blog.com\/wp-content\/uploads\/2014\/06\/Ekran-Al\u0131nt\u0131s\u0131.PNGkp13.15-300x167.png\" alt=\"Ekran Al\u0131nt\u0131s\u0131.PNGkp13.15\" width=\"300\" height=\"167\" srcset=\"https:\/\/balcilar-blog.com\/wp-content\/uploads\/2014\/06\/Ekran-Al\u0131nt\u0131s\u0131.PNGkp13.15-300x167.png 300w, https:\/\/balcilar-blog.com\/wp-content\/uploads\/2014\/06\/Ekran-Al\u0131nt\u0131s\u0131.PNGkp13.15.png 733w\" sizes=\"auto, (max-width: 300px) 100vw, 300px\" \/><\/a><\/p>\n<p>Tayyar Bey, odada gizli kameray\u0131 bulur. Nil\u00fcfer\u2019in sevi\u015fme g\u00f6r\u00fcnt\u00fcleridir. Ne yapaca\u011f\u0131n\u0131 d\u00fc\u015f\u00fcn\u00fcr. Polisler, Metin\u2019i trafikte durdururlar. Sizi karakola g\u00f6t\u00fcrmemiz laz\u0131m. E\u015fgaliniz aranan bir \u015fahsa uyuyor.<\/p>\n<p>Asl\u0131, annesi Zerrin Han\u0131ma, yalanc\u0131, katil diyerek isyan eder. Sen bana sormadan, sen bebe\u011fimi nas\u0131l al\u0131rs\u0131n, diyerek annesini itekler. Zerrin Han\u0131m yere d\u00fc\u015fer, ba\u015f\u0131n\u0131 \u015fiddetle yere vurur.<\/p>\n<p><a href=\"http:\/\/balcilar-blog.com\/wp-content\/uploads\/2014\/06\/Ekran-Al\u0131nt\u0131s\u0131.PNGkp13.16.png\"><img loading=\"lazy\" decoding=\"async\" class=\"alignnone size-medium wp-image-2439\" src=\"http:\/\/balcilar-blog.com\/wp-content\/uploads\/2014\/06\/Ekran-Al\u0131nt\u0131s\u0131.PNGkp13.16-300x163.png\" alt=\"Ekran Al\u0131nt\u0131s\u0131.PNGkp13.16\" width=\"300\" height=\"163\" srcset=\"https:\/\/balcilar-blog.com\/wp-content\/uploads\/2014\/06\/Ekran-Al\u0131nt\u0131s\u0131.PNGkp13.16-300x163.png 300w, https:\/\/balcilar-blog.com\/wp-content\/uploads\/2014\/06\/Ekran-Al\u0131nt\u0131s\u0131.PNGkp13.16.png 733w\" sizes=\"auto, (max-width: 300px) 100vw, 300px\" \/><\/a><\/p>\n<p>Elif, sahildedir, \u00d6mer gelir, sar\u0131l\u0131r. \u00d6mer, sana bir \u015fey anlataca\u011f\u0131m. Elif \u00f6nce ben s\u00f6yleyeyim. Elif, bir daha bunu anlatmay\u0131 cesaret edemeyebilirim. O y\u00fczden \u015fimdi sus ve beni dinle. Bu sabah aram\u0131zda her \u015fey ger\u00e7ek olsun istiyorum dedin ya, hayat\u0131ndaki ba\u015fka bir Sibel olmak istemiyorum. \u00d6mer ben sana yalan s\u00f6yledim. Her \u015feyi anlat\u0131r. Kara para aklad\u0131\u011f\u0131n\u0131 s\u00f6yler. \u00d6mer, \u00e7ok \u015fa\u015fk\u0131nd\u0131r.<\/p>\n<p><img decoding=\"async\" src=\"https:\/\/pbs.twimg.com\/media\/BqfGSy3CUAApHRy.jpg\" alt=\"G\u00f6m\u00fcl\u00fc resim i\u00e7in kal\u0131c\u0131 ba\u011flant\u0131\" \/><\/p>\n<p>Elif; &#8220;Ben bir su\u00e7luyum, kara para aklayan bir doland\u0131r\u0131c\u0131y\u0131m.&#8221; \u00d6mer, Elif\u2019ten duyduklar\u0131n\u0131 inanamaz. Ters-y\u00fcz olur.<\/p>\n<p><a href=\"http:\/\/balcilar-blog.com\/wp-content\/uploads\/2014\/06\/Ekran-Al\u0131nt\u0131s\u0131.PNGkp13.18.png\"><img loading=\"lazy\" decoding=\"async\" class=\"alignnone size-medium wp-image-2441\" src=\"http:\/\/balcilar-blog.com\/wp-content\/uploads\/2014\/06\/Ekran-Al\u0131nt\u0131s\u0131.PNGkp13.18-300x163.png\" alt=\"Ekran Al\u0131nt\u0131s\u0131.PNGkp13.18\" width=\"300\" height=\"163\" srcset=\"https:\/\/balcilar-blog.com\/wp-content\/uploads\/2014\/06\/Ekran-Al\u0131nt\u0131s\u0131.PNGkp13.18-300x163.png 300w, https:\/\/balcilar-blog.com\/wp-content\/uploads\/2014\/06\/Ekran-Al\u0131nt\u0131s\u0131.PNGkp13.18.png 723w\" sizes=\"auto, (max-width: 300px) 100vw, 300px\" \/><\/a><\/p>\n<p>Komiser H\u00fcseyin evde g\u00fcvercinini besledi\u011fi g\u00fcvercini bakarken, 12 Mart gecesini hat\u0131rlar. Ahmet Denizer\u2019i bir kur\u015funda arabada \u00f6ld\u00fcrm\u00fc\u015f. Sibel, senin ne i\u015fin var burada. Sibel, yalvar\u0131r, her \u015feyi anlat\u0131r, kurye oldu\u011funu, kara para aklad\u0131\u011f\u0131n\u0131 s\u00f6yler. Hi\u00e7 kimseyi bir \u015fey anlatmayaca\u011f\u0131m dese de onu da \u00f6ld\u00fcr\u00fcr. S\u00fcr\u00fckler Ahmet Beyin yan\u0131na arabaya oturtur. B\u00fct\u00fcn bu k\u00f6t\u00fc an\u0131lardan sonra b\u0131rak\u0131r g\u00fcvercini u\u00e7urur. G\u00fcvercinin yuvas\u0131 olan kavanozdan, yuvan\u0131n alt\u0131ndan bir avu\u00e7, onlarca milyarlar de\u011ferinde pembe elmaslar\u0131 bakar, bakar.<\/p>\n<p><a href=\"http:\/\/balcilar-blog.com\/wp-content\/uploads\/2014\/06\/Ekran-Al\u0131nt\u0131s\u0131.PNGkp1_.png\"><img loading=\"lazy\" decoding=\"async\" class=\"alignnone size-medium wp-image-2424\" src=\"http:\/\/balcilar-blog.com\/wp-content\/uploads\/2014\/06\/Ekran-Al\u0131nt\u0131s\u0131.PNGkp1_-300x164.png\" alt=\"Ekran Al\u0131nt\u0131s\u0131.PNGkp1\" width=\"300\" height=\"164\" srcset=\"https:\/\/balcilar-blog.com\/wp-content\/uploads\/2014\/06\/Ekran-Al\u0131nt\u0131s\u0131.PNGkp1_-300x164.png 300w, https:\/\/balcilar-blog.com\/wp-content\/uploads\/2014\/06\/Ekran-Al\u0131nt\u0131s\u0131.PNGkp1_.png 733w\" sizes=\"auto, (max-width: 300px) 100vw, 300px\" \/><\/a><\/p>\n<p>Elif \u00d6mer\u2019e, ne olur bir \u015fey s\u00f6yle. Beni af etmeyece\u011fini biliyorum. Sen d\u00fcr\u00fcst temiz bir insans\u0131n, ailen de \u00f6yle. Ben de senin yerine olsan hayat\u0131m\u0131 tekrar kirletmek istemezdim. Elif, &#8220;Ho\u015f\u00e7a kal \u00d6mer&#8221; der ve d\u00f6ner s\u0131rt\u0131n\u0131 gider. 13. B\u00f6l\u00fcm Sezon Finali burada biter.<\/p>\n<p><a href=\"http:\/\/balcilar-blog.com\/wp-content\/uploads\/2014\/06\/Ekran-Al\u0131nt\u0131s\u0131.PNGkp13.son_.png\"><img loading=\"lazy\" decoding=\"async\" class=\"alignnone size-medium wp-image-2423\" src=\"http:\/\/balcilar-blog.com\/wp-content\/uploads\/2014\/06\/Ekran-Al\u0131nt\u0131s\u0131.PNGkp13.son_-300x178.png\" alt=\"Ekran Al\u0131nt\u0131s\u0131.PNGkp13.son\" width=\"300\" height=\"178\" srcset=\"https:\/\/balcilar-blog.com\/wp-content\/uploads\/2014\/06\/Ekran-Al\u0131nt\u0131s\u0131.PNGkp13.son_-300x178.png 300w, https:\/\/balcilar-blog.com\/wp-content\/uploads\/2014\/06\/Ekran-Al\u0131nt\u0131s\u0131.PNGkp13.son_.png 721w\" sizes=\"auto, (max-width: 300px) 100vw, 300px\" \/><\/a><\/p>\n<p>Her \u015fey ortaya \u00e7\u0131km\u0131\u015ft\u0131r. Katil s\u00f6zde bulunmu\u015ftur amma, as\u0131l katilin a\u011fabeyi H\u00fcseyin oldu\u011funu \u00d6mer bilmiyor. O milyarlarca de\u011feri olan, Elif\u2019in arad\u0131\u011f\u0131 elmaslar da komiser H\u00fcseyin\u2019dedir. \u00d6mer\u2019in ailesi de kirlenmi\u015ftir. Ayr\u0131ca, Zerin Han\u0131m\u0131n d\u00fc\u015ft\u00fc\u011f\u00fc yerden kalkt\u0131\u011f\u0131n\u0131 g\u00f6rmedik. \u00a0Yeni sezonda Eyl\u00fcl ay\u0131nda 14.c\u00fc b\u00f6l\u00fcmde neler olacak hep birlikte bir yaz bekleyip g\u00f6rece\u011fiz.<\/p>\n<p>Hepimiz katili, Tayyar Bey taraf\u0131nda ve Denizer ailesi i\u00e7inde ararken, ters k\u00f6\u015fe olduk. Katil \u00d6mer\u2019in ailesinden \u00e7\u0131kt\u0131. Hakikaten benim i\u00e7in s\u00fcrpriz final oldu.<\/p>\n<p><img decoding=\"async\" src=\"https:\/\/pbs.twimg.com\/media\/BqFU-15CEAAQLDV.png\" alt=\"G\u00f6m\u00fcl\u00fc resim i\u00e7in kal\u0131c\u0131 ba\u011flant\u0131\" \/><\/p>\n<p>Bu son derece keyifli dizi i\u00e7in Ay Yap\u0131m\u2019a, ba\u015far\u0131l\u0131 ba\u015frol oyuncular\u0131m\u0131z Tuba B\u00fcy\u00fck\u00fcst\u00fcn ve Engin Aky\u00fcrek\u2019e ve \u00e7ok iyi performanslar\u0131 i\u00e7in b\u00fct\u00fcn oyuncu kadrosuna sonsuz te\u015fekk\u00fcrler.<\/p>\n<p>Kamera \u00f6n\u00fcndeki ve arkas\u0131ndaki t\u00fcn \u00e7al\u0131\u015fanlara iyi tatiller.<\/p>\n<p>Sayg\u0131lar, sevgiler.<\/p>\n<p>Abdurrahman Balc\u0131lar<\/p>\n<p>Twitter: abdurrahman balc\u0131lar@abbalcilar<\/p>\n<p>Mail : <a href=\"mailto:ab.balcilar@hotmail.com\">ab.balcilar@hotmail.com<\/a><\/p>\n<p>Blog: milliyet.com.tr\/cansever<\/p>\n<p>Blog: balcilar-blog.com<\/p>\n<p>Not: G\u00f6rseller \u0130nternetten ve karapara twitter sayfas\u0131ndan ve taraf\u0131mdan diziden sayfas\u0131ndan al\u0131nm\u0131\u015ft\u0131r.<\/p>\n<p>Not: Burada yaz\u0131lan t\u00fcm yaz\u0131lar\u0131n elektronik imza ve zaman damgas\u0131 g\u00fcvencesi alt\u0131nda yasal haklar\u0131 korunmaktad\u0131r. Hi\u00e7bir \u015fekilde bas\u0131l\u0131 ya da elektronik bir ortamda (CD, internet vs.) kaynak g\u00f6sterilmeksizin izin al\u0131nmadan kullan\u0131lmaz.<\/p>\n<p>&nbsp;<\/p>\n<p>&nbsp;<\/p>\n<p>&nbsp;<\/p>\n","protected":false},"excerpt":{"rendered":"<p>&nbsp; Atv.in a\u015fk ve macera dizisi \u201cKara Para A\u015fk\u201d da beklenmedik s\u00fcrpriz Sezon Finali ya\u015fand\u0131. \u00d6mer, Elif\u2019in aile fertlerini didik, didik, sorgularken, bir laf vard\u0131r ya, \u201cTencere dibi kara, seninki benden kara.\u201d Aynen \u00f6yle oldu. \u00d6ld\u00fcr\u00fclen ni\u015fanl\u0131s\u0131 Sibel\u2019in kirli i\u015flerinden sonra, polis komiseri a\u011fabeyi H\u00fcseyin de katil \u00e7\u0131kt\u0131. \u00d6mer hen\u00fcz a\u011fabeyinin katil oldu\u011funu \u00f6\u011frenmedi. Bahar\u2019\u0131n [&hellip;]<\/p>\n","protected":false},"author":3,"featured_media":0,"comment_status":"open","ping_status":"open","sticky":false,"template":"","format":"standard","meta":{"footnotes":""},"categories":[2],"tags":[48,82,304,448,305],"class_list":["post-2422","post","type-post","status-publish","format-standard","hentry","category-tv-programlari","tag-atv","tag-engin-akyurek","tag-kara-para-ask","tag-sezon-finali","tag-tuba-buyukustun"],"views":10464,"blog_post_layout_featured_media_urls":{"thumbnail":"","full":""},"categories_names":{"2":{"name":"TV Programlar\u0131","link":"https:\/\/balcilar-blog.com\/?cat=2"}},"tags_names":{"48":{"name":"ATV","link":"https:\/\/balcilar-blog.com\/?tag=atv"},"82":{"name":"Engin Aky\u00fcrek","link":"https:\/\/balcilar-blog.com\/?tag=engin-akyurek"},"304":{"name":"Kara Para A\u015fk","link":"https:\/\/balcilar-blog.com\/?tag=kara-para-ask"},"448":{"name":"Sezon Finali","link":"https:\/\/balcilar-blog.com\/?tag=sezon-finali"},"305":{"name":"Tuba B\u00fcy\u00fck\u00fcst\u00fcn","link":"https:\/\/balcilar-blog.com\/?tag=tuba-buyukustun"}},"comments_number":"0","wpmagazine_modules_lite_featured_media_urls":{"thumbnail":"","cvmm-medium":"","cvmm-medium-plus":"","cvmm-portrait":"","cvmm-medium-square":"","cvmm-large":"","cvmm-small":"","full":""},"_links":{"self":[{"href":"https:\/\/balcilar-blog.com\/index.php?rest_route=\/wp\/v2\/posts\/2422","targetHints":{"allow":["GET"]}}],"collection":[{"href":"https:\/\/balcilar-blog.com\/index.php?rest_route=\/wp\/v2\/posts"}],"about":[{"href":"https:\/\/balcilar-blog.com\/index.php?rest_route=\/wp\/v2\/types\/post"}],"author":[{"embeddable":true,"href":"https:\/\/balcilar-blog.com\/index.php?rest_route=\/wp\/v2\/users\/3"}],"replies":[{"embeddable":true,"href":"https:\/\/balcilar-blog.com\/index.php?rest_route=%2Fwp%2Fv2%2Fcomments&post=2422"}],"version-history":[{"count":4,"href":"https:\/\/balcilar-blog.com\/index.php?rest_route=\/wp\/v2\/posts\/2422\/revisions"}],"predecessor-version":[{"id":2446,"href":"https:\/\/balcilar-blog.com\/index.php?rest_route=\/wp\/v2\/posts\/2422\/revisions\/2446"}],"wp:attachment":[{"href":"https:\/\/balcilar-blog.com\/index.php?rest_route=%2Fwp%2Fv2%2Fmedia&parent=2422"}],"wp:term":[{"taxonomy":"category","embeddable":true,"href":"https:\/\/balcilar-blog.com\/index.php?rest_route=%2Fwp%2Fv2%2Fcategories&post=2422"},{"taxonomy":"post_tag","embeddable":true,"href":"https:\/\/balcilar-blog.com\/index.php?rest_route=%2Fwp%2Fv2%2Ftags&post=2422"}],"curies":[{"name":"wp","href":"https:\/\/api.w.org\/{rel}","templated":true}]}}