{"id":24143,"date":"2019-03-06T13:17:29","date_gmt":"2019-03-06T11:17:29","guid":{"rendered":"http:\/\/balcilar-blog.com\/?p=24143"},"modified":"2019-03-06T13:21:27","modified_gmt":"2019-03-06T11:21:27","slug":"cagatay-ulusoyun-unutulmaz-dizisi-medcezirin-guzel-kizlari-yeni-dizilerde","status":"publish","type":"post","link":"https:\/\/balcilar-blog.com\/?p=24143","title":{"rendered":"\u00c7a\u011fatay Ulusoy&#8217;un Unutulmaz Dizisi &#8216;Medcezir&#8217;in G\u00fczel K\u0131zlar\u0131 Yeni dizilerde!"},"content":{"rendered":"<p><img loading=\"lazy\" decoding=\"async\" class=\"alignnone size-full wp-image-24144\" src=\"http:\/\/balcilar-blog.com\/wp-content\/uploads\/2019\/03\/Medcezir-47.b\u00f6l\u00fcm-45.jpg\" alt=\"\" width=\"552\" height=\"480\" srcset=\"https:\/\/balcilar-blog.com\/wp-content\/uploads\/2019\/03\/Medcezir-47.b\u00f6l\u00fcm-45.jpg 552w, https:\/\/balcilar-blog.com\/wp-content\/uploads\/2019\/03\/Medcezir-47.b\u00f6l\u00fcm-45-300x261.jpg 300w\" sizes=\"auto, (max-width: 552px) 100vw, 552px\" \/><\/p>\n<p>\u00c7a\u011fatay Ulusoy ve Serenay Sar\u0131kaya&#8217;n\u0131n unutulmaz dizisi &#8220;Medcezir&#8221; bug\u00fcn Teve2&#8217;de 46 B\u00f6l\u00fcm\u00fcn\u00fc izledim. Yay\u0131nland\u0131\u011f\u0131 2013 &#8211; 2014 y\u0131llar\u0131 aras\u0131nda \u00e7ok sevilmi\u015f, \u00c7a\u011fatay Ulusoy iyice \u00fcnlenmi\u015fti. \u015eimdilerde &#8220;Hakan: Muhaf\u0131z&#8221; (The Protector) dizindeki oyunculu\u011fu ile d\u00fcnya \u00fclkeleri onu takdir etmi\u015f ve tan\u0131m\u0131\u015ft\u0131r.<\/p>\n<p>Dizide benim i\u00e7in s\u00fcrpriz bir isim daha vard\u0131. Ge\u00e7en hafta \u00c7ukur dizisinin 54.b\u00f6l\u00fcm\u00fcnde Ulu\u00e7 Reis k\u0131z\u0131 Damla karakteri olarak seyrettim.<\/p>\n<p><img loading=\"lazy\" decoding=\"async\" class=\"alignnone size-full wp-image-24145\" src=\"http:\/\/balcilar-blog.com\/wp-content\/uploads\/2019\/03\/hare-s\u00fcrel.jpg\" alt=\"\" width=\"640\" height=\"437\" srcset=\"https:\/\/balcilar-blog.com\/wp-content\/uploads\/2019\/03\/hare-s\u00fcrel.jpg 640w, https:\/\/balcilar-blog.com\/wp-content\/uploads\/2019\/03\/hare-s\u00fcrel-300x205.jpg 300w\" sizes=\"auto, (max-width: 640px) 100vw, 640px\" \/><\/p>\n<p>\u00d6nce nereden tan\u0131d\u0131\u011f\u0131m\u0131 hat\u0131rlayamad\u0131m. Sonra Medczir&#8217;de Yaman&#8217;\u0131n eski sevgilisi Leyla oldu\u011funu hat\u0131rlad\u0131m.<\/p>\n<p>\u00c7ukur&#8217;da Damla, Cumali abimizinin\u00a0 g\u00f6z\u00fcnden ka\u00e7mad\u0131. Sultan Han\u0131m da be\u011fenmi\u015f ki, Cumali ile evlendirmeyi bile d\u00fc\u015f\u00fcnd\u00fc.<\/p>\n<p>Medcezir&#8217;in Leyla&#8217;s\u0131:<\/p>\n<p><img loading=\"lazy\" decoding=\"async\" class=\"alignnone size-full wp-image-24146\" src=\"http:\/\/balcilar-blog.com\/wp-content\/uploads\/2019\/03\/hare-surel-kimdir.jpg\" alt=\"\" width=\"537\" height=\"480\" srcset=\"https:\/\/balcilar-blog.com\/wp-content\/uploads\/2019\/03\/hare-surel-kimdir.jpg 537w, https:\/\/balcilar-blog.com\/wp-content\/uploads\/2019\/03\/hare-surel-kimdir-300x268.jpg 300w\" sizes=\"auto, (max-width: 537px) 100vw, 537px\" \/><\/p>\n<p>Medcezir&#8217;in Eyl\u00fcl&#8217;\u00fc:<\/p>\n<p><img loading=\"lazy\" decoding=\"async\" class=\"alignnone size-full wp-image-24147\" src=\"http:\/\/balcilar-blog.com\/wp-content\/uploads\/2019\/03\/medcezir-eyl\u00fcl.png\" alt=\"\" width=\"590\" height=\"424\" srcset=\"https:\/\/balcilar-blog.com\/wp-content\/uploads\/2019\/03\/medcezir-eyl\u00fcl.png 590w, https:\/\/balcilar-blog.com\/wp-content\/uploads\/2019\/03\/medcezir-eyl\u00fcl-300x216.png 300w\" sizes=\"auto, (max-width: 590px) 100vw, 590px\" \/><\/p>\n<p>Hazar Erg\u00fc\u00e7l\u00fc \u015fu s\u0131ralarda ad\u0131ndan \u00e7ok s\u00f6z edilen &#8220;Hakan: Muhaf\u0131z&#8221; dizisinde \u00c7a\u011fatay Ulusoy oynuyor. &#8216;Zeynep&#8217; karakteri olarak rol al\u0131yor. Medcezir dizisinde de Mert&#8217;in sevgilisi Eyl\u00fcl karakterini \u00c7a\u011fatay Ulusoy ile oynam\u0131\u015f \u00e7ok sevilmi\u015fti.<\/p>\n<p><img loading=\"lazy\" decoding=\"async\" class=\"alignnone size-full wp-image-24149\" src=\"http:\/\/balcilar-blog.com\/wp-content\/uploads\/2019\/03\/640xauto-7-5c3439a515c58.jpg\" alt=\"\" width=\"640\" height=\"319\" srcset=\"https:\/\/balcilar-blog.com\/wp-content\/uploads\/2019\/03\/640xauto-7-5c3439a515c58.jpg 640w, https:\/\/balcilar-blog.com\/wp-content\/uploads\/2019\/03\/640xauto-7-5c3439a515c58-300x150.jpg 300w\" sizes=\"auto, (max-width: 640px) 100vw, 640px\" \/><\/p>\n<p>Y\u0131llar ge\u00e7se de baz\u0131 karakterler unutulmuyor. Onlar\u0131 yeni dizilerde g\u00f6r\u00fcnce tan\u0131d\u0131k geliyor. &#8220;Aaa be bunu nerden tan\u0131yorum&#8221; diyoruz.<\/p>\n<p>Not: Medcezir dizisinin 47.b\u00f6l\u00fcmden itibaren her g\u00fcn saat: 11,15&#8217;ten (Pazartesi-Cuma) seyredebilirsiniz.<\/p>\n<p>Sayg\u0131lar ve sevgiler.<\/p>\n<p>Abdurrahman Balc\u0131lar<\/p>\n<p>Twitter : <a href=\"https:\/\/twitter.com\/abbalcilar\">abdurrahman balc\u0131lar<\/a><a href=\"https:\/\/twitter.com\/abbalcilar\"><strong>@abbalcilar<\/strong><\/a><\/p>\n<p>Mail :\u00a0<a href=\"mailto:ab.balcilar@hotmail.com\">ab.balcilar@hotmail.com<\/a><\/p>\n<p>Blog:\u00a0<a href=\"http:\/\/t.co\/znqmIZgIqn\">blog.milliyet.com.tr\/cansever<\/a><\/p>\n<p>\u015eahsi Blog:\u00a0<a href=\"http:\/\/balcilar-blog.com\/\">Abdurrahman Balc\u0131lar Blog Sayfas\u0131<\/a><\/p>\n<p><strong>\u00a0<\/strong><\/p>\n","protected":false},"excerpt":{"rendered":"<p>\u00c7a\u011fatay Ulusoy ve Serenay Sar\u0131kaya&#8217;n\u0131n unutulmaz dizisi &#8220;Medcezir&#8221; bug\u00fcn Teve2&#8217;de 46 B\u00f6l\u00fcm\u00fcn\u00fc izledim. Yay\u0131nland\u0131\u011f\u0131 2013 &#8211; 2014 y\u0131llar\u0131 aras\u0131nda \u00e7ok sevilmi\u015f, \u00c7a\u011fatay Ulusoy iyice \u00fcnlenmi\u015fti. \u015eimdilerde &#8220;Hakan: Muhaf\u0131z&#8221; (The Protector) dizindeki oyunculu\u011fu ile d\u00fcnya \u00fclkeleri onu takdir etmi\u015f ve tan\u0131m\u0131\u015ft\u0131r. Dizide benim i\u00e7in s\u00fcrpriz bir isim daha vard\u0131. Ge\u00e7en hafta \u00c7ukur dizisinin 54.b\u00f6l\u00fcm\u00fcnde Ulu\u00e7 Reis [&hellip;]<\/p>\n","protected":false},"author":3,"featured_media":24144,"comment_status":"open","ping_status":"open","sticky":false,"template":"","format":"standard","meta":{"footnotes":""},"categories":[2],"tags":[15,1555,1843,1883,1882,16,27,1884],"class_list":["post-24143","post","type-post","status-publish","format-standard","has-post-thumbnail","hentry","category-tv-programlari","tag-cagatay-ulusoy","tag-cukur","tag-hakan-muhafiz","tag-hare-surel","tag-hazer-erguclu","tag-medcezir","tag-serenay-sarikaya","tag-teve2"],"views":4602,"blog_post_layout_featured_media_urls":{"thumbnail":["https:\/\/balcilar-blog.com\/wp-content\/uploads\/2019\/03\/Medcezir-47.b\u00f6l\u00fcm-45-150x150.jpg",150,150,true],"full":["https:\/\/balcilar-blog.com\/wp-content\/uploads\/2019\/03\/Medcezir-47.b\u00f6l\u00fcm-45.jpg",552,480,false]},"categories_names":{"2":{"name":"TV Programlar\u0131","link":"https:\/\/balcilar-blog.com\/?cat=2"}},"tags_names":{"15":{"name":"\u00e7a\u011fatay ulusoy","link":"https:\/\/balcilar-blog.com\/?tag=cagatay-ulusoy"},"1555":{"name":"\u00c7ukur","link":"https:\/\/balcilar-blog.com\/?tag=cukur"},"1843":{"name":"Hakan: Muhaf\u0131z","link":"https:\/\/balcilar-blog.com\/?tag=hakan-muhafiz"},"1883":{"name":"Hare S\u00fcrel","link":"https:\/\/balcilar-blog.com\/?tag=hare-surel"},"1882":{"name":"Hazer Erg\u00fc\u00e7l\u00fc","link":"https:\/\/balcilar-blog.com\/?tag=hazer-erguclu"},"16":{"name":"medcezir","link":"https:\/\/balcilar-blog.com\/?tag=medcezir"},"27":{"name":"Serenay Sar\u0131kaya","link":"https:\/\/balcilar-blog.com\/?tag=serenay-sarikaya"},"1884":{"name":"Teve2","link":"https:\/\/balcilar-blog.com\/?tag=teve2"}},"comments_number":"0","wpmagazine_modules_lite_featured_media_urls":{"thumbnail":["https:\/\/balcilar-blog.com\/wp-content\/uploads\/2019\/03\/Medcezir-47.b\u00f6l\u00fcm-45-150x150.jpg",150,150,true],"cvmm-medium":["https:\/\/balcilar-blog.com\/wp-content\/uploads\/2019\/03\/Medcezir-47.b\u00f6l\u00fcm-45.jpg",300,261,false],"cvmm-medium-plus":["https:\/\/balcilar-blog.com\/wp-content\/uploads\/2019\/03\/Medcezir-47.b\u00f6l\u00fcm-45.jpg",238,207,false],"cvmm-portrait":["https:\/\/balcilar-blog.com\/wp-content\/uploads\/2019\/03\/Medcezir-47.b\u00f6l\u00fcm-45.jpg",400,348,false],"cvmm-medium-square":["https:\/\/balcilar-blog.com\/wp-content\/uploads\/2019\/03\/Medcezir-47.b\u00f6l\u00fcm-45.jpg",552,480,false],"cvmm-large":["https:\/\/balcilar-blog.com\/wp-content\/uploads\/2019\/03\/Medcezir-47.b\u00f6l\u00fcm-45.jpg",552,480,false],"cvmm-small":["https:\/\/balcilar-blog.com\/wp-content\/uploads\/2019\/03\/Medcezir-47.b\u00f6l\u00fcm-45.jpg",109,95,false],"full":["https:\/\/balcilar-blog.com\/wp-content\/uploads\/2019\/03\/Medcezir-47.b\u00f6l\u00fcm-45.jpg",552,480,false]},"_links":{"self":[{"href":"https:\/\/balcilar-blog.com\/index.php?rest_route=\/wp\/v2\/posts\/24143","targetHints":{"allow":["GET"]}}],"collection":[{"href":"https:\/\/balcilar-blog.com\/index.php?rest_route=\/wp\/v2\/posts"}],"about":[{"href":"https:\/\/balcilar-blog.com\/index.php?rest_route=\/wp\/v2\/types\/post"}],"author":[{"embeddable":true,"href":"https:\/\/balcilar-blog.com\/index.php?rest_route=\/wp\/v2\/users\/3"}],"replies":[{"embeddable":true,"href":"https:\/\/balcilar-blog.com\/index.php?rest_route=%2Fwp%2Fv2%2Fcomments&post=24143"}],"version-history":[{"count":3,"href":"https:\/\/balcilar-blog.com\/index.php?rest_route=\/wp\/v2\/posts\/24143\/revisions"}],"predecessor-version":[{"id":24152,"href":"https:\/\/balcilar-blog.com\/index.php?rest_route=\/wp\/v2\/posts\/24143\/revisions\/24152"}],"wp:featuredmedia":[{"embeddable":true,"href":"https:\/\/balcilar-blog.com\/index.php?rest_route=\/wp\/v2\/media\/24144"}],"wp:attachment":[{"href":"https:\/\/balcilar-blog.com\/index.php?rest_route=%2Fwp%2Fv2%2Fmedia&parent=24143"}],"wp:term":[{"taxonomy":"category","embeddable":true,"href":"https:\/\/balcilar-blog.com\/index.php?rest_route=%2Fwp%2Fv2%2Fcategories&post=24143"},{"taxonomy":"post_tag","embeddable":true,"href":"https:\/\/balcilar-blog.com\/index.php?rest_route=%2Fwp%2Fv2%2Ftags&post=24143"}],"curies":[{"name":"wp","href":"https:\/\/api.w.org\/{rel}","templated":true}]}}