{"id":24123,"date":"2019-03-03T16:24:38","date_gmt":"2019-03-03T14:24:38","guid":{"rendered":"http:\/\/balcilar-blog.com\/?p=24123"},"modified":"2019-03-03T16:25:24","modified_gmt":"2019-03-03T14:25:24","slug":"erkan-kolcakkostendil-12-numarali-adamla-avrupayi-fethediyor","status":"publish","type":"post","link":"https:\/\/balcilar-blog.com\/?p=24123","title":{"rendered":"Erkan Kol\u00e7akK\u00f6stendil &#8220;12 Numaral\u0131 Adam&#8217;la Avrupa&#8217;y\u0131 Fethediyor."},"content":{"rendered":"<p><img loading=\"lazy\" decoding=\"async\" class=\"alignnone size-full wp-image-24124\" src=\"http:\/\/balcilar-blog.com\/wp-content\/uploads\/2019\/03\/12NUMARALIADAM-afis\u0327.jpg\" alt=\"\" width=\"459\" height=\"640\" srcset=\"https:\/\/balcilar-blog.com\/wp-content\/uploads\/2019\/03\/12NUMARALIADAM-afis\u0327.jpg 459w, https:\/\/balcilar-blog.com\/wp-content\/uploads\/2019\/03\/12NUMARALIADAM-afis\u0327-215x300.jpg 215w\" sizes=\"auto, (max-width: 459px) 100vw, 459px\" \/><\/p>\n<p class=\"x_MsoNormal\"><b>Ba\u015far\u0131l\u0131 oyuncu Erkan Kol\u00e7akK\u00f6stendil\u2019in kendi yaz\u0131p oynad\u0131\u011f\u0131 tek ki\u015filik tiyatro oyunu \u201c12 Numaral\u0131 Adam\u201d Avrupa turnesine t\u00fcm h\u0131z\u0131yla devam ediyor. Bug\u00fcne kadar Avrupa\u2019n\u0131n 19 farkl\u0131 \u015fehrinde sahneye \u00e7\u0131kan oyuncu, Mart ay\u0131nda da Almanya ve Hollanda\u2019daki tiyatroseverlerle bulu\u015fmaya haz\u0131rlan\u0131yor.<\/b><\/p>\n<p class=\"x_MsoNormal\">Rol ald\u0131\u011f\u0131 dizi, tiyatro ve sinema filmlerindeki ba\u015far\u0131l\u0131 performanslar\u0131n\u0131n yan\u0131 s\u0131ra kendi yaz\u0131p y\u00f6netti\u011fi k\u0131sa filmlerle de \u00f6d\u00fclleri toplayan ba\u015far\u0131l\u0131 oyuncu Erkan Kol\u00e7akK\u00f6stendil, kendi yaz\u0131p oynad\u0131\u011f\u0131 tek ki\u015filik tiyatro oyunu \u201c12 Numaral\u0131 Adam\u201d ile ge\u00e7ti\u011fimiz seneden beri Avrupa\u2019y\u0131 dola\u015f\u0131yor. T\u00fcm \u015fehirlerde yo\u011fun ilgi ile kar\u015f\u0131la\u015fan oyunun biletleri g\u00fcnler \u00f6ncesinden t\u00fckeniyor.<\/p>\n<p><img loading=\"lazy\" decoding=\"async\" class=\"alignnone size-full wp-image-24125\" src=\"http:\/\/balcilar-blog.com\/wp-content\/uploads\/2019\/03\/thumbnail_12-Numral\u0131-Adam_Rosenheim.jpg\" alt=\"\" width=\"480\" height=\"640\" srcset=\"https:\/\/balcilar-blog.com\/wp-content\/uploads\/2019\/03\/thumbnail_12-Numral\u0131-Adam_Rosenheim.jpg 480w, https:\/\/balcilar-blog.com\/wp-content\/uploads\/2019\/03\/thumbnail_12-Numral\u0131-Adam_Rosenheim-225x300.jpg 225w\" sizes=\"auto, (max-width: 480px) 100vw, 480px\" \/><\/p>\n<p class=\"x_MsoNormal\"><b>Finale giden bir ma\u00e7 ve bir yedek kalecinin son \u015fans\u0131\u2026<\/b><\/p>\n<p class=\"x_MsoNormal\">\u00c7izgilerin d\u0131\u015f\u0131na \u00e7\u0131kmak, yaln\u0131z kalmak, aile olmak, risk almak ve hayata tutunmak \u00fczerine kurulu tek ki\u015filik oyun \u201c12 Numaral\u0131 Adam\u201d Avrupa turnesine Mart ay\u0131nda Almanya ve Hollanda ile devam edecek. Oyun 2 Mart\u2019ta D\u00fcsseldorf\u2019ta Savoy Theater\u2019da, 3 Mart\u2019ta Eindhoven\u2019da Parktheater\u2019da, 10 Mart\u2019ta Dortmund\u2019ta CineStar\u2019da ve 15 Mart\u2019ta Rotterdam\u2019da Oude Luxor\u2019da tiyatroseverlerle bulu\u015facak. \u201c12 Numaral\u0131 Adam\u201d\u0131n T\u00fcrkiye pr\u00f6miyerinin A\u011fustos ay\u0131nda yap\u0131lmas\u0131 planlan\u0131yor.<\/p>\n<p>&#8220;\u00c7ukur&#8221; dizisinde ba\u015far\u0131l\u0131 oyunculu\u011fu ile Vartolu Sadettin karakterini canland\u0131r\u0131yor. Olduk\u00e7a da be\u011feniliyor. Sevenleri milyonlarca ki\u015fi. Dizi \u00e7ekimleri sekteye u\u011frar m\u0131 bilemiyorum. Hem tiyatro hem dizi bir koltu\u011fa 2 karpuz s\u0131\u011fd\u0131r\u0131yor. Erkan Kol\u00e7akK\u00f6stendil hem Avrupa&#8217;y\u0131 fethetti\u011fi, hem de \u00fclkemiz insan\u0131n\u0131n be\u011fenisini kazand\u0131\u011f\u0131 i\u00e7in tebrik ediyor, her iki dalda ba\u015far\u0131lar diliyorum.<\/p>\n<p>Sayg\u0131lar ve sevgiler.<\/p>\n<p>Abdurrahman Balc\u0131lar<\/p>\n<p>Twitter : <a href=\"https:\/\/twitter.com\/abbalcilar\">abdurrahman balc\u0131lar<\/a><a href=\"https:\/\/twitter.com\/abbalcilar\"><strong>@abbalcilar<\/strong><\/a><\/p>\n<p>Mail :\u00a0<a href=\"mailto:ab.balcilar@hotmail.com\">ab.balcilar@hotmail.com<\/a><\/p>\n<p>Blog:\u00a0<a href=\"http:\/\/t.co\/znqmIZgIqn\">blog.milliyet.com.tr\/cansever<\/a><\/p>\n<p>\u015eahsi Blog:\u00a0<a href=\"http:\/\/balcilar-blog.com\/\">Abdurrahman Balc\u0131lar Blog Sayfas\u0131<\/a><\/p>\n<p>&nbsp;<\/p>\n<p>Kaynak Haber:<\/p>\n<p class=\"x_MsoNormal\"><b>Bas\u0131n \u0130leti\u015fim:<\/b><\/p>\n<p class=\"x_MsoNormal\"><b>\u0130leti\u015fim Deposu:\u00a0<\/b>Z\u00fcmr\u00fct Burul\u00a0 &#8211; \u0130rem T\u00fcmer<\/p>\n<p class=\"x_MsoNormal\">\n","protected":false},"excerpt":{"rendered":"<p>Ba\u015far\u0131l\u0131 oyuncu Erkan Kol\u00e7akK\u00f6stendil\u2019in kendi yaz\u0131p oynad\u0131\u011f\u0131 tek ki\u015filik tiyatro oyunu \u201c12 Numaral\u0131 Adam\u201d Avrupa turnesine t\u00fcm h\u0131z\u0131yla devam ediyor. Bug\u00fcne kadar Avrupa\u2019n\u0131n 19 farkl\u0131 \u015fehrinde sahneye \u00e7\u0131kan oyuncu, Mart ay\u0131nda da Almanya ve Hollanda\u2019daki tiyatroseverlerle bulu\u015fmaya haz\u0131rlan\u0131yor. Rol ald\u0131\u011f\u0131 dizi, tiyatro ve sinema filmlerindeki ba\u015far\u0131l\u0131 performanslar\u0131n\u0131n yan\u0131 s\u0131ra kendi yaz\u0131p y\u00f6netti\u011fi k\u0131sa filmlerle de [&hellip;]<\/p>\n","protected":false},"author":3,"featured_media":24124,"comment_status":"open","ping_status":"open","sticky":false,"template":"","format":"standard","meta":{"footnotes":""},"categories":[908],"tags":[1879,1880,1878],"class_list":["post-24123","post","type-post","status-publish","format-standard","has-post-thumbnail","hentry","category-tiyatro","tag-12-numarali-adam","tag-avrupa","tag-erkan-kolcakkostendil"],"views":2747,"blog_post_layout_featured_media_urls":{"thumbnail":["https:\/\/balcilar-blog.com\/wp-content\/uploads\/2019\/03\/12NUMARALIADAM-afis\u0327-150x150.jpg",150,150,true],"full":["https:\/\/balcilar-blog.com\/wp-content\/uploads\/2019\/03\/12NUMARALIADAM-afis\u0327.jpg",459,640,false]},"categories_names":{"908":{"name":"Tiyatro","link":"https:\/\/balcilar-blog.com\/?cat=908"}},"tags_names":{"1879":{"name":"12 Numaral\u0131 Adam","link":"https:\/\/balcilar-blog.com\/?tag=12-numarali-adam"},"1880":{"name":"Avrupa","link":"https:\/\/balcilar-blog.com\/?tag=avrupa"},"1878":{"name":"Erkan Kol\u00e7akK\u00f6stendil","link":"https:\/\/balcilar-blog.com\/?tag=erkan-kolcakkostendil"}},"comments_number":"0","wpmagazine_modules_lite_featured_media_urls":{"thumbnail":["https:\/\/balcilar-blog.com\/wp-content\/uploads\/2019\/03\/12NUMARALIADAM-afis\u0327-150x150.jpg",150,150,true],"cvmm-medium":["https:\/\/balcilar-blog.com\/wp-content\/uploads\/2019\/03\/12NUMARALIADAM-afis\u0327.jpg",215,300,false],"cvmm-medium-plus":["https:\/\/balcilar-blog.com\/wp-content\/uploads\/2019\/03\/12NUMARALIADAM-afis\u0327.jpg",148,207,false],"cvmm-portrait":["https:\/\/balcilar-blog.com\/wp-content\/uploads\/2019\/03\/12NUMARALIADAM-afis\u0327.jpg",400,558,false],"cvmm-medium-square":["https:\/\/balcilar-blog.com\/wp-content\/uploads\/2019\/03\/12NUMARALIADAM-afis\u0327.jpg",430,600,false],"cvmm-large":["https:\/\/balcilar-blog.com\/wp-content\/uploads\/2019\/03\/12NUMARALIADAM-afis\u0327.jpg",459,640,false],"cvmm-small":["https:\/\/balcilar-blog.com\/wp-content\/uploads\/2019\/03\/12NUMARALIADAM-afis\u0327.jpg",68,95,false],"full":["https:\/\/balcilar-blog.com\/wp-content\/uploads\/2019\/03\/12NUMARALIADAM-afis\u0327.jpg",459,640,false]},"_links":{"self":[{"href":"https:\/\/balcilar-blog.com\/index.php?rest_route=\/wp\/v2\/posts\/24123","targetHints":{"allow":["GET"]}}],"collection":[{"href":"https:\/\/balcilar-blog.com\/index.php?rest_route=\/wp\/v2\/posts"}],"about":[{"href":"https:\/\/balcilar-blog.com\/index.php?rest_route=\/wp\/v2\/types\/post"}],"author":[{"embeddable":true,"href":"https:\/\/balcilar-blog.com\/index.php?rest_route=\/wp\/v2\/users\/3"}],"replies":[{"embeddable":true,"href":"https:\/\/balcilar-blog.com\/index.php?rest_route=%2Fwp%2Fv2%2Fcomments&post=24123"}],"version-history":[{"count":1,"href":"https:\/\/balcilar-blog.com\/index.php?rest_route=\/wp\/v2\/posts\/24123\/revisions"}],"predecessor-version":[{"id":24126,"href":"https:\/\/balcilar-blog.com\/index.php?rest_route=\/wp\/v2\/posts\/24123\/revisions\/24126"}],"wp:featuredmedia":[{"embeddable":true,"href":"https:\/\/balcilar-blog.com\/index.php?rest_route=\/wp\/v2\/media\/24124"}],"wp:attachment":[{"href":"https:\/\/balcilar-blog.com\/index.php?rest_route=%2Fwp%2Fv2%2Fmedia&parent=24123"}],"wp:term":[{"taxonomy":"category","embeddable":true,"href":"https:\/\/balcilar-blog.com\/index.php?rest_route=%2Fwp%2Fv2%2Fcategories&post=24123"},{"taxonomy":"post_tag","embeddable":true,"href":"https:\/\/balcilar-blog.com\/index.php?rest_route=%2Fwp%2Fv2%2Ftags&post=24123"}],"curies":[{"name":"wp","href":"https:\/\/api.w.org\/{rel}","templated":true}]}}