{"id":24067,"date":"2019-02-24T20:37:50","date_gmt":"2019-02-24T18:37:50","guid":{"rendered":"http:\/\/balcilar-blog.com\/?p=24067"},"modified":"2019-02-24T20:44:45","modified_gmt":"2019-02-24T18:44:45","slug":"cocukluk-aski-unutulmuyor","status":"publish","type":"post","link":"https:\/\/balcilar-blog.com\/?p=24067","title":{"rendered":"\u00c7ocukluk A\u015fk\u0131 Unutulmuyor!"},"content":{"rendered":"<p><img loading=\"lazy\" decoding=\"async\" class=\"alignnone size-full wp-image-24078\" src=\"http:\/\/balcilar-blog.com\/wp-content\/uploads\/2019\/02\/MV5BNTQyNz.jpg\" alt=\"\" width=\"640\" height=\"360\" srcset=\"https:\/\/balcilar-blog.com\/wp-content\/uploads\/2019\/02\/MV5BNTQyNz.jpg 640w, https:\/\/balcilar-blog.com\/wp-content\/uploads\/2019\/02\/MV5BNTQyNz-300x169.jpg 300w\" sizes=\"auto, (max-width: 640px) 100vw, 640px\" \/><\/p>\n<p>Son g\u00fcnlerde seyretti\u011fim iki dizide birbirine \u00e7ok benzer \u00e7ocukluk a\u015fk\u0131 ya\u015fand\u0131\u011f\u0131 g\u00f6r\u00fcl\u00fcyor.<\/p>\n<p>Birincisi &#8220;<span style=\"color: #ff0000;\"><strong>\u00c7arp\u0131\u015fma<\/strong><\/span>&#8221; dizisinde g\u00f6rd\u00fcm. <strong><span style=\"color: #0000ff;\">K\u0131van\u00e7 Tatl\u0131tu\u011f\u00a0 <\/span><\/strong>ve <span style=\"color: #0000ff;\"><strong>El\u00e7in Sangu<\/strong><\/span>&#8216;nun birlikte oynad\u0131klar\u0131 dizide;<span style=\"color: #ff0000;\"><strong> Kadir<\/strong><\/span> <span style=\"color: #ff0000;\"><strong>ve Zeynep a\u015fk\u0131,<\/strong><span style=\"color: #000000;\"> \u00e7ocukluk y\u0131llar\u0131nda ayn\u0131 yetimhanede kalm\u0131\u015flar ve beraber b\u00fcy\u00fcm\u00fc\u015fler. <\/span><\/span><\/p>\n<p>Yetimhanede bir gece Zeynep ceza alm\u0131\u015f, karanl\u0131k odaya kilitlenmi\u015fti. Kadir k\u0131r\u0131k camdan Zeynep&#8217;e tost vermi\u015f, sabaha kadar kap\u0131da oturak onu d\u0131\u015far\u0131da beklemi\u015fti<\/p>\n<p><img loading=\"lazy\" decoding=\"async\" class=\"alignnone size-full wp-image-24077\" src=\"http:\/\/balcilar-blog.com\/wp-content\/uploads\/2019\/02\/Ekran-Al\u0131nt\u0131s\u0131-\u00e7rp\u015f.jpg\" alt=\"\" width=\"546\" height=\"356\" srcset=\"https:\/\/balcilar-blog.com\/wp-content\/uploads\/2019\/02\/Ekran-Al\u0131nt\u0131s\u0131-\u00e7rp\u015f.jpg 546w, https:\/\/balcilar-blog.com\/wp-content\/uploads\/2019\/02\/Ekran-Al\u0131nt\u0131s\u0131-\u00e7rp\u015f-300x196.jpg 300w\" sizes=\"auto, (max-width: 546px) 100vw, 546px\" \/><\/p>\n<p><img loading=\"lazy\" decoding=\"async\" class=\"alignnone size-full wp-image-24076\" src=\"http:\/\/balcilar-blog.com\/wp-content\/uploads\/2019\/02\/\u00c7ARPI\u015eMA-KAD\u0130R.jpg\" alt=\"\" width=\"640\" height=\"403\" srcset=\"https:\/\/balcilar-blog.com\/wp-content\/uploads\/2019\/02\/\u00c7ARPI\u015eMA-KAD\u0130R.jpg 640w, https:\/\/balcilar-blog.com\/wp-content\/uploads\/2019\/02\/\u00c7ARPI\u015eMA-KAD\u0130R-300x189.jpg 300w\" sizes=\"auto, (max-width: 640px) 100vw, 640px\" \/><\/p>\n<p>Kadir ve Zeynep&#8217;in yetimhanede birlikte unutulmaz g\u00fcnler ge\u00e7irmi\u015flerdir.<\/p>\n<p><img loading=\"lazy\" decoding=\"async\" class=\"alignnone size-full wp-image-24078\" src=\"http:\/\/balcilar-blog.com\/wp-content\/uploads\/2019\/02\/MV5BNTQyNz.jpg\" alt=\"\" width=\"640\" height=\"360\" srcset=\"https:\/\/balcilar-blog.com\/wp-content\/uploads\/2019\/02\/MV5BNTQyNz.jpg 640w, https:\/\/balcilar-blog.com\/wp-content\/uploads\/2019\/02\/MV5BNTQyNz-300x169.jpg 300w\" sizes=\"auto, (max-width: 640px) 100vw, 640px\" \/><\/p>\n<p>Y\u0131llar sonra kader onlar\u0131 tekrar kar\u015f\u0131 kar\u015f\u0131ya getirdi ve bu a\u015fk devam ediyor.<\/p>\n<p><img loading=\"lazy\" decoding=\"async\" class=\"alignnone size-full wp-image-24069\" src=\"http:\/\/balcilar-blog.com\/wp-content\/uploads\/2019\/02\/446262.jpg\" alt=\"\" width=\"640\" height=\"418\" srcset=\"https:\/\/balcilar-blog.com\/wp-content\/uploads\/2019\/02\/446262.jpg 640w, https:\/\/balcilar-blog.com\/wp-content\/uploads\/2019\/02\/446262-300x196.jpg 300w\" sizes=\"auto, (max-width: 640px) 100vw, 640px\" \/><\/p>\n<p>\u0130kincisi; &#8220;<span style=\"color: #ff0000;\"><strong>Kuzgun<\/strong><\/span>&#8221;\u00a0 dizisinde, <strong><span style=\"color: #0000ff;\">Bar\u0131\u015f Ardu\u00e7<\/span><\/strong> ile <span style=\"color: #0000ff;\"><strong>Burcu Biricik<\/strong><\/span> aras\u0131ndaki a\u015fk. \u00c7ocukluk y\u0131llar\u0131nda yan yana kom\u015fu iki evde b\u00fcy\u00fcm\u00fc\u015fler.<span style=\"color: #ff0000;\"><strong> Dila ile Kuzgun<\/strong><\/span>\u00a0 \u00e7ocukluklar\u0131 birlikte ge\u00e7mi\u015f, beraber ayn\u0131 masada yemek yemi\u015fler.<\/p>\n<p><img loading=\"lazy\" decoding=\"async\" class=\"alignnone size-full wp-image-24073\" src=\"http:\/\/balcilar-blog.com\/wp-content\/uploads\/2019\/02\/Ekran-Al\u0131nt\u0131s\u0131D\u0130LA-KUZGU.jpg\" alt=\"\" width=\"561\" height=\"331\" srcset=\"https:\/\/balcilar-blog.com\/wp-content\/uploads\/2019\/02\/Ekran-Al\u0131nt\u0131s\u0131D\u0130LA-KUZGU.jpg 561w, https:\/\/balcilar-blog.com\/wp-content\/uploads\/2019\/02\/Ekran-Al\u0131nt\u0131s\u0131D\u0130LA-KUZGU-300x177.jpg 300w\" sizes=\"auto, (max-width: 561px) 100vw, 561px\" \/><\/p>\n<p>Birlikte \u00e7ocukluk a\u015fk\u0131 ya\u015fam\u0131\u015flar. Yeri geldi\u011finde bir dilim ekme\u011fi payla\u015fm\u0131\u015flar.<\/p>\n<p><img loading=\"lazy\" decoding=\"async\" class=\"alignnone size-full wp-image-24074\" src=\"http:\/\/balcilar-blog.com\/wp-content\/uploads\/2019\/02\/Ekran-Al\u0131nt\u0131s\u0131D\u0130LA-KUZGUN-\u00c7IKMAZI.jpg\" alt=\"\" width=\"640\" height=\"377\" srcset=\"https:\/\/balcilar-blog.com\/wp-content\/uploads\/2019\/02\/Ekran-Al\u0131nt\u0131s\u0131D\u0130LA-KUZGUN-\u00c7IKMAZI.jpg 640w, https:\/\/balcilar-blog.com\/wp-content\/uploads\/2019\/02\/Ekran-Al\u0131nt\u0131s\u0131D\u0130LA-KUZGUN-\u00c7IKMAZI-300x177.jpg 300w\" sizes=\"auto, (max-width: 640px) 100vw, 640px\" \/><\/p>\n<p>Y\u0131llar sonra kader onlar\u0131 kar\u015f\u0131 kar\u015f\u0131ya getirmi\u015f. Dila, \u00e7ocukluk a\u015fk\u0131 Kuzgun&#8217;u bulmu\u015f ama kar\u015f\u0131l\u0131k alamam\u0131\u015ft\u0131r. Kuzgun babas\u0131n\u0131n intikam\u0131n\u0131 almak i\u00e7in geri d\u00f6nm\u00fc\u015ft\u00fcr. Lakin o a\u015fk i\u00e7indeki o ate\u015fi yakacakt\u0131r.<\/p>\n<p><img loading=\"lazy\" decoding=\"async\" class=\"alignnone size-full wp-image-24049\" src=\"http:\/\/balcilar-blog.com\/wp-content\/uploads\/2019\/02\/kuzgun-.jpg\" alt=\"\" width=\"640\" height=\"360\" srcset=\"https:\/\/balcilar-blog.com\/wp-content\/uploads\/2019\/02\/kuzgun-.jpg 640w, https:\/\/balcilar-blog.com\/wp-content\/uploads\/2019\/02\/kuzgun--300x169.jpg 300w\" sizes=\"auto, (max-width: 640px) 100vw, 640px\" \/><\/p>\n<p>Her iki dizinin yap\u0131mc\u0131s\u0131 da, Ay Yap\u0131m&#8217;a aittir. Senaristleri farkl\u0131d\u0131r. Kuzgun&#8217;un senaristi, Burcu G\u00f6rg\u00fcn Topta\u015f ile \u00d6zlem Y\u0131lmaz&#8217;d\u0131r. \u00c7arp\u0131\u015fma dizisinin senaristi Ali Ayd\u0131n.<\/p>\n<p><strong>Bu \u00e7ocukluk a\u015fk\u0131 konusu tesad\u00fcfe bak\u0131n ki, her iki dizide ge\u00e7iyor.<\/strong><\/p>\n<p>Her iki dizi de benim ilgi ile izledi\u011fim diziler.<\/p>\n<p>Sayg\u0131lar ve sevgiler.<\/p>\n<p>Abdurrahman Balc\u0131lar<\/p>\n<p>Twitter : <a href=\"https:\/\/twitter.com\/abbalcilar\">abdurrahman balc\u0131lar<\/a><a href=\"https:\/\/twitter.com\/abbalcilar\"><strong>@abbalcilar<\/strong><\/a><\/p>\n<p>Mail :\u00a0<a href=\"mailto:ab.balcilar@hotmail.com\">ab.balcilar@hotmail.com<\/a><\/p>\n<p>Blog:\u00a0<a href=\"http:\/\/t.co\/znqmIZgIqn\">blog.milliyet.com.tr\/cansever<\/a><\/p>\n<p>\u015eahsi Blog:\u00a0<a href=\"http:\/\/balcilar-blog.com\/\">Abdurrahman Balc\u0131lar Blog Sayfas\u0131<\/a><\/p>\n<p><strong>\u00a0<\/strong><\/p>\n<p><strong>*\u015eahsi Blog sayfamda ve Milliyet Blog\u2019da yay\u0131nlanan blog yaz\u0131lar\u0131 b\u00fcy\u00fck bir \u00e7al\u0131\u015fman\u0131n \u00fcr\u00fcn\u00fc olup, izinsiz ya da kaynak g\u00f6stermeden al\u0131nt\u0131 yap\u0131lamaz. Aksi halde kanuni i\u015flem yap\u0131l\u0131r.<\/strong><\/p>\n<p>&nbsp;<\/p>\n","protected":false},"excerpt":{"rendered":"<p>Son g\u00fcnlerde seyretti\u011fim iki dizide birbirine \u00e7ok benzer \u00e7ocukluk a\u015fk\u0131 ya\u015fand\u0131\u011f\u0131 g\u00f6r\u00fcl\u00fcyor. Birincisi &#8220;\u00c7arp\u0131\u015fma&#8221; dizisinde g\u00f6rd\u00fcm. K\u0131van\u00e7 Tatl\u0131tu\u011f\u00a0 ve El\u00e7in Sangu&#8216;nun birlikte oynad\u0131klar\u0131 dizide; Kadir ve Zeynep a\u015fk\u0131, \u00e7ocukluk y\u0131llar\u0131nda ayn\u0131 yetimhanede kalm\u0131\u015flar ve beraber b\u00fcy\u00fcm\u00fc\u015fler. Yetimhanede bir gece Zeynep ceza alm\u0131\u015f, karanl\u0131k odaya kilitlenmi\u015fti. Kadir k\u0131r\u0131k camdan Zeynep&#8217;e tost vermi\u015f, sabaha kadar kap\u0131da oturak [&hellip;]<\/p>\n","protected":false},"author":3,"featured_media":24078,"comment_status":"open","ping_status":"open","sticky":false,"template":"","format":"standard","meta":{"footnotes":""},"categories":[2],"tags":[744,1876,1834,1875,568,80,1873],"class_list":["post-24067","post","type-post","status-publish","format-standard","has-post-thumbnail","hentry","category-tv-programlari","tag-baris-arduc","tag-bucu-biricik","tag-carpisma","tag-cocukluk-aski","tag-elcin-sangu","tag-kivanc-tatlitug","tag-kuzgun"],"views":3045,"blog_post_layout_featured_media_urls":{"thumbnail":["https:\/\/balcilar-blog.com\/wp-content\/uploads\/2019\/02\/MV5BNTQyNz-150x150.jpg",150,150,true],"full":["https:\/\/balcilar-blog.com\/wp-content\/uploads\/2019\/02\/MV5BNTQyNz.jpg",640,360,false]},"categories_names":{"2":{"name":"TV Programlar\u0131","link":"https:\/\/balcilar-blog.com\/?cat=2"}},"tags_names":{"744":{"name":"Bar\u0131\u015f Ardu\u00e7","link":"https:\/\/balcilar-blog.com\/?tag=baris-arduc"},"1876":{"name":"Bucu Biricik","link":"https:\/\/balcilar-blog.com\/?tag=bucu-biricik"},"1834":{"name":"\u00c7arp\u0131\u015fma","link":"https:\/\/balcilar-blog.com\/?tag=carpisma"},"1875":{"name":"\u00c7ocukluk a\u015fk\u0131","link":"https:\/\/balcilar-blog.com\/?tag=cocukluk-aski"},"568":{"name":"El\u00e7in Sangu","link":"https:\/\/balcilar-blog.com\/?tag=elcin-sangu"},"80":{"name":"K\u0131van\u00e7 Tatl\u0131tu\u011f","link":"https:\/\/balcilar-blog.com\/?tag=kivanc-tatlitug"},"1873":{"name":"Kuzgun","link":"https:\/\/balcilar-blog.com\/?tag=kuzgun"}},"comments_number":"0","wpmagazine_modules_lite_featured_media_urls":{"thumbnail":["https:\/\/balcilar-blog.com\/wp-content\/uploads\/2019\/02\/MV5BNTQyNz-150x150.jpg",150,150,true],"cvmm-medium":["https:\/\/balcilar-blog.com\/wp-content\/uploads\/2019\/02\/MV5BNTQyNz.jpg",300,169,false],"cvmm-medium-plus":["https:\/\/balcilar-blog.com\/wp-content\/uploads\/2019\/02\/MV5BNTQyNz.jpg",305,172,false],"cvmm-portrait":["https:\/\/balcilar-blog.com\/wp-content\/uploads\/2019\/02\/MV5BNTQyNz.jpg",400,225,false],"cvmm-medium-square":["https:\/\/balcilar-blog.com\/wp-content\/uploads\/2019\/02\/MV5BNTQyNz.jpg",600,338,false],"cvmm-large":["https:\/\/balcilar-blog.com\/wp-content\/uploads\/2019\/02\/MV5BNTQyNz.jpg",640,360,false],"cvmm-small":["https:\/\/balcilar-blog.com\/wp-content\/uploads\/2019\/02\/MV5BNTQyNz.jpg",130,73,false],"full":["https:\/\/balcilar-blog.com\/wp-content\/uploads\/2019\/02\/MV5BNTQyNz.jpg",640,360,false]},"_links":{"self":[{"href":"https:\/\/balcilar-blog.com\/index.php?rest_route=\/wp\/v2\/posts\/24067","targetHints":{"allow":["GET"]}}],"collection":[{"href":"https:\/\/balcilar-blog.com\/index.php?rest_route=\/wp\/v2\/posts"}],"about":[{"href":"https:\/\/balcilar-blog.com\/index.php?rest_route=\/wp\/v2\/types\/post"}],"author":[{"embeddable":true,"href":"https:\/\/balcilar-blog.com\/index.php?rest_route=\/wp\/v2\/users\/3"}],"replies":[{"embeddable":true,"href":"https:\/\/balcilar-blog.com\/index.php?rest_route=%2Fwp%2Fv2%2Fcomments&post=24067"}],"version-history":[{"count":4,"href":"https:\/\/balcilar-blog.com\/index.php?rest_route=\/wp\/v2\/posts\/24067\/revisions"}],"predecessor-version":[{"id":24081,"href":"https:\/\/balcilar-blog.com\/index.php?rest_route=\/wp\/v2\/posts\/24067\/revisions\/24081"}],"wp:featuredmedia":[{"embeddable":true,"href":"https:\/\/balcilar-blog.com\/index.php?rest_route=\/wp\/v2\/media\/24078"}],"wp:attachment":[{"href":"https:\/\/balcilar-blog.com\/index.php?rest_route=%2Fwp%2Fv2%2Fmedia&parent=24067"}],"wp:term":[{"taxonomy":"category","embeddable":true,"href":"https:\/\/balcilar-blog.com\/index.php?rest_route=%2Fwp%2Fv2%2Fcategories&post=24067"},{"taxonomy":"post_tag","embeddable":true,"href":"https:\/\/balcilar-blog.com\/index.php?rest_route=%2Fwp%2Fv2%2Ftags&post=24067"}],"curies":[{"name":"wp","href":"https:\/\/api.w.org\/{rel}","templated":true}]}}