{"id":23968,"date":"2019-02-10T13:43:42","date_gmt":"2019-02-10T11:43:42","guid":{"rendered":"http:\/\/balcilar-blog.com\/?p=23968"},"modified":"2019-02-10T15:24:28","modified_gmt":"2019-02-10T13:24:28","slug":"tuba-buyukustun-de-netflix-dizi-oyuncusu-oluyor","status":"publish","type":"post","link":"https:\/\/balcilar-blog.com\/?p=23968","title":{"rendered":"Tuba B\u00fcy\u00fck\u00fcst\u00fcn de Netflix dizi oyuncusu oluyor!"},"content":{"rendered":"\n<figure class=\"wp-block-image\"><img loading=\"lazy\" decoding=\"async\" width=\"481\" height=\"480\" src=\"http:\/\/balcilar-blog.com\/wp-content\/uploads\/2019\/02\/tuba-b\u00fcy\u00fck\u00fcst\u00fcn-1.jpg\" alt=\"\" class=\"wp-image-23970\" srcset=\"https:\/\/balcilar-blog.com\/wp-content\/uploads\/2019\/02\/tuba-b\u00fcy\u00fck\u00fcst\u00fcn-1.jpg 481w, https:\/\/balcilar-blog.com\/wp-content\/uploads\/2019\/02\/tuba-b\u00fcy\u00fck\u00fcst\u00fcn-1-150x150.jpg 150w, https:\/\/balcilar-blog.com\/wp-content\/uploads\/2019\/02\/tuba-b\u00fcy\u00fck\u00fcst\u00fcn-1-300x300.jpg 300w\" sizes=\"auto, (max-width: 481px) 100vw, 481px\" \/><\/figure>\n\n\n\n<p>Bu sabah Twitter da dola\u015f\u0131rken Birsen Altunta\u015f&#8217;\u0131n bir tweet haberini okudum. <\/p>\n\n\n\n<p>Netflix ba\u015frol\u00fc Tuba B\u00fcy\u00fck\u00fcst\u00fcn&#8217;\u00fcn oynayaca\u011f\u0131 &#8220;Ottoman Rising&#8221; (Osmanl\u0131 Y\u00fckseliyor) T\u00fcrk yap\u0131m\u0131 mini bir dizi i\u00e7in anla\u015fm\u0131\u015flar. Osmanl\u0131&#8217;n\u0131n y\u00fckseli\u015f d\u00f6neminde Fatih Sultan Mehmed&#8217;in hayat\u0131n\u0131 konu alacak 6 b\u00f6l\u00fcml\u00fck bir dizi olacakm\u0131\u015f.<\/p>\n\n\n\n<p>Diziyi Karga Seven Pictures&#8217;in kurucu ortaklar\u0131ndan Emre \u015eahin y\u00f6netecekmi\u015f. <\/p>\n\n\n\n<p>Son olarak K\u0131van\u00e7 Tatl\u0131tu\u011f ile ba\u015frol\u00fcn\u00fc oynad\u0131\u011f\u0131 \u2018Cesur ve G\u00fczel\u2019 dizisiyle seyirci kar\u015f\u0131s\u0131na \u00e7\u0131kan Tuba B\u00fcy\u00fck\u00fcst\u00fcn\u2019\u00fcn merakla beklenen yeni projesi belli oldu. \u0130kiz k\u0131zlar\u0131na zaman ay\u0131rmak i\u00e7in iki sezondur \u00e7al\u0131\u015fmaya ara veren Tuba B\u00fcy\u00fck\u00fcst\u00fcn sonunda setlere d\u00f6necek. Dizide &#8216;Mara Hatun&#8217; karakterini can verecek olan \u00dcst\u00fcn, Fatih Sultan Mehmed&#8217;in annesini oynayacak!<\/p>\n\n\n\n<p>5 Aral\u0131k 2018 gecesi \u00c7a\u011fatay Ulusoy&#8217;un Hakan: Muhaf\u0131z dizisinin tan\u0131t\u0131m gala gecesinde kar\u015f\u0131la\u015fm\u0131\u015ft\u0131k. \u015eimdi d\u00fc\u015f\u00fcn\u00fcnce anlad\u0131m, me\u011fer o g\u00fcnlerde Netflix ile konu\u015fmalar\u0131 varm\u0131\u015f ki, Tuba B\u00fcy\u00fck\u00fcst\u00fcn de oradayd\u0131. \u0130lk b\u00f6l\u00fcm\u00fc seyretmi\u015f, sonra da kokteylde ben \u00c7a\u011fatay ile konu\u015furken o da yan\u0131m\u0131za gelmi\u015f tan\u0131\u015fm\u0131\u015ft\u0131k.<\/p>\n\n\n\n<figure class=\"wp-block-image\"><img loading=\"lazy\" decoding=\"async\" width=\"640\" height=\"480\" src=\"http:\/\/balcilar-blog.com\/wp-content\/uploads\/2019\/02\/DSCN0947.jpg\" alt=\"\" class=\"wp-image-23972\" srcset=\"https:\/\/balcilar-blog.com\/wp-content\/uploads\/2019\/02\/DSCN0947.jpg 640w, https:\/\/balcilar-blog.com\/wp-content\/uploads\/2019\/02\/DSCN0947-300x225.jpg 300w\" sizes=\"auto, (max-width: 640px) 100vw, 640px\" \/><\/figure>\n\n\n\n<p>Tuba B\u00fcy\u00fck\u00fcst\u00fcn benim takdir etti\u011fim ve sevdi\u011fim bir sanat\u00e7\u0131d\u0131r. Kara Para A\u015fk dizisini severek izlemi\u015ftim. 12 Mart 2014 tarihinde ba\u015flam\u0131\u015f, 15 Temmuz 2015 tarihinde 54.b\u00f6l\u00fcm\u00fc ile ekranlara veda etmi\u015f, g\u00fczel bir polisiye a\u015fk dizisi idi. <\/p>\n\n\n\n<p>\u015eimdi de, bu Netflix dizisinde Fatih Sultan Mehmed&#8217;in annesi Mara Hatun karakteri ve g\u00fczelli\u011fi ile \u00f6n plana \u00e7\u0131kacak ve ba\u015far\u0131l\u0131 olacakt\u0131r.<\/p>\n\n\n\n<p>\u00c7a\u011fatay Ulusoy&#8217;dan sonra Tuba B\u00fcy\u00fck\u00fcst\u00fcn de Netflix dizilerinde oynayacak ikinci sanat\u00e7\u0131m\u0131z olacakt\u0131r.<\/p>\n\n\n\n<p>Ba\u015far\u0131lar diliyorum. <\/p>\n\n\n\n<p>Sayg\u0131lar ve sevgiler.<\/p>\n\n\n\n<p>Abdurrahman Balc\u0131lar<\/p>\n\n\n\n<p>Twitter : <a href=\"https:\/\/twitter.com\/abbalcilar\">abdurrahman\nbalc\u0131lar<\/a><a href=\"https:\/\/twitter.com\/abbalcilar\"><strong>@abbalcilar<\/strong><\/a><strong><\/strong><\/p>\n\n\n\n<p>Mail :&nbsp;<a href=\"mailto:ab.balcilar@hotmail.com\">ab.balcilar@hotmail.com<\/a><\/p>\n\n\n\n<p>Blog:&nbsp;<a href=\"http:\/\/t.co\/znqmIZgIqn\">blog.milliyet.com.tr\/cansever<\/a><\/p>\n\n\n\n<p>\u015eahsi Blog:&nbsp;<a href=\"http:\/\/balcilar-blog.com\/\">Abdurrahman\nBalc\u0131lar Blog Sayfas\u0131<\/a><\/p>\n\n\n\n<p><strong>*\u015eahsi Blog\nsayfamda ve Milliyet Blog\u2019da yay\u0131nlanan blog yaz\u0131lar\u0131 b\u00fcy\u00fck bir \u00e7al\u0131\u015fman\u0131n\n\u00fcr\u00fcn\u00fc olup, izinsiz ya da kaynak g\u00f6stermeden al\u0131nt\u0131 yap\u0131lamaz. Aksi halde\nkanuni i\u015flem yap\u0131l\u0131r.<\/strong><\/p>\n\n\n\n<p><br><\/p>\n","protected":false},"excerpt":{"rendered":"<p>Bu sabah Twitter da dola\u015f\u0131rken Birsen Altunta\u015f&#8217;\u0131n bir tweet haberini okudum. Netflix ba\u015frol\u00fc Tuba B\u00fcy\u00fck\u00fcst\u00fcn&#8217;\u00fcn oynayaca\u011f\u0131 &#8220;Ottoman Rising&#8221; (Osmanl\u0131 Y\u00fckseliyor) T\u00fcrk yap\u0131m\u0131 mini bir dizi i\u00e7in anla\u015fm\u0131\u015flar. Osmanl\u0131&#8217;n\u0131n y\u00fckseli\u015f d\u00f6neminde Fatih Sultan Mehmed&#8217;in hayat\u0131n\u0131 konu alacak 6 b\u00f6l\u00fcml\u00fck bir dizi olacakm\u0131\u015f. Diziyi Karga Seven Pictures&#8217;in kurucu ortaklar\u0131ndan Emre \u015eahin y\u00f6netecekmi\u015f. Son olarak K\u0131van\u00e7 Tatl\u0131tu\u011f ile [&hellip;]<\/p>\n","protected":false},"author":3,"featured_media":23970,"comment_status":"open","ping_status":"open","sticky":false,"template":"","format":"standard","meta":{"footnotes":""},"categories":[2],"tags":[1863,1864,1478,1865,305],"class_list":["post-23968","post","type-post","status-publish","format-standard","has-post-thumbnail","hentry","category-tv-programlari","tag-fatih-sultan-mehmed","tag-mara-hatun","tag-netflix","tag-ottoman-rising","tag-tuba-buyukustun"],"views":5554,"blog_post_layout_featured_media_urls":{"thumbnail":["https:\/\/balcilar-blog.com\/wp-content\/uploads\/2019\/02\/tuba-b\u00fcy\u00fck\u00fcst\u00fcn-1-150x150.jpg",150,150,true],"full":["https:\/\/balcilar-blog.com\/wp-content\/uploads\/2019\/02\/tuba-b\u00fcy\u00fck\u00fcst\u00fcn-1.jpg",481,480,false]},"categories_names":{"2":{"name":"TV Programlar\u0131","link":"https:\/\/balcilar-blog.com\/?cat=2"}},"tags_names":{"1863":{"name":"Fatih Sultan Mehmed","link":"https:\/\/balcilar-blog.com\/?tag=fatih-sultan-mehmed"},"1864":{"name":"Mara Hatun","link":"https:\/\/balcilar-blog.com\/?tag=mara-hatun"},"1478":{"name":"Netflix","link":"https:\/\/balcilar-blog.com\/?tag=netflix"},"1865":{"name":"Ottoman Rising","link":"https:\/\/balcilar-blog.com\/?tag=ottoman-rising"},"305":{"name":"Tuba B\u00fcy\u00fck\u00fcst\u00fcn","link":"https:\/\/balcilar-blog.com\/?tag=tuba-buyukustun"}},"comments_number":"1","wpmagazine_modules_lite_featured_media_urls":{"thumbnail":["https:\/\/balcilar-blog.com\/wp-content\/uploads\/2019\/02\/tuba-b\u00fcy\u00fck\u00fcst\u00fcn-1-150x150.jpg",150,150,true],"cvmm-medium":["https:\/\/balcilar-blog.com\/wp-content\/uploads\/2019\/02\/tuba-b\u00fcy\u00fck\u00fcst\u00fcn-1.jpg",300,300,false],"cvmm-medium-plus":["https:\/\/balcilar-blog.com\/wp-content\/uploads\/2019\/02\/tuba-b\u00fcy\u00fck\u00fcst\u00fcn-1.jpg",207,207,false],"cvmm-portrait":["https:\/\/balcilar-blog.com\/wp-content\/uploads\/2019\/02\/tuba-b\u00fcy\u00fck\u00fcst\u00fcn-1.jpg",400,399,false],"cvmm-medium-square":["https:\/\/balcilar-blog.com\/wp-content\/uploads\/2019\/02\/tuba-b\u00fcy\u00fck\u00fcst\u00fcn-1.jpg",481,480,false],"cvmm-large":["https:\/\/balcilar-blog.com\/wp-content\/uploads\/2019\/02\/tuba-b\u00fcy\u00fck\u00fcst\u00fcn-1.jpg",481,480,false],"cvmm-small":["https:\/\/balcilar-blog.com\/wp-content\/uploads\/2019\/02\/tuba-b\u00fcy\u00fck\u00fcst\u00fcn-1.jpg",95,95,false],"full":["https:\/\/balcilar-blog.com\/wp-content\/uploads\/2019\/02\/tuba-b\u00fcy\u00fck\u00fcst\u00fcn-1.jpg",481,480,false]},"_links":{"self":[{"href":"https:\/\/balcilar-blog.com\/index.php?rest_route=\/wp\/v2\/posts\/23968","targetHints":{"allow":["GET"]}}],"collection":[{"href":"https:\/\/balcilar-blog.com\/index.php?rest_route=\/wp\/v2\/posts"}],"about":[{"href":"https:\/\/balcilar-blog.com\/index.php?rest_route=\/wp\/v2\/types\/post"}],"author":[{"embeddable":true,"href":"https:\/\/balcilar-blog.com\/index.php?rest_route=\/wp\/v2\/users\/3"}],"replies":[{"embeddable":true,"href":"https:\/\/balcilar-blog.com\/index.php?rest_route=%2Fwp%2Fv2%2Fcomments&post=23968"}],"version-history":[{"count":5,"href":"https:\/\/balcilar-blog.com\/index.php?rest_route=\/wp\/v2\/posts\/23968\/revisions"}],"predecessor-version":[{"id":23981,"href":"https:\/\/balcilar-blog.com\/index.php?rest_route=\/wp\/v2\/posts\/23968\/revisions\/23981"}],"wp:featuredmedia":[{"embeddable":true,"href":"https:\/\/balcilar-blog.com\/index.php?rest_route=\/wp\/v2\/media\/23970"}],"wp:attachment":[{"href":"https:\/\/balcilar-blog.com\/index.php?rest_route=%2Fwp%2Fv2%2Fmedia&parent=23968"}],"wp:term":[{"taxonomy":"category","embeddable":true,"href":"https:\/\/balcilar-blog.com\/index.php?rest_route=%2Fwp%2Fv2%2Fcategories&post=23968"},{"taxonomy":"post_tag","embeddable":true,"href":"https:\/\/balcilar-blog.com\/index.php?rest_route=%2Fwp%2Fv2%2Ftags&post=23968"}],"curies":[{"name":"wp","href":"https:\/\/api.w.org\/{rel}","templated":true}]}}