{"id":23961,"date":"2019-02-10T11:46:43","date_gmt":"2019-02-10T09:46:43","guid":{"rendered":"http:\/\/balcilar-blog.com\/?p=23961"},"modified":"2019-02-10T14:57:53","modified_gmt":"2019-02-10T12:57:53","slug":"cagatay-ulusoyun-yeni-bir-kamera-arkasi-resmi-paylasildi","status":"publish","type":"post","link":"https:\/\/balcilar-blog.com\/?p=23961","title":{"rendered":"\u00c7a\u011fatay Ulusoy&#8217;un yeni bir kamera arkas\u0131 resmi payla\u015f\u0131ld\u0131!"},"content":{"rendered":"\n<figure class=\"wp-block-image\"><img loading=\"lazy\" decoding=\"async\" width=\"640\" height=\"410\" src=\"http:\/\/balcilar-blog.com\/wp-content\/uploads\/2019\/02\/cagatay-ulus-171029UB.jpg\" alt=\"\" class=\"wp-image-23966\" srcset=\"https:\/\/balcilar-blog.com\/wp-content\/uploads\/2019\/02\/cagatay-ulus-171029UB.jpg 640w, https:\/\/balcilar-blog.com\/wp-content\/uploads\/2019\/02\/cagatay-ulus-171029UB-300x192.jpg 300w\" sizes=\"auto, (max-width: 640px) 100vw, 640px\" \/><\/figure>\n\n\n\n<p>\u00c7a\u011fatay Ulusoy&#8217;un kamera \u00f6n\u00fc kadar arkas\u0131n\u0131 da \u00e7ok sevdi\u011fini biliyoruz. \u0130lk dizisi &#8220;Ad\u0131n\u0131 Feriha Koydum, sonraki Medcezir ve \u0130\u00e7erde dizilerinin \u00e7ekimi s\u0131ras\u0131nda buldu\u011fu her f\u0131rsatta kamera arkas\u0131n\u0131 ge\u00e7iyordu. Bu merak\u0131 &#8220;Hakan: Muhaf\u0131z&#8221; dizisinde de devam etti. A\u015fa\u011f\u0131daki kamera arkas\u0131 resmini Binnur Karaevli instagram hesab\u0131ndan payla\u015fm\u0131\u015f. <\/p>\n\n\n\n<figure class=\"wp-block-image\"><img loading=\"lazy\" decoding=\"async\" width=\"480\" height=\"480\" src=\"http:\/\/balcilar-blog.com\/wp-content\/uploads\/2019\/02\/DzBr-aUX0AAtab8.jpg\" alt=\"\" class=\"wp-image-23962\" srcset=\"https:\/\/balcilar-blog.com\/wp-content\/uploads\/2019\/02\/DzBr-aUX0AAtab8.jpg 480w, https:\/\/balcilar-blog.com\/wp-content\/uploads\/2019\/02\/DzBr-aUX0AAtab8-150x150.jpg 150w, https:\/\/balcilar-blog.com\/wp-content\/uploads\/2019\/02\/DzBr-aUX0AAtab8-300x300.jpg 300w\" sizes=\"auto, (max-width: 480px) 100vw, 480px\" \/><\/figure>\n\n\n\n<p>\u00c7a\u011fatay Ulusoy | Binnur Karaevli Instagram\u2019da \u201c<a href=\"https:\/\/twitter.com\/hashtag\/theprotector?src=hash\">#<strong>theprotector<\/strong><\/a><a href=\"https:\/\/twitter.com\/hashtag\/hakanmuhaf%C4%B1z?src=hash\">#<strong>hakanmuhaf\u0131z<\/strong><\/a><a href=\"https:\/\/twitter.com\/hashtag\/cagatayulusoy?src=hash\">#<strong>cagatayulusoy<\/strong><\/a> the amazing Hakan\u201d notuyla payla\u015ft\u0131. <a rel=\"noreferrer noopener\" href=\"https:\/\/t.co\/2YdhNR8Mwz\" target=\"_blank\">https:\/\/www.instagram.com\/p\/BtsKPVrAUIs\/&nbsp;<\/a><\/p>\n\n\n\n<p>Resmin alt\u0131nda; The amazing Hakan (\u015fa\u015f\u0131rt\u0131c\u0131 Hakan) notu var. <\/p>\n\n\n\n<p>Hakan: Muhaf\u0131z dizisinde de kamera arkas\u0131na ge\u00e7mi\u015ftir.<\/p>\n\n\n\n<figure class=\"wp-block-image\"><img loading=\"lazy\" decoding=\"async\" width=\"640\" height=\"328\" src=\"http:\/\/balcilar-blog.com\/wp-content\/uploads\/2019\/01\/Dx_2QVCX4AAA3bG.jpg\" alt=\"\" class=\"wp-image-23846\" srcset=\"https:\/\/balcilar-blog.com\/wp-content\/uploads\/2019\/01\/Dx_2QVCX4AAA3bG.jpg 640w, https:\/\/balcilar-blog.com\/wp-content\/uploads\/2019\/01\/Dx_2QVCX4AAA3bG-300x154.jpg 300w\" sizes=\"auto, (max-width: 640px) 100vw, 640px\" \/><\/figure>\n\n\n\n<p>\u00d6nceki bir dizisinde de kamera arkas\u0131nda g\u00f6r\u00fcl\u00fcyor.<\/p>\n\n\n\n<figure class=\"wp-block-image\"><img loading=\"lazy\" decoding=\"async\" width=\"585\" height=\"480\" src=\"http:\/\/balcilar-blog.com\/wp-content\/uploads\/2019\/01\/DyAUeS-XcAAe5od.jpg\" alt=\"\" class=\"wp-image-23856\" srcset=\"https:\/\/balcilar-blog.com\/wp-content\/uploads\/2019\/01\/DyAUeS-XcAAe5od.jpg 585w, https:\/\/balcilar-blog.com\/wp-content\/uploads\/2019\/01\/DyAUeS-XcAAe5od-300x246.jpg 300w\" sizes=\"auto, (max-width: 585px) 100vw, 585px\" \/><\/figure>\n\n\n\n<figure class=\"wp-block-image\"><img loading=\"lazy\" decoding=\"async\" width=\"579\" height=\"479\" src=\"http:\/\/balcilar-blog.com\/wp-content\/uploads\/2019\/02\/BYnSOJtIcAAWSwu.jpg\" alt=\"\" class=\"wp-image-23963\" srcset=\"https:\/\/balcilar-blog.com\/wp-content\/uploads\/2019\/02\/BYnSOJtIcAAWSwu.jpg 579w, https:\/\/balcilar-blog.com\/wp-content\/uploads\/2019\/02\/BYnSOJtIcAAWSwu-300x248.jpg 300w\" sizes=\"auto, (max-width: 579px) 100vw, 579px\" \/><figcaption><br><br><br><\/figcaption><\/figure>\n\n\n\n<p>\u00c7a\u011fatay Ulusoy ile Seranay Sar\u0131kaya  Eyl\u00fcl 2013, 2014 y\u0131l\u0131 ve Haziran 2015 tarihleri aras\u0131nda Medcezir dizisinde birlikte oynam\u0131\u015flar. Set aralar\u0131nda kamera arkas\u0131na birlikte ge\u00e7erek meraklar\u0131n\u0131 g\u00f6stermi\u015flerdir.<\/p>\n","protected":false},"excerpt":{"rendered":"<p>\u00c7a\u011fatay Ulusoy&#8217;un kamera \u00f6n\u00fc kadar arkas\u0131n\u0131 da \u00e7ok sevdi\u011fini biliyoruz. \u0130lk dizisi &#8220;Ad\u0131n\u0131 Feriha Koydum, sonraki Medcezir ve \u0130\u00e7erde dizilerinin \u00e7ekimi s\u0131ras\u0131nda buldu\u011fu her f\u0131rsatta kamera arkas\u0131n\u0131 ge\u00e7iyordu. Bu merak\u0131 &#8220;Hakan: Muhaf\u0131z&#8221; dizisinde de devam etti. A\u015fa\u011f\u0131daki kamera arkas\u0131 resmini Binnur Karaevli instagram hesab\u0131ndan payla\u015fm\u0131\u015f. \u00c7a\u011fatay Ulusoy | Binnur Karaevli Instagram\u2019da \u201c#theprotector#hakanmuhaf\u0131z#cagatayulusoy the amazing Hakan\u201d [&hellip;]<\/p>\n","protected":false},"author":3,"featured_media":23966,"comment_status":"open","ping_status":"open","sticky":false,"template":"","format":"standard","meta":{"footnotes":""},"categories":[7],"tags":[1862,15,1843,644],"class_list":["post-23961","post","type-post","status-publish","format-standard","has-post-thumbnail","hentry","category-magazin","tag-binnur-karaevli","tag-cagatay-ulusoy","tag-hakan-muhafiz","tag-seranay-sarikaya"],"views":3751,"blog_post_layout_featured_media_urls":{"thumbnail":["https:\/\/balcilar-blog.com\/wp-content\/uploads\/2019\/02\/cagatay-ulus-171029UB-150x150.jpg",150,150,true],"full":["https:\/\/balcilar-blog.com\/wp-content\/uploads\/2019\/02\/cagatay-ulus-171029UB.jpg",640,410,false]},"categories_names":{"7":{"name":"Magazin","link":"https:\/\/balcilar-blog.com\/?cat=7"}},"tags_names":{"1862":{"name":"Binnur Karaevli","link":"https:\/\/balcilar-blog.com\/?tag=binnur-karaevli"},"15":{"name":"\u00e7a\u011fatay ulusoy","link":"https:\/\/balcilar-blog.com\/?tag=cagatay-ulusoy"},"1843":{"name":"Hakan: Muhaf\u0131z","link":"https:\/\/balcilar-blog.com\/?tag=hakan-muhafiz"},"644":{"name":"Seranay Sar\u0131kaya","link":"https:\/\/balcilar-blog.com\/?tag=seranay-sarikaya"}},"comments_number":"0","wpmagazine_modules_lite_featured_media_urls":{"thumbnail":["https:\/\/balcilar-blog.com\/wp-content\/uploads\/2019\/02\/cagatay-ulus-171029UB-150x150.jpg",150,150,true],"cvmm-medium":["https:\/\/balcilar-blog.com\/wp-content\/uploads\/2019\/02\/cagatay-ulus-171029UB.jpg",300,192,false],"cvmm-medium-plus":["https:\/\/balcilar-blog.com\/wp-content\/uploads\/2019\/02\/cagatay-ulus-171029UB.jpg",305,195,false],"cvmm-portrait":["https:\/\/balcilar-blog.com\/wp-content\/uploads\/2019\/02\/cagatay-ulus-171029UB.jpg",400,256,false],"cvmm-medium-square":["https:\/\/balcilar-blog.com\/wp-content\/uploads\/2019\/02\/cagatay-ulus-171029UB.jpg",600,384,false],"cvmm-large":["https:\/\/balcilar-blog.com\/wp-content\/uploads\/2019\/02\/cagatay-ulus-171029UB.jpg",640,410,false],"cvmm-small":["https:\/\/balcilar-blog.com\/wp-content\/uploads\/2019\/02\/cagatay-ulus-171029UB.jpg",130,83,false],"full":["https:\/\/balcilar-blog.com\/wp-content\/uploads\/2019\/02\/cagatay-ulus-171029UB.jpg",640,410,false]},"_links":{"self":[{"href":"https:\/\/balcilar-blog.com\/index.php?rest_route=\/wp\/v2\/posts\/23961","targetHints":{"allow":["GET"]}}],"collection":[{"href":"https:\/\/balcilar-blog.com\/index.php?rest_route=\/wp\/v2\/posts"}],"about":[{"href":"https:\/\/balcilar-blog.com\/index.php?rest_route=\/wp\/v2\/types\/post"}],"author":[{"embeddable":true,"href":"https:\/\/balcilar-blog.com\/index.php?rest_route=\/wp\/v2\/users\/3"}],"replies":[{"embeddable":true,"href":"https:\/\/balcilar-blog.com\/index.php?rest_route=%2Fwp%2Fv2%2Fcomments&post=23961"}],"version-history":[{"count":3,"href":"https:\/\/balcilar-blog.com\/index.php?rest_route=\/wp\/v2\/posts\/23961\/revisions"}],"predecessor-version":[{"id":23979,"href":"https:\/\/balcilar-blog.com\/index.php?rest_route=\/wp\/v2\/posts\/23961\/revisions\/23979"}],"wp:featuredmedia":[{"embeddable":true,"href":"https:\/\/balcilar-blog.com\/index.php?rest_route=\/wp\/v2\/media\/23966"}],"wp:attachment":[{"href":"https:\/\/balcilar-blog.com\/index.php?rest_route=%2Fwp%2Fv2%2Fmedia&parent=23961"}],"wp:term":[{"taxonomy":"category","embeddable":true,"href":"https:\/\/balcilar-blog.com\/index.php?rest_route=%2Fwp%2Fv2%2Fcategories&post=23961"},{"taxonomy":"post_tag","embeddable":true,"href":"https:\/\/balcilar-blog.com\/index.php?rest_route=%2Fwp%2Fv2%2Ftags&post=23961"}],"curies":[{"name":"wp","href":"https:\/\/api.w.org\/{rel}","templated":true}]}}