{"id":23651,"date":"2018-12-22T11:45:16","date_gmt":"2018-12-22T09:45:16","guid":{"rendered":"http:\/\/balcilar-blog.com\/?p=23651"},"modified":"2018-12-22T12:08:32","modified_gmt":"2018-12-22T10:08:32","slug":"cagatay-ulusoyun-yeni-meraki-binicilik","status":"publish","type":"post","link":"https:\/\/balcilar-blog.com\/?p=23651","title":{"rendered":"\u00c7a\u011fatay Ulusoy&#8217;un Yeni Hobisi Binicilik!"},"content":{"rendered":"<p><img loading=\"lazy\" decoding=\"async\" class=\"alignnone size-full wp-image-23653\" src=\"http:\/\/balcilar-blog.com\/wp-content\/uploads\/2018\/12\/Du91OOIWsAYiOPE-1.jpg\" alt=\"\" width=\"445\" height=\"640\" srcset=\"https:\/\/balcilar-blog.com\/wp-content\/uploads\/2018\/12\/Du91OOIWsAYiOPE-1.jpg 445w, https:\/\/balcilar-blog.com\/wp-content\/uploads\/2018\/12\/Du91OOIWsAYiOPE-1-209x300.jpg 209w\" sizes=\"auto, (max-width: 445px) 100vw, 445px\" \/><\/p>\n<p>\u00c7a\u011fatay Ulusoy&#8217;un The Protector Hakan: Muhaf\u0131z dizisinin Netflix Internet sitesinde yay\u0131nlanan yeni dizisinden sonra ilk defa Twitter&#8217;da ve Instagram da at s\u0131rt\u0131nda foto\u011fraf\u0131 yay\u0131nland\u0131. Mavi At Binicilik Kul\u00fcb\u00fc&#8217;nde binicilik e\u011fitimi almaya ba\u015flam\u0131\u015f.<\/p>\n<p>\u00c7a\u011fatay Ulusoy at s\u0131rt\u0131nda, yan\u0131nda da binicilik e\u011fitmeni. \u00c7a\u011fatay&#8217;\u0131n yeni hobisi at binicili\u011fi mi? Yoksa akla gelen soru? \u00c7a\u011fatay yeni dizisi yada filminde at m\u0131 binecek mi? At yar\u0131\u015flar\u0131nda Jokey mi olacak ya da filmde s\u0131k\u00e7a at m\u0131 binecek!<\/p>\n<p>Akla gelen di\u011fer bir soru? Ulusoy Amerika&#8217;da bir amerikan kovboy filminde mi oynayacak? Ge\u00e7ti\u011fimiz eyl\u00fcl ay\u0131nda d\u00fcnyaca \u00fcnl\u00fc yetenek ajanslar\u0131ndan biri olan United Talent Agency ile anla\u015fma imzalam\u0131\u015ft\u0131. Haz\u0131rlan sana bir sinema filminde rol m\u00fc verece\u011fiz dediler!<\/p>\n<p>\u00c7a\u011fatay Ulusoy, Mavi At Binicilik Kul\u00fcb\u00fcnde Binicilik E\u011fitmeni ile g\u00f6r\u00fcl\u00fcyor.<\/p>\n<p><img loading=\"lazy\" decoding=\"async\" class=\"alignnone size-full wp-image-23652\" src=\"http:\/\/balcilar-blog.com\/wp-content\/uploads\/2018\/12\/Du91OOIWsAYiOPE.jpg\" alt=\"\" width=\"480\" height=\"600\" srcset=\"https:\/\/balcilar-blog.com\/wp-content\/uploads\/2018\/12\/Du91OOIWsAYiOPE.jpg 480w, https:\/\/balcilar-blog.com\/wp-content\/uploads\/2018\/12\/Du91OOIWsAYiOPE-240x300.jpg 240w\" sizes=\"auto, (max-width: 480px) 100vw, 480px\" \/><\/p>\n<p>\u00d6n\u00fcm\u00fczdeki g\u00fcnlerde \u00c7a\u011fatay Ulusoy&#8217;un bu at merak\u0131n\u0131n sebebi ortaya \u00e7\u0131kacak! Bu sadece bir hobi mi? Yoksa yeni dizisi ya da Sinema Filminde at s\u0131rt\u0131n da m\u0131 olacak? Hep birlikte g\u00f6rece\u011fiz!<\/p>\n<p>Sayg\u0131lar ve sevgiler.<\/p>\n<p>Abdurrahman Balc\u0131lar<\/p>\n<p>Twitter : <a href=\"https:\/\/twitter.com\/abbalcilar\">abdurrahman balc\u0131lar<\/a><a href=\"https:\/\/twitter.com\/abbalcilar\"><strong>@abbalcilar<\/strong><\/a><\/p>\n<p>Mail :\u00a0<a href=\"mailto:ab.balcilar@hotmail.com\">ab.balcilar@hotmail.com<\/a><\/p>\n<p>Blog:\u00a0<a href=\"http:\/\/t.co\/znqmIZgIqn\">blog.milliyet.com.tr\/cansever<\/a><\/p>\n<p>\u015eahsi Blog:\u00a0<a href=\"http:\/\/balcilar-blog.com\/\">Abdurrahman Balc\u0131lar Blog Sayfas\u0131<\/a><\/p>\n<p>Not: G\u00f6rseller \u00c7a\u011fatay Ulusoy&#8217;un Tweetter sayfas\u0131ndan al\u0131nm\u0131\u015ft\u0131r.<\/p>\n<p><strong>*\u015eahsi Blog sayfamda ve Milliyet Blog\u2019da yay\u0131nlanan blog yaz\u0131lar\u0131 b\u00fcy\u00fck bir \u00e7al\u0131\u015fman\u0131n \u00fcr\u00fcn\u00fc olup, izinsiz ya da kaynak g\u00f6stermeden al\u0131nt\u0131 yap\u0131lamaz. Aksi halde kanuni i\u015flem yap\u0131l\u0131r.<\/strong><\/p>\n<p>&nbsp;<\/p>\n","protected":false},"excerpt":{"rendered":"<p>\u00c7a\u011fatay Ulusoy&#8217;un The Protector Hakan: Muhaf\u0131z dizisinin Netflix Internet sitesinde yay\u0131nlanan yeni dizisinden sonra ilk defa Twitter&#8217;da ve Instagram da at s\u0131rt\u0131nda foto\u011fraf\u0131 yay\u0131nland\u0131. Mavi At Binicilik Kul\u00fcb\u00fc&#8217;nde binicilik e\u011fitimi almaya ba\u015flam\u0131\u015f. \u00c7a\u011fatay Ulusoy at s\u0131rt\u0131nda, yan\u0131nda da binicilik e\u011fitmeni. \u00c7a\u011fatay&#8217;\u0131n yeni hobisi at binicili\u011fi mi? Yoksa akla gelen soru? \u00c7a\u011fatay yeni dizisi yada filminde [&hellip;]<\/p>\n","protected":false},"author":3,"featured_media":23653,"comment_status":"open","ping_status":"open","sticky":false,"template":"","format":"standard","meta":{"footnotes":""},"categories":[7],"tags":[1848,15,1843,1849,1478,1850,1805],"class_list":["post-23651","post","type-post","status-publish","format-standard","has-post-thumbnail","hentry","category-magazin","tag-binicilik-egitimi","tag-cagatay-ulusoy","tag-hakan-muhafiz","tag-jokey","tag-netflix","tag-the-protevtor","tag-united-talent-agency"],"views":3788,"blog_post_layout_featured_media_urls":{"thumbnail":["https:\/\/balcilar-blog.com\/wp-content\/uploads\/2018\/12\/Du91OOIWsAYiOPE-1-150x150.jpg",150,150,true],"full":["https:\/\/balcilar-blog.com\/wp-content\/uploads\/2018\/12\/Du91OOIWsAYiOPE-1.jpg",445,640,false]},"categories_names":{"7":{"name":"Magazin","link":"https:\/\/balcilar-blog.com\/?cat=7"}},"tags_names":{"1848":{"name":"Binicilik E\u011fitimi","link":"https:\/\/balcilar-blog.com\/?tag=binicilik-egitimi"},"15":{"name":"\u00e7a\u011fatay ulusoy","link":"https:\/\/balcilar-blog.com\/?tag=cagatay-ulusoy"},"1843":{"name":"Hakan: Muhaf\u0131z","link":"https:\/\/balcilar-blog.com\/?tag=hakan-muhafiz"},"1849":{"name":"Jokey","link":"https:\/\/balcilar-blog.com\/?tag=jokey"},"1478":{"name":"Netflix","link":"https:\/\/balcilar-blog.com\/?tag=netflix"},"1850":{"name":"The Protevtor","link":"https:\/\/balcilar-blog.com\/?tag=the-protevtor"},"1805":{"name":"Un\u0131ted Talent Agency","link":"https:\/\/balcilar-blog.com\/?tag=united-talent-agency"}},"comments_number":"0","wpmagazine_modules_lite_featured_media_urls":{"thumbnail":["https:\/\/balcilar-blog.com\/wp-content\/uploads\/2018\/12\/Du91OOIWsAYiOPE-1-150x150.jpg",150,150,true],"cvmm-medium":["https:\/\/balcilar-blog.com\/wp-content\/uploads\/2018\/12\/Du91OOIWsAYiOPE-1.jpg",209,300,false],"cvmm-medium-plus":["https:\/\/balcilar-blog.com\/wp-content\/uploads\/2018\/12\/Du91OOIWsAYiOPE-1.jpg",144,207,false],"cvmm-portrait":["https:\/\/balcilar-blog.com\/wp-content\/uploads\/2018\/12\/Du91OOIWsAYiOPE-1.jpg",400,575,false],"cvmm-medium-square":["https:\/\/balcilar-blog.com\/wp-content\/uploads\/2018\/12\/Du91OOIWsAYiOPE-1.jpg",417,600,false],"cvmm-large":["https:\/\/balcilar-blog.com\/wp-content\/uploads\/2018\/12\/Du91OOIWsAYiOPE-1.jpg",445,640,false],"cvmm-small":["https:\/\/balcilar-blog.com\/wp-content\/uploads\/2018\/12\/Du91OOIWsAYiOPE-1.jpg",66,95,false],"full":["https:\/\/balcilar-blog.com\/wp-content\/uploads\/2018\/12\/Du91OOIWsAYiOPE-1.jpg",445,640,false]},"_links":{"self":[{"href":"https:\/\/balcilar-blog.com\/index.php?rest_route=\/wp\/v2\/posts\/23651","targetHints":{"allow":["GET"]}}],"collection":[{"href":"https:\/\/balcilar-blog.com\/index.php?rest_route=\/wp\/v2\/posts"}],"about":[{"href":"https:\/\/balcilar-blog.com\/index.php?rest_route=\/wp\/v2\/types\/post"}],"author":[{"embeddable":true,"href":"https:\/\/balcilar-blog.com\/index.php?rest_route=\/wp\/v2\/users\/3"}],"replies":[{"embeddable":true,"href":"https:\/\/balcilar-blog.com\/index.php?rest_route=%2Fwp%2Fv2%2Fcomments&post=23651"}],"version-history":[{"count":3,"href":"https:\/\/balcilar-blog.com\/index.php?rest_route=\/wp\/v2\/posts\/23651\/revisions"}],"predecessor-version":[{"id":23656,"href":"https:\/\/balcilar-blog.com\/index.php?rest_route=\/wp\/v2\/posts\/23651\/revisions\/23656"}],"wp:featuredmedia":[{"embeddable":true,"href":"https:\/\/balcilar-blog.com\/index.php?rest_route=\/wp\/v2\/media\/23653"}],"wp:attachment":[{"href":"https:\/\/balcilar-blog.com\/index.php?rest_route=%2Fwp%2Fv2%2Fmedia&parent=23651"}],"wp:term":[{"taxonomy":"category","embeddable":true,"href":"https:\/\/balcilar-blog.com\/index.php?rest_route=%2Fwp%2Fv2%2Fcategories&post=23651"},{"taxonomy":"post_tag","embeddable":true,"href":"https:\/\/balcilar-blog.com\/index.php?rest_route=%2Fwp%2Fv2%2Ftags&post=23651"}],"curies":[{"name":"wp","href":"https:\/\/api.w.org\/{rel}","templated":true}]}}