{"id":23592,"date":"2018-12-15T14:53:36","date_gmt":"2018-12-15T12:53:36","guid":{"rendered":"http:\/\/balcilar-blog.com\/?p=23592"},"modified":"2018-12-16T13:31:20","modified_gmt":"2018-12-16T11:31:20","slug":"cagatay-ulusoyun-the-protector-hakan-muhafiz-netflix-internet-dizisi-yayinda-ovguler-tepkiler","status":"publish","type":"post","link":"https:\/\/balcilar-blog.com\/?p=23592","title":{"rendered":"\u00c7a\u011fatay Ulusoy&#8217;un The Protector (Hakan: Muhaf\u0131z) Netflix \u0130nternet Dizisi Yay\u0131nda! \u00d6vg\u00fcler! Tepkiler!"},"content":{"rendered":"<p><img loading=\"lazy\" decoding=\"async\" class=\"alignnone size-full wp-image-23595\" src=\"http:\/\/balcilar-blog.com\/wp-content\/uploads\/2018\/12\/catsHAKAN-MUHAFIZ.jpg\" alt=\"\" width=\"480\" height=\"480\" srcset=\"https:\/\/balcilar-blog.com\/wp-content\/uploads\/2018\/12\/catsHAKAN-MUHAFIZ.jpg 480w, https:\/\/balcilar-blog.com\/wp-content\/uploads\/2018\/12\/catsHAKAN-MUHAFIZ-150x150.jpg 150w, https:\/\/balcilar-blog.com\/wp-content\/uploads\/2018\/12\/catsHAKAN-MUHAFIZ-300x300.jpg 300w\" sizes=\"auto, (max-width: 480px) 100vw, 480px\" \/><\/p>\n<p>\u00c7a\u011fatay Ulusoy&#8217;un aylard\u0131r beklenen Netflix dizisi nihayet yay\u0131nland\u0131. Milyonlarca T\u00fcrk ve yabanc\u0131 seyircisi ilk 10 b\u00f6l\u00fcm\u00fc bir solukta izledi. Dizi genelde be\u011fenildi, yerli ve yabanc\u0131 seyirciden \u00e7o\u011funlukla olumlu \u00f6vg\u00fcler geldi. Baz\u0131 izleyiciden de tepkiler ald\u0131.<\/p>\n<p>Netflix&#8217;in 03 Medya&#8217;ya yapt\u0131rd\u0131\u011f\u0131 dizinin ba\u015frollerinde \u00c7a\u011fatay Ulusoy Hakan), Ay\u00e7a Ay\u015fin Turan (Leyla), Hazar Erg\u00fc\u00e7l\u00fc (Zeynep), Okan Yalab\u0131k (Faysal), Mehmet Kurtulu\u015f (Mazhar), Yurdaer Okur (Zeynep&#8217;in babas\u0131 Kemal), Cem Yi\u011fit \u00dcz\u00fcmo\u011flu (Emir)<\/p>\n<p>Dizinin 10.b\u00f6l\u00fcm sonunda ortaya \u00e7\u0131kan Bur\u00e7in Terzio\u011fu (R\u00fcya) ve Sayg\u0131n Soysal&#8217;\u0131 (Mergen) 2.sezon b\u00f6l\u00fcmlerinde (11 &#8211; 20) izleyece\u011fiz. Ayr\u0131ca Boran Kuzum ve Engin \u00d6zt\u00fcrk de ikinci sezonda seyredece\u011fiz.<\/p>\n<p>Hakan arkada\u015f\u0131 Memo ile g\u00fcle oynaya i\u015fe gider. Her ikisinin de g\u00f6z\u00fc y\u00fckseklerde para kazanmakt\u0131r. Antikac\u0131 Ne\u015fet&#8217;in yard\u0131mc\u0131 olmas\u0131n\u0131 isterler. Hakan son derece ne\u015feli 7 Kralla bar\u0131\u015f\u0131k bir adamd\u0131r. B\u00fct\u00fcn esnafa selam vererek, hay\u0131rl\u0131 i\u015fler dileyerek i\u015fe gider.<\/p>\n<p><img loading=\"lazy\" decoding=\"async\" class=\"alignnone size-full wp-image-23609\" src=\"http:\/\/balcilar-blog.com\/wp-content\/uploads\/2018\/12\/Ekran-Al\u0131nt\u0131s\u0131-hakan-memo.jpg\" alt=\"\" width=\"640\" height=\"338\" srcset=\"https:\/\/balcilar-blog.com\/wp-content\/uploads\/2018\/12\/Ekran-Al\u0131nt\u0131s\u0131-hakan-memo.jpg 640w, https:\/\/balcilar-blog.com\/wp-content\/uploads\/2018\/12\/Ekran-Al\u0131nt\u0131s\u0131-hakan-memo-300x158.jpg 300w\" sizes=\"auto, (max-width: 640px) 100vw, 640px\" \/><\/p>\n<p>Hakan, Kapal\u0131 \u00c7ar\u015f\u0131da bir antikac\u0131 d\u00fckkan\u0131nda \u00e7al\u0131\u015f\u0131rken \u00f6l\u00fcms\u00fczlerin g\u00f6revlendirdi\u011fi bir kad\u0131n\u0131n 500 y\u0131l \u00f6nce Yuvuz Sultan Selim&#8217;\u0131n Denizli&#8217;de bir dokumac\u0131 ustas\u0131na dokuttu\u011fu g\u00f6mle\u011fi aramas\u0131yla ba\u015flar.<\/p>\n<p>Hakan bu g\u00f6mle\u011fi depoda oldu\u011funu bilir ve bu kad\u0131na \u00c7i\u00e7ek Pasaj\u0131nda y\u00fcksek fiyatla satmak isterken, baba dedi\u011fi Antikac\u0131 Ne\u015fet Usta&#8217;n\u0131n gelir. O s\u0131rada ne idi\u011fi belirsiz adamlar silahl\u0131 bask\u0131n yaparlar. Ne\u015fet Usta yaralanmas\u0131na sebep olurlar ve \u00f6l\u00fcr. Manevi babas\u0131n\u0131n \u00f6lmesiyle, Koruyuculuk g\u00f6revi Hakan&#8217;a verilir ve bu t\u0131ls\u0131ml\u0131 g\u00f6mle\u011fi giymesi ile s\u00fcper kahramana d\u00f6n\u00fc\u015f\u00fcr.<\/p>\n<p><img loading=\"lazy\" decoding=\"async\" class=\"alignnone size-full wp-image-23606\" src=\"http:\/\/balcilar-blog.com\/wp-content\/uploads\/2018\/12\/Ekran-Al\u0131nt\u0131s\u0131haks-2.jpg\" alt=\"\" width=\"640\" height=\"326\" srcset=\"https:\/\/balcilar-blog.com\/wp-content\/uploads\/2018\/12\/Ekran-Al\u0131nt\u0131s\u0131haks-2.jpg 640w, https:\/\/balcilar-blog.com\/wp-content\/uploads\/2018\/12\/Ekran-Al\u0131nt\u0131s\u0131haks-2-300x153.jpg 300w\" sizes=\"auto, (max-width: 640px) 100vw, 640px\" \/><\/p>\n<p>&nbsp;<\/p>\n<p>\u00d6nce bu t\u0131ls\u0131ml\u0131 g\u00f6mle\u011fi giymek istemez.<\/p>\n<p><img loading=\"lazy\" decoding=\"async\" class=\"alignnone size-full wp-image-23618\" src=\"http:\/\/balcilar-blog.com\/wp-content\/uploads\/2018\/12\/Ekran-Al\u0131nt\u0131s\u0131hakan8a.jpg\" alt=\"\" width=\"640\" height=\"324\" srcset=\"https:\/\/balcilar-blog.com\/wp-content\/uploads\/2018\/12\/Ekran-Al\u0131nt\u0131s\u0131hakan8a.jpg 640w, https:\/\/balcilar-blog.com\/wp-content\/uploads\/2018\/12\/Ekran-Al\u0131nt\u0131s\u0131hakan8a-300x152.jpg 300w\" sizes=\"auto, (max-width: 640px) 100vw, 640px\" \/><\/p>\n<p>&nbsp;<\/p>\n<p>Sonra Zeynep&#8217;in ve babas\u0131n\u0131n \u0131srar\u0131 ile g\u00f6mle\u011fi giyer. Giymesi ile g\u00f6mlekteki t\u0131ls\u0131mlar g\u00f6\u011fs\u00fcne tenine i\u015flenir. Art\u0131k o s\u00fcper g\u00fc\u00e7leri olan, kur\u015fun ge\u00e7irmez bir adam, \u0130stanbul&#8217;un Muhaf\u0131z\u0131 olur.<\/p>\n<p><img loading=\"lazy\" decoding=\"async\" class=\"alignnone size-full wp-image-23602\" src=\"http:\/\/balcilar-blog.com\/wp-content\/uploads\/2018\/12\/Ekran-Al\u0131nt\u0131s\u0131hakan3.jpg\" alt=\"\" width=\"640\" height=\"331\" srcset=\"https:\/\/balcilar-blog.com\/wp-content\/uploads\/2018\/12\/Ekran-Al\u0131nt\u0131s\u0131hakan3.jpg 640w, https:\/\/balcilar-blog.com\/wp-content\/uploads\/2018\/12\/Ekran-Al\u0131nt\u0131s\u0131hakan3-300x155.jpg 300w\" sizes=\"auto, (max-width: 640px) 100vw, 640px\" \/><\/p>\n<p>Hakan&#8217;\u0131n 4 ya\u015f\u0131nda iken anne ve babas\u0131n\u0131n \u00f6ld\u00fcren \u00f6l\u00fcms\u00fczlerden intikam alacakt\u0131r. Ve \u0130stanbul&#8217;u koruyucu muhaf\u0131zl\u0131k g\u00f6revi verilir.<\/p>\n<p>Hakan bu g\u00f6revi kabullenmekte zorlan\u0131r. \u015ea\u015fk\u0131nd\u0131r. Eczac\u0131 Hocan\u0131n k\u0131z\u0131 Zeynep onu yeti\u015ftirir. Bundan sonras\u0131 anlatmakla olmaz, diziyi daha do\u011frusu 10 b\u00f6l\u00fcm\u00fc izlemeniz gerekir. On b\u00f6l\u00fcm birbirinin devam\u0131 ve ak\u0131c\u0131 bir dille anlat\u0131lm\u0131\u015ft\u0131r.<\/p>\n<p>&nbsp;<\/p>\n<p>T\u00fcrk\u00e7e ve \u0130ngilizce seslendirilmi\u015ftir.\u00a0 \u0130ngilizce, T\u00fcrk\u00e7e, Arap\u00e7a, Yunanca alt yaz\u0131l\u0131 vizyona \u00e7\u0131kt\u0131.<\/p>\n<p>\u0130\u015fte \u0130stanbul&#8217;\u0131n son muhaf\u0131z\u0131 Hakan (\u00c7a\u011fatay Ulusoy) ve g\u00fczel koruyucusu ve e\u011fitmeni (Hazar Erg\u00fc\u00e7l\u00fc).<\/p>\n<p>&nbsp;<\/p>\n<p><img loading=\"lazy\" decoding=\"async\" class=\"alignnone size-full wp-image-23619\" src=\"http:\/\/balcilar-blog.com\/wp-content\/uploads\/2018\/12\/Ekran-Al\u0131nt\u0131sresim9.jpg\" alt=\"\" width=\"640\" height=\"324\" srcset=\"https:\/\/balcilar-blog.com\/wp-content\/uploads\/2018\/12\/Ekran-Al\u0131nt\u0131sresim9.jpg 640w, https:\/\/balcilar-blog.com\/wp-content\/uploads\/2018\/12\/Ekran-Al\u0131nt\u0131sresim9-300x152.jpg 300w\" sizes=\"auto, (max-width: 640px) 100vw, 640px\" \/><\/p>\n<p>\u0130\u015fte tepki alan bir sahne. Kavgada dilenci \u00e7ocuklar\u0131n ba\u015f\u0131 Hakan&#8217;n\u0131n y\u00fczene yumruk atar. Hakan t\u0131ls\u0131ml\u0131 g\u00f6mle\u011fin g\u00fcc\u00fc ile ta\u015fa vurmu\u015f gibi adam\u0131n kolu bilekten k\u0131r\u0131l\u0131r.<\/p>\n<p><img loading=\"lazy\" decoding=\"async\" class=\"alignnone size-full wp-image-23597\" src=\"http:\/\/balcilar-blog.com\/wp-content\/uploads\/2018\/12\/DubBEQsWoAAfzaJ.jpg\" alt=\"\" width=\"640\" height=\"365\" srcset=\"https:\/\/balcilar-blog.com\/wp-content\/uploads\/2018\/12\/DubBEQsWoAAfzaJ.jpg 640w, https:\/\/balcilar-blog.com\/wp-content\/uploads\/2018\/12\/DubBEQsWoAAfzaJ-300x171.jpg 300w\" sizes=\"auto, (max-width: 640px) 100vw, 640px\" \/><\/p>\n<p>Netflix dizileri IMDb \u00f6l\u00e7\u00fcmlerine g\u00f6re ilk g\u00fcnde 9,4 gibi y\u00fcksek puan alm\u0131\u015f, dizler aras\u0131nda \u00fcst s\u0131ralardan yar\u0131\u015fa ba\u015flam\u0131\u015ft\u0131r. Bir hafta sonra dizinin Netflix&#8217;in 190 \u00fclkedeki 128 Milyon \u00fcyesinin izlemesi ile ger\u00e7ek IMDb puan\u0131 ortaya \u00e7\u0131kacakt\u0131r.<\/p>\n<p>Gelelim yorumlara: Bu sabah Twitter&#8217;dan at\u0131lan yorumlara bakt\u0131m, isim yazmadan sadece \u0130ngilizce, \u0130spanyolca, yorumlar\u0131 T\u00fcrk\u00e7ele\u015ftirip yay\u0131nlayaca\u011f\u0131m.<\/p>\n<p>&nbsp;<\/p>\n<p><strong>Benin d\u00fcn 10 b\u00f6l\u00fcm izledikten sonra att\u0131\u011f\u0131m Tweet.<\/strong><\/p>\n<p>&#8220;Hakan: Muhaf\u0131z ilk 10 b\u00f6l\u00fcm s\u00fcper. \u00c7a\u011fatay Ulusoy&#8217;un oyunculu\u011fu tart\u0131\u015f\u0131lmaz. B\u00fct\u00fcn eme\u011fi ge\u00e7enlere oyuncusundan, set arkas\u0131 \u00e7al\u0131\u015fan\u0131na kadar hepsinin y\u00fcre\u011finize, eme\u011fine sa\u011fl\u0131k. \u0130stanbul g\u00f6r\u00fcnt\u00fc \u00e7ekimleri, kamera a\u00e7\u0131klar\u0131 harika.&#8221;<\/p>\n<p>Yerli ve yabanc\u0131 izleyicilerin att\u0131\u011f\u0131 olumlu ve olumsuz Tweetler. Tweeter&#8217;da 1070 takip\u00e7imin %90&#8217;\u0131 yabanc\u0131, \u00e7o\u011funlu\u011fu da Latin Amerika \u00fclkelerinden.<\/p>\n<p><strong>Baz\u0131 olumlu \u00f6vg\u00fc dolu yorumlar \u015f\u00f6yle:<\/strong><\/p>\n<p>*Yaaaaaaaaa inanam\u0131yorum harika bir dizi yaaaaaaaaa game of thrones ile kap\u0131\u015f\u0131r bak g\u00f6r\u00fcrs\u00fcn . Ayyyy halaaaa inanamiyorummmmmm.<\/p>\n<p>*Tamamen tart\u0131\u015fmas\u0131z performans\u0131 ve m\u00fckemmel serisi. G\u00fczel T\u00fcrkiye.<\/p>\n<p>*Her zaman oldu\u011fu gibi, o da iyi olan sensin. Ancak \u00c7a\u011fatay i\u00e7in a\u015fk \u00f6tesinde, bu serinin arkas\u0131ndaki \u00e7al\u0131\u015fma muazzam, bu beklemeye de\u011fdi, her zaman T\u00fcrk kalitesi, her zaman @\u00c7a\u011fatayUlusoy kalite garantili<\/p>\n<p>*Ben bir sat\u0131rda be\u015f b\u00f6l\u00fcm izledim ve ben koltuk i\u00e7in sab\u0131rs\u0131zlan\u0131yorum ve izlemeye devam! Her \u015fey harika, \u00f6zellikle \u00c7a\u011fatay&#8217;\u0131n performans\u0131!! Bu beklemek de\u011fer oldu, Arjantin\u00a0sayg\u0131.<\/p>\n<p>*\u00c7a\u011fatay m\u00fckemmel, harika oyuncu. M\u00fckemmel i\u015f onu g\u00f6rd\u00fckten sonra \u015fimdi ikinci sezonu bekliyoruz.<\/p>\n<p>*Her \u015fey harika, \u00f6zellikle \u00c7a\u011fatay&#8217;\u0131n performans\u0131. Beklememize de\u011fdi.<\/p>\n<p>*Tamamen tart\u0131\u015fmas\u0131z \u00c7a\u011fatay&#8217;\u0131n performans\u0131 ve m\u00fckemmel serisi, bu on b\u00f6l\u00fcm \u00e7ok heyecan vericiydi. \u00c7a\u011fatay Ulusoy m\u00fckemmel akt\u00f6r. G\u00fczel T\u00fcrkiye.<\/p>\n<p>*Her b\u00f6l\u00fcmde hikaye daha da ak\u0131c\u0131 ve merak uyand\u0131r\u0131c\u0131yd\u0131, kullan\u0131lan m\u00fcziklere ayr\u0131 \u0130stanbul&#8217;a ayr\u0131, sezon sonu b\u00f6l\u00fcm\u00fcne ayr\u0131 hayran kald\u0131m \u00e7ok etkileyiciydi. herkesin eme\u011fine sa\u011fl\u0131k\u00a0cagatayulusoyy Seninle nekadar gurur duysak az diyecek kelimem yok art\u0131k.<\/p>\n<p>*\u00c7a\u011fatay&#8217;\u0131n performans\u0131 m\u00fckemmel akt\u00f6r.\u0130stanbul&#8217;un g\u00fczelli\u011fi .<\/p>\n<p>*\u00c7AGATAY &#8216;\u0131n parlak oldu\u011fu gibi T\u00fcrkiye&#8217;nin gurur duymal\u0131 oldu\u011fu gibi d\u00fcnyan\u0131n t\u00fcm HAYRANLAR\u0131NDAN oldu\u011fum i\u00e7in BALCILAR amca &#8216;ya dikkat \u00e7ekmek ve sevgili \u00c7AGATAY ULUSOY&#8217;a sayg\u0131 duyaca\u011f\u0131z.<\/p>\n<p>*Bizim kahraman\u0131m\u0131z i\u00e7in \u00e7ok iyi \u015fanslar!! Arjantin&#8217;de Hakan Muhaf\u0131z bekliyoruz<\/p>\n<p>* T\u00fcm ba\u015far\u0131 benim sevgili \u00e7a\u011fatay! Arjantin sizi kucaklayan.<br \/>\n*\u00c7a\u011fatay Ulusoy&#8217;un gelece\u011fi parlak.T\u00fcrkiye&#8217;nin gurur duyaca\u011f\u0131 oyuncu. \u0130lk b\u00f6l\u00fcm akt\u00f6rler sevildi.<\/p>\n<p>*Koca bir sezonu bir g\u00fcnde izledim. Tad\u0131 dama\u011f\u0131mda kald\u0131 desem yeridir. \u0130\u015fin yoksa \u015fimdi ikinci sezonu bekle . T\u00fcrkiye standartlar\u0131n\u0131n \u00e7ok \u00fcst\u00fcnde . G\u00fczel i\u015f.<\/p>\n<p><img loading=\"lazy\" decoding=\"async\" class=\"alignnone size-full wp-image-23605\" src=\"http:\/\/balcilar-blog.com\/wp-content\/uploads\/2018\/12\/Ekran-Al\u0131nt\u0131s\u0131hakan7.jpg\" alt=\"\" width=\"640\" height=\"329\" srcset=\"https:\/\/balcilar-blog.com\/wp-content\/uploads\/2018\/12\/Ekran-Al\u0131nt\u0131s\u0131hakan7.jpg 640w, https:\/\/balcilar-blog.com\/wp-content\/uploads\/2018\/12\/Ekran-Al\u0131nt\u0131s\u0131hakan7-300x154.jpg 300w\" sizes=\"auto, (max-width: 640px) 100vw, 640px\" \/><\/p>\n<p>*Koruyucu. Seri, Istanbul &#8216;un g\u00fczelli\u011fini yakalar. \u0130lk akt\u00f6rler bizi bu komplo ve gizem fantezi aras\u0131nda sarmak<\/p>\n<p>&nbsp;<\/p>\n<p><img loading=\"lazy\" decoding=\"async\" class=\"alignnone size-full wp-image-23620\" src=\"http:\/\/balcilar-blog.com\/wp-content\/uploads\/2018\/12\/Ekran-Al\u0131nt\u0131s\u0131gaata-kulesi.jpg\" alt=\"\" width=\"640\" height=\"340\" srcset=\"https:\/\/balcilar-blog.com\/wp-content\/uploads\/2018\/12\/Ekran-Al\u0131nt\u0131s\u0131gaata-kulesi.jpg 640w, https:\/\/balcilar-blog.com\/wp-content\/uploads\/2018\/12\/Ekran-Al\u0131nt\u0131s\u0131gaata-kulesi-300x159.jpg 300w\" sizes=\"auto, (max-width: 640px) 100vw, 640px\" \/><\/p>\n<p>*Tebrikler cagatay sen inan\u0131lmazs\u0131n.!!!!! Hakan MUHAF\u0131Z<\/p>\n<p>*Fantastik olmas\u0131na ra\u011fmen ger\u00e7ek hayattan tamamen kopmamas\u0131 g\u00fczel bence. \u00c7a\u011fatay da d\u00f6kt\u00fcrmeye devam ediyo.<\/p>\n<p>*Ger\u00e7ekten muhte\u015fem bi dizi olmu\u015f. 1.sezonu bitirdim. Herkesin eme\u011fine, y\u00fcre\u011fine sa\u011fl\u0131k. En \u00e7okta \u00c7a\u011fatay Ulusoy!HakanMuhaf\u0131z 2.sezonu beklemek \u00f6l\u00fcm gibi gelecek \u015fimdi<\/p>\n<p>&nbsp;<\/p>\n<p><strong>Bir ka\u00e7 da olumsuz yorum vereyim.<\/strong><\/p>\n<p>*\u00c7a\u011fatay Ulusoy oyunculu\u011fu=Parlat\u0131c\u0131 s\u00fcrlm\u00fc\u015f dudklar\u0131 hafif \u00f6ne ittir ve ne old\u011funu anlamya \u00e7al\u0131\u015fan yak\u0131\u015f\u0131kl\u0131 ama saf adam bak\u0131\u015fyla etrafa bak.Ltfen oyuncluk yapacksan biraz mimik jest falan bi\u015fylere \u00e7al\u0131\u015f dizi izlerken modellik yapmaya \u00e7al\u0131\u015ft\u0131\u011f\u0131n i\u00e7in olmuyor ya podyum ya setler.<\/p>\n<p>*\u0130lk b\u00f6l\u00fcm\u00fc izledim de \u00c7a\u011fatay Ulusoy bu fantastik d\u00fcnyaya ait gibi ama Okan Yalab\u0131k d\u0131\u015f\u0131nda g\u00fczel bir karakter yada oyuncu g\u00f6remedim.<\/p>\n<p><img loading=\"lazy\" decoding=\"async\" class=\"alignnone size-full wp-image-23601\" src=\"http:\/\/balcilar-blog.com\/wp-content\/uploads\/2018\/12\/Ekran-Al\u0131nt\u0131s\u0131hakan-1.jpg\" alt=\"\" width=\"640\" height=\"344\" srcset=\"https:\/\/balcilar-blog.com\/wp-content\/uploads\/2018\/12\/Ekran-Al\u0131nt\u0131s\u0131hakan-1.jpg 640w, https:\/\/balcilar-blog.com\/wp-content\/uploads\/2018\/12\/Ekran-Al\u0131nt\u0131s\u0131hakan-1-300x161.jpg 300w\" sizes=\"auto, (max-width: 640px) 100vw, 640px\" \/><\/p>\n<p>*\u00c7a\u011fatay olmasa le\u015f. Hele yap\u0131m\u0131.<\/p>\n<p>*Bok gibi dizi olmu\u015f.<\/p>\n<p>*\u00c7izgi film gibi&#8230;<\/p>\n<p>\u0130\u015fte b\u00f6yle sevgili okurlar\u0131m. Bana g\u00f6re \u00c7a\u011fatay Ulusoy&#8217;un Netflix \u0130nternet dizisi tutmu\u015f ve yolu a\u00e7\u0131k g\u00f6z\u00fck\u00fcyor. 2019 y\u0131l\u0131n\u0131n ilk aylar\u0131nda ikinci sezon 11-20&#8217;ci b\u00f6l\u00fcmler yay\u0131nlanacak. \u015eimdiden izleyiciler o b\u00f6l\u00fcmleri bekliyor.<\/p>\n<p><img loading=\"lazy\" decoding=\"async\" class=\"alignnone size-full wp-image-23615\" src=\"http:\/\/balcilar-blog.com\/wp-content\/uploads\/2018\/12\/DudglSpWkAEOpCt.jpg\" alt=\"\" width=\"640\" height=\"448\" srcset=\"https:\/\/balcilar-blog.com\/wp-content\/uploads\/2018\/12\/DudglSpWkAEOpCt.jpg 640w, https:\/\/balcilar-blog.com\/wp-content\/uploads\/2018\/12\/DudglSpWkAEOpCt-300x210.jpg 300w\" sizes=\"auto, (max-width: 640px) 100vw, 640px\" \/><\/p>\n<p>\u00c7a\u011fatay Ulusoy&#8217;un imaj\u0131na gelince; Tam g\u00fcn\u00fcm\u00fcz \u00dcniversiteli genci. Sa\u00e7lar\u0131 yandan tra\u015fl\u0131, \u00fcst k\u0131s\u0131mlar uzun sa\u00e7l\u0131 ve kirli sakall\u0131&#8230; Bu imaj ona yak\u0131\u015fm\u0131\u015f diyebiliriz.<\/p>\n<p>Hakan: Muhaf\u0131z dizisi \u00f6vg\u00fcleri, ele\u015ftirileri ile ilk 10 b\u00f6l\u00fcm\u00fc seyrettik. Bana g\u00f6re bu dizi tutacak. Sonra gelsin 2.sezon 11-20 b\u00f6l\u00fcmler. Arkas\u0131 gelir mi? Bu Netflix yetkilerine verece\u011fi karara ba\u011fl\u0131.<\/p>\n<p>Yaza ben \u00c7a\u011fatay Ulusoy&#8217;dan bir sinema filmi bekliyorum! Bu yerli mi olur, yoksa T\u00fcrk-Amerikan ortak yap\u0131m\u0131 olur bilemem.<\/p>\n<p>Yolun a\u00e7\u0131k olsun \u00c7a\u011fatay. Hakan: Muhaf\u0131z ile seyircin bol, ba\u015far\u0131lar.<\/p>\n<p>Sayg\u0131lar ve sevgiler.<\/p>\n<p>Abdurrahman Balc\u0131lar<\/p>\n<p>Twitter : <a href=\"https:\/\/twitter.com\/abbalcilar\">abdurrahman balc\u0131lar<\/a><a href=\"https:\/\/twitter.com\/abbalcilar\"><strong>@abbalcilar<\/strong><\/a><\/p>\n<p>Mail :\u00a0<a href=\"mailto:ab.balcilar@hotmail.com\">ab.balcilar@hotmail.com<\/a><\/p>\n<p>Blog:\u00a0<a href=\"http:\/\/t.co\/znqmIZgIqn\">blog.milliyet.com.tr\/cansever<\/a><\/p>\n<p>\u015eahsi Blog:\u00a0<a href=\"http:\/\/balcilar-blog.com\/\">Abdurrahman Balc\u0131lar Blog Sayfas\u0131<\/a><\/p>\n<p><strong>*\u015eahsi Blog sayfamda ve Milliyet Blog\u2019da yay\u0131nlanan blog yaz\u0131lar\u0131 b\u00fcy\u00fck bir \u00e7al\u0131\u015fman\u0131n \u00fcr\u00fcn\u00fc olup, izinsiz ya da kaynak g\u00f6stermeden al\u0131nt\u0131 yap\u0131lamaz. Aksi halde kanuni i\u015flem yap\u0131l\u0131r.<\/strong><\/p>\n<p>&nbsp;<\/p>\n<p>&nbsp;<\/p>\n<p>&nbsp;<\/p>\n<div class=\"js-tweet-text-container\">\n<p lang=\"tr\" data-aria-label-part=\"0\">\n<\/div>\n","protected":false},"excerpt":{"rendered":"<p>\u00c7a\u011fatay Ulusoy&#8217;un aylard\u0131r beklenen Netflix dizisi nihayet yay\u0131nland\u0131. Milyonlarca T\u00fcrk ve yabanc\u0131 seyircisi ilk 10 b\u00f6l\u00fcm\u00fc bir solukta izledi. Dizi genelde be\u011fenildi, yerli ve yabanc\u0131 seyirciden \u00e7o\u011funlukla olumlu \u00f6vg\u00fcler geldi. Baz\u0131 izleyiciden de tepkiler ald\u0131. Netflix&#8217;in 03 Medya&#8217;ya yapt\u0131rd\u0131\u011f\u0131 dizinin ba\u015frollerinde \u00c7a\u011fatay Ulusoy Hakan), Ay\u00e7a Ay\u015fin Turan (Leyla), Hazar Erg\u00fc\u00e7l\u00fc (Zeynep), Okan Yalab\u0131k (Faysal), Mehmet [&hellip;]<\/p>\n","protected":false},"author":3,"featured_media":23595,"comment_status":"open","ping_status":"open","sticky":false,"template":"","format":"standard","meta":{"footnotes":""},"categories":[2],"tags":[897,607,15,1843,30,1478,797,1660],"class_list":["post-23592","post","type-post","status-publish","format-standard","has-post-thumbnail","hentry","category-tv-programlari","tag-03-medya","tag-ayca-aysin-turan","tag-cagatay-ulusoy","tag-hakan-muhafiz","tag-hazar-erguclu","tag-netflix","tag-okan-yalabik","tag-the-protector"],"views":5000,"blog_post_layout_featured_media_urls":{"thumbnail":["https:\/\/balcilar-blog.com\/wp-content\/uploads\/2018\/12\/catsHAKAN-MUHAFIZ-150x150.jpg",150,150,true],"full":["https:\/\/balcilar-blog.com\/wp-content\/uploads\/2018\/12\/catsHAKAN-MUHAFIZ.jpg",480,480,false]},"categories_names":{"2":{"name":"TV Programlar\u0131","link":"https:\/\/balcilar-blog.com\/?cat=2"}},"tags_names":{"897":{"name":"03 Medya","link":"https:\/\/balcilar-blog.com\/?tag=03-medya"},"607":{"name":"Ay\u00e7a Ay\u015fin Turan","link":"https:\/\/balcilar-blog.com\/?tag=ayca-aysin-turan"},"15":{"name":"\u00e7a\u011fatay ulusoy","link":"https:\/\/balcilar-blog.com\/?tag=cagatay-ulusoy"},"1843":{"name":"Hakan: Muhaf\u0131z","link":"https:\/\/balcilar-blog.com\/?tag=hakan-muhafiz"},"30":{"name":"Hazar Erg\u00fc\u00e7l\u00fc","link":"https:\/\/balcilar-blog.com\/?tag=hazar-erguclu"},"1478":{"name":"Netflix","link":"https:\/\/balcilar-blog.com\/?tag=netflix"},"797":{"name":"Okan Yalab\u0131k","link":"https:\/\/balcilar-blog.com\/?tag=okan-yalabik"},"1660":{"name":"The Protector","link":"https:\/\/balcilar-blog.com\/?tag=the-protector"}},"comments_number":"0","wpmagazine_modules_lite_featured_media_urls":{"thumbnail":["https:\/\/balcilar-blog.com\/wp-content\/uploads\/2018\/12\/catsHAKAN-MUHAFIZ-150x150.jpg",150,150,true],"cvmm-medium":["https:\/\/balcilar-blog.com\/wp-content\/uploads\/2018\/12\/catsHAKAN-MUHAFIZ.jpg",300,300,false],"cvmm-medium-plus":["https:\/\/balcilar-blog.com\/wp-content\/uploads\/2018\/12\/catsHAKAN-MUHAFIZ.jpg",207,207,false],"cvmm-portrait":["https:\/\/balcilar-blog.com\/wp-content\/uploads\/2018\/12\/catsHAKAN-MUHAFIZ.jpg",400,400,false],"cvmm-medium-square":["https:\/\/balcilar-blog.com\/wp-content\/uploads\/2018\/12\/catsHAKAN-MUHAFIZ.jpg",480,480,false],"cvmm-large":["https:\/\/balcilar-blog.com\/wp-content\/uploads\/2018\/12\/catsHAKAN-MUHAFIZ.jpg",480,480,false],"cvmm-small":["https:\/\/balcilar-blog.com\/wp-content\/uploads\/2018\/12\/catsHAKAN-MUHAFIZ.jpg",95,95,false],"full":["https:\/\/balcilar-blog.com\/wp-content\/uploads\/2018\/12\/catsHAKAN-MUHAFIZ.jpg",480,480,false]},"_links":{"self":[{"href":"https:\/\/balcilar-blog.com\/index.php?rest_route=\/wp\/v2\/posts\/23592","targetHints":{"allow":["GET"]}}],"collection":[{"href":"https:\/\/balcilar-blog.com\/index.php?rest_route=\/wp\/v2\/posts"}],"about":[{"href":"https:\/\/balcilar-blog.com\/index.php?rest_route=\/wp\/v2\/types\/post"}],"author":[{"embeddable":true,"href":"https:\/\/balcilar-blog.com\/index.php?rest_route=\/wp\/v2\/users\/3"}],"replies":[{"embeddable":true,"href":"https:\/\/balcilar-blog.com\/index.php?rest_route=%2Fwp%2Fv2%2Fcomments&post=23592"}],"version-history":[{"count":8,"href":"https:\/\/balcilar-blog.com\/index.php?rest_route=\/wp\/v2\/posts\/23592\/revisions"}],"predecessor-version":[{"id":23622,"href":"https:\/\/balcilar-blog.com\/index.php?rest_route=\/wp\/v2\/posts\/23592\/revisions\/23622"}],"wp:featuredmedia":[{"embeddable":true,"href":"https:\/\/balcilar-blog.com\/index.php?rest_route=\/wp\/v2\/media\/23595"}],"wp:attachment":[{"href":"https:\/\/balcilar-blog.com\/index.php?rest_route=%2Fwp%2Fv2%2Fmedia&parent=23592"}],"wp:term":[{"taxonomy":"category","embeddable":true,"href":"https:\/\/balcilar-blog.com\/index.php?rest_route=%2Fwp%2Fv2%2Fcategories&post=23592"},{"taxonomy":"post_tag","embeddable":true,"href":"https:\/\/balcilar-blog.com\/index.php?rest_route=%2Fwp%2Fv2%2Ftags&post=23592"}],"curies":[{"name":"wp","href":"https:\/\/api.w.org\/{rel}","templated":true}]}}