{"id":23518,"date":"2018-12-03T14:19:29","date_gmt":"2018-12-03T12:19:29","guid":{"rendered":"http:\/\/balcilar-blog.com\/?p=23518"},"modified":"2018-12-03T14:38:03","modified_gmt":"2018-12-03T12:38:03","slug":"gecen-haftanin-26-kasim-02-aralik-2018-en-cok-izlenen-dizileri","status":"publish","type":"post","link":"https:\/\/balcilar-blog.com\/?p=23518","title":{"rendered":"Ge\u00e7en Haftan\u0131n (26 Kas\u0131m &#8211; 02 Aral\u0131k 2018) En \u00c7ok \u0130zlenen Dizileri!"},"content":{"rendered":"<p><img loading=\"lazy\" decoding=\"async\" class=\"alignnone size-full wp-image-23529\" src=\"http:\/\/balcilar-blog.com\/wp-content\/uploads\/2018\/12\/KAPAK-3-ARALIK.jpg\" alt=\"\" width=\"640\" height=\"363\" srcset=\"https:\/\/balcilar-blog.com\/wp-content\/uploads\/2018\/12\/KAPAK-3-ARALIK.jpg 640w, https:\/\/balcilar-blog.com\/wp-content\/uploads\/2018\/12\/KAPAK-3-ARALIK-300x170.jpg 300w\" sizes=\"auto, (max-width: 640px) 100vw, 640px\" \/><\/p>\n<p>TNS \u00f6l\u00e7\u00fcmlerine g\u00f6re haz\u0131rlad\u0131\u011f\u0131m <strong>26 Kas\u0131m &#8211; 02 Aral\u0131k 2018<\/strong>\u00a0Tarihleri aras\u0131nda en \u00e7ok seyredilen alt\u0131 Ulusal kanallar\u0131m\u0131zda ekranlar\u0131m\u0131za gelen 29 dizi aras\u0131nda, Total\u2019de ve AB\u2019de ilk ona giren, \u00d6ne \u00e7\u0131kan dizilerin, haftan\u0131n dizi karnesini a\u015fa\u011f\u0131da bilgilerinize sunuyorum.<\/p>\n<p><strong>GE\u00c7EN HAFTA G\u00d6STER\u0130MDEK\u0130 D\u0130Z\u0130LER :<\/strong><\/p>\n<p>\u00c7ukur (Show), S\u00f6z (Star), Yasak Elma (Fox), Egenin Hamsisi (TRT1), E\u015fk\u0131ya D\u00fcnyaya H\u00fck\u00fcmdar Olmaz (ATV), Ufak Tefek Cinayetler (Star Tv), Mehmetcik &#8216;Kutlu Zafer&#8217; (TRT1), Kad\u0131n (Fox), Dirili\u015f Ertu\u011frul (TRT1), Sen Anlat Karadeniz (Atv), \u00c7ocuklar Duymas\u0131n (Kanal D),\u00a0 Bizim Hikaye (Fox), Avlu (Star), Bir Zamanlar \u00c7ukurova (Atv), Muhte\u015fem \u0130kili (KanalD), \u00c7arp\u0131\u015fma (Show Tv), Arka Sokaklar (Kanal D), G\u00fclperi (Show Tv), K\u0131z\u0131m (Tv8), \u0130stanbullu Gelin (Star), Payitaht Abd\u00fclhamid (TRT1), \u015eahin Tepesi (Atv), Erkenci Ku\u015f (Star Tv), \u0130kizler Memo-Can (Kanal D), Kalk Gidelim (TRT1), Sava\u015f\u00e7\u0131 (Fox), Elimi B\u0131rakma (TRT), A\u011flama Anne (Atv) ve Bir Litre G\u00f6zya\u015f\u0131 (Kanal D) dizilerinin yeni b\u00f6l\u00fcmleri yay\u0131nland\u0131.<\/p>\n<p>&nbsp;<\/p>\n<p><strong>HAFTANIN D\u0130Z\u0130LER\u0130NDE ;<\/strong><\/p>\n<p><strong>Total\u2019in ilk s\u0131ras\u0131nda\u00a0bu hafta<\/strong>\u00a0; TRT1&#8217;in rekortmen dizisi Dirili\u015f Ertu\u011frul ge\u00e7en hafta oldu\u011fu gibi bu hafta da Total&#8217;de ald\u0131\u011f\u0131 14,33 puan ile birinci s\u0131rada yer al\u0131yor.\u00a0 Total&#8217;in 10.s\u0131ras\u0131nda Show Tv&#8217;in &#8220;G\u00fclperi&#8221; dizisi 7,86 puan ile yer al\u0131yor.<\/p>\n<p><strong>AB\u2019nin ilk s\u0131ras\u0131nda<\/strong>;\u00a0 Total&#8217;de TRT1&#8217;in Dirili\u015f Ertu\u011frul dizisi, AB&#8217;nin ilk s\u0131ras\u0131nda 15,64 puanla yer al\u0131yor. AB&#8217;nin 10.s\u0131ras\u0131nda Tv8&#8217;nin &#8220;K\u0131z\u0131m&#8221;, AB&#8217;de ald\u0131\u011f\u0131 6,55 puan ile yer al\u0131yor.<\/p>\n<p>&nbsp;<\/p>\n<p><strong>BU HAFTA EN \u00c7OK \u0130ZLENEN \u0130LK ONA G\u0130REN D\u0130Z\u0130LERE G\u00d6Z ATALIM!<\/strong><\/p>\n<p>Bu s\u0131ralama sadece dizilerin reytingler y\u00fczdesine g\u00f6re en \u00e7ok izlenen dizilerin ilk 10\u2019da yer alanlar\u0131n\u0131 s\u0131ralamaya koyuyorum. Yar\u0131\u015fma, e\u011flence ve haber programlar\u0131 y\u00fczdeleri y\u00fcksek olsa da bu s\u0131ralamaya koymuyorum. Bu sadece dizilerin yar\u0131\u015f\u0131d\u0131r, en \u00e7ok izlenen dizilerin s\u0131ralamas\u0131d\u0131r. Bir nevi dizilerin karnesidir.<\/p>\n<p>Art\u0131k, Haftan\u0131n dizileri s\u0131ralamas\u0131nda bir yenilik yaparak, Hem Total&#8217;de hem de AB grubunda 5 puan\u0131n \u00fcst\u00fcnde reyting alanlar\u0131 s\u0131ralamada yer veriyorum.<\/p>\n<p>&nbsp;<\/p>\n<p>G<strong>E\u00c7EN HAFTA EN \u00c7OK \u0130ZLENEN D\u0130Z\u0130LER\u0130NDE:<\/strong><\/p>\n<p><strong>Total ilk 10 ve 5 puan\u0131n \u00fczerinde reyting alanlar :<\/strong><\/p>\n<p>1.Dirili\u015f Ertu\u011frul 125.B\u00f6l\u00fcm (TRT1)&#8230;&#8230;&#8230;&#8230;&#8230;&#8230;&#8230;&#8230;..14,33 &#8211; 29,03<\/p>\n<p>2.Bir Zamanlar \u00c7ukurova 12.B\u00f6l\u00fcm (Atv)&#8230;&#8230;&#8230;&#8230;&#8230;..14,03 &#8211; 29,68<\/p>\n<p>3.Kad\u0131n 41.B\u00f6l\u00fcm (Fox Tv)&#8230;&#8230;&#8230;&#8230;&#8230;&#8230;&#8230;&#8230;&#8230;&#8230;&#8230;&#8230;&#8230;.13,18 &#8211; 29,06<\/p>\n<p>4.Sen Anlat Karadeniz 32.B\u00f6l\u00fcm (Atv)&#8230;&#8230;&#8230;&#8230;&#8230;&#8230;&#8230;.13,16 &#8211; 16,10<\/p>\n<p>5.\u00c7ukur 44.B\u00f6l\u00fcm (Show Tv)&#8230;&#8230;&#8230;&#8230;&#8230;&#8230;&#8230;&#8230;&#8230;&#8230;&#8230;&#8230;..11,11 &#8211; 23,75<\/p>\n<p>6.Arka Sokaklar 497.B\u00f6l\u00fcm (Kanal D)&#8230;&#8230;&#8230;&#8230;&#8230;&#8230;&#8230;..10,98 &#8211; 22,77<\/p>\n<p>7.S\u00f6z 61.B\u00f6l\u00fcm (Star Tv)&#8230;&#8230;&#8230;&#8230;&#8230;&#8230;&#8230;&#8230;&#8230;&#8230;&#8230;&#8230;&#8230;&#8230;&#8230;9,64 &#8211; 20,56<\/p>\n<p>8.E\u015fk\u0131ya D\u00fcnyaya H\u00fck\u00fcmdar Olmaz 117.Bl.(Atv)&#8230;&#8230;9,28 &#8211; 19,53<\/p>\n<p>9-Sava\u015f\u00e7\u0131 56.B\u00f6l\u00fcm (Fox Tv.)&#8230;&#8230;&#8230;&#8230;&#8230;&#8230;&#8230;&#8230;&#8230;&#8230;&#8230;&#8230;..8,49 &#8211; 18,83<\/p>\n<p>10.G\u00fclperi 12.B\u00f6l\u00fcm (Show Tv)&#8230;&#8230;&#8230;&#8230;&#8230;&#8230;&#8230;&#8230;&#8230;&#8230;&#8230;..7,86 &#8211; 16,75<\/p>\n<p>_____________________________________________<\/p>\n<p>11.Avlu &#8211; 22.B\u00f6l\u00fcm (Star Tv)&#8230;&#8230;&#8230;&#8230;&#8230;&#8230;&#8230;&#8230;&#8230;&#8230;&#8230;&#8230;&#8230;..7,63 &#8211; 16,10<\/p>\n<p>12.\u0130kizler Memo-can 6.B\u00f6l\u00fcm (Kanal D)&#8230;&#8230;&#8230;&#8230;&#8230;&#8230;&#8230;.7,02 &#8211; 15,74<\/p>\n<p>13.Yasak Elma 24.B\u00f6l\u00fcm (Fox Tv)&#8230;&#8230;&#8230;&#8230;&#8230;&#8230;&#8230;&#8230;&#8230;&#8230;..6,78 &#8211; 14,38<\/p>\n<p>14.Erkenci Ku\u015f 22.B\u00f6l\u00fcm (Star Tv)&#8230;&#8230;&#8230;&#8230;&#8230;&#8230;&#8230;&#8230;&#8230;&#8230;6,43 &#8211; 14,42<\/p>\n<p>15.Bizim Hikaye 49.B\u00f6l\u00fcm (Fox Tv)&#8230;&#8230;&#8230;&#8230;&#8230;&#8230;&#8230;&#8230;&#8230;.5,58 &#8211; 11,76<\/p>\n<p>16.K\u0131z\u0131m 11.B\u00f6l\u00fcm (Tv8)&#8230;&#8230;&#8230;&#8230;&#8230;&#8230;&#8230;&#8230;&#8230;&#8230;&#8230;&#8230;&#8230;&#8230;&#8230;.5,56 &#8211; 11,91<\/p>\n<p>17.Elimi B\u0131rakma 19.B\u00f6l\u00fcm (TRT1)&#8230;&#8230;&#8230;&#8230;&#8230;&#8230;&#8230;&#8230;&#8230;..5,00 &#8211; 10,82<\/p>\n<p>&nbsp;<\/p>\n<p><strong>AB\u2019de ilk 10 ve 5 Puan\u0131n \u00fczerinde reyting alanlar:<\/strong><\/p>\n<p>1.Dirili\u015f Ertu\u011frul 125.B\u00f6l\u00fcm (TRT1)&#8230;&#8230;&#8230;&#8230;&#8230;&#8230;&#8230;&#8230;..15,64 &#8211; 33,22<\/p>\n<p>2.Kad\u0131n 41.B\u00f6l\u00fcm (Fox Tv)&#8230;&#8230;&#8230;&#8230;&#8230;&#8230;&#8230;&#8230;&#8230;&#8230;&#8230;&#8230;&#8230;.13,04 &#8211; 29,55<\/p>\n<p>3.Bir Zamanlar \u00c7ukurova 12.B\u00f6l\u00fcm (Atv)&#8230;&#8230;&#8230;&#8230;&#8230;..10,79 &#8211; 23,26<\/p>\n<p>4.\u00c7ukur 44.B\u00f6l\u00fcm (Show Tv)&#8230;&#8230;&#8230;&#8230;&#8230;&#8230;&#8230;&#8230;&#8230;&#8230;&#8230;&#8230;.10,24 &#8211; 23,18<\/p>\n<p>5.\u0130stanbullu Gelin 63.B\u00f6l\u00fcm (Star Tv)&#8230;&#8230;&#8230;&#8230;&#8230;&#8230;&#8230;&#8230;7,64\u00a0 &#8211; 17,15<\/p>\n<p>6.E\u015fk\u0131ya D\u00fcnyaya H\u00fck\u00fcmdar Olmaz 117.Bl.(Atv)&#8230;&#8230;7,48 &#8211; 16,29<\/p>\n<p>7.Sen Anlat Karadeniz 32.B\u00f6l\u00fcm (Atv)&#8230;&#8230;&#8230;&#8230;&#8230;&#8230;&#8230;..6,84 &#8211; 15,11<\/p>\n<p>8.\u00c7arp\u0131\u015fma 2.B\u00f6l\u00fcm (Show Tv)&#8230;&#8230;&#8230;&#8230;&#8230;&#8230;&#8230;&#8230;&#8230;&#8230;&#8230;6,61 &#8211; 14,17<\/p>\n<p>9.Avlu &#8211; 22.B\u00f6l\u00fcm (Star Tv)&#8230;&#8230;&#8230;&#8230;&#8230;&#8230;&#8230;&#8230;&#8230;&#8230;&#8230;&#8230;&#8230;6,56 &#8211; 14,14<\/p>\n<p>10.K\u0131z\u0131m 11.B\u00f6l\u00fcm (Tv8)&#8230;&#8230;&#8230;&#8230;&#8230;&#8230;&#8230;&#8230;&#8230;&#8230;&#8230;&#8230;&#8230;&#8230;..6,55 &#8211; 14,95<\/p>\n<p>____________________________________________<\/p>\n<p>11.Yasak Elma 24.B\u00f6l\u00fcm (Fox Tv)&#8230;&#8230;&#8230;&#8230;&#8230;&#8230;&#8230;&#8230;&#8230;&#8230;6,47 &#8211; 14,51<\/p>\n<p>12.S\u00f6z 61.B\u00f6l\u00fcm (Star Tv)&#8230;&#8230;&#8230;&#8230;&#8230;&#8230;&#8230;&#8230;&#8230;&#8230;&#8230;&#8230;&#8230;&#8230;.6,37 &#8211; 14,38<\/p>\n<p>13.Arka Sokaklar 497.B\u00f6l\u00fcm (Kanal D)&#8230;&#8230;&#8230;&#8230;&#8230;&#8230;&#8230;.6,25 &#8211; 13,76<\/p>\n<p>14.Erkenci Ku\u015f 22.B\u00f6l\u00fcm (Star Tv)&#8230;&#8230;&#8230;&#8230;&#8230;&#8230;&#8230;&#8230;&#8230;..5,49 &#8211; 14,27<\/p>\n<p>15.Elimi B\u0131rakma 19.B\u00f6l\u00fcm (TRT1)&#8230;&#8230;&#8230;&#8230;&#8230;&#8230;&#8230;&#8230;&#8230;.5,38 &#8211; 12,07<\/p>\n<p>16.Payitaht Abd\u00fclhamid 63.B\u00f6l\u00fcm (TRT1)&#8230;&#8230;&#8230;&#8230;&#8230;.5,28 &#8211; 11,85<\/p>\n<p>17.G\u00fclperi 12.B\u00f6l\u00fcm (Show Tv)&#8230;&#8230;&#8230;&#8230;&#8230;&#8230;&#8230;&#8230;&#8230;&#8230;&#8230;..5,07 &#8211; 11,50<\/p>\n<p>&nbsp;<\/p>\n<p><strong>TOTAL ve AB Grubunda reytingleri en y\u00fcksek olan Haftan\u0131n ilk 5 s\u0131ralamas\u0131 :<\/strong><\/p>\n<p>Bu hafta ilk 5&#8217;de; Total grubununu ilk 5 diz s\u0131ralamada yer al\u0131yor. S\u0131ralama \u015f\u00f6yle.<\/p>\n<p>&nbsp;<\/p>\n<p><strong>1.D\u0130R\u0130L\u0130\u015e ERTU\u011eRUL<\/strong> : TRT1&#8217;in rekortmen dizisi bu hafta 125.b\u00f6l\u00fcm ekranlara geldi. Total grubunda ald\u0131\u011f\u0131 15,64 reyting puan\u0131 ile haftan\u0131n dizileri aras\u0131nda ilk s\u0131rada yer al\u0131yor.<\/p>\n<p><img loading=\"lazy\" decoding=\"async\" class=\"alignnone size-full wp-image-23522\" src=\"http:\/\/balcilar-blog.com\/wp-content\/uploads\/2018\/12\/dirili\u015f-125.bl_.png\" alt=\"\" width=\"640\" height=\"362\" srcset=\"https:\/\/balcilar-blog.com\/wp-content\/uploads\/2018\/12\/dirili\u015f-125.bl_.png 640w, https:\/\/balcilar-blog.com\/wp-content\/uploads\/2018\/12\/dirili\u015f-125.bl_-300x170.png 300w\" sizes=\"auto, (max-width: 640px) 100vw, 640px\" \/><\/p>\n<p>Mo\u011follarla zorlu bir m\u00fccadele veren Ertu\u011frul Bey, kutlu davas\u0131n\u0131n pe\u015finden gidebilmek i\u00e7in karde\u015flerinden ayr\u0131lmak zorunda kalm\u0131\u015ft\u0131. Ertu\u011frul Bey\u2019e inanan Kay\u0131lar, bu ayr\u0131l\u0131\u011f\u0131n ard\u0131ndan yollara d\u00fc\u015ft\u00fcler. \u00c7etin ge\u00e7en ko\u015fullarda Karacada\u011f s\u0131n\u0131rlar\u0131na kadar ilerleyen Kay\u0131lar\u0131 burada bamba\u015fka bir d\u00fcnya bekliyordu. Yeni yurtlar\u0131 onlara farkl\u0131 bir iklim, farkl\u0131 topraklar ve farkl\u0131 insanlar sunacakt\u0131. Ertu\u011frul Bey, kutlu davas\u0131na giden yolda daha g\u00fc\u00e7l\u00fc ve daha ac\u0131mas\u0131z d\u00fc\u015fmanlar\u0131 olaca\u011f\u0131n\u0131n fark\u0131ndayd\u0131. Peki, yeni d\u00fc\u015fmanlar\u0131n\u0131 alt edebilmek i\u00e7in k\u0131l\u0131c\u0131n\u0131n keskinli\u011fi yetecek miydi?<\/p>\n<p>Ertu\u011frul Bey art\u0131k ba\u015fka bir d\u00fcnyadayd\u0131. Ve bu d\u00fcnya da at ko\u015fturmak daha \u00e7ok ak\u0131l, cesaret ve sab\u0131r istiyordu. Kar\u015f\u0131s\u0131na daha g\u00fc\u00e7l\u00fc ve daha ac\u0131mas\u0131z olarak \u00e7\u0131kan Tap\u0131nak\u00e7\u0131lar, Ertu\u011frul Bey\u2019i zafer i\u00e7in yeni y\u00f6ntemler bulmaya zorlayacakt\u0131. Zira Tap\u0131nak\u00e7\u0131lar\u0131n gizli eli olan Simon bir k\u0131l\u0131\u00e7 darbesiyle \u00f6ld\u00fcr\u00fclemeyecek kadar zeki ve g\u00fc\u00e7l\u00fcyd\u00fc. \u00dcstelik Simon yaln\u0131z da olmayacakt\u0131. Ertu\u011frul Bey, Simon\u2019a destek olan M\u00fcsl\u00fcmanlar\u0131 \u00f6\u011frendi\u011finde ne yapacakt\u0131? Ertu\u011frul Bey, k\u0131l\u0131\u00e7lar\u0131n sustu\u011fu, ak\u0131l oyunlar\u0131n\u0131n konu\u015ftu\u011fu bir cehennemin i\u00e7indeydi. Peki, akl\u0131 onu bu cehennemin ate\u015finden koruyabilecek miydi?<\/p>\n<p>Karacada\u011f etekleri bir\u00e7ok T\u00fcrkmen Obas\u0131na yurt olmu\u015ftu. Fakat aslen Tatar olan \u00c7avdaro\u011flu Obas\u0131, aralar\u0131nda en g\u00fc\u00e7l\u00fc olanlar\u0131yd\u0131. Bu g\u00fc\u00e7lerini ise ba\u015far\u0131s\u0131zl\u0131\u011fa tahamm\u00fcl\u00fc olmayan ve obay\u0131 demir yumrukla y\u00f6neten Candar Bey\u2019den al\u0131yorlard\u0131. \u0130ktidar\u0131n\u0131 y\u0131llarca koruyan Candar Bey, en b\u00fcy\u00fck imtihan\u0131n\u0131 evlatlar\u0131yla verecekti. Candar Bey\u2019in b\u00fcy\u00fck o\u011flu Ural\u2019\u0131n ihtiras\u0131 oban\u0131n kaderini belirleyecekti. \u00c7avdaro\u011flu ve Kay\u0131 Obas\u0131 aras\u0131nda ya\u015fanacak gerilimi Candar Bey\u2019in hamleleri durdurabilecek miydi? Ertu\u011frul Bey, \u00c7avdaro\u011flu Obas\u0131ndan hi\u00e7 beklemedi\u011fi teklifler ve tehditler alacakt\u0131. Peki, Kay\u0131lar ve \u00c7avdaro\u011fullar\u0131\u2019n\u0131n yolu nerede ve nas\u0131l kesi\u015fecekti? Ertu\u011frul\u2019un verece\u011fi her karar hem oban\u0131n kad\u0131nlar\u0131 hem de beyleri i\u00e7in yeni sonu\u00e7lara gebeydi.<\/p>\n<p>Ertu\u011frul art\u0131k oban\u0131n beyi olmu\u015ftu. Obada yeni sorunlar ba\u015f g\u00f6stermi\u015fti. G\u00f6\u00e7 yolunda yorgun d\u00fc\u015fen Kay\u0131lar \u00fclk\u00fcleri ve nefisleri aras\u0131nda s\u0131k\u0131\u015f\u0131p kalm\u0131\u015ft\u0131. Onlar i\u00e7in bu imtihan hi\u00e7 kolay olmayacakt\u0131. D\u0131\u015far\u0131da d\u00fc\u015fmanlar\u0131yla m\u00fccadele veren Ertu\u011frul Bey\u2019i i\u00e7erde ise yeni sorunlar bekliyordu. G\u00f6\u00e7 yolunda sevdiklerinden ayr\u0131 d\u00fc\u015fen ve k\u0131tl\u0131k tehlikesiyle kar\u015f\u0131 kar\u015f\u0131ya kalan Kay\u0131lar birliklerini koruyabilecekler miydi?<\/p>\n<p>\u0130hanet, ihtiras ve ak\u0131l oyunlar\u0131yla y\u00fcz y\u00fcze gelen Ertu\u011frul i\u00e7in tek hedef vard\u0131. Bir milletin dirili\u015fine vesile olmak\u2026<\/p>\n<p>&nbsp;<\/p>\n<p><strong>2.B\u0130R ZAMANLAR \u00c7UKUROVA<\/strong>\u00a0: Atv&#8217;nin iddial\u0131 dizisi\u00a0 bu hafta 12.b\u00f6l\u00fcmde, Total&#8217;de ald\u0131\u011f\u0131 14,03 reyting puan\u0131 ile ikinci s\u0131rada yer al\u0131yor.<\/p>\n<p>Umudunu da al\u0131p esaretten ka\u00e7mak isteyen Z\u00fcleyha, ac\u0131s\u0131 ve \u00f6fkesi harmanlanan Demir&#8217;e bir kez daha yeniliyor ve aile bask\u0131s\u0131 ile, y\u00fczle\u015fmek i\u00e7in Y\u0131lmaz&#8217;\u0131n kar\u015f\u0131s\u0131na \u00e7\u0131k\u0131yor.<\/p>\n<p><img loading=\"lazy\" decoding=\"async\" class=\"alignnone size-full wp-image-23524\" src=\"http:\/\/balcilar-blog.com\/wp-content\/uploads\/2018\/12\/0x0-12-bolum-.jpg\" alt=\"\" width=\"640\" height=\"360\" srcset=\"https:\/\/balcilar-blog.com\/wp-content\/uploads\/2018\/12\/0x0-12-bolum-.jpg 640w, https:\/\/balcilar-blog.com\/wp-content\/uploads\/2018\/12\/0x0-12-bolum--300x169.jpg 300w\" sizes=\"auto, (max-width: 640px) 100vw, 640px\" \/><\/p>\n<p>Z\u00fcleyha&#8217;ya olan g\u00fcvenini tamamen yitiren Demir, onu \u00f6l\u00fcmle ba\u015f ba\u015fa b\u0131rakarak o\u011fluyla yola koyuluyor!\u00a0Kurdu\u011fu oyundan \u00e7ok pi\u015fman olan H\u00fcnkar, Y\u0131lmaz&#8217;\u0131n, Demir&#8217;i vuraca\u011f\u0131ndan korkuyor. Bir aile facias\u0131n\u0131 \u00f6nlemek i\u00e7in Y\u0131lmaz&#8217;la konu\u015fmaya karar veren H\u00fcnkar, o\u011flu Demir ile konu\u015ftuktan sonra yalanlar\u0131na yenilerini ekleyip durumu daha da \u00e7\u0131k\u0131lmaz bir hale getiriyor.<\/p>\n<p><img loading=\"lazy\" decoding=\"async\" class=\"alignnone size-full wp-image-23521\" src=\"http:\/\/balcilar-blog.com\/wp-content\/uploads\/2018\/12\/\u00c7ukurova-12-bolum.jpg\" alt=\"\" width=\"640\" height=\"427\" srcset=\"https:\/\/balcilar-blog.com\/wp-content\/uploads\/2018\/12\/\u00c7ukurova-12-bolum.jpg 640w, https:\/\/balcilar-blog.com\/wp-content\/uploads\/2018\/12\/\u00c7ukurova-12-bolum-300x200.jpg 300w\" sizes=\"auto, (max-width: 640px) 100vw, 640px\" \/><\/p>\n<p>Duyduklar\u0131ndan sonra i\u00e7i i\u00e7ine s\u0131\u011fmayan Y\u0131lmaz&#8217;\u0131n, bir taraf\u0131 Z\u00fcleyha&#8217;y\u0131 kaybetti\u011fini s\u00f6ylerken, di\u011fer taraf\u0131 ise hala umutlu! Peki bu durum, yakla\u015fan b\u00fcy\u00fck felaketi ne kadar etkileyecek? Saniye&#8217;nin \u00e7\u0131\u011fl\u0131klar\u0131yla yank\u0131lanan \u00c7ukurova&#8217;y\u0131, yeni b\u00f6l\u00fcmde yeni ac\u0131lar bekliyor. \u00d6l\u00fcm sessizli\u011fi ya\u015fanan konakta i\u015fler iyice kar\u0131\u015f\u0131yor.<\/p>\n<p>&nbsp;<\/p>\n<p><strong>3.KADIN<\/strong>\u00a0: Fox Tv&#8217;nin Kad\u0131n dizisi 41.b\u00f6l\u00fcmde Total&#8217;de 13,18 reyting puan\u0131 ile haftan\u0131n dizileri aras\u0131nda, bir basamak y\u00fckselerek 3.s\u0131raya \u00e7\u0131kt\u0131.<\/p>\n<p><img loading=\"lazy\" decoding=\"async\" class=\"alignnone size-full wp-image-23523\" src=\"http:\/\/balcilar-blog.com\/wp-content\/uploads\/2018\/12\/Kadin-41.bl_.jpg\" alt=\"\" width=\"640\" height=\"360\" srcset=\"https:\/\/balcilar-blog.com\/wp-content\/uploads\/2018\/12\/Kadin-41.bl_.jpg 640w, https:\/\/balcilar-blog.com\/wp-content\/uploads\/2018\/12\/Kadin-41.bl_-300x169.jpg 300w\" sizes=\"auto, (max-width: 640px) 100vw, 640px\" \/><\/p>\n<p>Arif ile ayr\u0131lan Bahar, ayr\u0131l\u0131\u011f\u0131n \u00fczerine Sarp\u2019\u0131 birden kar\u015f\u0131s\u0131nda bulur. Y\u0131llar \u00f6nce \u00f6len kocas\u0131n\u0131 kar\u015f\u0131s\u0131nda bulmak ona hayat\u0131n\u0131n en b\u00fcy\u00fck \u015fokunu ya\u015fatacakt\u0131r. Sarp ve Bahar kavu\u015fmas\u0131na \u015fahit olan Arif\u2019in ise g\u00f6rd\u00fc\u011f\u00fc \u015fey kar\u015f\u0131s\u0131nda d\u00fcnyas\u0131 ba\u015f\u0131na y\u0131k\u0131lm\u0131\u015ft\u0131r. Sarp ve Bahar\u2019\u0131n bir arada olmas\u0131n\u0131 asla istemeyen \u015eirin, Enver\u2019in telefonunu k\u0131rmas\u0131yla beraber kaybetti\u011fi foto\u011fraflar\u0131 ba\u015fka bir \u015fekilde bulman\u0131n yollar\u0131n\u0131 arar.<\/p>\n<p>&nbsp;<\/p>\n<p><strong>4.SEN ANLAT KARADEN\u0130Z<\/strong>\u00a0: Atv&#8217;de yer alan sevilen dizi Total&#8217;de ald\u0131\u011f\u0131 13,16 reyting puan\u0131 ile bu hafta \u00fc\u00e7\u00fcnc\u00fc s\u0131radan tekrar 4.s\u0131raya d\u00fc\u015ft\u00fc.<\/p>\n<p>&#8220;Nefes, benim sensizli\u011fe vaktim yok!&#8221;<\/p>\n<p><img loading=\"lazy\" decoding=\"async\" class=\"alignnone size-full wp-image-23526\" src=\"http:\/\/balcilar-blog.com\/wp-content\/uploads\/2018\/12\/0x0-32-bolum.jpg\" alt=\"\" width=\"640\" height=\"427\" srcset=\"https:\/\/balcilar-blog.com\/wp-content\/uploads\/2018\/12\/0x0-32-bolum.jpg 640w, https:\/\/balcilar-blog.com\/wp-content\/uploads\/2018\/12\/0x0-32-bolum-300x200.jpg 300w\" sizes=\"auto, (max-width: 640px) 100vw, 640px\" \/><\/p>\n<p>Fatih&#8217;in vurulmas\u0131 Saniye i\u00e7in barda\u011f\u0131 ta\u015f\u0131ran son damla olur. Saniye taraf\u0131ndan evden kovulan Nefes duyduklar\u0131n\u0131 sineye \u00e7ekecek mi? Yoksa Nefes i\u00e7in g\u00f6rd\u00fc\u011f\u00fc g\u00fczel d\u00fc\u015ften uyanma zaman\u0131 m\u0131 geldi? Vedat&#8217;\u0131n Nazar&#8217;a yapt\u0131klar\u0131n\u0131 \u00f6\u011frenen Cemil hesap soruyor. Eline silah\u0131 al\u0131p Vedat&#8217;\u0131n kar\u015f\u0131s\u0131na \u00e7\u0131kan Cemil, Vedat&#8217;\u0131 \u00f6ld\u00fcrmeye kararl\u0131d\u0131r.<\/p>\n<p><img loading=\"lazy\" decoding=\"async\" class=\"alignnone size-full wp-image-23525\" src=\"http:\/\/balcilar-blog.com\/wp-content\/uploads\/2018\/12\/0x0-32-bolum-saniye.jpg\" alt=\"\" width=\"640\" height=\"427\" srcset=\"https:\/\/balcilar-blog.com\/wp-content\/uploads\/2018\/12\/0x0-32-bolum-saniye.jpg 640w, https:\/\/balcilar-blog.com\/wp-content\/uploads\/2018\/12\/0x0-32-bolum-saniye-300x200.jpg 300w\" sizes=\"auto, (max-width: 640px) 100vw, 640px\" \/><\/p>\n<p>Nefes taraf\u0131ndan terk edilen Tahir ise, kendini Karadeniz&#8217;in insaf\u0131na b\u0131rak\u0131r\u2026<\/p>\n<p>&nbsp;<\/p>\n<p><strong>5.\u00c7UKUR\u00a0<\/strong>: Show Tv&#8217;nin \u00e7ata-pat adam \u00f6ld\u00fcr\u00fclen dizisi\u00a0 bu hafta duygusal hesapla\u015fmalara yer verdi.\u00a0 Ve 5.s\u0131radaki yerini korudu. \u00c7ukur Total&#8217;de ald\u0131\u011f\u0131 11,11 reyting puan\u0131 ald\u0131\u011f\u0131n\u0131 g\u00f6r\u00fcyoruz.<\/p>\n<p><img loading=\"lazy\" decoding=\"async\" class=\"alignnone size-full wp-image-23528\" src=\"http:\/\/balcilar-blog.com\/wp-content\/uploads\/2018\/12\/\u00e7ukur-yama\u00e7-sena.jpg\" alt=\"\" width=\"640\" height=\"433\" srcset=\"https:\/\/balcilar-blog.com\/wp-content\/uploads\/2018\/12\/\u00e7ukur-yama\u00e7-sena.jpg 640w, https:\/\/balcilar-blog.com\/wp-content\/uploads\/2018\/12\/\u00e7ukur-yama\u00e7-sena-300x203.jpg 300w\" sizes=\"auto, (max-width: 640px) 100vw, 640px\" \/><\/p>\n<p>Yama\u00e7, Ersoy\u2019un pe\u015fini b\u0131rakmamaya kararl\u0131d\u0131r. Onu s\u0131k\u0131\u015ft\u0131rmaya ve ondan istihbarat almaya devam ederken \u00f6\u011frenece\u011fi yeni bir bilgi beraberinde baz\u0131 s\u0131rlar\u0131 da getirecek. Ve bu s\u0131rlar, Yama\u00e7\u2019a zor anlar ya\u015fatacak. Vartolu, Saadet\u2019e ula\u015fma konusunda pes etmeyecek ve sevdi\u011fi kad\u0131n ile do\u011facak \u00e7ocu\u011funa kavu\u015fmak i\u00e7in her yolu deneyecek. Ancak Vartolu\u2019nun, Yama\u00e7\u2019tan gizli Karakuzular i\u00e7in daha ne kadar \u00e7al\u0131\u015faca\u011f\u0131 merak konusu olacak. \u00c7ukur\u2019da ya\u015fanan duygu y\u00fckl\u00fc bir olay, herkesi bir araya getirecek. Yama\u00e7\u2019\u0131n \u00c7ukur sokaklar\u0131nda g\u00f6r\u00fclmesi ise ekran ba\u015f\u0131ndakilere \u201c\u00c7ukur eski g\u00fcnlerine mi d\u00f6necek?\u201d sorusunu sorduracak.<\/p>\n<p><img loading=\"lazy\" decoding=\"async\" class=\"alignnone size-full wp-image-23527\" src=\"http:\/\/balcilar-blog.com\/wp-content\/uploads\/2018\/12\/\u00e7ukur-baba-o\u011ful.jpg\" alt=\"\" width=\"640\" height=\"388\" srcset=\"https:\/\/balcilar-blog.com\/wp-content\/uploads\/2018\/12\/\u00e7ukur-baba-o\u011ful.jpg 640w, https:\/\/balcilar-blog.com\/wp-content\/uploads\/2018\/12\/\u00e7ukur-baba-o\u011ful-300x182.jpg 300w\" sizes=\"auto, (max-width: 640px) 100vw, 640px\" \/><\/p>\n<p>Cumali\u2019nin y\u0131llar sonra babas\u0131 \u0130dris ile annesi Sultan\u2019\u0131n kar\u015f\u0131s\u0131na \u00e7\u0131kmas\u0131 i\u00e7in izleyicileri g\u00f6zya\u015flar\u0131na bo\u011facak. Cumali\u2019nin bu ad\u0131m\u0131, Ko\u00e7oval\u0131lar i\u00e7in yepyeni ve b\u00fcy\u00fck bir umut olacak.<\/p>\n<p>&nbsp;<\/p>\n<p><strong>KANALLARA G\u00d6RE SIRALAMA :<\/strong><\/p>\n<p><strong>Total grubunda ilk on<\/strong>: Atv 3 dizi. Show Tv ve Fox Tv 2&#8217;er dizi. TRT1, Kanal D ve Star Tv birer dizi ile s\u0131ralamaya giriyor.<\/p>\n<p><strong>AB\u2019de ilk on<\/strong>: Atv 3 dizi. Show Tv ve Star Tv. iki dizi. TRT1, Fox Tv ve Show Tv Show Tv. birer dizi yer alm\u0131\u015ft\u0131r.<\/p>\n<p><strong>Bu haftan\u0131n kanal\u0131<\/strong>; <strong>ATV<\/strong>\u00a0; 10 haftad\u0131r haftan\u0131n kanal\u0131 unvan\u0131n\u0131 ta\u015f\u0131yor. Total 3 dizi, AB&#8217;de 3 dizi ile bu hafta da haftan\u0131n kanal\u0131 olmu\u015ftur.<\/p>\n<p><img loading=\"lazy\" decoding=\"async\" class=\"alignnone size-full wp-image-23511\" src=\"http:\/\/balcilar-blog.com\/wp-content\/uploads\/2018\/12\/DtWbrx9XgAAAm2F.jpg\" alt=\"\" width=\"480\" height=\"534\" srcset=\"https:\/\/balcilar-blog.com\/wp-content\/uploads\/2018\/12\/DtWbrx9XgAAAm2F.jpg 480w, https:\/\/balcilar-blog.com\/wp-content\/uploads\/2018\/12\/DtWbrx9XgAAAm2F-270x300.jpg 270w\" sizes=\"auto, (max-width: 480px) 100vw, 480px\" \/><\/p>\n<p>Bu hafta Per\u015fembe g\u00fcn\u00fc <strong>K\u0131van\u00e7 Tatl\u0131tu\u011f<\/strong>&#8216;un \u00c7arp\u0131\u015fma 2.haftas\u0131nda, atak yaparak AB Grubunda 6,61 reyting puan\u0131 ald\u0131 ve AB grubunda Haftan\u0131n dizileri aras\u0131na girdi. Burada K\u0131van\u00e7 Tatl\u0131tu\u011f fakt\u00f6r\u00fc b\u00fcy\u00fck. Ben kendi ad\u0131ma haftan\u0131n seyredilir dizileri aras\u0131na ald\u0131m.<\/p>\n<p><strong>Zerrin Tekindor<\/strong> gibi usta oyuncunun yan\u0131nda y\u0131ld\u0131z\u0131 parlayan <strong>Boran Kuzum<\/strong> ve<strong> Aybuke Pusat<\/strong> gibi gen\u00e7 oyuncular\u0131n rol ald\u0131\u011f\u0131 \u015eahin Tepesi&#8217;nin 2. b\u00f6l\u00fcm\u00fc ekranlara geldi. Reytingleri her iki grupta d\u00fc\u015f\u00fck, 4 puan alt\u0131nda kald\u0131.<\/p>\n<p><strong>Keyifli Seyirler.<\/strong><\/p>\n<p>Sayg\u0131lar ve sevgiler.<\/p>\n<p>Abdurrahman Balc\u0131lar<\/p>\n<p>Twitter : <a href=\"https:\/\/twitter.com\/abbalcilar\">abdurrahman balc\u0131lar<\/a><a href=\"https:\/\/twitter.com\/abbalcilar\"><strong>@abbalcilar<\/strong><\/a><\/p>\n<p>Mail :\u00a0<a href=\"mailto:ab.balcilar@hotmail.com\">ab.balcilar@hotmail.com<\/a><\/p>\n<p>Blog:\u00a0<a href=\"http:\/\/t.co\/znqmIZgIqn\">blog.milliyet.com.tr\/cansever<\/a><\/p>\n<p>\u015eahsi Blog:\u00a0<a href=\"http:\/\/balcilar-blog.com\/\">Abdurrahman Balc\u0131lar Blog Sayfas\u0131<\/a><\/p>\n<p>Not: Total ve AB Reyting \u00f6l\u00e7\u00fcmleri MedyaRadar sayfas\u0131ndan al\u0131nm\u0131\u015ft\u0131r.<\/p>\n<p>*\u015eahsi Blog sayfamda ve Milliyet Blog\u2019da yay\u0131nlanan blog yaz\u0131lar\u0131 b\u00fcy\u00fck bir \u00e7al\u0131\u015fman\u0131n \u00fcr\u00fcn\u00fc olup, izinsiz ya da kaynak g\u00f6stermeden al\u0131nt\u0131 yap\u0131lamaz. Aksi halde kanuni i\u015flem yap\u0131l\u0131r.<\/p>\n","protected":false},"excerpt":{"rendered":"<p>TNS \u00f6l\u00e7\u00fcmlerine g\u00f6re haz\u0131rlad\u0131\u011f\u0131m 26 Kas\u0131m &#8211; 02 Aral\u0131k 2018\u00a0Tarihleri aras\u0131nda en \u00e7ok seyredilen alt\u0131 Ulusal kanallar\u0131m\u0131zda ekranlar\u0131m\u0131za gelen 29 dizi aras\u0131nda, Total\u2019de ve AB\u2019de ilk ona giren, \u00d6ne \u00e7\u0131kan dizilerin, haftan\u0131n dizi karnesini a\u015fa\u011f\u0131da bilgilerinize sunuyorum. GE\u00c7EN HAFTA G\u00d6STER\u0130MDEK\u0130 D\u0130Z\u0130LER : \u00c7ukur (Show), S\u00f6z (Star), Yasak Elma (Fox), Egenin Hamsisi (TRT1), E\u015fk\u0131ya D\u00fcnyaya H\u00fck\u00fcmdar [&hellip;]<\/p>\n","protected":false},"author":3,"featured_media":23529,"comment_status":"open","ping_status":"open","sticky":false,"template":"","format":"standard","meta":{"footnotes":""},"categories":[2],"tags":[1842,1770,1834,1555,570,1250,1656,80,1830,1635,1657,524],"class_list":["post-23518","post","type-post","status-publish","format-standard","has-post-thumbnail","hentry","category-tv-programlari","tag-abuke-pusat","tag-bir-zamanlar-cukurova","tag-carpisma","tag-cukur","tag-dirilis-ertugrul","tag-haftanin-dizileri","tag-kadin","tag-kivanc-tatlitug","tag-sahin-tepesi","tag-sen-anlat-karadeniz","tag-tns-olcmleri","tag-zerrin-tekindor"],"views":2363,"blog_post_layout_featured_media_urls":{"thumbnail":["https:\/\/balcilar-blog.com\/wp-content\/uploads\/2018\/12\/KAPAK-3-ARALIK-150x150.jpg",150,150,true],"full":["https:\/\/balcilar-blog.com\/wp-content\/uploads\/2018\/12\/KAPAK-3-ARALIK.jpg",640,363,false]},"categories_names":{"2":{"name":"TV Programlar\u0131","link":"https:\/\/balcilar-blog.com\/?cat=2"}},"tags_names":{"1842":{"name":"Ab\u00fcke Pusat","link":"https:\/\/balcilar-blog.com\/?tag=abuke-pusat"},"1770":{"name":"Bir Zamanlar \u00c7ukurova","link":"https:\/\/balcilar-blog.com\/?tag=bir-zamanlar-cukurova"},"1834":{"name":"\u00c7arp\u0131\u015fma","link":"https:\/\/balcilar-blog.com\/?tag=carpisma"},"1555":{"name":"\u00c7ukur","link":"https:\/\/balcilar-blog.com\/?tag=cukur"},"570":{"name":"dirili\u015f Ertu\u011frul","link":"https:\/\/balcilar-blog.com\/?tag=dirilis-ertugrul"},"1250":{"name":"Haftan\u0131n Dizileri","link":"https:\/\/balcilar-blog.com\/?tag=haftanin-dizileri"},"1656":{"name":"Kad\u0131n","link":"https:\/\/balcilar-blog.com\/?tag=kadin"},"80":{"name":"K\u0131van\u00e7 Tatl\u0131tu\u011f","link":"https:\/\/balcilar-blog.com\/?tag=kivanc-tatlitug"},"1830":{"name":"\u015eahin Tepesi","link":"https:\/\/balcilar-blog.com\/?tag=sahin-tepesi"},"1635":{"name":"Sen Anlat Karadeniz","link":"https:\/\/balcilar-blog.com\/?tag=sen-anlat-karadeniz"},"1657":{"name":"TNS \u00d6l\u00e7mleri","link":"https:\/\/balcilar-blog.com\/?tag=tns-olcmleri"},"524":{"name":"Zerrin Tekindor","link":"https:\/\/balcilar-blog.com\/?tag=zerrin-tekindor"}},"comments_number":"0","wpmagazine_modules_lite_featured_media_urls":{"thumbnail":["https:\/\/balcilar-blog.com\/wp-content\/uploads\/2018\/12\/KAPAK-3-ARALIK-150x150.jpg",150,150,true],"cvmm-medium":["https:\/\/balcilar-blog.com\/wp-content\/uploads\/2018\/12\/KAPAK-3-ARALIK.jpg",300,170,false],"cvmm-medium-plus":["https:\/\/balcilar-blog.com\/wp-content\/uploads\/2018\/12\/KAPAK-3-ARALIK.jpg",305,173,false],"cvmm-portrait":["https:\/\/balcilar-blog.com\/wp-content\/uploads\/2018\/12\/KAPAK-3-ARALIK.jpg",400,227,false],"cvmm-medium-square":["https:\/\/balcilar-blog.com\/wp-content\/uploads\/2018\/12\/KAPAK-3-ARALIK.jpg",600,340,false],"cvmm-large":["https:\/\/balcilar-blog.com\/wp-content\/uploads\/2018\/12\/KAPAK-3-ARALIK.jpg",640,363,false],"cvmm-small":["https:\/\/balcilar-blog.com\/wp-content\/uploads\/2018\/12\/KAPAK-3-ARALIK.jpg",130,74,false],"full":["https:\/\/balcilar-blog.com\/wp-content\/uploads\/2018\/12\/KAPAK-3-ARALIK.jpg",640,363,false]},"_links":{"self":[{"href":"https:\/\/balcilar-blog.com\/index.php?rest_route=\/wp\/v2\/posts\/23518","targetHints":{"allow":["GET"]}}],"collection":[{"href":"https:\/\/balcilar-blog.com\/index.php?rest_route=\/wp\/v2\/posts"}],"about":[{"href":"https:\/\/balcilar-blog.com\/index.php?rest_route=\/wp\/v2\/types\/post"}],"author":[{"embeddable":true,"href":"https:\/\/balcilar-blog.com\/index.php?rest_route=\/wp\/v2\/users\/3"}],"replies":[{"embeddable":true,"href":"https:\/\/balcilar-blog.com\/index.php?rest_route=%2Fwp%2Fv2%2Fcomments&post=23518"}],"version-history":[{"count":5,"href":"https:\/\/balcilar-blog.com\/index.php?rest_route=\/wp\/v2\/posts\/23518\/revisions"}],"predecessor-version":[{"id":23533,"href":"https:\/\/balcilar-blog.com\/index.php?rest_route=\/wp\/v2\/posts\/23518\/revisions\/23533"}],"wp:featuredmedia":[{"embeddable":true,"href":"https:\/\/balcilar-blog.com\/index.php?rest_route=\/wp\/v2\/media\/23529"}],"wp:attachment":[{"href":"https:\/\/balcilar-blog.com\/index.php?rest_route=%2Fwp%2Fv2%2Fmedia&parent=23518"}],"wp:term":[{"taxonomy":"category","embeddable":true,"href":"https:\/\/balcilar-blog.com\/index.php?rest_route=%2Fwp%2Fv2%2Fcategories&post=23518"},{"taxonomy":"post_tag","embeddable":true,"href":"https:\/\/balcilar-blog.com\/index.php?rest_route=%2Fwp%2Fv2%2Ftags&post=23518"}],"curies":[{"name":"wp","href":"https:\/\/api.w.org\/{rel}","templated":true}]}}