{"id":2350,"date":"2014-06-14T10:01:19","date_gmt":"2014-06-14T07:01:19","guid":{"rendered":"http:\/\/balcilar-blog.com\/?p=2350"},"modified":"2014-06-18T16:46:10","modified_gmt":"2014-06-18T13:46:10","slug":"medcezir-adina-yakisir-super-bir-sezon-finaliyle-bitti","status":"publish","type":"post","link":"https:\/\/balcilar-blog.com\/?p=2350","title":{"rendered":"Medcezir, ad\u0131na yak\u0131\u015f\u0131r s\u00fcper bir sezon finaliyle bitti!"},"content":{"rendered":"<p><img decoding=\"async\" src=\"https:\/\/pbs.twimg.com\/media\/Bp_0gOiCcAIMIlp.jpg\" alt=\"G\u00f6m\u00fcl\u00fc resim i\u00e7in kal\u0131c\u0131 ba\u011flant\u0131\" \/><\/p>\n<p>Star Tv.in fenomen dizisi Medcezir 13 Eyl\u00fcl 2013&#8217;de ba\u015flad\u0131\u011f\u0131 1.sezonunu 13 Haziran 2014 tarihinde, ad\u0131na yak\u0131\u015f\u0131r s\u00fcper bir sezon finaliyle noktay\u0131 koydu. Sezon boyunca oynad\u0131\u011f\u0131 38 b\u00f6l\u00fcmle Cuma gecelerinin gene vazge\u00e7ilmez dizilerinden biri oldu. Gene her hafta en \u00e7ok seyredilen ilk 10 dizi aras\u0131nda yerini ald\u0131.<\/p>\n<p>D\u00fcn ak\u015famki s\u00fcper finalde izleyenler beklediklerinden \u00e7ok daha \u00fcz\u00fcc\u00fc bir final ile kar\u015f\u0131la\u015ft\u0131lar. Tabiri yerindeyse herkes bir tarafa sonbahar yapraklar\u0131 gibi da\u011f\u0131ld\u0131.<\/p>\n<p>En hazin olan\u0131 Serez \u00e7iftinin trafik kazas\u0131 ge\u00e7irerek arabalar\u0131n\u0131n 3-5 takla atmas\u0131 oldu. Ender Han\u0131m ve Selim Beyin ak\u0131betini bilemiyoruz. Bu kadar takla atan araba i\u00e7inden sa\u011f \u00e7\u0131kmalar\u0131 mucize olsa \u00a0da, a\u011f\u0131r yaral\u0131 olarak kurtulduklar\u0131n\u0131 zannediyoruz.<\/p>\n<p>Mira&#8217;n\u0131n Yaman&#8217;\u0131n \u0130zmir&#8217;e annesinin yan\u0131na yerle\u015fme karar\u0131n\u0131 Eyl\u00fcl&#8217;den \u00f6\u011frenmesi, Mira i\u00e7in y\u0131k\u0131m oldu. Yaman&#8217;dan a\u011flayarak uzakla\u015ft\u0131. Yaman&#8217;\u0131 bu karara sevk eden, Serez ailesinin ba\u015f\u0131na a\u00e7t\u0131\u011f\u0131 belalar\u0131n bir yenisini daha eklemek istemiyordu.<\/p>\n<p>Mert Eyl\u00fcl&#8217;\u00fcn,Yaman&#8217;\u0131n \u0130zmir&#8217;e gitme karar\u0131n\u0131 Mira&#8217;ya s\u00f6yledi\u011fi i\u00e7in aras\u0131 a\u00e7\u0131ld\u0131. Birbirlerini k\u00fcst\u00fcler.<\/p>\n<p>Faruk Beylice, eski kar\u0131s\u0131n\u0131n d\u00fc\u011f\u00fcn\u00fcne gitmeyerek, evde tek ba\u015f\u0131na viskisini yudumlayarak ge\u00e7irdi.<\/p>\n<p>Kenan, ikinci bir skandala meydan vermemek i\u00e7in Sude Han\u0131m\u0131n d\u00fc\u011f\u00fcn\u00fcne kat\u0131lmad\u0131. Annesi ile \u0130zmir&#8217;e gitti.<\/p>\n<p>Ender han\u0131m, Sinan Beyin d\u00fc\u011f\u00fcne gelme dedi ama, o geldi skandala sebep oldu.<\/p>\n<p>En mutlusu As\u0131m &#8211; Sude kaya \u00e7ifti idi. Birlikte nikah defterini imza atarak kar\u0131-koca oldular.<\/p>\n<p>Final b\u00f6l\u00fcm\u00fcn tart\u0131\u015f\u0131lmaz oyuncular\u0131 Yaman (\u00c7a\u011fatay Ulusoy) ve Selim (Bar\u0131\u015f Falay) oldu.<\/p>\n<p>Yaman final b\u00f6l\u00fcm\u00fcndeki g\u00f6sterdi\u011fi oyunculuk performans\u0131 ile tart\u0131\u015f\u0131lmaz oldu\u011funu bir daha izleyenlere g\u00f6sterdi. Babas\u0131n\u0131 kurtarmak i\u00e7in \u00e7\u0131rp\u0131n\u0131\u015flar\u0131, onu kaybetmesiyle deniz k\u0131y\u0131s\u0131nda \u00e7ak\u0131llar\u0131 tekmeleyerek kaderine isyan\u0131, Mira ile yapt\u0131\u011f\u0131 kavgadaki sinirlilik halleri, hele hele \u00f6nlerinde kaza ge\u00e7iren \u00a0babas\u0131 gibi bildi\u011fi Selim Serez&#8217;in arabas\u0131n\u0131 tekerlekleri havada g\u00f6r\u00fcnce, Selim Abi diyerek ko\u015fmas\u0131 g\u00f6r\u00fclmeye de\u011fer sahnelerdi.<\/p>\n<p><a id=\"irc_mil\" href=\"http:\/\/www.google.com.tr\/url?sa=i&amp;rct=j&amp;q=&amp;esrc=s&amp;source=images&amp;cd=&amp;cad=rja&amp;uact=8&amp;docid=pCDwMbqHPMvTXM&amp;tbnid=Ez6C43pjJJLOLM:&amp;ved=0CAUQjRw&amp;url=http%3A%2F%2Ftv.bilgibende.com%2Fmedcezir%2F56&amp;ei=2JahU7W2H4zY4QTg2IHoCg&amp;bvm=bv.69137298,d.bGE&amp;psig=AFQjCNHqDNVPaf1gKil0fzRVCOUtWka51A&amp;ust=1403184897271451\" data-ved=\"0CAUQjRw\"><img loading=\"lazy\" decoding=\"async\" id=\"irc_mi\" src=\"http:\/\/yorum.internetara.com\/imaj\/\/13\/12\/09\/\/k_9173329derindere.jpg\" alt=\"\" width=\"300\" height=\"214\" \/><\/a><\/p>\n<div class=\"irc_mutc\"><\/div>\n<p>Selim Serez&#8217;in o k\u0131zg\u0131n halleri, kar\u0131s\u0131na kar\u015f\u0131 davran\u0131\u015flar\u0131, Sinan Beye \u00f6fkesine yenilerek pataklamas\u0131, arabada i\u00e7 \u00e7ekerek \u00e7ocuklar gibi a\u011flamas\u0131, jest ve mimikleri seyre de\u011ferdi.<\/p>\n<div class=\"irc_mutc\"><a class=\"irc_mutl\" href=\"http:\/\/www.google.com.tr\/url?sa=i&amp;rct=j&amp;q=&amp;esrc=s&amp;source=images&amp;cd=&amp;cad=rja&amp;uact=8&amp;docid=_q0pBZXnDyRMaM&amp;tbnid=LDs-L4927pJy8M:&amp;ved=0CAUQjRw&amp;url=http%3A%2F%2Fwww.televizyondizisi.com%2Findex.php%2Fmedcezir-dizisi-bilgisayar-masaustu-resimleri%2F176356%2F21%2Fmedcezir-serenay-sarikaya-hazer-erguclu%2F&amp;ei=hJehU9LIGtDb4QTO3oHoBA&amp;bvm=bv.69137298,d.bGE&amp;psig=AFQjCNH4w-PAQtGli4T-Rhliyxg6J-qBWA&amp;ust=1403185286811247\" data-ved=\"0CAUQjRw\"><img loading=\"lazy\" decoding=\"async\" class=\"irc_mut\" src=\"https:\/\/encrypted-tbn2.gstatic.com\/images?q=tbn:ANd9GcTvBiLoHuV4RndaDN8QSniO7iFQ5VwKheaH4IKnZSP0Ip0cRAcU\" alt=\"\" width=\"699\" height=\"393\" \/><\/a><\/div>\n<p>Serenay Sar\u0131kaya&#8217;n\u0131n, Mira olarak Yaman&#8217;a d\u00fc\u015fk\u00fcnl\u00fc\u011f\u00fc \u00e7ok ger\u00e7ek\u00e7i ve ya\u015fayarak oynamas\u0131 alk\u0131\u015flamaya de\u011ferdi.<\/p>\n<p>\u00c7a\u011fatay Ulusoy ile Serenay Sar\u0131kaya Medcezir&#8217;de Yaman &#8211; Mira olarak \u00e7ok uyumlu bir \u00e7ift oldular.<\/p>\n<p><img loading=\"lazy\" decoding=\"async\" src=\"https:\/\/pbs.twimg.com\/media\/BqAibbwCAAAVR-0.jpg\" alt=\"G\u00f6m\u00fcl\u00fc resim i\u00e7in kal\u0131c\u0131 ba\u011flant\u0131\" width=\"608\" height=\"609\" \/><\/p>\n<p>Evet g\u00fcnah\u0131yla sevab\u0131yla &#8220;Medcezir&#8221; sezon finalini yapt\u0131. 13 Eyl\u00fcl&#8217;de ekrana gelen, ilk b\u00f6l\u00fcm\u00fc i\u00e7in yazd\u0131\u011f\u0131m blok yaz\u0131mda yazm\u0131\u015ft\u0131m. &#8220;Ay Yap\u0131m&#8217;\u0131n bu s\u00fcper dizisi Medcezir, Cuma ak\u015famlar\u0131n\u0131n reyting kral\u0131 olaca\u011f\u0131n\u0131 tahmin ediyorum.&#8221; \u00a0Demi\u015ftim. Oynad\u0131\u011f\u0131 38 b\u00f6l\u00fcm\u00fcn, 27 b\u00f6l\u00fcm\u00fcnde AB&#8217;de birinci oldu. Total&#8217;de de 3 kez birinci, di\u011fer b\u00f6l\u00fcmlerde 2.s\u0131rada yer ald\u0131.<\/p>\n<p>Medcezir&#8217;in ba\u015far\u0131l\u0131 oyuncular\u0131 \u015fimdi \u00fc\u00e7 ayl\u0131k bir yaz tatiline \u00e7\u0131kt\u0131lar. Yeni 2. Sezon 12 Eyl\u00fcl Cuma ak\u015fam\u0131 39.B\u00f6l\u00fcmle bizlerle beraber olacak. Final b\u00f6l\u00fcm\u00fcnde Mira&#8217;y\u0131 Amerika&#8217;ya g\u00f6nderemedik ama, \u015fu g\u00fcnlerde \u00c7a\u011fatay Ulusoy ve sevgilisi Serenay Sar\u0131kaya Los Angeles&#8217;e u\u00e7acaklar. Burada bir Workshop&#8217;da oyunculuk e\u011fitimi ald\u0131ktan sonra, ver elini Meksika sahilleri diyecekler. 12 g\u00fcnl\u00fck bir tatille yorgunluklar\u0131n\u0131 giderecek olan \u00e7ift, A\u011fustos ortalar\u0131nda 39.b\u00f6l\u00fcm&#8217;\u00fcn \u00e7ekimlerini ba\u015flayacaklar.<\/p>\n<p>Medcezir, \u00f6n\u00fcm\u00fczdeki 2.sezonda senaryosunu biraz daha \u00f6nem verirse, sezon boyunca her iki kategoride birincili\u011fi hi\u00e7 bir diziye b\u0131rakmayaca\u011f\u0131n\u0131 tahmin ediyorum. Gene s\u00f6yl\u00fcyorum, deneyimli senaristimiz Ece Y\u00f6ren\u00e7, yan\u0131na gene Melek Gen\u00e7o\u011flu&#8217;nu almas\u0131 ile daha g\u00fc\u00e7l\u00fc bir senaryo \u00e7\u0131kartacaklar.<\/p>\n<p>Bu senaryolarda orijinali olan The O.C. e \u00a0% 100 uymak zorunda de\u011filler. Hep s\u00f6yledi\u011fim gibi T\u00fcrk k\u00fclt\u00fcr\u00fc, \u00f6rf ve adetlerini g\u00f6z ard\u0131 etmemeliler. Orijinalinde kimin eli kimin cebinde belli de\u011fil. Gecen b\u00f6l\u00fcmde Ender Serez&#8217;e bi\u00e7ilen rolde, Sinan Beyle aralar\u0131nda ge\u00e7en hi\u00e7 de ho\u015f de\u011fildi. O hareketi kocas\u0131yla aralar\u0131n\u0131 bozdu ve bu kazay\u0131 sebep oldu. Ender Han\u0131m, kocas\u0131na ba\u011fl\u0131 namuslu bir anne olarak tan\u0131t\u0131ld\u0131 izleyenlere. Bu \u00e7izgiden sapt\u0131r\u0131lmamas\u0131 gerekliydi. Senaryoda bu ince \u00e7izgilere dikkat edilmesi gereklidir. Yaman, karakter olarak p\u0131rlanta kadar k\u0131ymetli ve temiz biri olarak biliniyor. Ona da s\u0131rf rol i\u00e7in beklenmeyecek bir \u015ferefsizlik yapt\u0131rmak \u015f\u0131k olmayaca\u011f\u0131 gibi&#8230;<\/p>\n<p>Medcezir&#8217;in t\u00fcm kamera arkas\u0131 ve de kamera \u00f6n\u00fcndeki oyuncular\u0131na iyi tatiller diler, Eyl\u00fcl&#8217;de 2.sezonda bulu\u015fmak \u00fczere.<\/p>\n<p>Medcezir&#8217;in 38.B\u00f6l\u00fcmde ge\u00e7enlerle ilgili geni\u015f bir \u00f6zetini sonraki yaz\u0131mda yer verece\u011fim.<\/p>\n<p>Sayg\u0131lar, sevgiler.<\/p>\n<p>Abdurrahman Balc\u0131lar<\/p>\n<p>Twitter: abdurrahman balc\u0131lar@abbalcilar<\/p>\n<p>Mail : <a href=\"mailto:ab.balcilar@hotmail.com\">ab.balcilar@hotmail.com<\/a><\/p>\n<p>Blog: milliyet.com.tr\/cansever<\/p>\n<p>Blog: balcilar-blog.com<\/p>\n<p>Not: G\u00f6rseller internetten, dizifilm.com\u2019dan ve taraf\u0131mdan diziden al\u0131nm\u0131\u015ft\u0131r.<\/p>\n<p>&nbsp;<\/p>\n<p>Not: Burada yaz\u0131lan t\u00fcm yaz\u0131lar\u0131n elektronik imza ve zaman damgas\u0131 g\u00fcvencesi alt\u0131nda yasal haklar\u0131 korunmaktad\u0131r. Hi\u00e7bir \u015fekilde bas\u0131l\u0131 ya da elektronik bir ortamda (CD, internet vs.) kaynak g\u00f6sterilmeksizin izin al\u0131nmadan kullan\u0131lmaz.<\/p>\n<p>&nbsp;<\/p>\n","protected":false},"excerpt":{"rendered":"<p>Star Tv.in fenomen dizisi Medcezir 13 Eyl\u00fcl 2013&#8217;de ba\u015flad\u0131\u011f\u0131 1.sezonunu 13 Haziran 2014 tarihinde, ad\u0131na yak\u0131\u015f\u0131r s\u00fcper bir sezon finaliyle noktay\u0131 koydu. Sezon boyunca oynad\u0131\u011f\u0131 38 b\u00f6l\u00fcmle Cuma gecelerinin gene vazge\u00e7ilmez dizilerinden biri oldu. Gene her hafta en \u00e7ok seyredilen ilk 10 dizi aras\u0131nda yerini ald\u0131. D\u00fcn ak\u015famki s\u00fcper finalde izleyenler beklediklerinden \u00e7ok daha \u00fcz\u00fcc\u00fc [&hellip;]<\/p>\n","protected":false},"author":3,"featured_media":0,"comment_status":"open","ping_status":"open","sticky":false,"template":"","format":"standard","meta":{"footnotes":""},"categories":[2],"tags":[26,309,15,16,27,25],"class_list":["post-2350","post","type-post","status-publish","format-standard","hentry","category-tv-programlari","tag-ay-yapim","tag-baris-falay","tag-cagatay-ulusoy","tag-medcezir","tag-serenay-sarikaya","tag-star-tv"],"views":6004,"blog_post_layout_featured_media_urls":{"thumbnail":"","full":""},"categories_names":{"2":{"name":"TV Programlar\u0131","link":"https:\/\/balcilar-blog.com\/?cat=2"}},"tags_names":{"26":{"name":"Ay Yap\u0131m","link":"https:\/\/balcilar-blog.com\/?tag=ay-yapim"},"309":{"name":"Bar\u0131\u015f Falay","link":"https:\/\/balcilar-blog.com\/?tag=baris-falay"},"15":{"name":"\u00e7a\u011fatay ulusoy","link":"https:\/\/balcilar-blog.com\/?tag=cagatay-ulusoy"},"16":{"name":"medcezir","link":"https:\/\/balcilar-blog.com\/?tag=medcezir"},"27":{"name":"Serenay Sar\u0131kaya","link":"https:\/\/balcilar-blog.com\/?tag=serenay-sarikaya"},"25":{"name":"Star Tv","link":"https:\/\/balcilar-blog.com\/?tag=star-tv"}},"comments_number":"0","wpmagazine_modules_lite_featured_media_urls":{"thumbnail":"","cvmm-medium":"","cvmm-medium-plus":"","cvmm-portrait":"","cvmm-medium-square":"","cvmm-large":"","cvmm-small":"","full":""},"_links":{"self":[{"href":"https:\/\/balcilar-blog.com\/index.php?rest_route=\/wp\/v2\/posts\/2350","targetHints":{"allow":["GET"]}}],"collection":[{"href":"https:\/\/balcilar-blog.com\/index.php?rest_route=\/wp\/v2\/posts"}],"about":[{"href":"https:\/\/balcilar-blog.com\/index.php?rest_route=\/wp\/v2\/types\/post"}],"author":[{"embeddable":true,"href":"https:\/\/balcilar-blog.com\/index.php?rest_route=\/wp\/v2\/users\/3"}],"replies":[{"embeddable":true,"href":"https:\/\/balcilar-blog.com\/index.php?rest_route=%2Fwp%2Fv2%2Fcomments&post=2350"}],"version-history":[{"count":6,"href":"https:\/\/balcilar-blog.com\/index.php?rest_route=\/wp\/v2\/posts\/2350\/revisions"}],"predecessor-version":[{"id":2416,"href":"https:\/\/balcilar-blog.com\/index.php?rest_route=\/wp\/v2\/posts\/2350\/revisions\/2416"}],"wp:attachment":[{"href":"https:\/\/balcilar-blog.com\/index.php?rest_route=%2Fwp%2Fv2%2Fmedia&parent=2350"}],"wp:term":[{"taxonomy":"category","embeddable":true,"href":"https:\/\/balcilar-blog.com\/index.php?rest_route=%2Fwp%2Fv2%2Fcategories&post=2350"},{"taxonomy":"post_tag","embeddable":true,"href":"https:\/\/balcilar-blog.com\/index.php?rest_route=%2Fwp%2Fv2%2Ftags&post=2350"}],"curies":[{"name":"wp","href":"https:\/\/api.w.org\/{rel}","templated":true}]}}