{"id":23436,"date":"2018-11-21T12:28:47","date_gmt":"2018-11-21T10:28:47","guid":{"rendered":"http:\/\/balcilar-blog.com\/?p=23436"},"modified":"2018-11-21T12:49:16","modified_gmt":"2018-11-21T10:49:16","slug":"netflixin-2-orjinal-turk-dizisinde-beren-saat-oynayacak","status":"publish","type":"post","link":"https:\/\/balcilar-blog.com\/?p=23436","title":{"rendered":"Netflix&#8217;in 2.Orjinal T\u00fcrk Dizisinde &#8216;Beren Saat&#8217; Oynayacak!"},"content":{"rendered":"<p><img loading=\"lazy\" decoding=\"async\" class=\"alignnone size-full wp-image-23446\" src=\"http:\/\/balcilar-blog.com\/wp-content\/uploads\/2018\/11\/Ekran-Al\u0131nt\u0131s\u0131beren-saat.jpg\" alt=\"\" width=\"640\" height=\"420\" srcset=\"https:\/\/balcilar-blog.com\/wp-content\/uploads\/2018\/11\/Ekran-Al\u0131nt\u0131s\u0131beren-saat.jpg 640w, https:\/\/balcilar-blog.com\/wp-content\/uploads\/2018\/11\/Ekran-Al\u0131nt\u0131s\u0131beren-saat-300x197.jpg 300w\" sizes=\"auto, (max-width: 640px) 100vw, 640px\" \/><\/p>\n<p>\u00c7a\u011fatay Ulusoy&#8217;un &#8220;Hakan: Muhaf\u0131z&#8221; dizisinden sonra ikinci T\u00fcrk dizisi geliyor. Ba\u015frol\u00fc Beren Saat oynayaca\u011f\u0131 haberi geldi. \u015eu g\u00fcnlerde nefesler tutuldu D\u00fcnya Netflix izleyicisi, \u00c7a\u011fatay Ulusoy&#8217;un 14 Aral\u0131k&#8217;taki dizisini beklerken Netflix&#8217;ten bir atak daha yapt\u0131. G\u00fczeller g\u00fczeli Beren Saat&#8217;i se\u00e7ti.<\/p>\n<div><\/div>\n<div>Twitter&#8217;da Netfl\u0131x T\u00fcrkiye, sosyal medya hesab\u0131nda \u00e7ok k\u0131sa bir Teaser g\u00f6z\u00fcme \u00e7arpt\u0131. D\u00fcnyan\u0131n 3-4 \u00fcnl\u00fc sanat\u00e7\u0131s\u0131 ile birlikte Beren Saat bu k\u0131sa teaser&#8217;da \u00e7ok yak\u0131nda diyerek verdi.<\/div>\n<div><\/div>\n<div>Anl\u0131yor musunuz? G\u00f6zlerimizin \u00f6n\u00fcnde <a class=\"twitter-atreply pretty-link js-nav\" dir=\"ltr\" href=\"https:\/\/twitter.com\/berensaat\" data-mentioned-user-id=\"527702422\"><s>@<\/s><b>berensaat<\/b><\/a> ile ikinci Netflix orijinal dizisi \u00e7ekilecek!<\/div>\n<div><\/div>\n<div><img loading=\"lazy\" decoding=\"async\" class=\"alignnone size-full wp-image-23439\" src=\"http:\/\/balcilar-blog.com\/wp-content\/uploads\/2018\/11\/Ekran-Al\u0131nt\u0131s\u0131-beren.jpg\" alt=\"\" width=\"640\" height=\"341\" srcset=\"https:\/\/balcilar-blog.com\/wp-content\/uploads\/2018\/11\/Ekran-Al\u0131nt\u0131s\u0131-beren.jpg 640w, https:\/\/balcilar-blog.com\/wp-content\/uploads\/2018\/11\/Ekran-Al\u0131nt\u0131s\u0131-beren-300x160.jpg 300w\" sizes=\"auto, (max-width: 640px) 100vw, 640px\" \/><\/div>\n<div><\/div>\n<div>Tan\u0131t\u0131mda; Ho\u015f Geldin Biz de Seni Bekliyorduk diye Beren Saat&#8217;\u0131n \u00e7ok yak\u0131nda Netfl\u0131x&#8217;de olaca\u011f\u0131 haberini ge\u00e7mi\u015f oldu.<\/div>\n<div><\/div>\n<div><img loading=\"lazy\" decoding=\"async\" class=\"alignnone size-full wp-image-23440\" src=\"http:\/\/balcilar-blog.com\/wp-content\/uploads\/2018\/11\/Ekran-Al\u0131nt\u0131s\u0131-netfix.jpg\" alt=\"\" width=\"555\" height=\"260\" srcset=\"https:\/\/balcilar-blog.com\/wp-content\/uploads\/2018\/11\/Ekran-Al\u0131nt\u0131s\u0131-netfix.jpg 555w, https:\/\/balcilar-blog.com\/wp-content\/uploads\/2018\/11\/Ekran-Al\u0131nt\u0131s\u0131-netfix-300x141.jpg 300w\" sizes=\"auto, (max-width: 555px) 100vw, 555px\" \/><\/div>\n<div><\/div>\n<div>Beren Saat, 2008 &#8211; 2010 aras\u0131nda K\u0131van\u00e7 Tatl\u0131tu\u011f ile oynam\u0131\u015f&#8221;A\u015fk-\u0131 Memnu&#8221; dizisi ile \u00fcnlenmi\u015fti. Arkas\u0131ndan 2010 &#8211; 2012 y\u0131llar\u0131nda Fatma G\u00fcl\u00fcn Su\u00e7u Ne? dizisi ile \u00fcn\u00fcne \u00fcn katm\u0131\u015ft\u0131. Daha sonra da baz\u0131 D\u00fcnya \u00fclkelerinde Fatma G\u00fcl\u00fcn Su\u00e7u Ne dizisi ile izleyici Beren Saat&#8217;i tan\u0131m\u0131\u015f, hayran kalm\u0131\u015ft\u0131. \u0130\u015fte \u015fimdi de o Beren Saat Netflix&#8217;te. Bakal\u0131m hangi rolde, kimlerle birlikte oynayacak hep birlikte g\u00f6rece\u011fiz.<\/div>\n<div><\/div>\n<div>\n<p>Sayg\u0131lar ve sevgiler.<\/p>\n<p>Abdurrahman Balc\u0131lar<\/p>\n<p>Twitter : <a href=\"https:\/\/twitter.com\/abbalcilar\">abdurrahman balc\u0131lar<\/a><a href=\"https:\/\/twitter.com\/abbalcilar\"><strong>@abbalcilar<\/strong><\/a><\/p>\n<p>Mail :\u00a0<a href=\"mailto:ab.balcilar@hotmail.com\">ab.balcilar@hotmail.com<\/a><\/p>\n<p>Blog:\u00a0<a href=\"http:\/\/t.co\/znqmIZgIqn\">blog.milliyet.com.tr\/cansever<\/a><\/p>\n<p>\u015eahsi Blog:\u00a0<a href=\"http:\/\/balcilar-blog.com\/\">Abdurrahman Balc\u0131lar Blog Sayfas\u0131<\/a><\/p>\n<p><strong>\u00a0<\/strong><\/p>\n<p><strong>*\u015eahsi Blog sayfamda ve Milliyet Blog\u2019da yay\u0131nlanan blog yaz\u0131lar\u0131 b\u00fcy\u00fck bir \u00e7al\u0131\u015fman\u0131n \u00fcr\u00fcn\u00fc olup, izinsiz ya da kaynak g\u00f6stermeden al\u0131nt\u0131 yap\u0131lamaz. Aksi halde kanuni i\u015flem yap\u0131l\u0131r.<\/strong><\/p>\n<\/div>\n<div><\/div>\n<div><\/div>\n","protected":false},"excerpt":{"rendered":"<p>\u00c7a\u011fatay Ulusoy&#8217;un &#8220;Hakan: Muhaf\u0131z&#8221; dizisinden sonra ikinci T\u00fcrk dizisi geliyor. Ba\u015frol\u00fc Beren Saat oynayaca\u011f\u0131 haberi geldi. \u015eu g\u00fcnlerde nefesler tutuldu D\u00fcnya Netflix izleyicisi, \u00c7a\u011fatay Ulusoy&#8217;un 14 Aral\u0131k&#8217;taki dizisini beklerken Netflix&#8217;ten bir atak daha yapt\u0131. G\u00fczeller g\u00fczeli Beren Saat&#8217;i se\u00e7ti. Twitter&#8217;da Netfl\u0131x T\u00fcrkiye, sosyal medya hesab\u0131nda \u00e7ok k\u0131sa bir Teaser g\u00f6z\u00fcme \u00e7arpt\u0131. D\u00fcnyan\u0131n 3-4 \u00fcnl\u00fc sanat\u00e7\u0131s\u0131 [&hellip;]<\/p>\n","protected":false},"author":3,"featured_media":23446,"comment_status":"open","ping_status":"open","sticky":false,"template":"","format":"standard","meta":{"footnotes":""},"categories":[2],"tags":[665,858,1478],"class_list":["post-23436","post","type-post","status-publish","format-standard","has-post-thumbnail","hentry","category-tv-programlari","tag-beren-saat","tag-fatma-gulun-sucu-ne","tag-netflix"],"views":3706,"blog_post_layout_featured_media_urls":{"thumbnail":["https:\/\/balcilar-blog.com\/wp-content\/uploads\/2018\/11\/Ekran-Al\u0131nt\u0131s\u0131beren-saat-150x150.jpg",150,150,true],"full":["https:\/\/balcilar-blog.com\/wp-content\/uploads\/2018\/11\/Ekran-Al\u0131nt\u0131s\u0131beren-saat.jpg",640,420,false]},"categories_names":{"2":{"name":"TV Programlar\u0131","link":"https:\/\/balcilar-blog.com\/?cat=2"}},"tags_names":{"665":{"name":"Beren Saat","link":"https:\/\/balcilar-blog.com\/?tag=beren-saat"},"858":{"name":"Fatma G\u00fcl\u00fcn su\u00e7u ne","link":"https:\/\/balcilar-blog.com\/?tag=fatma-gulun-sucu-ne"},"1478":{"name":"Netflix","link":"https:\/\/balcilar-blog.com\/?tag=netflix"}},"comments_number":"0","wpmagazine_modules_lite_featured_media_urls":{"thumbnail":["https:\/\/balcilar-blog.com\/wp-content\/uploads\/2018\/11\/Ekran-Al\u0131nt\u0131s\u0131beren-saat-150x150.jpg",150,150,true],"cvmm-medium":["https:\/\/balcilar-blog.com\/wp-content\/uploads\/2018\/11\/Ekran-Al\u0131nt\u0131s\u0131beren-saat.jpg",300,197,false],"cvmm-medium-plus":["https:\/\/balcilar-blog.com\/wp-content\/uploads\/2018\/11\/Ekran-Al\u0131nt\u0131s\u0131beren-saat.jpg",305,200,false],"cvmm-portrait":["https:\/\/balcilar-blog.com\/wp-content\/uploads\/2018\/11\/Ekran-Al\u0131nt\u0131s\u0131beren-saat.jpg",400,263,false],"cvmm-medium-square":["https:\/\/balcilar-blog.com\/wp-content\/uploads\/2018\/11\/Ekran-Al\u0131nt\u0131s\u0131beren-saat.jpg",600,394,false],"cvmm-large":["https:\/\/balcilar-blog.com\/wp-content\/uploads\/2018\/11\/Ekran-Al\u0131nt\u0131s\u0131beren-saat.jpg",640,420,false],"cvmm-small":["https:\/\/balcilar-blog.com\/wp-content\/uploads\/2018\/11\/Ekran-Al\u0131nt\u0131s\u0131beren-saat.jpg",130,85,false],"full":["https:\/\/balcilar-blog.com\/wp-content\/uploads\/2018\/11\/Ekran-Al\u0131nt\u0131s\u0131beren-saat.jpg",640,420,false]},"_links":{"self":[{"href":"https:\/\/balcilar-blog.com\/index.php?rest_route=\/wp\/v2\/posts\/23436","targetHints":{"allow":["GET"]}}],"collection":[{"href":"https:\/\/balcilar-blog.com\/index.php?rest_route=\/wp\/v2\/posts"}],"about":[{"href":"https:\/\/balcilar-blog.com\/index.php?rest_route=\/wp\/v2\/types\/post"}],"author":[{"embeddable":true,"href":"https:\/\/balcilar-blog.com\/index.php?rest_route=\/wp\/v2\/users\/3"}],"replies":[{"embeddable":true,"href":"https:\/\/balcilar-blog.com\/index.php?rest_route=%2Fwp%2Fv2%2Fcomments&post=23436"}],"version-history":[{"count":4,"href":"https:\/\/balcilar-blog.com\/index.php?rest_route=\/wp\/v2\/posts\/23436\/revisions"}],"predecessor-version":[{"id":23449,"href":"https:\/\/balcilar-blog.com\/index.php?rest_route=\/wp\/v2\/posts\/23436\/revisions\/23449"}],"wp:featuredmedia":[{"embeddable":true,"href":"https:\/\/balcilar-blog.com\/index.php?rest_route=\/wp\/v2\/media\/23446"}],"wp:attachment":[{"href":"https:\/\/balcilar-blog.com\/index.php?rest_route=%2Fwp%2Fv2%2Fmedia&parent=23436"}],"wp:term":[{"taxonomy":"category","embeddable":true,"href":"https:\/\/balcilar-blog.com\/index.php?rest_route=%2Fwp%2Fv2%2Fcategories&post=23436"},{"taxonomy":"post_tag","embeddable":true,"href":"https:\/\/balcilar-blog.com\/index.php?rest_route=%2Fwp%2Fv2%2Ftags&post=23436"}],"curies":[{"name":"wp","href":"https:\/\/api.w.org\/{rel}","templated":true}]}}