{"id":23434,"date":"2018-11-21T15:23:15","date_gmt":"2018-11-21T13:23:15","guid":{"rendered":"http:\/\/balcilar-blog.com\/?p=23434"},"modified":"2018-11-21T15:23:15","modified_gmt":"2018-11-21T13:23:15","slug":"cukurda-tasvip-etmedigim-sahneler","status":"publish","type":"post","link":"https:\/\/balcilar-blog.com\/?p=23434","title":{"rendered":"\u00c7ukur&#8217;da Tasvip Etmedi\u011fim Sahneler!"},"content":{"rendered":"<p align=\"center\"><img loading=\"lazy\" decoding=\"async\" class=\"alignnone size-full wp-image-23438\" src=\"http:\/\/balcilar-blog.com\/wp-content\/uploads\/2018\/11\/\u00c7UKUR-43.jpg\" alt=\"\" width=\"640\" height=\"361\" srcset=\"https:\/\/balcilar-blog.com\/wp-content\/uploads\/2018\/11\/\u00c7UKUR-43.jpg 640w, https:\/\/balcilar-blog.com\/wp-content\/uploads\/2018\/11\/\u00c7UKUR-43-300x169.jpg 300w\" sizes=\"auto, (max-width: 640px) 100vw, 640px\" \/><\/p>\n<p align=\"center\">Ay Yap\u0131m imzal\u0131 \u2018\u00c7ukur\u2019un d\u00fcn ak\u015fam ekranlara gelen b\u00f6l\u00fcm\u00fcnde izleyiciler kar\u015f\u0131lar\u0131nda siyah tak\u0131m\u0131n\u0131 giyen ve k\u0131rm\u0131z\u0131 mendilini takan Vartolu Sadettin\u2019i buldu. Vartolu, Saadet\u2019e ula\u015fabilmek i\u00e7in \u00c7eto\u2019yla bir anla\u015fma yaparak Yama\u00e7, Ersoy\u2019u k\u00f6stebek olarak kullanmaya devam etti.<\/p>\n<p>Ay Yap\u0131m&#8217;\u0131n yap\u0131mc\u0131s\u0131 oldu\u011fu, Senaryosunu G\u00f6khan Horzum\u2019un kaleme ald\u0131\u011f\u0131, y\u00f6netmen koltu\u011funda ise Sinan \u00d6zt\u00fcrk\u2019\u00fcn oturdu\u011fu \u2018\u00c7ukur\u2019un d\u00fcn ak\u015fam yay\u0131nlanan b\u00f6l\u00fcm\u00fcne Vartolu Sadettin damgas\u0131n\u0131 vurdu. Beklemedi\u011fi bir anda Saadet\u2019i kar\u015f\u0131s\u0131nda bulan Vartolu, Ko\u00e7oval\u0131lar aras\u0131ndaki k\u00f6pr\u00fcleri y\u0131karak \u00c7eto\u2019nun istedi\u011fi \u015feyi yapmak \u00fczere harekete ge\u00e7ti ve eski g\u00fcnlerdeki gibi Vartolu Sadettin olarak izleyici kar\u015f\u0131s\u0131na \u00e7\u0131kt\u0131.<\/p>\n<p><img loading=\"lazy\" decoding=\"async\" class=\"alignnone size-full wp-image-23457\" src=\"http:\/\/balcilar-blog.com\/wp-content\/uploads\/2018\/11\/Ekran-Al\u0131nt\u0131s\u0131\u00e7eto.jpg\" alt=\"\" width=\"640\" height=\"363\" srcset=\"https:\/\/balcilar-blog.com\/wp-content\/uploads\/2018\/11\/Ekran-Al\u0131nt\u0131s\u0131\u00e7eto.jpg 640w, https:\/\/balcilar-blog.com\/wp-content\/uploads\/2018\/11\/Ekran-Al\u0131nt\u0131s\u0131\u00e7eto-300x170.jpg 300w\" sizes=\"auto, (max-width: 640px) 100vw, 640px\" \/><\/p>\n<p>Ancak Saadet\u2019e ula\u015fmak i\u00e7in yapt\u0131\u011f\u0131 plana ra\u011fmen hastane odas\u0131nda Saadet yerine \u00c7eto\u2019yu bulmas\u0131 onun i\u00e7in b\u00fcy\u00fck hayal k\u0131r\u0131kl\u0131\u011f\u0131 oldu.<\/p>\n<p>Vartolu Sadettin\u2019in siyah g\u00f6mlek, ceketinde k\u0131rm\u0131z\u0131 mendil ile geri d\u00f6nd\u00fc.<\/p>\n<p><img loading=\"lazy\" decoding=\"async\" class=\"alignnone size-full wp-image-23454\" src=\"http:\/\/balcilar-blog.com\/wp-content\/uploads\/2018\/11\/\u00c7ukur-2.Sezon-10.B\u00f6l\u00fcm-3.jpg\" alt=\"\" width=\"640\" height=\"402\" srcset=\"https:\/\/balcilar-blog.com\/wp-content\/uploads\/2018\/11\/\u00c7ukur-2.Sezon-10.B\u00f6l\u00fcm-3.jpg 640w, https:\/\/balcilar-blog.com\/wp-content\/uploads\/2018\/11\/\u00c7ukur-2.Sezon-10.B\u00f6l\u00fcm-3-300x188.jpg 300w\" sizes=\"auto, (max-width: 640px) 100vw, 640px\" \/><\/p>\n<p><strong>Ben oh dedim, bunlar benim be\u011fendi\u011fim keyif ald\u0131\u011f\u0131m sahneler.<\/strong><\/p>\n<p><strong>Ama tasvip etmedi\u011fim\u00a0 sahneler<\/strong>; \u00c7ata pat adam \u00f6ld\u00fcr\u00fclmesi. Heni ge\u00e7mi\u015f y\u0131llarda Do\u011fu illerimizde a\u015firet sava\u015flar\u0131 olurdu, her iki taraftan onlarca adam \u00f6ld\u00fcr\u00fcl\u00fcrd\u00fc. Ben senaristimiz G\u00f6khan Horzum&#8217;a sesleniyorum. L\u00fctfen bu t\u00fcr \u00e7ata-pat adam \u00f6ld\u00fcrme sahnelerini yazmay\u0131n. G\u00f6r\u00fcnt\u00fc Y\u00f6netmeni Tolga Kutluay; Bu sahneler sizce g\u00fczel mi?<\/p>\n<p><img loading=\"lazy\" decoding=\"async\" class=\"alignnone size-full wp-image-23443\" src=\"http:\/\/balcilar-blog.com\/wp-content\/uploads\/2018\/11\/Ekran-Al\u0131nt\u0131s\u0131\u00c7UKUR2.jpg\" alt=\"\" width=\"640\" height=\"361\" srcset=\"https:\/\/balcilar-blog.com\/wp-content\/uploads\/2018\/11\/Ekran-Al\u0131nt\u0131s\u0131\u00c7UKUR2.jpg 640w, https:\/\/balcilar-blog.com\/wp-content\/uploads\/2018\/11\/Ekran-Al\u0131nt\u0131s\u0131\u00c7UKUR2-300x169.jpg 300w\" sizes=\"auto, (max-width: 640px) 100vw, 640px\" \/><\/p>\n<p>&nbsp;<\/p>\n<p>Yap\u0131mc\u0131m\u0131z; Kerem \u00c7atay ve Pelin Di\u015fta\u015f&#8217;a soruyorum? Bu sahneler reyting i\u00e7in mi? Zaten dizi reyting al\u0131yor. Karakuzular ile Ko\u00e7oval\u0131lar aras\u0131ndaki sava\u015fta adam k\u0131y\u0131m\u0131 sahneleri hi\u00e7 de ho\u015f de\u011fil. Ba\u015fka bir y\u00f6ntem bulun! Yama\u00e7 ge\u00e7en b\u00f6l\u00fcmlerde eline silah al\u0131rd\u0131 ama, adam \u00f6ld\u00fcrmezdi. Diziye Yama\u00e7&#8217;\u0131n abisi Cumali karakteri geldi (Necip Memeli) g\u00f6z\u00fcn\u00fc k\u0131rpmadan adam \u00f6ld\u00fcr\u00fcyor.<\/p>\n<p>\u0130\u015fte sizin reytingleriniz a\u015fa\u011f\u0131da&#8230; Bu sahneler olmasa da bu reytingleri al\u0131rs\u0131n\u0131z. \u0130zleyici Ali\u00e7o&#8217;nun sivri zekas\u0131n\u0131, Sadi\u015f &#8211; Sadettin a\u015fk\u0131n\u0131, Yama\u00e7 &#8211; Dilan a\u015fk\u0131n\u0131 da g\u00f6rmek istiyor!<\/p>\n<p><strong>Ben kendi ad\u0131ma bu tur adam \u00f6ld\u00fcrme sahneleri devam ederse diziyi seyretmeyece\u011fim!<\/strong><\/p>\n<p><img loading=\"lazy\" decoding=\"async\" class=\"alignnone size-full wp-image-23424\" src=\"http:\/\/balcilar-blog.com\/wp-content\/uploads\/2018\/11\/019c3929742fd89c15086c3e317b6d63_840.jpg\" alt=\"\" width=\"640\" height=\"373\" srcset=\"https:\/\/balcilar-blog.com\/wp-content\/uploads\/2018\/11\/019c3929742fd89c15086c3e317b6d63_840.jpg 640w, https:\/\/balcilar-blog.com\/wp-content\/uploads\/2018\/11\/019c3929742fd89c15086c3e317b6d63_840-300x175.jpg 300w\" sizes=\"auto, (max-width: 640px) 100vw, 640px\" \/><\/p>\n<p>&nbsp;<\/p>\n<p>PAZARTES\u0130 GECES\u0130N\u0130N L\u0130DER\u0130 \u00c7UKUR!<\/p>\n<p><img loading=\"lazy\" decoding=\"async\" class=\"alignnone size-full wp-image-23450\" src=\"http:\/\/balcilar-blog.com\/wp-content\/uploads\/2018\/11\/DsbiFSxXcAA08ee.jpg\" alt=\"\" width=\"480\" height=\"480\" srcset=\"https:\/\/balcilar-blog.com\/wp-content\/uploads\/2018\/11\/DsbiFSxXcAA08ee.jpg 480w, https:\/\/balcilar-blog.com\/wp-content\/uploads\/2018\/11\/DsbiFSxXcAA08ee-150x150.jpg 150w, https:\/\/balcilar-blog.com\/wp-content\/uploads\/2018\/11\/DsbiFSxXcAA08ee-300x300.jpg 300w\" sizes=\"auto, (max-width: 480px) 100vw, 480px\" \/><\/p>\n<p>\u00c7ukur, \u00f6nceki ak\u015fam yay\u0131nlanan yeni b\u00f6l\u00fcm\u00fcyle ABC1 20+&#8217;da12.30\u00a0izlenme oran\u0131 (rating),\u00a025.38 izlenme pay\u0131 (share),\u00a0AB\u2019de\u00a011.31\u00a0izlenme oran\u0131 (rating),26.38\u00a0izlenme pay\u0131 (share),\u00a0Total\u2019de ise11.06\u00a0izlenme oran\u0131 (rating),\u00a024.05\u00a0izlenme pay\u0131 (share) ile t\u00fcm kategorilerde birinci oldu. \u0130zleyiciler\u00a0#vartolusadettin\u00a0etiketiyle Twitter\u2019da yorumlar\u0131n\u0131 payla\u015ft\u0131.\u00a0#vartolusadettin\u00a0etiketi Twitter\u2019da T\u00fcrkiye&#8217;de\u00a014 saat 10 dakika,\u00a0d\u00fcnyada\u00a04 saat 25 dakika\u00a0TT listesinde kald\u0131.<\/p>\n<p><strong>KO\u00c7OVALILAR \u0130LE KARAKUZULAR ARASINDAK\u0130 M\u00dcCADELE KIZI\u015eTI!\u00a0<\/strong><\/p>\n<p><strong>Yama\u00e7 ve Cumali\u2019nin Karakuzular\u2019a bask\u0131n yapt\u0131\u011f\u0131 dakikalar:<\/strong><\/p>\n<p><img loading=\"lazy\" decoding=\"async\" class=\"alignnone size-full wp-image-23456\" src=\"http:\/\/balcilar-blog.com\/wp-content\/uploads\/2018\/11\/Ekran-Al\u0131nt\u0131s\u0131\u00e7ukur-bak\u0131n.jpg\" alt=\"\" width=\"640\" height=\"361\" srcset=\"https:\/\/balcilar-blog.com\/wp-content\/uploads\/2018\/11\/Ekran-Al\u0131nt\u0131s\u0131\u00e7ukur-bak\u0131n.jpg 640w, https:\/\/balcilar-blog.com\/wp-content\/uploads\/2018\/11\/Ekran-Al\u0131nt\u0131s\u0131\u00e7ukur-bak\u0131n-300x169.jpg 300w\" sizes=\"auto, (max-width: 640px) 100vw, 640px\" \/><\/p>\n<p>\u00c7eto ve Mahsun\u2019un kendilerini ele vereni bulmaya \u00e7al\u0131\u015ft\u0131klar\u0131 b\u00f6l\u00fcmde Yama\u00e7, Ersoy\u2019un pe\u015fini b\u0131rakmad\u0131 ve Karakuzular\u2019\u0131n yeni plan\u0131n\u0131 \u00f6\u011frenmek i\u00e7in onu k\u00f6\u015feye s\u0131k\u0131\u015ft\u0131rd\u0131. Kusursuz plan\u0131n\u0131 devreye sokarak Karakuzular\u2019\u0131n teslimat\u0131 s\u0131ras\u0131nda bask\u0131n yapan Yama\u00e7, g\u00f6zlerin Ersoy\u2019a \u00e7evrilmemesi i\u00e7in onu yaralayarak \u00c7eto ve Mahsun\u2019un \u015f\u00fcphe oklar\u0131ndan onu kurtard\u0131.<\/p>\n<p><strong>CUMAL\u0130, \u0130DR\u0130S VE SULTAN\u2019IN KAR\u015eISINDA!<\/strong><\/p>\n<p><img loading=\"lazy\" decoding=\"async\" class=\"alignnone size-full wp-image-23451\" src=\"http:\/\/balcilar-blog.com\/wp-content\/uploads\/2018\/11\/\u00c7ukur-2.Sezon-11.B\u00f6l\u00fcm-2.jpg\" alt=\"\" width=\"640\" height=\"360\" srcset=\"https:\/\/balcilar-blog.com\/wp-content\/uploads\/2018\/11\/\u00c7ukur-2.Sezon-11.B\u00f6l\u00fcm-2.jpg 640w, https:\/\/balcilar-blog.com\/wp-content\/uploads\/2018\/11\/\u00c7ukur-2.Sezon-11.B\u00f6l\u00fcm-2-300x169.jpg 300w\" sizes=\"auto, (max-width: 640px) 100vw, 640px\" \/><\/p>\n<p>Yeni b\u00f6l\u00fcmden yay\u0131nlanan ilk sahnede beklenen bulu\u015fma ger\u00e7ekle\u015fiyor. Cumali, y\u0131llar sonra babas\u0131 \u0130dris ile annesi Sultan\u2019\u0131n kar\u015f\u0131s\u0131na \u00e7\u0131k\u0131yor. Duygu y\u00fckl\u00fc anlar\u0131n ya\u015fanaca\u011f\u0131 sahnede, Sultan\u2019\u0131n da sa\u011fl\u0131\u011f\u0131na kavu\u015ftu\u011funun g\u00f6r\u00fclmesi dikkat \u00e7ekti.<\/p>\n<p><strong>Yeni b\u00f6l\u00fcmden yay\u0131nlanan ilk sahne<\/strong>:<\/p>\n<p><iframe loading=\"lazy\" title=\"\u00c7ukur 2.Sezon 11.B\u00f6l\u00fcm - Sneak Peek\" width=\"640\" height=\"360\" src=\"https:\/\/www.youtube.com\/embed\/SfoNFnCW7Zk?feature=oembed\" frameborder=\"0\" allow=\"accelerometer; autoplay; clipboard-write; encrypted-media; gyroscope; picture-in-picture; web-share\" referrerpolicy=\"strict-origin-when-cross-origin\" allowfullscreen><\/iframe><\/p>\n<p>\u2018\u00c7ukur\u2019un yeni b\u00f6l\u00fcm\u00fc 26 Kas\u0131m Pazartesi saat 20:00\u2019da Show TV\u2019de ekranlara gelecek.<\/p>\n<p>Sayg\u0131lar ve sevgiler.<\/p>\n<p>Abdurrahman Balc\u0131lar<\/p>\n<p>Twitter : <a href=\"https:\/\/twitter.com\/abbalcilar\">abdurrahman balc\u0131lar<\/a><a href=\"https:\/\/twitter.com\/abbalcilar\"><strong>@abbalcilar<\/strong><\/a><\/p>\n<p>Mail :\u00a0<a href=\"mailto:ab.balcilar@hotmail.com\">ab.balcilar@hotmail.com<\/a><\/p>\n<p>Blog:\u00a0<a href=\"http:\/\/t.co\/znqmIZgIqn\">blog.milliyet.com.tr\/cansever<\/a><\/p>\n<p>\u015eahsi Blog:\u00a0<a href=\"http:\/\/balcilar-blog.com\/\">Abdurrahman Balc\u0131lar Blog Sayfas\u0131<\/a><\/p>\n<p>Kaynak: Bas\u0131n \u0130leti\u015fim Deposu:Z\u00fcmr\u00fct Burul, \u0130rem T\u00fcmer ve Cansu Uras.<\/p>\n<p><strong>*\u015eahsi Blog sayfamda ve Milliyet Blog\u2019da yay\u0131nlanan blog yaz\u0131lar\u0131 b\u00fcy\u00fck bir \u00e7al\u0131\u015fman\u0131n \u00fcr\u00fcn\u00fc olup, izinsiz ya da kaynak g\u00f6stermeden al\u0131nt\u0131 yap\u0131lamaz. Aksi halde kanuni i\u015flem yap\u0131l\u0131r.<\/strong><\/p>\n<div class=\"x_gmail_signature\" dir=\"ltr\">\n<div dir=\"ltr\">\n<div>\n<div><\/div>\n<\/div>\n<\/div>\n<\/div>\n","protected":false},"excerpt":{"rendered":"<p>Ay Yap\u0131m imzal\u0131 \u2018\u00c7ukur\u2019un d\u00fcn ak\u015fam ekranlara gelen b\u00f6l\u00fcm\u00fcnde izleyiciler kar\u015f\u0131lar\u0131nda siyah tak\u0131m\u0131n\u0131 giyen ve k\u0131rm\u0131z\u0131 mendilini takan Vartolu Sadettin\u2019i buldu. Vartolu, Saadet\u2019e ula\u015fabilmek i\u00e7in \u00c7eto\u2019yla bir anla\u015fma yaparak Yama\u00e7, Ersoy\u2019u k\u00f6stebek olarak kullanmaya devam etti. Ay Yap\u0131m&#8217;\u0131n yap\u0131mc\u0131s\u0131 oldu\u011fu, Senaryosunu G\u00f6khan Horzum\u2019un kaleme ald\u0131\u011f\u0131, y\u00f6netmen koltu\u011funda ise Sinan \u00d6zt\u00fcrk\u2019\u00fcn oturdu\u011fu \u2018\u00c7ukur\u2019un d\u00fcn ak\u015fam yay\u0131nlanan [&hellip;]<\/p>\n","protected":false},"author":3,"featured_media":23443,"comment_status":"open","ping_status":"open","sticky":false,"template":"","format":"standard","meta":{"footnotes":""},"categories":[2],"tags":[533,26,1556,39,1838,1837],"class_list":["post-23434","post","type-post","status-publish","format-standard","has-post-thumbnail","hentry","category-tv-programlari","tag-aras-bulut-iynemli","tag-ay-yapim","tag-gokhan-horzum","tag-kerem-catay","tag-pelin-distas","tag-tolga-kutluay"],"views":2428,"blog_post_layout_featured_media_urls":{"thumbnail":["https:\/\/balcilar-blog.com\/wp-content\/uploads\/2018\/11\/Ekran-Al\u0131nt\u0131s\u0131\u00c7UKUR2-150x150.jpg",150,150,true],"full":["https:\/\/balcilar-blog.com\/wp-content\/uploads\/2018\/11\/Ekran-Al\u0131nt\u0131s\u0131\u00c7UKUR2.jpg",640,361,false]},"categories_names":{"2":{"name":"TV Programlar\u0131","link":"https:\/\/balcilar-blog.com\/?cat=2"}},"tags_names":{"533":{"name":"Aras Bulut \u0130ynemli","link":"https:\/\/balcilar-blog.com\/?tag=aras-bulut-iynemli"},"26":{"name":"Ay Yap\u0131m","link":"https:\/\/balcilar-blog.com\/?tag=ay-yapim"},"1556":{"name":"G\u00f6khan Horzum","link":"https:\/\/balcilar-blog.com\/?tag=gokhan-horzum"},"39":{"name":"Kerem \u00c7atay","link":"https:\/\/balcilar-blog.com\/?tag=kerem-catay"},"1838":{"name":"Pelin Di\u015fta\u015f","link":"https:\/\/balcilar-blog.com\/?tag=pelin-distas"},"1837":{"name":"Tolga Kutluay","link":"https:\/\/balcilar-blog.com\/?tag=tolga-kutluay"}},"comments_number":"0","wpmagazine_modules_lite_featured_media_urls":{"thumbnail":["https:\/\/balcilar-blog.com\/wp-content\/uploads\/2018\/11\/Ekran-Al\u0131nt\u0131s\u0131\u00c7UKUR2-150x150.jpg",150,150,true],"cvmm-medium":["https:\/\/balcilar-blog.com\/wp-content\/uploads\/2018\/11\/Ekran-Al\u0131nt\u0131s\u0131\u00c7UKUR2.jpg",300,169,false],"cvmm-medium-plus":["https:\/\/balcilar-blog.com\/wp-content\/uploads\/2018\/11\/Ekran-Al\u0131nt\u0131s\u0131\u00c7UKUR2.jpg",305,172,false],"cvmm-portrait":["https:\/\/balcilar-blog.com\/wp-content\/uploads\/2018\/11\/Ekran-Al\u0131nt\u0131s\u0131\u00c7UKUR2.jpg",400,226,false],"cvmm-medium-square":["https:\/\/balcilar-blog.com\/wp-content\/uploads\/2018\/11\/Ekran-Al\u0131nt\u0131s\u0131\u00c7UKUR2.jpg",600,338,false],"cvmm-large":["https:\/\/balcilar-blog.com\/wp-content\/uploads\/2018\/11\/Ekran-Al\u0131nt\u0131s\u0131\u00c7UKUR2.jpg",640,361,false],"cvmm-small":["https:\/\/balcilar-blog.com\/wp-content\/uploads\/2018\/11\/Ekran-Al\u0131nt\u0131s\u0131\u00c7UKUR2.jpg",130,73,false],"full":["https:\/\/balcilar-blog.com\/wp-content\/uploads\/2018\/11\/Ekran-Al\u0131nt\u0131s\u0131\u00c7UKUR2.jpg",640,361,false]},"_links":{"self":[{"href":"https:\/\/balcilar-blog.com\/index.php?rest_route=\/wp\/v2\/posts\/23434","targetHints":{"allow":["GET"]}}],"collection":[{"href":"https:\/\/balcilar-blog.com\/index.php?rest_route=\/wp\/v2\/posts"}],"about":[{"href":"https:\/\/balcilar-blog.com\/index.php?rest_route=\/wp\/v2\/types\/post"}],"author":[{"embeddable":true,"href":"https:\/\/balcilar-blog.com\/index.php?rest_route=\/wp\/v2\/users\/3"}],"replies":[{"embeddable":true,"href":"https:\/\/balcilar-blog.com\/index.php?rest_route=%2Fwp%2Fv2%2Fcomments&post=23434"}],"version-history":[{"count":3,"href":"https:\/\/balcilar-blog.com\/index.php?rest_route=\/wp\/v2\/posts\/23434\/revisions"}],"predecessor-version":[{"id":23459,"href":"https:\/\/balcilar-blog.com\/index.php?rest_route=\/wp\/v2\/posts\/23434\/revisions\/23459"}],"wp:featuredmedia":[{"embeddable":true,"href":"https:\/\/balcilar-blog.com\/index.php?rest_route=\/wp\/v2\/media\/23443"}],"wp:attachment":[{"href":"https:\/\/balcilar-blog.com\/index.php?rest_route=%2Fwp%2Fv2%2Fmedia&parent=23434"}],"wp:term":[{"taxonomy":"category","embeddable":true,"href":"https:\/\/balcilar-blog.com\/index.php?rest_route=%2Fwp%2Fv2%2Fcategories&post=23434"},{"taxonomy":"post_tag","embeddable":true,"href":"https:\/\/balcilar-blog.com\/index.php?rest_route=%2Fwp%2Fv2%2Ftags&post=23434"}],"curies":[{"name":"wp","href":"https:\/\/api.w.org\/{rel}","templated":true}]}}