{"id":23286,"date":"2018-11-05T22:13:15","date_gmt":"2018-11-05T20:13:15","guid":{"rendered":"http:\/\/balcilar-blog.com\/?p=23286"},"modified":"2018-11-05T22:13:15","modified_gmt":"2018-11-05T20:13:15","slug":"gecen-haftanin-29-ekim-4-kasim-2018-en-cok-izlenen-dizileri","status":"publish","type":"post","link":"https:\/\/balcilar-blog.com\/?p=23286","title":{"rendered":"Ge\u00e7en Haftan\u0131n (29 Ekim &#8211; 4 Kas\u0131m 2018) En \u00c7ok \u0130zlenen Dizileri!"},"content":{"rendered":"<p><img loading=\"lazy\" decoding=\"async\" class=\"alignnone size-full wp-image-23295\" src=\"http:\/\/balcilar-blog.com\/wp-content\/uploads\/2018\/11\/5-KASIM-KAPAK.jpg\" alt=\"\" width=\"640\" height=\"332\" srcset=\"https:\/\/balcilar-blog.com\/wp-content\/uploads\/2018\/11\/5-KASIM-KAPAK.jpg 640w, https:\/\/balcilar-blog.com\/wp-content\/uploads\/2018\/11\/5-KASIM-KAPAK-300x156.jpg 300w\" sizes=\"auto, (max-width: 640px) 100vw, 640px\" \/><\/p>\n<p>TNS \u00f6l\u00e7\u00fcmlerine g\u00f6re haz\u0131rlad\u0131\u011f\u0131m <strong>28 Ekim &#8211; 04 Kas\u0131m 2018\u00a0<\/strong>Tarihleri aras\u0131nda en \u00e7ok seyredilen alt\u0131 Ulusal kanallar\u0131m\u0131zda ekranlar\u0131m\u0131za gelen 33 dizi aras\u0131nda, Total\u2019de ve AB\u2019de ilk ona giren, \u00d6ne \u00e7\u0131kan dizilerin, haftan\u0131n dizi karnesini a\u015fa\u011f\u0131da bilgilerinize sunuyorum.<\/p>\n<p><strong>GE\u00c7EN HAFTA G\u00d6STER\u0130MDEK\u0130 D\u0130Z\u0130LER :<\/strong><\/p>\n<p>\u00c7ukur (Show), S\u00f6z (Star), Yasak Elma (Fox), Egenin Hamsisi (TRT1), Can K\u0131r\u0131klar\u0131. E\u015fk\u0131ya D\u00fcnyaya H\u00fck\u00fcmdar Olmaz (ATV), Ufak Tefek Cinayetler (Star Tv), Kad\u0131n (Fox),\u00a0 Koca Koca Yalanlar (Kanal D), Mehmetcik &#8216;Kutlu Zafer&#8217; (Yeni), Sen Anlat Karadeniz (Atv), \u00c7ocuklar Duymas\u0131n (Kanal D), Jet Sosyete (TV8),\u00a0 Bizim Hikaye (Fox), Avlu (Star), Bir Zamanlar \u00c7ukurova (Atv), Arka Sokaklar (Kanal D), G\u00fclperi (Show Tv), K\u0131z\u0131m (Tv8), \u0130stanbullu Gelin (Star),\u00a0 A\u015fk ve Mavi (Atv), Payitaht Abd\u00fclhamid (TRT1), Erkenci Ku\u015f (Star Tv), Bir Umut Yeter (Kanal D), Kalk Gidelim (TRT1),Yeni Gelin (Show Tv), \u0130kizler Memo-Can, Elimi B\u0131rakma (TRT), A\u011flama Anne (Atv) ve Bir Litre G\u00f6zya\u015f\u0131 (Kanal D) dizilerinin yeni b\u00f6l\u00fcmleri yay\u0131nland\u0131.<\/p>\n<p>&nbsp;<\/p>\n<p><strong>HAFTANIN D\u0130Z\u0130LER\u0130NDE ;<\/strong><\/p>\n<p>Total\u2019in ilk s\u0131ras\u0131nda\u00a0bu hafta Atv&#8217;nin yeni dizisi &#8220;Bir Zamanlar \u00c7ukurova&#8221; Haftan\u0131n dizileri aras\u0131nda birincili\u011fi devam ediyor. Bir Zamanlar \u00c7ukurova bu hafta Total&#8217;de ald\u0131\u011f\u0131 13,87 puan ile birinci s\u0131rada yer al\u0131yor.\u00a0 Total&#8217;in 10.s\u0131ras\u0131nda Star Tv&#8217;in &#8220;Erkenci Ku\u015f&#8221; dizisi 6,04 ile yer ald\u0131.<\/p>\n<p>AB\u2019nin ilk s\u0131ras\u0131nda;\u00a0Total&#8217;de oldu\u011fu gibi &#8220;Bir Zamanlar \u00c7ukurova&#8221; dizisi AB grubunda da birincili\u011fi ele ald\u0131. 11,24 puanla ald\u0131.\u00a0 AB&#8217;nin 10.s\u0131ras\u0131nda TRT1&#8217;in Payitaht Abd\u00fclhamid dizisi, AB&#8217;de ald\u0131\u011f\u0131 5,16 puan ile yer al\u0131yor.<\/p>\n<p>&nbsp;<\/p>\n<p><strong>BU HAFTA EN \u00c7OK \u0130ZLENEN \u0130LK ONA G\u0130REN D\u0130Z\u0130LERE G\u00d6Z ATALIM!<\/strong><\/p>\n<p>Bu s\u0131ralama sadece dizilerin reytingler y\u00fczdesine g\u00f6re en \u00e7ok izlenen dizilerin ilk 10\u2019da yer alanlar\u0131n\u0131 s\u0131ralamaya koyuyorum. Yar\u0131\u015fma, e\u011flence ve haber programlar\u0131 y\u00fczdeleri y\u00fcksek olsa da bu s\u0131ralamaya koymuyorum. Bu sadece dizilerin yar\u0131\u015f\u0131d\u0131r, en \u00e7ok izlenen dizilerin s\u0131ralamas\u0131d\u0131r. Bir nevi dizilerin karnesidir.<\/p>\n<p>&nbsp;<\/p>\n<p><strong>GE\u00c7EN HAFTA EN \u00c7OK \u0130ZLENEN D\u0130Z\u0130LER\u0130NDE:<\/strong><\/p>\n<p><strong>Total ilk 10 :<\/strong><\/p>\n<p>1.Bir Zamanlar \u00c7ukurova 8.B\u00f6l\u00fcm (Atv)&#8230;&#8230;&#8230;&#8230;&#8230;&#8230;..13,87 &#8211; 33,09<\/p>\n<p>2.Sen Anlat Karadeniz 28.B\u00f6l\u00fcm (Atv)&#8230;&#8230;&#8230;&#8230;&#8230;&#8230;&#8230;..13,66 &#8211; 34,26<\/p>\n<p>3.Kad\u0131n 37.B\u00f6l\u00fcm (Fox Tv)&#8230;&#8230;&#8230;&#8230;&#8230;&#8230;&#8230;&#8230;&#8230;&#8230;&#8230;&#8230;&#8230;..12,20 &#8211; 28,84<\/p>\n<p>4.\u00c7ukur 40.B\u00f6l\u00fcm (Show Tv)&#8230;&#8230;&#8230;&#8230;&#8230;&#8230;&#8230;&#8230;&#8230;&#8230;&#8230;&#8230;..10,40 &#8211; 24,84<\/p>\n<p>5.E\u015fk\u0131ya D\u00fcnyaya H\u00fck\u00fcmdar Olmaz 113.Bl.(Atv)&#8230;&#8230;.8,81 &#8211; 19,98<\/p>\n<p>6.Arka Sokaklar 493.B\u00f6l\u00fcm (Kanal D)&#8230;&#8230;&#8230;&#8230;&#8230;&#8230;&#8230;&#8230;7,56 &#8211; 16,88<\/p>\n<p>7.S\u00f6z 57.B\u00f6l\u00fcm (Star Tv)&#8230;&#8230;&#8230;&#8230;&#8230;&#8230;&#8230;&#8230;&#8230;&#8230;&#8230;&#8230;&#8230;&#8230;&#8230;.7,51 &#8211; 17,81<\/p>\n<p>8-Sava\u015f\u00e7\u0131 52.B\u00f6l\u00fcm (Fox Tv.)&#8230;&#8230;&#8230;&#8230;&#8230;&#8230;&#8230;&#8230;&#8230;&#8230;&#8230;&#8230;..7,42 &#8211; 18,18<\/p>\n<p>9.G\u00fclperi 8.B\u00f6l\u00fcm (Show Tv)&#8230;&#8230;&#8230;&#8230;&#8230;&#8230;&#8230;&#8230;&#8230;&#8230;&#8230;&#8230;..6,61 &#8211; 14,83<\/p>\n<p>10.Erkenci Ku\u015f 18.B\u00f6l\u00fcm (Star Tv)&#8230;&#8230;&#8230;&#8230;&#8230;&#8230;&#8230;&#8230;&#8230;..6,04 &#8211; 14,80<\/p>\n<p>&nbsp;<\/p>\n<p><strong>AB\u2019de ilk 10 :<\/strong><\/p>\n<p>1.Bir Zamanlar \u00c7ukurova 8.B\u00f6l\u00fcm (Atv)&#8230;&#8230;&#8230;&#8230;&#8230;&#8230;.11,24 &#8211; 29,33<\/p>\n<p>2.Kad\u0131n 37.B\u00f6l\u00fcm (Fox Tv)&#8230;&#8230;&#8230;&#8230;&#8230;&#8230;&#8230;&#8230;&#8230;&#8230;&#8230;&#8230;&#8230;.11,16 &#8211; 26,34<\/p>\n<p>3.\u00c7ukur 40.B\u00f6l\u00fcm (Show Tv)&#8230;&#8230;&#8230;&#8230;&#8230;&#8230;&#8230;&#8230;&#8230;&#8230;&#8230;&#8230;10,21 &#8211; 26,36<\/p>\n<p>4.E\u015fk\u0131ya D\u00fcnyaya H\u00fck\u00fcmdar Olmaz 113.Bl.(Atv)&#8230;&#8230;8,18 &#8211; 18,72<\/p>\n<p>5.Sen Anlat Karadeniz 28.B\u00f6l\u00fcm (Atv)&#8230;&#8230;&#8230;&#8230;&#8230;&#8230;&#8230;..7,93 &#8211; 21,12<\/p>\n<p>6.\u0130stanbullu Gelin 60.B\u00f6l\u00fcm (Star Tv)&#8230;&#8230;&#8230;&#8230;&#8230;&#8230;&#8230;&#8230;6,74 &#8211; 16,28<\/p>\n<p>7.Elimi B\u0131rakma 15.B\u00f6l\u00fcm (TRT1)&#8230;&#8230;&#8230;&#8230;&#8230;&#8230;&#8230;&#8230;&#8230;&#8230;5,84 &#8211; 14,93<\/p>\n<p>8.Erkenci Ku\u015f 18.B\u00f6l\u00fcm (Star Tv)&#8230;&#8230;&#8230;&#8230;&#8230;&#8230;&#8230;&#8230;&#8230;&#8230;.5,84 &#8211; 14,93<\/p>\n<p>9.Jet Sosyete 19.B\u00f6l\u00fcm (Tv8)&#8230;&#8230;&#8230;&#8230;&#8230;&#8230;&#8230;&#8230;&#8230;&#8230;&#8230;&#8230;..5,43 &#8211; 13,33<\/p>\n<p>10.Payitaht Abd\u00fclhamid 59.B\u00f6l\u00fcm (TRT1)&#8230;&#8230;&#8230;&#8230;&#8230;..5,78 &#8211; 14,35<\/p>\n<p>&nbsp;<\/p>\n<p><strong>TOTAL ve AB Grubunda reytingleri en y\u00fcksek olan Haftan\u0131n ilk 5 s\u0131ralamas\u0131 :<\/strong><\/p>\n<p><strong>1.B\u0130R ZAMANLAR \u00c7UKUROVA<\/strong>\u00a0: Atv&#8217;nin 70&#8217;li y\u0131llarda Adana \u00c7ukurova&#8217;da ge\u00e7en bir olay\u0131 anlatan &#8216;Bir Zamanlar \u00c7ukurova&#8217; bu hafta zirvedeki yerini koruyor. Total&#8217;de ald\u0131\u011f\u0131 13,87 reyting puan\u0131 ile zirvede.<\/p>\n<p>&#8220;Y\u0131lmaz, Z\u00fcleyha&#8217;ya sahip olamayacaks\u0131n!&#8221;<\/p>\n<p><img loading=\"lazy\" decoding=\"async\" class=\"alignnone size-full wp-image-23288\" src=\"http:\/\/balcilar-blog.com\/wp-content\/uploads\/2018\/11\/0x0-8-bolum-foto-galeri-1540907494641.jpg\" alt=\"\" width=\"640\" height=\"427\" srcset=\"https:\/\/balcilar-blog.com\/wp-content\/uploads\/2018\/11\/0x0-8-bolum-foto-galeri-1540907494641.jpg 640w, https:\/\/balcilar-blog.com\/wp-content\/uploads\/2018\/11\/0x0-8-bolum-foto-galeri-1540907494641-300x200.jpg 300w\" sizes=\"auto, (max-width: 640px) 100vw, 640px\" \/><\/p>\n<p>Demir ile Y\u0131lmaz&#8217;\u0131n m\u00fccadelesi alev al\u0131yor! Y\u0131lmaz&#8217;\u0131 \u0131rgatlar\u0131n saklad\u0131\u011f\u0131ndan \u015f\u00fcphelenen Demir, hu\u011flar\u0131 ac\u0131mas\u0131zca yakt\u0131r\u0131yor. G\u00f6z\u00fc d\u00f6nm\u00fc\u015f o\u011flunu izleyen H\u00fcnkar, yapt\u0131klar\u0131ndan pi\u015fman oluyor. Peki, bu pi\u015fmanl\u0131k hangi de\u011fi\u015fikliklere gebe olacak? Yaman ailesi y\u00fcz\u00fcnden 20 sene mapus yatan Fekeli&#8217;nin Adana&#8217;ya d\u00f6n\u00fc\u015f\u00fc ise bu b\u00f6l\u00fcmle anlam bulmaya ba\u015flayacak! &#8221;Bu alt\u0131n kafesi de\u011fil, \u00f6zg\u00fcrl\u00fc\u011f\u00fcm\u00fc istiyorum ben&#8221; diyen Z\u00fcleyha&#8217;n\u0131n akl\u0131ndan ne ge\u00e7iyor? Yeni b\u00f6l\u00fcmde yer yerinden fena oynayacak!<\/p>\n<p>&nbsp;<\/p>\n<p><strong>2.SEN ANLAT KARADEN\u0130Z<\/strong>\u00a0: ATV&#8217;nin\u00a0 sevilen dizisi 28.b\u00f6l\u00fcm\u00fcnde TOTAL&#8217;de ald\u0131\u011f\u0131 143,66 puanla haftan\u0131n dizileri aras\u0131nda ikici s\u0131radaki yerini koruyor.<\/p>\n<p><strong>&#8220;Tahir&#8217;i mi se\u00e7eceksin, evlad\u0131n\u0131 m\u0131?&#8221;<\/strong><\/p>\n<p><img loading=\"lazy\" decoding=\"async\" class=\"alignnone size-full wp-image-23290\" src=\"http:\/\/balcilar-blog.com\/wp-content\/uploads\/2018\/11\/0x0-28-bolum-foto-galeri-1540883763639.jpg\" alt=\"\" width=\"640\" height=\"360\" srcset=\"https:\/\/balcilar-blog.com\/wp-content\/uploads\/2018\/11\/0x0-28-bolum-foto-galeri-1540883763639.jpg 640w, https:\/\/balcilar-blog.com\/wp-content\/uploads\/2018\/11\/0x0-28-bolum-foto-galeri-1540883763639-300x169.jpg 300w\" sizes=\"auto, (max-width: 640px) 100vw, 640px\" \/><\/p>\n<p>Yi\u011fit&#8217;i kaybeden Nefes umudunu yitirmek \u00fczereyken elinden Tahir tutar. Nefes&#8217;e kim oldu\u011funu hat\u0131rlatan Tahir, kar\u0131s\u0131n\u0131 tekrar aya\u011fa kald\u0131rabilecek mi? O\u011flum dedi\u011fi Yi\u011fit&#8217;i Vedat&#8217;\u0131n elinden kurtarabilecek mi? Yi\u011fit, Vedat kar\u015f\u0131s\u0131nda g\u00fc\u00e7l\u00fc durmaya \u00e7al\u0131\u015f\u0131rken Vedat&#8217;\u0131n sabr\u0131n\u0131 zorlar. Vedat o\u011fluna yakla\u015fmak i\u00e7in her yolu denerken Yi\u011fit baba olarak kendine \u00e7oktan Tahir&#8217;i se\u00e7mi\u015ftir. Nefes&#8217;i o\u011flunun yoklu\u011fuyla s\u0131nayan Vedat, onu sonucunu bildi\u011fi bir tercihe zorlar. Tahir mi Yi\u011fit mi diyen Vedat, Nefes&#8217;i elde etmeyi ba\u015farabilecek mi?<\/p>\n<p><strong>3.KADIN\u00a0<\/strong>: Fox Tv&#8217;nin sezon dizisi Kad\u0131n 37.b\u00f6l\u00fcmde Total&#8217;de 12,20 reyting puan\u0131 ile haftan\u0131n dizileri aras\u0131nda, 3.s\u0131rada bulunuyor.<\/p>\n<p><img loading=\"lazy\" decoding=\"async\" class=\"alignnone size-full wp-image-23292\" src=\"http:\/\/balcilar-blog.com\/wp-content\/uploads\/2018\/11\/Kadin-37-mpositioned-640x360.jpg\" alt=\"\" width=\"640\" height=\"360\" srcset=\"https:\/\/balcilar-blog.com\/wp-content\/uploads\/2018\/11\/Kadin-37-mpositioned-640x360.jpg 640w, https:\/\/balcilar-blog.com\/wp-content\/uploads\/2018\/11\/Kadin-37-mpositioned-640x360-300x169.jpg 300w\" sizes=\"auto, (max-width: 640px) 100vw, 640px\" \/><\/p>\n<p>\u00c7ocuklar\u0131na kavu\u015fman\u0131n \u015fa\u015fk\u0131nl\u0131\u011f\u0131 i\u00e7inde olan Sarp, Bahar\u2019\u0131 g\u00f6rmek i\u00e7in de heyecanl\u0131d\u0131r. Nisan ve Doruk ise babalar\u0131n\u0131 g\u00f6rd\u00fcklerine inanamam\u0131\u015flard\u0131r. Hatta Doruk bunun bir r\u00fcya oldu\u011funu d\u00fc\u015f\u00fcnmektedir. Bahar\u2019\u0131n tek umudunun \u015eirin oldu\u011funu \u00f6\u011frenen Sarp i\u00e7in \u00e7\u00f6z\u00fcm hi\u00e7 planlamad\u0131\u011f\u0131 \u015fekilde geli\u015fecektir.<\/p>\n<p>&nbsp;<\/p>\n<p><strong>4.\u00c7UKUR<\/strong>\u00a0: Show Tv&#8217;nin sevilerek izlenen dizisi\u00a0 bu hafta da 4.s\u0131raya yer al\u0131yor. \u00c7ukur Total&#8217;de ald\u0131\u011f\u0131 10,40 reyting puan\u0131 ald\u0131\u011f\u0131n\u0131 g\u00f6r\u00fcyoruz.<\/p>\n<p><img loading=\"lazy\" decoding=\"async\" class=\"alignnone size-full wp-image-23294\" src=\"http:\/\/balcilar-blog.com\/wp-content\/uploads\/2018\/11\/\u00e7ukur-40-bolum-iz-1540881721.jpg\" alt=\"\" width=\"640\" height=\"328\" srcset=\"https:\/\/balcilar-blog.com\/wp-content\/uploads\/2018\/11\/\u00e7ukur-40-bolum-iz-1540881721.jpg 640w, https:\/\/balcilar-blog.com\/wp-content\/uploads\/2018\/11\/\u00e7ukur-40-bolum-iz-1540881721-300x154.jpg 300w\" sizes=\"auto, (max-width: 640px) 100vw, 640px\" \/><\/p>\n<p>\u00c7ukur 40. B\u00f6l\u00fcm\u00fcnde; Vartolu\u2019nun Yama\u00e7\u2019\u0131 dinlemeyerek harekete ge\u00e7ip yakalanmas\u0131 Yama\u00e7\u2019\u0131 deliye d\u00f6nd\u00fcrecek. Art\u0131k sadece Cumali\u2019yi de\u011fil, Vartolu\u2019yu da kurtarmak zorunda kalacak. Metin ve Kemal\u2019i yan\u0131na alarak harekete ge\u00e7en Yama\u00e7\u2019\u0131n g\u00f6z\u00fc hi\u00e7bir \u015fey g\u00f6rmeyecek. \u00c7eto\u2019yu kurtarmak i\u00e7in plan yapan Mahsun, hi\u00e7 beklemedi\u011fi anda Yama\u00e7\u2019\u0131 kar\u015f\u0131s\u0131nda g\u00f6recek. B\u00fcy\u00fck bir m\u00fccadelenin ya\u015fanaca\u011f\u0131 b\u00f6l\u00fcmde Karaca, Sena\u2019dan yard\u0131m isteyecek. Babas\u0131n\u0131n \u00e7evresinden ayr\u0131lmayan Selim\u2019in \u0130dris ile kar\u015f\u0131la\u015fmas\u0131 ise ekran ba\u015f\u0131ndakilere duygu y\u00fckl\u00fc anlar ya\u015fatacak.<\/p>\n<p>&nbsp;<\/p>\n<p><strong>5.E\u015eKIYA D\u00dcNYAYA H\u00dcK\u00dcMDAR OLMAZ<\/strong> : Atv&#8217;de yer alan Oktay Kaynarca&#8217;n\u0131n mafya dizisi Total&#8217;de ald\u0131\u011f\u0131 8,81 reyting puan\u0131 ile bu hafta ge\u00e7en hafta oldu\u011fu gibi aynen 5.s\u0131rada yer al\u0131yor.<\/p>\n<p><img loading=\"lazy\" decoding=\"async\" class=\"alignnone size-full wp-image-23291\" src=\"http:\/\/balcilar-blog.com\/wp-content\/uploads\/2018\/11\/0x0-113-bolum-foto-galeri-1540800446055.jpg\" alt=\"\" width=\"640\" height=\"360\" srcset=\"https:\/\/balcilar-blog.com\/wp-content\/uploads\/2018\/11\/0x0-113-bolum-foto-galeri-1540800446055.jpg 640w, https:\/\/balcilar-blog.com\/wp-content\/uploads\/2018\/11\/0x0-113-bolum-foto-galeri-1540800446055-300x169.jpg 300w\" sizes=\"auto, (max-width: 640px) 100vw, 640px\" \/><\/p>\n<p>&#8220;Ald\u0131\u011f\u0131n\u0131z nefes bile benden izinsiz al\u0131nmayacak!&#8221;<\/p>\n<p>Alparslan&#8217;\u0131n i\u00e7lerindeki haini bulmak \u00fczere yapt\u0131\u011f\u0131 plan\u0131n sonu\u00e7lar\u0131 a\u011f\u0131r olmu\u015ftur. Ate\u015f taraf\u0131ndan s\u0131rt\u0131ndan vurulan H\u0131z\u0131r \u00c7ak\u0131rbeyli, hastanede \u00f6l\u00fcm kal\u0131m sava\u015f\u0131 verirken, \u0130lyas ac\u0131s\u0131n\u0131 en yak\u0131nlardan \u00e7\u0131kart\u0131r. A\u011fabeyinin ba\u015f\u0131na gelenlerden H\u0131z\u0131r Ali ve Alparslan&#8217;\u0131 sorumlu tutan \u0130lyas, art\u0131k ondan gizli bir i\u015f \u00e7evrilmesine izin vermeyecektir. H\u0131z\u0131r&#8217;\u0131n yoklu\u011funda ailenin reisi g\u00f6revini \u00fcstlenir ve herkesten kendisine itaat etmesini ister. S\u00f6z\u00fcne uymayanlar\u0131n cezas\u0131n\u0131 kesmesi de, ald\u0131\u011f\u0131 bu b\u00fcy\u00fck sorumlulu\u011fun \u00fcstesinden gelmesi de kolay olmayacakt\u0131r. Ya\u015fananlardan sonra \u00c7ak\u0131rbeylilerin uzun s\u00fcre toparlanamayaca\u011f\u0131n\u0131 d\u00fc\u015f\u00fcnen \u0130zzet ve Muzi&#8217;yi \u00f6ld\u00fcrerek hainli\u011finin ortaya \u00e7\u0131kmas\u0131n\u0131 engelleyen Ate\u015f biraz olsun rahatlam\u0131\u015ft\u0131r. Ailenin ba\u015f\u0131na ge\u00e7en \u0130lyas&#8217;\u0131n intikam h\u0131rs\u0131yla hata yapmas\u0131n\u0131 beklerler; fakat o h\u0131rs\u0131n ba\u015flar\u0131na nas\u0131l belalar a\u00e7aca\u011f\u0131n\u0131 tahmin bile edemezler.<\/p>\n<p><strong>KANALLARA G\u00d6RE SIRALAMA :<\/strong><\/p>\n<p><strong>Total grubunda ilk on<\/strong>: Atv 3 dizi. Show Tv, Star Tv ve TRT1 2&#8217;er dizi ile yer al\u0131yor.\u00a0 Kanal D bir dizi ile s\u0131ralamaya giriyor.<\/p>\n<p><strong>AB\u2019de ilk on<\/strong>: Atv 3 dizi. Star Tv. ve TRT1\u00a0 2\u00a0 dizi ile s\u0131ralamada. Fox Tv,\u00a0 Show ve Tv8\u00a0 TV8 birer dizi yer alm\u0131\u015ft\u0131r.<\/p>\n<p><strong>Bu haftan\u0131n kanal\u0131; ATV\u00a0 Total 3 dizi, AB&#8217;de 3 dizi ile bu hafta da haftan\u0131n kanal\u0131 olmu\u015ftur.<\/strong><\/p>\n<p>&nbsp;<\/p>\n<p><img loading=\"lazy\" decoding=\"async\" class=\"alignnone size-full wp-image-23293\" src=\"http:\/\/balcilar-blog.com\/wp-content\/uploads\/2018\/11\/dirili\u015f-ertu\u011frul-122.b\u00f6l\u00fcm.jpg\" alt=\"\" width=\"640\" height=\"426\" srcset=\"https:\/\/balcilar-blog.com\/wp-content\/uploads\/2018\/11\/dirili\u015f-ertu\u011frul-122.b\u00f6l\u00fcm.jpg 640w, https:\/\/balcilar-blog.com\/wp-content\/uploads\/2018\/11\/dirili\u015f-ertu\u011frul-122.b\u00f6l\u00fcm-300x200.jpg 300w\" sizes=\"auto, (max-width: 640px) 100vw, 640px\" \/><\/p>\n<p>TRT1&#8217;in sevilen en \u00e7ok seyredilen dizisi <strong>Dirili\u015f Ertu\u011frul<\/strong> nihayet bu hafta <strong>7 Kas\u0131m \u00c7ar\u015famba<\/strong> ak\u015fam\u0131 yeni b\u00f6l\u00fcm\u00fc ile ekranlara geliyor. 5.sezon 122.b\u00f6l\u00fcm\u00fc ile TRT1 ekranlar\u0131nda olacak.<\/p>\n<p>Keyifli Seyirler.<\/p>\n<p>Sayg\u0131lar ve sevgiler.<\/p>\n<p>Abdurrahman Balc\u0131lar<\/p>\n<p>Twitter : <a href=\"https:\/\/twitter.com\/abbalcilar\">abdurrahman balc\u0131lar<\/a><a href=\"https:\/\/twitter.com\/abbalcilar\"><strong>@abbalcilar<\/strong><\/a><\/p>\n<p>Mail :\u00a0<a href=\"mailto:ab.balcilar@hotmail.com\">ab.balcilar@hotmail.com<\/a><\/p>\n<p>Blog:\u00a0<a href=\"http:\/\/t.co\/znqmIZgIqn\">blog.milliyet.com.tr\/cansever<\/a><\/p>\n<p>\u015eahsi Blog:\u00a0<a href=\"http:\/\/balcilar-blog.com\/\">Abdurrahman Balc\u0131lar Blog Sayfas\u0131<\/a><\/p>\n<p>Not: Total ve AB Reyting \u00f6l\u00e7\u00fcmleri MedyaRadar sayfas\u0131ndan al\u0131nm\u0131\u015ft\u0131r.<\/p>\n<p>*\u015eahsi Blog sayfamda ve Milliyet Blog\u2019da yay\u0131nlanan blog yaz\u0131lar\u0131 b\u00fcy\u00fck bir \u00e7al\u0131\u015fman\u0131n \u00fcr\u00fcn\u00fc olup, izinsiz ya da kaynak g\u00f6stermeden al\u0131nt\u0131 yap\u0131lamaz. Aksi halde kanuni i\u015flem yap\u0131l\u0131r.<\/p>\n","protected":false},"excerpt":{"rendered":"<p>TNS \u00f6l\u00e7\u00fcmlerine g\u00f6re haz\u0131rlad\u0131\u011f\u0131m 28 Ekim &#8211; 04 Kas\u0131m 2018\u00a0Tarihleri aras\u0131nda en \u00e7ok seyredilen alt\u0131 Ulusal kanallar\u0131m\u0131zda ekranlar\u0131m\u0131za gelen 33 dizi aras\u0131nda, Total\u2019de ve AB\u2019de ilk ona giren, \u00d6ne \u00e7\u0131kan dizilerin, haftan\u0131n dizi karnesini a\u015fa\u011f\u0131da bilgilerinize sunuyorum. GE\u00c7EN HAFTA G\u00d6STER\u0130MDEK\u0130 D\u0130Z\u0130LER : \u00c7ukur (Show), S\u00f6z (Star), Yasak Elma (Fox), Egenin Hamsisi (TRT1), Can K\u0131r\u0131klar\u0131. E\u015fk\u0131ya [&hellip;]<\/p>\n","protected":false},"author":3,"featured_media":23295,"comment_status":"open","ping_status":"open","sticky":false,"template":"","format":"standard","meta":{"footnotes":""},"categories":[2],"tags":[48,1770,1555,570,864,1656,375,1635,530],"class_list":["post-23286","post","type-post","status-publish","format-standard","has-post-thumbnail","hentry","category-tv-programlari","tag-atv","tag-bir-zamanlar-cukurova","tag-cukur","tag-dirilis-ertugrul","tag-eskiya-devlete-hukumdar-olmaz","tag-kadin","tag-reytingler","tag-sen-anlat-karadeniz","tag-tns-olcumleri"],"views":2596,"blog_post_layout_featured_media_urls":{"thumbnail":["https:\/\/balcilar-blog.com\/wp-content\/uploads\/2018\/11\/5-KASIM-KAPAK-150x150.jpg",150,150,true],"full":["https:\/\/balcilar-blog.com\/wp-content\/uploads\/2018\/11\/5-KASIM-KAPAK.jpg",640,332,false]},"categories_names":{"2":{"name":"TV Programlar\u0131","link":"https:\/\/balcilar-blog.com\/?cat=2"}},"tags_names":{"48":{"name":"ATV","link":"https:\/\/balcilar-blog.com\/?tag=atv"},"1770":{"name":"Bir Zamanlar \u00c7ukurova","link":"https:\/\/balcilar-blog.com\/?tag=bir-zamanlar-cukurova"},"1555":{"name":"\u00c7ukur","link":"https:\/\/balcilar-blog.com\/?tag=cukur"},"570":{"name":"dirili\u015f Ertu\u011frul","link":"https:\/\/balcilar-blog.com\/?tag=dirilis-ertugrul"},"864":{"name":"E\u015fk\u0131ya Devlete H\u00fck\u00fcmdar Olmaz","link":"https:\/\/balcilar-blog.com\/?tag=eskiya-devlete-hukumdar-olmaz"},"1656":{"name":"Kad\u0131n","link":"https:\/\/balcilar-blog.com\/?tag=kadin"},"375":{"name":"Reytingler","link":"https:\/\/balcilar-blog.com\/?tag=reytingler"},"1635":{"name":"Sen Anlat Karadeniz","link":"https:\/\/balcilar-blog.com\/?tag=sen-anlat-karadeniz"},"530":{"name":"TNS \u00f6l\u00e7\u00fcmleri","link":"https:\/\/balcilar-blog.com\/?tag=tns-olcumleri"}},"comments_number":"0","wpmagazine_modules_lite_featured_media_urls":{"thumbnail":["https:\/\/balcilar-blog.com\/wp-content\/uploads\/2018\/11\/5-KASIM-KAPAK-150x150.jpg",150,150,true],"cvmm-medium":["https:\/\/balcilar-blog.com\/wp-content\/uploads\/2018\/11\/5-KASIM-KAPAK.jpg",300,156,false],"cvmm-medium-plus":["https:\/\/balcilar-blog.com\/wp-content\/uploads\/2018\/11\/5-KASIM-KAPAK.jpg",305,158,false],"cvmm-portrait":["https:\/\/balcilar-blog.com\/wp-content\/uploads\/2018\/11\/5-KASIM-KAPAK.jpg",400,208,false],"cvmm-medium-square":["https:\/\/balcilar-blog.com\/wp-content\/uploads\/2018\/11\/5-KASIM-KAPAK.jpg",600,311,false],"cvmm-large":["https:\/\/balcilar-blog.com\/wp-content\/uploads\/2018\/11\/5-KASIM-KAPAK.jpg",640,332,false],"cvmm-small":["https:\/\/balcilar-blog.com\/wp-content\/uploads\/2018\/11\/5-KASIM-KAPAK.jpg",130,67,false],"full":["https:\/\/balcilar-blog.com\/wp-content\/uploads\/2018\/11\/5-KASIM-KAPAK.jpg",640,332,false]},"_links":{"self":[{"href":"https:\/\/balcilar-blog.com\/index.php?rest_route=\/wp\/v2\/posts\/23286","targetHints":{"allow":["GET"]}}],"collection":[{"href":"https:\/\/balcilar-blog.com\/index.php?rest_route=\/wp\/v2\/posts"}],"about":[{"href":"https:\/\/balcilar-blog.com\/index.php?rest_route=\/wp\/v2\/types\/post"}],"author":[{"embeddable":true,"href":"https:\/\/balcilar-blog.com\/index.php?rest_route=\/wp\/v2\/users\/3"}],"replies":[{"embeddable":true,"href":"https:\/\/balcilar-blog.com\/index.php?rest_route=%2Fwp%2Fv2%2Fcomments&post=23286"}],"version-history":[{"count":2,"href":"https:\/\/balcilar-blog.com\/index.php?rest_route=\/wp\/v2\/posts\/23286\/revisions"}],"predecessor-version":[{"id":23296,"href":"https:\/\/balcilar-blog.com\/index.php?rest_route=\/wp\/v2\/posts\/23286\/revisions\/23296"}],"wp:featuredmedia":[{"embeddable":true,"href":"https:\/\/balcilar-blog.com\/index.php?rest_route=\/wp\/v2\/media\/23295"}],"wp:attachment":[{"href":"https:\/\/balcilar-blog.com\/index.php?rest_route=%2Fwp%2Fv2%2Fmedia&parent=23286"}],"wp:term":[{"taxonomy":"category","embeddable":true,"href":"https:\/\/balcilar-blog.com\/index.php?rest_route=%2Fwp%2Fv2%2Fcategories&post=23286"},{"taxonomy":"post_tag","embeddable":true,"href":"https:\/\/balcilar-blog.com\/index.php?rest_route=%2Fwp%2Fv2%2Ftags&post=23286"}],"curies":[{"name":"wp","href":"https:\/\/api.w.org\/{rel}","templated":true}]}}