{"id":23255,"date":"2018-11-01T16:00:30","date_gmt":"2018-11-01T14:00:30","guid":{"rendered":"http:\/\/balcilar-blog.com\/?p=23255"},"modified":"2018-11-01T16:00:30","modified_gmt":"2018-11-01T14:00:30","slug":"ay-yapimdan-iddiali-bir-dizi-geliyor-sahin-tepesi","status":"publish","type":"post","link":"https:\/\/balcilar-blog.com\/?p=23255","title":{"rendered":"Ay Yap\u0131m&#8217;dan \u0130ddial\u0131 bir dizi geliyor &#8220;\u015eahin Tepesi&#8221;"},"content":{"rendered":"<p><img loading=\"lazy\" decoding=\"async\" class=\"alignnone size-full wp-image-23275\" src=\"http:\/\/balcilar-blog.com\/wp-content\/uploads\/2018\/11\/DqXl768W4AEDPBF.jpg\" alt=\"\" width=\"480\" height=\"480\" srcset=\"https:\/\/balcilar-blog.com\/wp-content\/uploads\/2018\/11\/DqXl768W4AEDPBF.jpg 480w, https:\/\/balcilar-blog.com\/wp-content\/uploads\/2018\/11\/DqXl768W4AEDPBF-150x150.jpg 150w, https:\/\/balcilar-blog.com\/wp-content\/uploads\/2018\/11\/DqXl768W4AEDPBF-300x300.jpg 300w\" sizes=\"auto, (max-width: 480px) 100vw, 480px\" \/><\/p>\n<div>\n<p>Atv atak \u00fcst\u00fcne atak yap\u0131yor. &#8220;Sen Anlat Karadeniz&#8221; dizisi bitmeden, haftan\u0131n dizilerinde ilk s\u0131raya y\u00fckselen &#8220;Bir Zamanlar \u00c7ukurova&#8221; dizi yan\u0131na yeni bir s\u00fcper dizi &#8220;\u015eahin Tepesi&#8221; geliyor. Kaliteli dizilere imza atan Ay Yap\u0131m yine kaliteli bir diziyi seyirci ile bulu\u015fturacak!<\/p>\n<p>80\u2019li y\u0131llara damgas\u0131n\u0131 vuran efsane dizisi \u2018\u015eahin Tepesi\u2019nin yerli uyarlamas\u0131 olan \u015eahin Tepesi geliyor. Dizinin ba\u015frol oyuncusu Zerrin Tekindor yan\u0131nda son y\u0131llarda y\u0131ld\u0131z\u0131 parlayan Boran Kuzum ve Ayb\u00fcke Pusat ba\u015frolde oynayacak. Y\u00f6netmen koltu\u011funda Hilal Saral oturuyor. Dizinin senaryosunu Melek Gen\u00e7o\u011flu ve ekibi kaleme al\u0131yor.<\/p>\n<p>Yay\u0131nlanan fragman ile izleyicide b\u00fcy\u00fck merak uyand\u0131rmay\u0131 ba\u015faran \u015eahin Tepesi&#8217;nin ne zaman ba\u015flayaca\u011f\u0131 hen\u00fcz kesinle\u015fmedi. ATV&#8217;de ekranlara gelecek dizi iki kad\u0131n\u0131n g\u00fc\u00e7 sava\u015f\u0131n\u0131 ve bu sava\u015f\u0131n ortas\u0131nda kalan iki gencin a\u015fk\u0131n\u0131 anlat\u0131yor. Yerli \u015eahin tepesi \u00e7ok yak\u0131nda ilk b\u00f6l\u00fcm\u00fc ile sizlerle olacak!<\/p>\n<p>Dizinin ba\u015frollerinde Zerrin Tekindor, Ebru \u00d6zkan, Boran Kuzum ve Ayb\u00fcke Pusat gibi \u00fclkemizin sevilen oyuncular\u0131n\u0131n yer ald\u0131\u011f\u0131 dizi ilk b\u00f6l\u00fcm fragman\u0131 ile ekranlara geldi.<\/p>\n<p><iframe loading=\"lazy\" title=\"\u015eahin Tepesi - Teaser\" width=\"640\" height=\"360\" src=\"https:\/\/www.youtube.com\/embed\/HHsdUQd1_xw?feature=oembed\" frameborder=\"0\" allow=\"accelerometer; autoplay; clipboard-write; encrypted-media; gyroscope; picture-in-picture; web-share\" referrerpolicy=\"strict-origin-when-cross-origin\" allowfullscreen><\/iframe><\/p>\n<p><strong>\u015eAH\u0130N TEPES\u0130 D\u0130Z\u0130S\u0130 KONUSU :<\/strong><\/p>\n<p>\u015eahin Tepesi dizisinde aralar\u0131nda husumet olan iki ailenin \u00e7ocuklar\u0131n\u0131n imkans\u0131z a\u015fk\u0131 ve birbirlerinin hayat\u0131ndan \u00e7alan iki kad\u0131n\u0131n g\u00fc\u00e7 sava\u015f\u0131n\u0131 ve bu sava\u015f\u0131n ortas\u0131nda kalan iki gencin a\u015fklar\u0131 i\u00e7in verdikleri m\u00fccadeleyi anlat\u0131l\u0131yor.<br \/>\n80&#8217;li y\u0131llarda oynayan \u015fahin tepesi geni\u015f ba\u011flar\u0131 olan, \u015earap\u00e7\u0131l\u0131kla u\u011fra\u015fan ailelerin sava\u015f\u0131yd\u0131. Bizim yerli \u015eahin Tepesinde b\u00fcy\u00fck bir parf\u00fcmeri firmas\u0131 ge\u00e7mektedir.<\/p>\n<p><strong>\u015eAH\u0130N TEPES\u0130 OYUNCULARI :<\/strong><\/p>\n<p><strong>AYB\u00dcKE PUSAT (Verda)<\/strong><\/p>\n<p><img loading=\"lazy\" decoding=\"async\" class=\"alignnone size-full wp-image-23276\" src=\"http:\/\/balcilar-blog.com\/wp-content\/uploads\/2018\/11\/AYB\u00dcKE.jpg\" alt=\"\" width=\"640\" height=\"398\" srcset=\"https:\/\/balcilar-blog.com\/wp-content\/uploads\/2018\/11\/AYB\u00dcKE.jpg 640w, https:\/\/balcilar-blog.com\/wp-content\/uploads\/2018\/11\/AYB\u00dcKE-300x187.jpg 300w\" sizes=\"auto, (max-width: 640px) 100vw, 640px\" \/><\/p>\n<p>Verda Melek\u2019in biricik k\u0131z\u0131d\u0131r. G\u00fczelli\u011fi ile g\u00f6rkemli bir k\u0131zd\u0131r. 23 ya\u015f\u0131nda olan Verda\u2019n\u0131n s\u00fcrekli aksilikler gelmektedir ba\u015f\u0131na. Verda babas\u0131n\u0131 kaybettikten sonra annesine destek olmu\u015ftur.\u00a0Efe\u2019ye duydu\u011fu a\u015fkla, kad\u0131nl\u0131\u011f\u0131n\u0131 ve a\u015fk\u0131 i\u00e7in neleri g\u00f6ze alabilece\u011fin fark edecektir.<\/p>\n<p>&nbsp;<\/p>\n<p><strong>BORAN KUZUM (Efe)<\/strong><\/p>\n<p><img loading=\"lazy\" decoding=\"async\" class=\"alignnone size-full wp-image-23273\" src=\"http:\/\/balcilar-blog.com\/wp-content\/uploads\/2018\/11\/DqHfBu9X4AEe2CI.jpg\" alt=\"\" width=\"480\" height=\"480\" srcset=\"https:\/\/balcilar-blog.com\/wp-content\/uploads\/2018\/11\/DqHfBu9X4AEe2CI.jpg 480w, https:\/\/balcilar-blog.com\/wp-content\/uploads\/2018\/11\/DqHfBu9X4AEe2CI-150x150.jpg 150w, https:\/\/balcilar-blog.com\/wp-content\/uploads\/2018\/11\/DqHfBu9X4AEe2CI-300x300.jpg 300w\" sizes=\"auto, (max-width: 480px) 100vw, 480px\" \/><br \/>\nEfe k\u00fcstah bir gen\u00e7tir. Efe Tuna ve Demir\u2019in o\u011fullar\u0131 ve b\u00fcy\u00fck parf\u00fcm \u015firketinin tek varisidir. 24 ya\u015f\u0131nda olan Efe ailesinden gelen g\u00fcc\u00fc \u00e7ok iyi kullan\u0131rken ne kadar Kibirli g\u00f6r\u00fcnd\u00fc\u011f\u00fcn\u00fc fark etmez. Efe kimseye a\u015f\u0131k olmama derken Verda onun akl\u0131n\u0131 ba\u015f\u0131ndan alacak. Peki Efe bu kadar g\u00fc\u00e7l\u00fc g\u00f6r\u00fcn\u00fcrken a\u015fk\u0131na kad\u0131n\u0131na sahip \u00e7\u0131kabilecek mi?<\/p>\n<p>&nbsp;<\/p>\n<p><strong>ESRA DERMANCIO\u011eLU (Ceylan Top\u00e7u)<\/strong><\/p>\n<p><img loading=\"lazy\" decoding=\"async\" class=\"alignnone size-full wp-image-23279\" src=\"http:\/\/balcilar-blog.com\/wp-content\/uploads\/2018\/11\/images-esra.jpg\" alt=\"\" width=\"480\" height=\"549\" srcset=\"https:\/\/balcilar-blog.com\/wp-content\/uploads\/2018\/11\/images-esra.jpg 480w, https:\/\/balcilar-blog.com\/wp-content\/uploads\/2018\/11\/images-esra-262x300.jpg 262w\" sizes=\"auto, (max-width: 480px) 100vw, 480px\" \/><\/p>\n<p>Ceylan Tuna\u2019n\u0131n k\u0131z karde\u015fidir. zengin bir ailede \u015f\u0131mar\u0131k \u015fekilde yeti\u015fmi\u015ftir. Ceylan ablas\u0131n\u0131n hakimiyetinde ya\u015fam\u0131\u015ft\u0131r hep Tuna onu i\u015f hayat\u0131na bile girmesini istememi\u015ftir. Ceylan\u2019da kendini e\u011flenceye, dalgaya vurmu\u015ftur. \u00c7ok \u015fen \u015fakrak biri iken a\u015f\u0131k oldu\u011fu adam y\u00fcz\u00fcnden k\u00f6t\u00fc bir kad\u0131na d\u00f6n\u00fc\u015fecektir. Ceylan\u2019\u0131 y\u0131llar \u00f6nce sevdi\u011fi adamdan ablas\u0131 Tuna uygun g\u00f6rmedi\u011fi i\u00e7in ayr\u0131lmak zorunda kalm\u0131\u015ft\u0131r\u00a0 ve bir daha arad\u0131\u011f\u0131 a\u015fk\u0131 bulamam\u0131\u015f.<br \/>\nCeylan \u015fimdi avukat Erkan\u2019a a\u015f\u0131k oldu\u011funu d\u00fc\u015f\u00fcn\u00fcyor ama Tuna\u2019nun kalbi \u00e7ok \u015f\u0131psevdi. Ceylan Erkan\u2019\u0131n Melek\u2019e a\u015f\u0131k oldu\u011funu \u00f6\u011frenince Erkan\u2019\u0131 bir tutku haline ge\u00e7i\u015ftirmi\u015ftir. Ceylan ba\u015fta destekledi\u011fi Melek\u2019e cephe alacak ve Erkan\u2019a sahip olmaya \u00e7al\u0131\u015facak.<\/p>\n<p>&nbsp;<\/p>\n<p><strong>ZERR\u0130N TEK\u0130NDOR\u00a0 (Tuna)<\/strong><\/p>\n<p><img loading=\"lazy\" decoding=\"async\" class=\"alignnone size-full wp-image-23278\" src=\"http:\/\/balcilar-blog.com\/wp-content\/uploads\/2018\/11\/Ekran-Al\u0131nt\u0131s\u0131-ZERR\u0130N.jpg\" alt=\"\" width=\"640\" height=\"365\" srcset=\"https:\/\/balcilar-blog.com\/wp-content\/uploads\/2018\/11\/Ekran-Al\u0131nt\u0131s\u0131-ZERR\u0130N.jpg 640w, https:\/\/balcilar-blog.com\/wp-content\/uploads\/2018\/11\/Ekran-Al\u0131nt\u0131s\u0131-ZERR\u0130N-300x171.jpg 300w\" sizes=\"auto, (max-width: 640px) 100vw, 640px\" \/><\/p>\n<p>Tuna anne ve babas\u0131n\u0131 kaybettikten karde\u015fi sonra babas\u0131n\u0131n aile dostu Mithat taraf\u0131ndan b\u00fcy\u00fct\u00fclm\u00fc\u015ft\u00fcr. Mithat\u2019\u0131n \u00f6z k\u0131z\u0131 Melek ile Tuna aras\u0131nda i\u00e7ten i\u00e7e b\u00fcy\u00fck bir \u00e7eki\u015fme vard\u0131r. Tuna k\u00fc\u00e7\u00fck bir parf\u00fcm \u015firketini al\u0131p b\u00fcy\u00fck bir deve d\u00f6n\u00fc\u015ft\u00fcrebilmi\u015f ba\u015far\u0131l\u0131 bir i\u015f kad\u0131n\u0131 ve \u00e7al\u0131\u015fkan bir annedir.<\/p>\n<p>&nbsp;<\/p>\n<p><strong>EBRU \u00d6ZKAN (Melek)<\/strong><\/p>\n<p><img loading=\"lazy\" decoding=\"async\" class=\"alignnone size-full wp-image-23274\" src=\"http:\/\/balcilar-blog.com\/wp-content\/uploads\/2018\/11\/DqHUELfWoAATw5n.jpg\" alt=\"\" width=\"480\" height=\"480\" srcset=\"https:\/\/balcilar-blog.com\/wp-content\/uploads\/2018\/11\/DqHUELfWoAATw5n.jpg 480w, https:\/\/balcilar-blog.com\/wp-content\/uploads\/2018\/11\/DqHUELfWoAATw5n-150x150.jpg 150w, https:\/\/balcilar-blog.com\/wp-content\/uploads\/2018\/11\/DqHUELfWoAATw5n-300x300.jpg 300w\" sizes=\"auto, (max-width: 480px) 100vw, 480px\" \/><\/p>\n<p>Melek M\u00fcthat\u2019\u0131n \u00f6z k\u0131z\u0131d\u0131r. Tuna y\u00fcz\u00fcnden babas\u0131 taraf\u0131ndan evlatl\u0131k reddedildi\u011fini d\u00fc\u015f\u00fcnmekte ve Tuna\u2019ya kar\u015f\u0131 b\u00fcy\u00fck bir intikam beslemektedir. Melek evlatl\u0131ktan at\u0131ld\u0131ktan sonra zor bir hayat ge\u00e7irmi\u015f hatta e\u015fini bile kaybetmi\u015ftir. \u015eimdi Melek Tuna\u2019dan intikam\u0131n\u0131 alabilmek i\u00e7in yeniden d\u00f6nm\u00fc\u015ft\u00fcr.<\/p>\n<p>&nbsp;<\/p>\n<p><strong>KAAN TA\u015eANER (Erkan Sarpkaya)<\/strong><\/p>\n<p><img loading=\"lazy\" decoding=\"async\" class=\"alignnone size-full wp-image-23280\" src=\"http:\/\/balcilar-blog.com\/wp-content\/uploads\/2018\/11\/kaan-ta\u015fa.jpg\" alt=\"\" width=\"480\" height=\"480\" srcset=\"https:\/\/balcilar-blog.com\/wp-content\/uploads\/2018\/11\/kaan-ta\u015fa.jpg 480w, https:\/\/balcilar-blog.com\/wp-content\/uploads\/2018\/11\/kaan-ta\u015fa-150x150.jpg 150w, https:\/\/balcilar-blog.com\/wp-content\/uploads\/2018\/11\/kaan-ta\u015fa-300x300.jpg 300w\" sizes=\"auto, (max-width: 480px) 100vw, 480px\" \/><\/p>\n<p>Erkan \u00fcnl\u00fc bir avukat. B\u00fcy\u00fck bir hukuk firmas\u0131 var ve uzun s\u00fcreli bir evlilikten sonra \u0131n 40 ya\u015f\u0131nda kar\u0131s\u0131ndan ayr\u0131lm\u0131\u015f. \u00c7ok yak\u0131\u015f\u0131kl\u0131 ve zengin oldu\u011fu i\u00e7in \u00e7ok g\u00f6zde. \u015eahin Holding\u2019in hukuki i\u015flemleri de onun \u015firketinin sorumlulu\u011funda. Tuna ve Demir\u2019in de yak\u0131n arkada\u015f\u0131. Erkan zeki bir adam Ceylan\u2019\u0131n onunla ilgilendi\u011finin fark\u0131nda ama o Melek\u2019ten ho\u015flan\u0131yor ve evlili\u011fini de Melek i\u00e7in bitirmi\u015f<\/p>\n<p>&nbsp;<\/p>\n<p><strong>MUSTAFA MERT KO\u00c7 (Cem)<\/strong><\/p>\n<p><img loading=\"lazy\" decoding=\"async\" class=\"alignnone size-full wp-image-23282\" src=\"http:\/\/balcilar-blog.com\/wp-content\/uploads\/2018\/11\/mustafa_mert_koc.png\" alt=\"\" width=\"640\" height=\"380\" srcset=\"https:\/\/balcilar-blog.com\/wp-content\/uploads\/2018\/11\/mustafa_mert_koc.png 640w, https:\/\/balcilar-blog.com\/wp-content\/uploads\/2018\/11\/mustafa_mert_koc-300x178.png 300w\" sizes=\"auto, (max-width: 640px) 100vw, 640px\" \/><\/p>\n<p>Cem Melek\u2019in o\u011flu Verda\u2019n\u0131n karde\u015fidir. Cem babas\u0131 \u00f6ld\u00fckten sonra \u00e7ok de\u011fi\u015fmi\u015f ve hayat\u0131 dalgaya alm\u0131\u015ft\u0131r. Bu nedenle de \u00fcniversiteden at\u0131lm\u0131\u015ft\u0131r ama bunu daha annesine s\u00f6yleyememi\u015ftir. Cem 21 ya\u015f\u0131nda zeki bir gen\u00e7tir ama safa yatmaktad\u0131r. Cem kendini kan\u0131tlamak istese de bu kolay olmayacak zira i\u015fler iyi gitmedi\u011fi zaman kendini \u00e7ok ezik biri gibi g\u00f6r\u00fcyor.<\/p>\n<p>&nbsp;<\/p>\n<p><strong>LEYLA TANLAR (Deniz)<\/strong><\/p>\n<p><img loading=\"lazy\" decoding=\"async\" class=\"alignnone size-full wp-image-23281\" src=\"http:\/\/balcilar-blog.com\/wp-content\/uploads\/2018\/11\/leyla-tanlar.jpg\" alt=\"\" width=\"506\" height=\"480\" srcset=\"https:\/\/balcilar-blog.com\/wp-content\/uploads\/2018\/11\/leyla-tanlar.jpg 506w, https:\/\/balcilar-blog.com\/wp-content\/uploads\/2018\/11\/leyla-tanlar-300x285.jpg 300w\" sizes=\"auto, (max-width: 506px) 100vw, 506px\" \/><\/p>\n<p>Deniz; Tuna ve Demir\u2019in k\u0131zlar\u0131d\u0131r. Efe\u2019nin de k\u0131z karde\u015fidir. Deniz ailesinden sevgi g\u00f6rmedi\u011fi i\u00e7im k\u00f6\u015fk\u00fcn kahyas\u0131n\u0131n o\u011flu Mete\u2019ye a\u015f\u0131k olmu\u015ftur ama seviye fark\u0131 ona a\u011f\u0131r gelmi\u015f ve psikolojisi bozularak Mete\u2019den uzakla\u015fm\u0131\u015ft\u0131r. Deniz i\u00e7ine kapanm\u0131\u015f ve \u00e7ok k\u0131r\u0131lgan\u00a0 olan ama d\u00fcnyalar g\u00fczel bir k\u0131zd\u0131r. G\u00fczelli\u011fi annesinden gelse de karakterleri hi\u00e7 benzemez. Cem\u2019e a\u015f\u0131k olacak ve ger\u00e7ek sevgiyi onda bulacakt\u0131r.<\/p>\n<p>&nbsp;<\/p>\n<p><strong>MURAT AYGEN (Demir)<\/strong><\/p>\n<p><img loading=\"lazy\" decoding=\"async\" class=\"alignnone size-full wp-image-23272\" src=\"http:\/\/balcilar-blog.com\/wp-content\/uploads\/2018\/11\/DqHabGGXcAAR3_B.jpg\" alt=\"\" width=\"480\" height=\"480\" srcset=\"https:\/\/balcilar-blog.com\/wp-content\/uploads\/2018\/11\/DqHabGGXcAAR3_B.jpg 480w, https:\/\/balcilar-blog.com\/wp-content\/uploads\/2018\/11\/DqHabGGXcAAR3_B-150x150.jpg 150w, https:\/\/balcilar-blog.com\/wp-content\/uploads\/2018\/11\/DqHabGGXcAAR3_B-300x300.jpg 300w\" sizes=\"auto, (max-width: 480px) 100vw, 480px\" \/><\/p>\n<p>Demir Melek\u2019e deliler gibi a\u015f\u0131kken ani bir karar ile ayr\u0131lm\u0131\u015flard\u0131r. Demir Melek\u2019ten ayr\u0131ld\u0131ktan sonra Tuna ile evlenmi\u015ftir. Melek\u2019in geri d\u00f6nmesi ile i\u015fler \u00e7ok kar\u0131\u015facakt\u0131r. Demir zeki bir i\u015f adam\u0131d\u0131r.<\/p>\n<p>Dizinin ana karakterleri \u015fimdilik bu isimlerdir. Dizi ilerledik\u00e7e yeni karakterler diziye dahil olacakt\u0131r.<\/p>\n<p><img loading=\"lazy\" decoding=\"async\" class=\"alignnone size-full wp-image-23277\" src=\"http:\/\/balcilar-blog.com\/wp-content\/uploads\/2018\/11\/BORAN-KUZUM.jpg\" alt=\"\" width=\"640\" height=\"422\" srcset=\"https:\/\/balcilar-blog.com\/wp-content\/uploads\/2018\/11\/BORAN-KUZUM.jpg 640w, https:\/\/balcilar-blog.com\/wp-content\/uploads\/2018\/11\/BORAN-KUZUM-300x198.jpg 300w\" sizes=\"auto, (max-width: 640px) 100vw, 640px\" \/><\/p>\n<p>Ezel, Kuzey G\u00fcney,\u00a0 Kara Para A\u015fk, Medcezir, \u0130\u00e7erde, Kara Sevda gibi seyri doyumsuz dizilere imza atan Ay Yap\u0131m&#8217;\u0131n dizisi olan \u015eahin Tepesi seyredilir.<\/p>\n<p>Keyifli Seyirler<\/p>\n<p>Sayg\u0131lar ve sevgiler.<\/p>\n<p>Abdurrahman Balc\u0131lar<\/p>\n<p>Twitter : <a href=\"https:\/\/twitter.com\/abbalcilar\">abdurrahman balc\u0131lar<\/a><a href=\"https:\/\/twitter.com\/abbalcilar\"><strong>@abbalcilar<\/strong><\/a><\/p>\n<p>Mail :\u00a0<a href=\"mailto:ab.balcilar@hotmail.com\">ab.balcilar@hotmail.com<\/a><\/p>\n<p>Blog:\u00a0<a href=\"http:\/\/t.co\/znqmIZgIqn\">blog.milliyet.com.tr\/cansever<\/a><\/p>\n<p>\u015eahsi Blog:\u00a0<a href=\"http:\/\/balcilar-blog.com\/\">Abdurrahman Balc\u0131lar Blog Sayfas\u0131<\/a><\/p>\n<p>Not.Kaynak haber ve g\u00f6rseller Atv diziler sayfas\u0131 ve Ay yap\u0131m Web sitesi<\/p>\n<p><strong>*\u015eahsi Blog sayfamda ve Milliyet Blog\u2019da yay\u0131nlanan blog yaz\u0131lar\u0131 b\u00fcy\u00fck bir \u00e7al\u0131\u015fman\u0131n \u00fcr\u00fcn\u00fc olup, izinsiz ya da kaynak g\u00f6stermeden al\u0131nt\u0131 yap\u0131lamaz. Aksi halde kanuni i\u015flem yap\u0131l\u0131r.<\/strong><\/p>\n<\/div>\n","protected":false},"excerpt":{"rendered":"<p>Atv atak \u00fcst\u00fcne atak yap\u0131yor. &#8220;Sen Anlat Karadeniz&#8221; dizisi bitmeden, haftan\u0131n dizilerinde ilk s\u0131raya y\u00fckselen &#8220;Bir Zamanlar \u00c7ukurova&#8221; dizi yan\u0131na yeni bir s\u00fcper dizi &#8220;\u015eahin Tepesi&#8221; geliyor. Kaliteli dizilere imza atan Ay Yap\u0131m yine kaliteli bir diziyi seyirci ile bulu\u015fturacak! 80\u2019li y\u0131llara damgas\u0131n\u0131 vuran efsane dizisi \u2018\u015eahin Tepesi\u2019nin yerli uyarlamas\u0131 olan \u015eahin Tepesi geliyor. Dizinin [&hellip;]<\/p>\n","protected":false},"author":3,"featured_media":23275,"comment_status":"open","ping_status":"open","sticky":false,"template":"","format":"standard","meta":{"footnotes":""},"categories":[2],"tags":[501,1386,1831,338,1830,524],"class_list":["post-23255","post","type-post","status-publish","format-standard","has-post-thumbnail","hentry","category-tv-programlari","tag-aybuke-pusat","tag-boran-kuzum","tag-esra-dermancioglu","tag-murat-aygen","tag-sahin-tepesi","tag-zerrin-tekindor"],"views":3410,"blog_post_layout_featured_media_urls":{"thumbnail":["https:\/\/balcilar-blog.com\/wp-content\/uploads\/2018\/11\/DqXl768W4AEDPBF-150x150.jpg",150,150,true],"full":["https:\/\/balcilar-blog.com\/wp-content\/uploads\/2018\/11\/DqXl768W4AEDPBF.jpg",480,480,false]},"categories_names":{"2":{"name":"TV Programlar\u0131","link":"https:\/\/balcilar-blog.com\/?cat=2"}},"tags_names":{"501":{"name":"Ayb\u00fcke Pusat","link":"https:\/\/balcilar-blog.com\/?tag=aybuke-pusat"},"1386":{"name":"Boran Kuzum","link":"https:\/\/balcilar-blog.com\/?tag=boran-kuzum"},"1831":{"name":"Esra Dermanc\u0131o\u011flu","link":"https:\/\/balcilar-blog.com\/?tag=esra-dermancioglu"},"338":{"name":"Murat Aygen","link":"https:\/\/balcilar-blog.com\/?tag=murat-aygen"},"1830":{"name":"\u015eahin Tepesi","link":"https:\/\/balcilar-blog.com\/?tag=sahin-tepesi"},"524":{"name":"Zerrin Tekindor","link":"https:\/\/balcilar-blog.com\/?tag=zerrin-tekindor"}},"comments_number":"0","wpmagazine_modules_lite_featured_media_urls":{"thumbnail":["https:\/\/balcilar-blog.com\/wp-content\/uploads\/2018\/11\/DqXl768W4AEDPBF-150x150.jpg",150,150,true],"cvmm-medium":["https:\/\/balcilar-blog.com\/wp-content\/uploads\/2018\/11\/DqXl768W4AEDPBF.jpg",300,300,false],"cvmm-medium-plus":["https:\/\/balcilar-blog.com\/wp-content\/uploads\/2018\/11\/DqXl768W4AEDPBF.jpg",207,207,false],"cvmm-portrait":["https:\/\/balcilar-blog.com\/wp-content\/uploads\/2018\/11\/DqXl768W4AEDPBF.jpg",400,400,false],"cvmm-medium-square":["https:\/\/balcilar-blog.com\/wp-content\/uploads\/2018\/11\/DqXl768W4AEDPBF.jpg",480,480,false],"cvmm-large":["https:\/\/balcilar-blog.com\/wp-content\/uploads\/2018\/11\/DqXl768W4AEDPBF.jpg",480,480,false],"cvmm-small":["https:\/\/balcilar-blog.com\/wp-content\/uploads\/2018\/11\/DqXl768W4AEDPBF.jpg",95,95,false],"full":["https:\/\/balcilar-blog.com\/wp-content\/uploads\/2018\/11\/DqXl768W4AEDPBF.jpg",480,480,false]},"_links":{"self":[{"href":"https:\/\/balcilar-blog.com\/index.php?rest_route=\/wp\/v2\/posts\/23255","targetHints":{"allow":["GET"]}}],"collection":[{"href":"https:\/\/balcilar-blog.com\/index.php?rest_route=\/wp\/v2\/posts"}],"about":[{"href":"https:\/\/balcilar-blog.com\/index.php?rest_route=\/wp\/v2\/types\/post"}],"author":[{"embeddable":true,"href":"https:\/\/balcilar-blog.com\/index.php?rest_route=\/wp\/v2\/users\/3"}],"replies":[{"embeddable":true,"href":"https:\/\/balcilar-blog.com\/index.php?rest_route=%2Fwp%2Fv2%2Fcomments&post=23255"}],"version-history":[{"count":3,"href":"https:\/\/balcilar-blog.com\/index.php?rest_route=\/wp\/v2\/posts\/23255\/revisions"}],"predecessor-version":[{"id":23284,"href":"https:\/\/balcilar-blog.com\/index.php?rest_route=\/wp\/v2\/posts\/23255\/revisions\/23284"}],"wp:featuredmedia":[{"embeddable":true,"href":"https:\/\/balcilar-blog.com\/index.php?rest_route=\/wp\/v2\/media\/23275"}],"wp:attachment":[{"href":"https:\/\/balcilar-blog.com\/index.php?rest_route=%2Fwp%2Fv2%2Fmedia&parent=23255"}],"wp:term":[{"taxonomy":"category","embeddable":true,"href":"https:\/\/balcilar-blog.com\/index.php?rest_route=%2Fwp%2Fv2%2Fcategories&post=23255"},{"taxonomy":"post_tag","embeddable":true,"href":"https:\/\/balcilar-blog.com\/index.php?rest_route=%2Fwp%2Fv2%2Ftags&post=23255"}],"curies":[{"name":"wp","href":"https:\/\/api.w.org\/{rel}","templated":true}]}}